{"id":213803,"date":"2019-11-09T09:01:19","date_gmt":"2019-11-09T12:01:19","guid":{"rendered":"https:\/\/franciscanos.org.br\/noticias\/?p=213803"},"modified":"2019-11-09T10:42:33","modified_gmt":"2019-11-09T13:42:33","slug":"missoes-franciscanas-da-juventude-2020-ja-tem-logo-e-hino","status":"publish","type":"post","link":"https:\/\/franciscanos.org.br\/noticias\/missoes-franciscanas-da-juventude-2020-ja-tem-logo-e-hino.html","title":{"rendered":"Miss\u00f5es Franciscanas da Juventude 2020 j\u00e1 t\u00eam logo e hino"},"content":{"rendered":"<p><img loading=\"lazy\" class=\"alignnone size-full wp-image-213804\" src=\"https:\/\/franciscanos.org.br\/noticias\/wp-content\/uploads\/2019\/11\/logo_xaxim.jpg\" alt=\"\" width=\"890\" height=\"716\" srcset=\"https:\/\/franciscanos.org.br\/noticias\/wp-content\/uploads\/2019\/11\/logo_xaxim.jpg 890w, https:\/\/franciscanos.org.br\/noticias\/wp-content\/uploads\/2019\/11\/logo_xaxim-450x362.jpg 450w, https:\/\/franciscanos.org.br\/noticias\/wp-content\/uploads\/2019\/11\/logo_xaxim-768x618.jpg 768w, https:\/\/franciscanos.org.br\/noticias\/wp-content\/uploads\/2019\/11\/logo_xaxim-150x121.jpg 150w\" sizes=\"(max-width: 890px) 100vw, 890px\" \/><\/p>\n<p>As Miss\u00f5es Franciscanas da Juventude (MFJ), que acontecem entre os dias 29 de janeiro e 2 de fevereiro de 2020, em Xaxim (SC), j\u00e1 t\u00eam sua identidade visual e musical definidas. \u00a0Os jovens V\u00edctor Ferretti Cheffer e Carlos Felipe Bezutti foram os vencedores do concurso do logotipo. Eles s\u00e3o da cidade de Curitibanos (SC) e fazem parte dos (Jovens Unidos em Cristo Encontristas &#8211; Juce, grupo de jovens local, fundado em abril de 1972.<\/p>\n<p>Frei Zilmar Augusto, da Cust\u00f3dia Franciscana do Sagrado Cora\u00e7\u00e3o de Jesus, \u00e9 o autor da letra e da m\u00fasica do Hino escolhido. O concurso foi lan\u00e7ado pelo Servi\u00e7o de Anima\u00e7\u00e3o Vocacional (SAV) da Prov\u00edncia Franciscana da Imaculada Concei\u00e7\u00e3o do Brasil.<\/p>\n<p>O coordenador do SAV, Frei Diego Melo, agradece o empenho e o interesse de toda juventude em participar do concurso. \u201cEssa foi a primeira vez que tivemos uma grande ades\u00e3o e participa\u00e7\u00e3o dos pr\u00f3prios jovens nesse concurso, mostrando o quanto eles est\u00e3o realmente abra\u00e7ando e vibrando com as Miss\u00f5es Franciscanas da Juventude\u201d, comemorou Frei Diego. No total, foram enviados 12 logotipos. J\u00e1 para o hino, foram duas inscri\u00e7\u00f5es.<\/p>\n<p>A escolha aconteceu ontem, dia 7 de novembro, na cidade de Xaxim (SC), onde mensalmente est\u00e3o acontecendo reuni\u00f5es com uma grande equipe que est\u00e1 preparando as Miss\u00f5es.<\/p>\n<p>Primeiramente, a Coordena\u00e7\u00e3o Geral das Miss\u00f5es, composta pelos coordenadores dos grupos de trabalho, fez uma pr\u00e9-sele\u00e7\u00e3o e definiu os 3 logos finalistas. Em seguida, a Comiss\u00e3o Central das Miss\u00f5es, que conta aproximadamente com 100 lideran\u00e7as de toda a Par\u00f3quia, decidiu, em 2 escrut\u00ednios, qual seria a logo vencedora. Para tornar a escolha mais justa e imparcial, n\u00e3o foram reveladas a identidade e autoria de nenhum dos logos concorrentes.<\/p>\n<p><strong>Um desenho que retrata a cidade sede e a Laudato Si\u2019 <\/strong><\/p>\n<div id=\"attachment_213805\" style=\"width: 434px\" class=\"wp-caption alignleft\"><img aria-describedby=\"caption-attachment-213805\" loading=\"lazy\" class=\"wp-image-213805 size-full\" src=\"https:\/\/franciscanos.org.br\/noticias\/wp-content\/uploads\/2019\/11\/victor.jpg\" alt=\"\" width=\"424\" height=\"424\" srcset=\"https:\/\/franciscanos.org.br\/noticias\/wp-content\/uploads\/2019\/11\/victor.jpg 424w, https:\/\/franciscanos.org.br\/noticias\/wp-content\/uploads\/2019\/11\/victor-300x300.jpg 300w, https:\/\/franciscanos.org.br\/noticias\/wp-content\/uploads\/2019\/11\/victor-150x150.jpg 150w, https:\/\/franciscanos.org.br\/noticias\/wp-content\/uploads\/2019\/11\/victor-100x100.jpg 100w, https:\/\/franciscanos.org.br\/noticias\/wp-content\/uploads\/2019\/11\/victor-400x400.jpg 400w\" sizes=\"(max-width: 424px) 100vw, 424px\" \/><p id=\"caption-attachment-213805\" class=\"wp-caption-text\"><em>V\u00edctor Ferretti Cheffer<\/em><\/p><\/div>\n<p>Segundo V\u00edctor e Carlos, o logo apresenta os diferentes elementos da natureza, expressos pelas diferentes texturas e cores. As cores perpassam seus pr\u00f3prios limites e se tocam mutuamente, mostrando que dentro da nossa Casa Comum, tudo est\u00e1 interligado.<\/p>\n<p>Todos os elementos est\u00e3o presentes na folha de xaxim, planta nativa e que d\u00e1 nome \u00e0 cidade sede das Miss\u00f5es, mostrando que o cuidado com o meio ambiente ser\u00e1 reafirmado a partir dessa cidade que acolher\u00e1 os futuros guardi\u00e3es das rela\u00e7\u00f5es com Deus, com o homem e com a Casa Comum. O Tau, que perpassa todo o desenho, evidencia o modo franciscano de abra\u00e7ar essa miss\u00e3o.<\/p>\n<p>A folha de xaxim, que ultrapassa os limites do tau em dire\u00e7\u00e3o ao alto, remete \u00e0 transcend\u00eancia, a Deus, de quem recebemos o sagrado encargo de sermos cuidadores e zeladores de toda a obra da cria\u00e7\u00e3o. Suas folhas voltadas para o alto \u00a0lembram o louvor e a gratid\u00e3o pelo dom da cria\u00e7\u00e3o e por perceber que tudo o que foi criado por Deus realmente \u00e9 muito bom e belo.<\/p>\n<p>Por fim, na base est\u00e1 a Par\u00f3quia S\u00e3o Luiz Gonzaga, composta pelos munic\u00edpios de Xaxim, Lageado Grande, Marema e Entre Rios, revelando a grandiosidade dessa pr\u00f3xima Miss\u00e3o, que promete levar a \u201cPaz e o Bem\u201d para todos e todas.<\/p>\n<p>V\u00edctor Ferretti Cheffer, de 26 anos, \u00e9 arquiteto e urbanista, \u00e9 tamb\u00e9m desenhista e criativo de ber\u00e7o, como se define. Ele \u00e9 casado e pai da Ana Carolina, pertence \u00e0 JUCE h\u00e1 11 anos e \u00e9 membro professo da OFS (Ordem Franciscana Secular) h\u00e1 4 anos.<\/p>\n<div id=\"attachment_213806\" style=\"width: 434px\" class=\"wp-caption alignright\"><img aria-describedby=\"caption-attachment-213806\" loading=\"lazy\" class=\"wp-image-213806 size-full\" src=\"https:\/\/franciscanos.org.br\/noticias\/wp-content\/uploads\/2019\/11\/carlos.jpg\" alt=\"\" width=\"424\" height=\"424\" srcset=\"https:\/\/franciscanos.org.br\/noticias\/wp-content\/uploads\/2019\/11\/carlos.jpg 424w, https:\/\/franciscanos.org.br\/noticias\/wp-content\/uploads\/2019\/11\/carlos-300x300.jpg 300w, https:\/\/franciscanos.org.br\/noticias\/wp-content\/uploads\/2019\/11\/carlos-150x150.jpg 150w, https:\/\/franciscanos.org.br\/noticias\/wp-content\/uploads\/2019\/11\/carlos-100x100.jpg 100w, https:\/\/franciscanos.org.br\/noticias\/wp-content\/uploads\/2019\/11\/carlos-400x400.jpg 400w\" sizes=\"(max-width: 424px) 100vw, 424px\" \/><p id=\"caption-attachment-213806\" class=\"wp-caption-text\"><em>Carlos Felipe Bezutti<\/em><\/p><\/div>\n<p>Atualmente, V\u00edctor \u00e9 animador da Fraternidade Santa Maria dos Anjos. \u00a0\u201cDesde muito cedo descobri o carisma franciscano e decidi cada vez mais ser um humilde seguidor de Francisco, procurando ser sempre instrumento de Deus na vida de outros jovens\u201d, afirma.<\/p>\n<p>V\u00edctor j\u00e1 produziu desenhos e artes para a JUCE, por isso decidiu participar: \u201cNossa dupla sempre funcionou bem, dou as ideias iniciais e rabiscos e aperfei\u00e7oamos juntos. O Carlos sempre d\u00e1 corpo e alma para as artes\u201d.<\/p>\n<p>Carlos Felipe Bezutti, de 23 anos, \u00e9 formado em Recursos Humanos, mas atualmente trabalha com sua paix\u00e3o, o <em>design<\/em>. \u00c9 Jucista h\u00e1 8 anos e atualmente est\u00e1 como membro na coordena\u00e7\u00e3o do grupo. \u201cDescobri a proximidade com a Igreja nos tempos de catequese e hoje sou participante ativo, procurando fazer com que os mais jovens busquem os ideais de Cristo e S\u00e3o Francisco de Assis, nosso Padroeiro\u201d, afirma Carlos.<\/p>\n<p>O logotipo vencedor do concurso foi tamb\u00e9m o \u00faltimo a chegar na caixa de e-mail do SAV. Os jovens enviaram a arte \u00e0s 23h59 do dia 4 de novembro, data final da competi\u00e7\u00e3o. \u201c Tivemos algumas dificuldades durante a elabora\u00e7\u00e3o do logotipo e, mesmo assim, n\u00e3o deixamos de participar, enviamos o resultado final no \u00faltimo minuto. Gra\u00e7as a Deus deu tudo certo e teremos o prazer de ter essa marca na primeira Miss\u00e3o Franciscana Internacional\u201d, comemoram os ganhadores, que tamb\u00e9m ter\u00e3o a sua logo divulgada pela servi\u00e7o de Justi\u00e7a, Paz e Integridade da Cria\u00e7\u00e3o da Ordem dos Frades Menores para o evento <em>Serata Laudato Si\u2019. <\/em><\/p>\n<p><strong>Hino <\/strong><\/p>\n<p>A proposta do hino foi elaborada sob um olhar eclesiol\u00f3gico, mission\u00e1rio, antropol\u00f3gico e est\u00e9tico. Toda a letra est\u00e1 fundamentada na mensagem da harmonia da cria\u00e7\u00e3o, narrada em G\u00eanesis. Os elementos r\u00edtmicos comp\u00f5em um \u201cvaner\u00e3o\u201d, ritmo musical muito comum no Oeste Catarinense.<\/p>\n<p><strong>Inscri\u00e7\u00f5es abrem no dia 13 de novembro<\/strong><\/p>\n<p>Para os interessados em participar das Miss\u00f5es Franciscanas da Juventude 2020, as inscri\u00e7\u00f5es ser\u00e3o abertas no pr\u00f3ximo dia 13 de novembro, atrav\u00e9s do link <a href=\"http:\/\/lets.li\/mfjxaxim\">http:\/\/lets.li\/mfjxaxim<\/a><\/p>\n","protected":false},"excerpt":{"rendered":"<p>Miss\u00f5es Franciscanas da Juventude<\/p>\n","protected":false},"author":3,"featured_media":213807,"comment_status":"open","ping_status":"open","sticky":false,"template":"","format":"standard","meta":[],"categories":[1],"tags":[1206],"acf":[],"yoast_head":"<!-- This site is optimized with the Yoast SEO plugin v19.2 - https:\/\/yoast.com\/wordpress\/plugins\/seo\/ -->\n<title>Miss\u00f5es Franciscanas da Juventude 2020 j\u00e1 t\u00eam logo e hino - Not\u00edcias - Franciscanos<\/title>\n<meta name=\"robots\" content=\"index, follow, max-snippet:-1, max-image-preview:large, max-video-preview:-1\" \/>\n<link rel=\"canonical\" href=\"https:\/\/franciscanos.org.br\/noticias\/missoes-franciscanas-da-juventude-2020-ja-tem-logo-e-hino.html\" \/>\n<meta property=\"og:locale\" content=\"pt_BR\" \/>\n<meta property=\"og:type\" content=\"article\" \/>\n<meta property=\"og:title\" content=\"Miss\u00f5es Franciscanas da Juventude 2020 j\u00e1 t\u00eam logo e hino - Not\u00edcias - Franciscanos\" \/>\n<meta property=\"og:description\" content=\"Miss\u00f5es Franciscanas da Juventude\" \/>\n<meta property=\"og:url\" content=\"https:\/\/franciscanos.org.br\/noticias\/missoes-franciscanas-da-juventude-2020-ja-tem-logo-e-hino.html\" \/>\n<meta property=\"og:site_name\" content=\"Not\u00edcias - Franciscanos\" \/>\n<meta property=\"article:published_time\" content=\"2019-11-09T12:01:19+00:00\" \/>\n<meta property=\"article:modified_time\" content=\"2019-11-09T13:42:33+00:00\" \/>\n<meta property=\"og:image\" content=\"https:\/\/franciscanos.org.br\/noticias\/wp-content\/uploads\/2019\/11\/logo_xaxim_d.jpg\" \/>\n\t<meta property=\"og:image:width\" content=\"273\" \/>\n\t<meta property=\"og:image:height\" content=\"181\" \/>\n\t<meta property=\"og:image:type\" content=\"image\/jpeg\" \/>\n<meta name=\"author\" content=\"moacir\" \/>\n<meta name=\"twitter:card\" content=\"summary_large_image\" \/>\n<meta name=\"twitter:label1\" content=\"Escrito por\" \/>\n\t<meta name=\"twitter:data1\" content=\"moacir\" \/>\n\t<meta name=\"twitter:label2\" content=\"Est. tempo de leitura\" \/>\n\t<meta name=\"twitter:data2\" content=\"5 minutos\" \/>\n<script type=\"application\/ld+json\" class=\"yoast-schema-graph\">{\"@context\":\"https:\/\/schema.org\",\"@graph\":[{\"@type\":\"WebSite\",\"@id\":\"https:\/\/franciscanos.org.br\/noticias\/#website\",\"url\":\"https:\/\/franciscanos.org.br\/noticias\/\",\"name\":\"Not\u00edcias - Franciscanos\",\"description\":\"Prov\u00edncia Franciscana da Imaculada Concei\u00e7\u00e3o do Brasil - Ordem dos Frades Menores - OFM\",\"potentialAction\":[{\"@type\":\"SearchAction\",\"target\":{\"@type\":\"EntryPoint\",\"urlTemplate\":\"https:\/\/franciscanos.org.br\/noticias\/?s={search_term_string}\"},\"query-input\":\"required name=search_term_string\"}],\"inLanguage\":\"pt-BR\"},{\"@type\":\"ImageObject\",\"inLanguage\":\"pt-BR\",\"@id\":\"https:\/\/franciscanos.org.br\/noticias\/missoes-franciscanas-da-juventude-2020-ja-tem-logo-e-hino.html#primaryimage\",\"url\":\"https:\/\/franciscanos.org.br\/noticias\/wp-content\/uploads\/2019\/11\/logo_xaxim_d.jpg\",\"contentUrl\":\"https:\/\/franciscanos.org.br\/noticias\/wp-content\/uploads\/2019\/11\/logo_xaxim_d.jpg\",\"width\":273,\"height\":181},{\"@type\":\"WebPage\",\"@id\":\"https:\/\/franciscanos.org.br\/noticias\/missoes-franciscanas-da-juventude-2020-ja-tem-logo-e-hino.html#webpage\",\"url\":\"https:\/\/franciscanos.org.br\/noticias\/missoes-franciscanas-da-juventude-2020-ja-tem-logo-e-hino.html\",\"name\":\"Miss\u00f5es Franciscanas da Juventude 2020 j\u00e1 t\u00eam logo e hino - Not\u00edcias - Franciscanos\",\"isPartOf\":{\"@id\":\"https:\/\/franciscanos.org.br\/noticias\/#website\"},\"primaryImageOfPage\":{\"@id\":\"https:\/\/franciscanos.org.br\/noticias\/missoes-franciscanas-da-juventude-2020-ja-tem-logo-e-hino.html#primaryimage\"},\"datePublished\":\"2019-11-09T12:01:19+00:00\",\"dateModified\":\"2019-11-09T13:42:33+00:00\",\"author\":{\"@id\":\"https:\/\/franciscanos.org.br\/noticias\/#\/schema\/person\/b5c8cba458c330ccff548b056e95a5d4\"},\"breadcrumb\":{\"@id\":\"https:\/\/franciscanos.org.br\/noticias\/missoes-franciscanas-da-juventude-2020-ja-tem-logo-e-hino.html#breadcrumb\"},\"inLanguage\":\"pt-BR\",\"potentialAction\":[{\"@type\":\"ReadAction\",\"target\":[\"https:\/\/franciscanos.org.br\/noticias\/missoes-franciscanas-da-juventude-2020-ja-tem-logo-e-hino.html\"]}]},{\"@type\":\"BreadcrumbList\",\"@id\":\"https:\/\/franciscanos.org.br\/noticias\/missoes-franciscanas-da-juventude-2020-ja-tem-logo-e-hino.html#breadcrumb\",\"itemListElement\":[{\"@type\":\"ListItem\",\"position\":1,\"name\":\"Home\",\"item\":\"https:\/\/franciscanos.org.br\/noticias\"},{\"@type\":\"ListItem\",\"position\":2,\"name\":\"Miss\u00f5es Franciscanas da Juventude 2020 j\u00e1 t\u00eam logo e hino\"}]},{\"@type\":\"Person\",\"@id\":\"https:\/\/franciscanos.org.br\/noticias\/#\/schema\/person\/b5c8cba458c330ccff548b056e95a5d4\",\"name\":\"moacir\",\"image\":{\"@type\":\"ImageObject\",\"inLanguage\":\"pt-BR\",\"@id\":\"https:\/\/franciscanos.org.br\/noticias\/#\/schema\/person\/image\/\",\"url\":\"https:\/\/secure.gravatar.com\/avatar\/d08aa2ce4c8dd416d4479aa8536fcf64?s=96&d=mm&r=g\",\"contentUrl\":\"https:\/\/secure.gravatar.com\/avatar\/d08aa2ce4c8dd416d4479aa8536fcf64?s=96&d=mm&r=g\",\"caption\":\"moacir\"},\"url\":\"https:\/\/franciscanos.org.br\/noticias\/author\/moacir\"}]}<\/script>\n<!-- \/ Yoast SEO plugin. -->","yoast_head_json":{"title":"Miss\u00f5es Franciscanas da Juventude 2020 j\u00e1 t\u00eam logo e hino - Not\u00edcias - Franciscanos","robots":{"index":"index","follow":"follow","max-snippet":"max-snippet:-1","max-image-preview":"max-image-preview:large","max-video-preview":"max-video-preview:-1"},"canonical":"https:\/\/franciscanos.org.br\/noticias\/missoes-franciscanas-da-juventude-2020-ja-tem-logo-e-hino.html","og_locale":"pt_BR","og_type":"article","og_title":"Miss\u00f5es Franciscanas da Juventude 2020 j\u00e1 t\u00eam logo e hino - Not\u00edcias - Franciscanos","og_description":"Miss\u00f5es Franciscanas da Juventude","og_url":"https:\/\/franciscanos.org.br\/noticias\/missoes-franciscanas-da-juventude-2020-ja-tem-logo-e-hino.html","og_site_name":"Not\u00edcias - Franciscanos","article_published_time":"2019-11-09T12:01:19+00:00","article_modified_time":"2019-11-09T13:42:33+00:00","og_image":[{"width":273,"height":181,"url":"https:\/\/franciscanos.org.br\/noticias\/wp-content\/uploads\/2019\/11\/logo_xaxim_d.jpg","type":"image\/jpeg"}],"author":"moacir","twitter_card":"summary_large_image","twitter_misc":{"Escrito por":"moacir","Est. tempo de leitura":"5 minutos"},"schema":{"@context":"https:\/\/schema.org","@graph":[{"@type":"WebSite","@id":"https:\/\/franciscanos.org.br\/noticias\/#website","url":"https:\/\/franciscanos.org.br\/noticias\/","name":"Not\u00edcias - Franciscanos","description":"Prov\u00edncia Franciscana da Imaculada Concei\u00e7\u00e3o do Brasil - Ordem dos Frades Menores - OFM","potentialAction":[{"@type":"SearchAction","target":{"@type":"EntryPoint","urlTemplate":"https:\/\/franciscanos.org.br\/noticias\/?s={search_term_string}"},"query-input":"required name=search_term_string"}],"inLanguage":"pt-BR"},{"@type":"ImageObject","inLanguage":"pt-BR","@id":"https:\/\/franciscanos.org.br\/noticias\/missoes-franciscanas-da-juventude-2020-ja-tem-logo-e-hino.html#primaryimage","url":"https:\/\/franciscanos.org.br\/noticias\/wp-content\/uploads\/2019\/11\/logo_xaxim_d.jpg","contentUrl":"https:\/\/franciscanos.org.br\/noticias\/wp-content\/uploads\/2019\/11\/logo_xaxim_d.jpg","width":273,"height":181},{"@type":"WebPage","@id":"https:\/\/franciscanos.org.br\/noticias\/missoes-franciscanas-da-juventude-2020-ja-tem-logo-e-hino.html#webpage","url":"https:\/\/franciscanos.org.br\/noticias\/missoes-franciscanas-da-juventude-2020-ja-tem-logo-e-hino.html","name":"Miss\u00f5es Franciscanas da Juventude 2020 j\u00e1 t\u00eam logo e hino - Not\u00edcias - Franciscanos","isPartOf":{"@id":"https:\/\/franciscanos.org.br\/noticias\/#website"},"primaryImageOfPage":{"@id":"https:\/\/franciscanos.org.br\/noticias\/missoes-franciscanas-da-juventude-2020-ja-tem-logo-e-hino.html#primaryimage"},"datePublished":"2019-11-09T12:01:19+00:00","dateModified":"2019-11-09T13:42:33+00:00","author":{"@id":"https:\/\/franciscanos.org.br\/noticias\/#\/schema\/person\/b5c8cba458c330ccff548b056e95a5d4"},"breadcrumb":{"@id":"https:\/\/franciscanos.org.br\/noticias\/missoes-franciscanas-da-juventude-2020-ja-tem-logo-e-hino.html#breadcrumb"},"inLanguage":"pt-BR","potentialAction":[{"@type":"ReadAction","target":["https:\/\/franciscanos.org.br\/noticias\/missoes-franciscanas-da-juventude-2020-ja-tem-logo-e-hino.html"]}]},{"@type":"BreadcrumbList","@id":"https:\/\/franciscanos.org.br\/noticias\/missoes-franciscanas-da-juventude-2020-ja-tem-logo-e-hino.html#breadcrumb","itemListElement":[{"@type":"ListItem","position":1,"name":"Home","item":"https:\/\/franciscanos.org.br\/noticias"},{"@type":"ListItem","position":2,"name":"Miss\u00f5es Franciscanas da Juventude 2020 j\u00e1 t\u00eam logo e hino"}]},{"@type":"Person","@id":"https:\/\/franciscanos.org.br\/noticias\/#\/schema\/person\/b5c8cba458c330ccff548b056e95a5d4","name":"moacir","image":{"@type":"ImageObject","inLanguage":"pt-BR","@id":"https:\/\/franciscanos.org.br\/noticias\/#\/schema\/person\/image\/","url":"https:\/\/secure.gravatar.com\/avatar\/d08aa2ce4c8dd416d4479aa8536fcf64?s=96&d=mm&r=g","contentUrl":"https:\/\/secure.gravatar.com\/avatar\/d08aa2ce4c8dd416d4479aa8536fcf64?s=96&d=mm&r=g","caption":"moacir"},"url":"https:\/\/franciscanos.org.br\/noticias\/author\/moacir"}]}},"_links":{"self":[{"href":"https:\/\/franciscanos.org.br\/noticias\/wp-json\/wp\/v2\/posts\/213803"}],"collection":[{"href":"https:\/\/franciscanos.org.br\/noticias\/wp-json\/wp\/v2\/posts"}],"about":[{"href":"https:\/\/franciscanos.org.br\/noticias\/wp-json\/wp\/v2\/types\/post"}],"author":[{"embeddable":true,"href":"https:\/\/franciscanos.org.br\/noticias\/wp-json\/wp\/v2\/users\/3"}],"replies":[{"embeddable":true,"href":"https:\/\/franciscanos.org.br\/noticias\/wp-json\/wp\/v2\/comments?post=213803"}],"version-history":[{"count":0,"href":"https:\/\/franciscanos.org.br\/noticias\/wp-json\/wp\/v2\/posts\/213803\/revisions"}],"wp:featuredmedia":[{"embeddable":true,"href":"https:\/\/franciscanos.org.br\/noticias\/wp-json\/wp\/v2\/media\/213807"}],"wp:attachment":[{"href":"https:\/\/franciscanos.org.br\/noticias\/wp-json\/wp\/v2\/media?parent=213803"}],"wp:term":[{"taxonomy":"category","embeddable":true,"href":"https:\/\/franciscanos.org.br\/noticias\/wp-json\/wp\/v2\/categories?post=213803"},{"taxonomy":"post_tag","embeddable":true,"href":"https:\/\/franciscanos.org.br\/noticias\/wp-json\/wp\/v2\/tags?post=213803"}],"curies":[{"name":"wp","href":"https:\/\/api.w.org\/{rel}","templated":true}]}}