{"id":213791,"date":"2019-11-08T10:29:28","date_gmt":"2019-11-08T13:29:28","guid":{"rendered":"https:\/\/franciscanos.org.br\/noticias\/?p=213791"},"modified":"2019-11-08T11:38:47","modified_gmt":"2019-11-08T14:38:47","slug":"simposio-franciscano-sobre-o-sinodo-para-a-amazonia-comeca-segunda-no-itf","status":"publish","type":"post","link":"https:\/\/franciscanos.org.br\/noticias\/simposio-franciscano-sobre-o-sinodo-para-a-amazonia-comeca-segunda-no-itf.html","title":{"rendered":"Simp\u00f3sio Franciscano Sobre o S\u00ednodo Para a Amaz\u00f4nia come\u00e7a segunda no ITF"},"content":{"rendered":"<p>&nbsp;<\/p>\n<p><img loading=\"lazy\" class=\"alignnone wp-image-213797 size-full\" src=\"https:\/\/franciscanos.org.br\/noticias\/wp-content\/uploads\/2019\/11\/890x450.jpg\" alt=\"\" width=\"890\" height=\"450\" srcset=\"https:\/\/franciscanos.org.br\/noticias\/wp-content\/uploads\/2019\/11\/890x450.jpg 890w, https:\/\/franciscanos.org.br\/noticias\/wp-content\/uploads\/2019\/11\/890x450-450x228.jpg 450w, https:\/\/franciscanos.org.br\/noticias\/wp-content\/uploads\/2019\/11\/890x450-768x388.jpg 768w, https:\/\/franciscanos.org.br\/noticias\/wp-content\/uploads\/2019\/11\/890x450-150x76.jpg 150w\" sizes=\"(max-width: 890px) 100vw, 890px\" \/><\/p>\n<p>O S\u00ednodo sobre a Amaz\u00f4nia despertou na Igreja uma reflex\u00e3o e compromissos profundos. A partir disso, o Instituto Teol\u00f3gico Franciscano empenha-se com a realiza\u00e7\u00e3o deste Simp\u00f3sio P\u00f3s-Sinodal, na caminhada de toda a Igreja. Este ser\u00e1 um momento importante de aprofundamento do trabalho acad\u00eamico do Instituto Teol\u00f3gico Franciscano, mas \u00e9 tamb\u00e9m express\u00e3o de seu compromisso com a Igreja e com a Ecologia Integral. Desta iniciativa podem, inclusive, derivar propostas de maior contribui\u00e7\u00e3o do ITF com a defesa da Amaz\u00f4nia, al\u00e9m de despertar em todos n\u00f3s o senso de perten\u00e7a e de compromisso para com a Casa Comum.<\/p>\n<p>Participam deste evento os bispos Dom Evaristo Spengler, da Prelazia do Maraj\u00f3, e Dom Bernardo Bahlmann, da Diocese de \u00d3bidos e Dorismeire Vasconcelos, secret\u00e1ria da Prelazia do Xingu\/PA e Moema Miranda, antrop\u00f3loga, professora do ITF e da OFS.<\/p>\n<p>O Simp\u00f3sio ser\u00e1 realizado entre os dias 11 e 14 de novembro, no Instituto Teol\u00f3gico Franciscano, de 8h00 \u00e0s 11h30.<\/p>\n<hr \/>\n<p style=\"padding-left: 40px;\"><strong>Programa\u00e7\u00e3o do evento:<\/strong><br \/>\n<strong>11\/11<\/strong><br \/>\n<strong>8h00:<\/strong> Chegada e credenciamento<br \/>\n<strong>8h30:<\/strong> M\u00edstica<br \/>\n<strong>9h00<\/strong>: Abertura do evento (Frei Ivo M\u00fcller)<br \/>\n<strong>9h10:<\/strong> Palestra: Disputas territoriais na Amaz\u00f4nia (D. Evaristo Spengler, OFM; com participa\u00e7\u00e3o\/modera\u00e7\u00e3o dos profs.: Profa. Moema e Prof. Breno)<br \/>\n<strong>10h15:<\/strong> Cafezinho<br \/>\n<strong>10h30:<\/strong> Debate em plen\u00e1ria<br \/>\n<strong>11h30:<\/strong> Encerramento<br \/>\n<strong>19h30<\/strong>: Noite Cultural, com a participa\u00e7\u00e3o dos Canarinhos de Petr\u00f3polis<\/p>\n<p style=\"padding-left: 40px;\"><strong>12\/11<\/strong><br \/>\n<strong>8h00:<\/strong> M\u00edstica<br \/>\n<strong>8h30:<\/strong> Palestra: Desafios da Evangeliza\u00e7\u00e3o na Amaz\u00f4nia (D. Bernardo Bahlmann, OFM; com participa\u00e7\u00e3o\/modera\u00e7\u00e3o dos profs.: Frei F\u00e1bio Gomes e Frei Sandro)<br \/>\n<strong>10h00:<\/strong> Cafezinho<br \/>\n<strong>10h15:<\/strong> Debate em plen\u00e1ria<br \/>\n<strong>11h30:<\/strong> Encerramento<\/p>\n<p style=\"padding-left: 40px;\"><strong>13\/11<\/strong><br \/>\n<strong>8h00:<\/strong> M\u00edstica<br \/>\n<strong>8h30:<\/strong> Palestra: Realidade eclesial na Amaz\u00f4nia (Dorismeire Vasconcelos, OFS, secret\u00e1ria da Prelazia do Xingu; com participa\u00e7\u00e3o\/modera\u00e7\u00e3o de profs.: Prof. Robson e Frei Ludovico)<br \/>\n<strong>10h00:<\/strong> Cafezinho<br \/>\n<strong>10h15:<\/strong> Debate em plen\u00e1ria<br \/>\n<strong>11h30:<\/strong> Encerramento<\/p>\n<p style=\"padding-left: 40px;\"><strong>14\/11<\/strong><br \/>\n<strong>8h00:<\/strong> M\u00edstica<br \/>\n<strong>8h30:<\/strong> Trabalhos em grupos (Disputas Territoriais, Evangeliza\u00e7\u00e3o e Eclesiologia \u2013 com partilha de tem\u00e1ticas interdisciplinares, envolvendo alunos, professores e demais participantes do Simp\u00f3sio)<br \/>\n<strong>10h00:<\/strong> Cafezinho<br \/>\n<strong>10h15:<\/strong> Apresenta\u00e7\u00e3o dos grupos<br \/>\n<strong>11h00:<\/strong> Debate em plen\u00e1ria (modera\u00e7\u00e3o de Frei Ivo) 11h30: Encerramento<\/p>\n<p><em>Ver mais em: https:\/\/www.itf.edu.br\/institucional\/noticias-exibe\/137535982\/simposio+franciscano+sobre+o+sinodo+para+a+amazonia.htm<\/em><\/p>\n","protected":false},"excerpt":{"rendered":"<p>Instituto Teol\u00f3gico Franciscano<\/p>\n","protected":false},"author":3,"featured_media":213801,"comment_status":"open","ping_status":"open","sticky":false,"template":"","format":"standard","meta":[],"categories":[1],"tags":[189,1535],"acf":[],"yoast_head":"<!-- This site is optimized with the Yoast SEO plugin v19.2 - https:\/\/yoast.com\/wordpress\/plugins\/seo\/ -->\n<title>Simp\u00f3sio Franciscano Sobre o S\u00ednodo Para a Amaz\u00f4nia come\u00e7a segunda no ITF - Not\u00edcias - Franciscanos<\/title>\n<meta name=\"robots\" content=\"index, follow, max-snippet:-1, max-image-preview:large, max-video-preview:-1\" \/>\n<link rel=\"canonical\" href=\"https:\/\/franciscanos.org.br\/noticias\/simposio-franciscano-sobre-o-sinodo-para-a-amazonia-comeca-segunda-no-itf.html\" \/>\n<meta property=\"og:locale\" content=\"pt_BR\" \/>\n<meta property=\"og:type\" content=\"article\" \/>\n<meta property=\"og:title\" content=\"Simp\u00f3sio Franciscano Sobre o S\u00ednodo Para a Amaz\u00f4nia come\u00e7a segunda no ITF - Not\u00edcias - Franciscanos\" \/>\n<meta property=\"og:description\" content=\"Instituto Teol\u00f3gico Franciscano\" \/>\n<meta property=\"og:url\" content=\"https:\/\/franciscanos.org.br\/noticias\/simposio-franciscano-sobre-o-sinodo-para-a-amazonia-comeca-segunda-no-itf.html\" \/>\n<meta property=\"og:site_name\" content=\"Not\u00edcias - Franciscanos\" \/>\n<meta property=\"article:published_time\" content=\"2019-11-08T13:29:28+00:00\" \/>\n<meta property=\"article:modified_time\" content=\"2019-11-08T14:38:47+00:00\" \/>\n<meta property=\"og:image\" content=\"https:\/\/franciscanos.org.br\/noticias\/wp-content\/uploads\/2019\/11\/273x181-1.jpg\" \/>\n\t<meta property=\"og:image:width\" content=\"273\" \/>\n\t<meta property=\"og:image:height\" content=\"181\" \/>\n\t<meta property=\"og:image:type\" content=\"image\/jpeg\" \/>\n<meta name=\"author\" content=\"moacir\" \/>\n<meta name=\"twitter:card\" content=\"summary_large_image\" \/>\n<meta name=\"twitter:label1\" content=\"Escrito por\" \/>\n\t<meta name=\"twitter:data1\" content=\"moacir\" \/>\n\t<meta name=\"twitter:label2\" content=\"Est. tempo de leitura\" \/>\n\t<meta name=\"twitter:data2\" content=\"2 minutos\" \/>\n<script type=\"application\/ld+json\" class=\"yoast-schema-graph\">{\"@context\":\"https:\/\/schema.org\",\"@graph\":[{\"@type\":\"WebSite\",\"@id\":\"https:\/\/franciscanos.org.br\/noticias\/#website\",\"url\":\"https:\/\/franciscanos.org.br\/noticias\/\",\"name\":\"Not\u00edcias - Franciscanos\",\"description\":\"Prov\u00edncia Franciscana da Imaculada Concei\u00e7\u00e3o do Brasil - Ordem dos Frades Menores - OFM\",\"potentialAction\":[{\"@type\":\"SearchAction\",\"target\":{\"@type\":\"EntryPoint\",\"urlTemplate\":\"https:\/\/franciscanos.org.br\/noticias\/?s={search_term_string}\"},\"query-input\":\"required name=search_term_string\"}],\"inLanguage\":\"pt-BR\"},{\"@type\":\"ImageObject\",\"inLanguage\":\"pt-BR\",\"@id\":\"https:\/\/franciscanos.org.br\/noticias\/simposio-franciscano-sobre-o-sinodo-para-a-amazonia-comeca-segunda-no-itf.html#primaryimage\",\"url\":\"https:\/\/franciscanos.org.br\/noticias\/wp-content\/uploads\/2019\/11\/273x181-1.jpg\",\"contentUrl\":\"https:\/\/franciscanos.org.br\/noticias\/wp-content\/uploads\/2019\/11\/273x181-1.jpg\",\"width\":273,\"height\":181},{\"@type\":\"WebPage\",\"@id\":\"https:\/\/franciscanos.org.br\/noticias\/simposio-franciscano-sobre-o-sinodo-para-a-amazonia-comeca-segunda-no-itf.html#webpage\",\"url\":\"https:\/\/franciscanos.org.br\/noticias\/simposio-franciscano-sobre-o-sinodo-para-a-amazonia-comeca-segunda-no-itf.html\",\"name\":\"Simp\u00f3sio Franciscano Sobre o S\u00ednodo Para a Amaz\u00f4nia come\u00e7a segunda no ITF - Not\u00edcias - Franciscanos\",\"isPartOf\":{\"@id\":\"https:\/\/franciscanos.org.br\/noticias\/#website\"},\"primaryImageOfPage\":{\"@id\":\"https:\/\/franciscanos.org.br\/noticias\/simposio-franciscano-sobre-o-sinodo-para-a-amazonia-comeca-segunda-no-itf.html#primaryimage\"},\"datePublished\":\"2019-11-08T13:29:28+00:00\",\"dateModified\":\"2019-11-08T14:38:47+00:00\",\"author\":{\"@id\":\"https:\/\/franciscanos.org.br\/noticias\/#\/schema\/person\/b5c8cba458c330ccff548b056e95a5d4\"},\"breadcrumb\":{\"@id\":\"https:\/\/franciscanos.org.br\/noticias\/simposio-franciscano-sobre-o-sinodo-para-a-amazonia-comeca-segunda-no-itf.html#breadcrumb\"},\"inLanguage\":\"pt-BR\",\"potentialAction\":[{\"@type\":\"ReadAction\",\"target\":[\"https:\/\/franciscanos.org.br\/noticias\/simposio-franciscano-sobre-o-sinodo-para-a-amazonia-comeca-segunda-no-itf.html\"]}]},{\"@type\":\"BreadcrumbList\",\"@id\":\"https:\/\/franciscanos.org.br\/noticias\/simposio-franciscano-sobre-o-sinodo-para-a-amazonia-comeca-segunda-no-itf.html#breadcrumb\",\"itemListElement\":[{\"@type\":\"ListItem\",\"position\":1,\"name\":\"Home\",\"item\":\"https:\/\/franciscanos.org.br\/noticias\"},{\"@type\":\"ListItem\",\"position\":2,\"name\":\"Simp\u00f3sio Franciscano Sobre o S\u00ednodo Para a Amaz\u00f4nia come\u00e7a segunda no ITF\"}]},{\"@type\":\"Person\",\"@id\":\"https:\/\/franciscanos.org.br\/noticias\/#\/schema\/person\/b5c8cba458c330ccff548b056e95a5d4\",\"name\":\"moacir\",\"image\":{\"@type\":\"ImageObject\",\"inLanguage\":\"pt-BR\",\"@id\":\"https:\/\/franciscanos.org.br\/noticias\/#\/schema\/person\/image\/\",\"url\":\"https:\/\/secure.gravatar.com\/avatar\/d08aa2ce4c8dd416d4479aa8536fcf64?s=96&d=mm&r=g\",\"contentUrl\":\"https:\/\/secure.gravatar.com\/avatar\/d08aa2ce4c8dd416d4479aa8536fcf64?s=96&d=mm&r=g\",\"caption\":\"moacir\"},\"url\":\"https:\/\/franciscanos.org.br\/noticias\/author\/moacir\"}]}<\/script>\n<!-- \/ Yoast SEO plugin. -->","yoast_head_json":{"title":"Simp\u00f3sio Franciscano Sobre o S\u00ednodo Para a Amaz\u00f4nia come\u00e7a segunda no ITF - Not\u00edcias - Franciscanos","robots":{"index":"index","follow":"follow","max-snippet":"max-snippet:-1","max-image-preview":"max-image-preview:large","max-video-preview":"max-video-preview:-1"},"canonical":"https:\/\/franciscanos.org.br\/noticias\/simposio-franciscano-sobre-o-sinodo-para-a-amazonia-comeca-segunda-no-itf.html","og_locale":"pt_BR","og_type":"article","og_title":"Simp\u00f3sio Franciscano Sobre o S\u00ednodo Para a Amaz\u00f4nia come\u00e7a segunda no ITF - Not\u00edcias - Franciscanos","og_description":"Instituto Teol\u00f3gico Franciscano","og_url":"https:\/\/franciscanos.org.br\/noticias\/simposio-franciscano-sobre-o-sinodo-para-a-amazonia-comeca-segunda-no-itf.html","og_site_name":"Not\u00edcias - Franciscanos","article_published_time":"2019-11-08T13:29:28+00:00","article_modified_time":"2019-11-08T14:38:47+00:00","og_image":[{"width":273,"height":181,"url":"https:\/\/franciscanos.org.br\/noticias\/wp-content\/uploads\/2019\/11\/273x181-1.jpg","type":"image\/jpeg"}],"author":"moacir","twitter_card":"summary_large_image","twitter_misc":{"Escrito por":"moacir","Est. tempo de leitura":"2 minutos"},"schema":{"@context":"https:\/\/schema.org","@graph":[{"@type":"WebSite","@id":"https:\/\/franciscanos.org.br\/noticias\/#website","url":"https:\/\/franciscanos.org.br\/noticias\/","name":"Not\u00edcias - Franciscanos","description":"Prov\u00edncia Franciscana da Imaculada Concei\u00e7\u00e3o do Brasil - Ordem dos Frades Menores - OFM","potentialAction":[{"@type":"SearchAction","target":{"@type":"EntryPoint","urlTemplate":"https:\/\/franciscanos.org.br\/noticias\/?s={search_term_string}"},"query-input":"required name=search_term_string"}],"inLanguage":"pt-BR"},{"@type":"ImageObject","inLanguage":"pt-BR","@id":"https:\/\/franciscanos.org.br\/noticias\/simposio-franciscano-sobre-o-sinodo-para-a-amazonia-comeca-segunda-no-itf.html#primaryimage","url":"https:\/\/franciscanos.org.br\/noticias\/wp-content\/uploads\/2019\/11\/273x181-1.jpg","contentUrl":"https:\/\/franciscanos.org.br\/noticias\/wp-content\/uploads\/2019\/11\/273x181-1.jpg","width":273,"height":181},{"@type":"WebPage","@id":"https:\/\/franciscanos.org.br\/noticias\/simposio-franciscano-sobre-o-sinodo-para-a-amazonia-comeca-segunda-no-itf.html#webpage","url":"https:\/\/franciscanos.org.br\/noticias\/simposio-franciscano-sobre-o-sinodo-para-a-amazonia-comeca-segunda-no-itf.html","name":"Simp\u00f3sio Franciscano Sobre o S\u00ednodo Para a Amaz\u00f4nia come\u00e7a segunda no ITF - Not\u00edcias - Franciscanos","isPartOf":{"@id":"https:\/\/franciscanos.org.br\/noticias\/#website"},"primaryImageOfPage":{"@id":"https:\/\/franciscanos.org.br\/noticias\/simposio-franciscano-sobre-o-sinodo-para-a-amazonia-comeca-segunda-no-itf.html#primaryimage"},"datePublished":"2019-11-08T13:29:28+00:00","dateModified":"2019-11-08T14:38:47+00:00","author":{"@id":"https:\/\/franciscanos.org.br\/noticias\/#\/schema\/person\/b5c8cba458c330ccff548b056e95a5d4"},"breadcrumb":{"@id":"https:\/\/franciscanos.org.br\/noticias\/simposio-franciscano-sobre-o-sinodo-para-a-amazonia-comeca-segunda-no-itf.html#breadcrumb"},"inLanguage":"pt-BR","potentialAction":[{"@type":"ReadAction","target":["https:\/\/franciscanos.org.br\/noticias\/simposio-franciscano-sobre-o-sinodo-para-a-amazonia-comeca-segunda-no-itf.html"]}]},{"@type":"BreadcrumbList","@id":"https:\/\/franciscanos.org.br\/noticias\/simposio-franciscano-sobre-o-sinodo-para-a-amazonia-comeca-segunda-no-itf.html#breadcrumb","itemListElement":[{"@type":"ListItem","position":1,"name":"Home","item":"https:\/\/franciscanos.org.br\/noticias"},{"@type":"ListItem","position":2,"name":"Simp\u00f3sio Franciscano Sobre o S\u00ednodo Para a Amaz\u00f4nia come\u00e7a segunda no ITF"}]},{"@type":"Person","@id":"https:\/\/franciscanos.org.br\/noticias\/#\/schema\/person\/b5c8cba458c330ccff548b056e95a5d4","name":"moacir","image":{"@type":"ImageObject","inLanguage":"pt-BR","@id":"https:\/\/franciscanos.org.br\/noticias\/#\/schema\/person\/image\/","url":"https:\/\/secure.gravatar.com\/avatar\/d08aa2ce4c8dd416d4479aa8536fcf64?s=96&d=mm&r=g","contentUrl":"https:\/\/secure.gravatar.com\/avatar\/d08aa2ce4c8dd416d4479aa8536fcf64?s=96&d=mm&r=g","caption":"moacir"},"url":"https:\/\/franciscanos.org.br\/noticias\/author\/moacir"}]}},"_links":{"self":[{"href":"https:\/\/franciscanos.org.br\/noticias\/wp-json\/wp\/v2\/posts\/213791"}],"collection":[{"href":"https:\/\/franciscanos.org.br\/noticias\/wp-json\/wp\/v2\/posts"}],"about":[{"href":"https:\/\/franciscanos.org.br\/noticias\/wp-json\/wp\/v2\/types\/post"}],"author":[{"embeddable":true,"href":"https:\/\/franciscanos.org.br\/noticias\/wp-json\/wp\/v2\/users\/3"}],"replies":[{"embeddable":true,"href":"https:\/\/franciscanos.org.br\/noticias\/wp-json\/wp\/v2\/comments?post=213791"}],"version-history":[{"count":0,"href":"https:\/\/franciscanos.org.br\/noticias\/wp-json\/wp\/v2\/posts\/213791\/revisions"}],"wp:featuredmedia":[{"embeddable":true,"href":"https:\/\/franciscanos.org.br\/noticias\/wp-json\/wp\/v2\/media\/213801"}],"wp:attachment":[{"href":"https:\/\/franciscanos.org.br\/noticias\/wp-json\/wp\/v2\/media?parent=213791"}],"wp:term":[{"taxonomy":"category","embeddable":true,"href":"https:\/\/franciscanos.org.br\/noticias\/wp-json\/wp\/v2\/categories?post=213791"},{"taxonomy":"post_tag","embeddable":true,"href":"https:\/\/franciscanos.org.br\/noticias\/wp-json\/wp\/v2\/tags?post=213791"}],"curies":[{"name":"wp","href":"https:\/\/api.w.org\/{rel}","templated":true}]}}