{"id":213775,"date":"2019-11-08T09:50:40","date_gmt":"2019-11-08T12:50:40","guid":{"rendered":"https:\/\/franciscanos.org.br\/noticias\/?p=213775"},"modified":"2019-11-08T11:38:30","modified_gmt":"2019-11-08T14:38:30","slug":"paz-e-cada-passo-entre-os-lancamentos-da-editora-vozes","status":"publish","type":"post","link":"https:\/\/franciscanos.org.br\/noticias\/paz-e-cada-passo-entre-os-lancamentos-da-editora-vozes.html","title":{"rendered":"&#8220;Paz \u00e9 cada passo&#8221; entre os lan\u00e7amentos da Editora Vozes"},"content":{"rendered":"<h3><strong><img loading=\"lazy\" class=\"size-full wp-image-213780 alignright\" src=\"https:\/\/franciscanos.org.br\/noticias\/wp-content\/uploads\/2019\/11\/paz.jpg\" alt=\"\" width=\"400\" height=\"614\" srcset=\"https:\/\/franciscanos.org.br\/noticias\/wp-content\/uploads\/2019\/11\/paz.jpg 400w, https:\/\/franciscanos.org.br\/noticias\/wp-content\/uploads\/2019\/11\/paz-293x450.jpg 293w, https:\/\/franciscanos.org.br\/noticias\/wp-content\/uploads\/2019\/11\/paz-150x230.jpg 150w\" sizes=\"(max-width: 400px) 100vw, 400px\" \/>Paz \u00e9 cada passo<\/strong><\/h3>\n<p><strong>Thich Nhat Hanh<\/strong><\/p>\n<p><em>Paz \u00e9 cada passo \u2013 O caminho da aten\u00e7\u00e3o plena<\/em> \u00e9 um livro de lembretes. Na correria da vida moderna, temos a tend\u00eancia de perder contato com a paz que est\u00e1 dispon\u00edvel a todo instante. A criatividade de Thich Nhat Hanh se encontra na habilidade que ele tem de tirar proveito das mesmas situa\u00e7\u00f5es que normalmente nos pressionam e nos antagonizam. Para ele, um telefone tocando \u00e9 usado como um sinal que nos lembra de retornar ao nosso verdadeiro eu. Pratos sujos, luzes vermelhas e engarrafamentos no tr\u00e2nsito s\u00e3o amigos espirituais no caminho da conscientiza\u00e7\u00e3o. As nossas satisfa\u00e7\u00f5es mais profundas, os sentimentos de alegria e de completude mais profundos est\u00e3o t\u00e3o pr\u00f3ximos ao nosso alcance quanto a nossa pr\u00f3xima respira\u00e7\u00e3o consciente e o sorriso que podemos esbo\u00e7ar agora.<\/p>\n<p>Thich Nhat Hanh come\u00e7a ensinando como respirar conscientemente e estar consciente dos pequenos atos em nossas vidas cotidianas, depois nos mostra como usar os benef\u00edcios da aten\u00e7\u00e3o e concentra\u00e7\u00e3o para transformar e curar estados psicol\u00f3gicos dif\u00edceis. Finalmente ele nos mostra a conex\u00e3o entre a paz interior, pessoal, e a paz na Terra. Este \u00e9 um livro de muito valor. Pode mudar a vida dos indiv\u00edduos e a vida da nossa sociedade.<\/p>\n<p style=\"padding-left: 40px;\"><strong>Thich Nhat Hanh<\/strong><em> \u00e9 um poeta, mestre Zen e ativista da paz. Nasceu no Vietn\u00e3, mas vive no ex\u00edlio desde 1966, numa comunidade de medita\u00e7\u00e3o (Plum Village) que ele fundou na Fran\u00e7a. Foi indicado para o Pr\u00eamio Nobel da Paz por Martin Luther King Jr. \u00c9 autor de dezenas de livros com o intuito de aproximar os leitores das pr\u00e1ticas e ensinamentos budistas. No Brasil, v\u00e1rios desses livros s\u00e3o publicados pela Vozes.<\/em><\/p>\n<p>&nbsp;<\/p>\n<h3><strong> <img loading=\"lazy\" class=\"alignleft size-full wp-image-213782\" src=\"https:\/\/franciscanos.org.br\/noticias\/wp-content\/uploads\/2019\/11\/no-caminho-de-jesus.jpg\" alt=\"\" width=\"200\" height=\"266\" srcset=\"https:\/\/franciscanos.org.br\/noticias\/wp-content\/uploads\/2019\/11\/no-caminho-de-jesus.jpg 200w, https:\/\/franciscanos.org.br\/noticias\/wp-content\/uploads\/2019\/11\/no-caminho-de-jesus-150x200.jpg 150w\" sizes=\"(max-width: 200px) 100vw, 200px\" \/>No caminho de Jesus<br \/>\n<\/strong><strong>\u00c1lbum Lit\u00fargico-Catequ\u00e9tico &#8211; Ano A<\/strong><\/h3>\n<p><em>No caminho de Jesus \u2013 \u00c1lbum Lit\u00fargico-Catequ\u00e9tico<\/em> \u00e9 um instrumento de evangeliza\u00e7\u00e3o que contribui no amadurecimento, forma\u00e7\u00e3o e educa\u00e7\u00e3o da f\u00e9. Seu objetivo maior \u00e9 fortalecer a experi\u00eancia de vida e de f\u00e9 a partir da participa\u00e7\u00e3o de catequizandos e seus familiares na celebra\u00e7\u00e3o eucar\u00edstica, como tamb\u00e9m pode ser um recurso para complementar os encontros de catequese e sua intera\u00e7\u00e3o com a liturgia.<\/p>\n<p>Neste \u00e1lbum \u00e9 proposto:<\/p>\n<p style=\"padding-left: 40px;\">Ler o Evangelho de cada domingo em fam\u00edlia.<br \/>\nObservar a realidade inspirando-se na leitura do Evangelho.<br \/>\nRealizar atividades que contribuem para construir o entendimento da Palavra de Deus que foi celebrada na comunidade.<br \/>\nIlustra\u00e7\u00f5es com a finalidade de ajudar a unir f\u00e9 e vida.<\/p>\n<p>A din\u00e2mica deste \u00e1lbum visa ajudar a fam\u00edlia a fazer uma experi\u00eancia de aproxima\u00e7\u00e3o com Jesus Cristo e sua mensagem, e ajudar catequizandos e familiares a assumirem o seu compromisso de colaborar com o Reino de Deus.<\/p>\n<p>&nbsp;<\/p>\n<h3><strong><img loading=\"lazy\" class=\"alignleft size-full wp-image-213783\" src=\"https:\/\/franciscanos.org.br\/noticias\/wp-content\/uploads\/2019\/11\/ensinando.jpg\" alt=\"\" width=\"200\" height=\"287\" srcset=\"https:\/\/franciscanos.org.br\/noticias\/wp-content\/uploads\/2019\/11\/ensinando.jpg 200w, https:\/\/franciscanos.org.br\/noticias\/wp-content\/uploads\/2019\/11\/ensinando-150x215.jpg 150w\" sizes=\"(max-width: 200px) 100vw, 200px\" \/>Ensinando os alunos a se ensinarem<\/strong><\/h3>\n<p><strong>Guy Claxton<\/strong><\/p>\n<p>O ponto principal do <em>Ensinando os alunos a se ensinarem \u2013 O M\u00e9todo do Poder da Aprendizagem <\/em>\u00e9 a ideia de que \u00e9 responsabilidade de todos os professores nutrir o aluno como aprendiz e cultivar aprendizes que tenham a mente \u201cem forma\u201d. A aprendizagem propriamente dita pode ser aprendida! A leitura deste livro ajudar\u00e1 os professores a entender com mais clareza como \u201ctodas as li\u00e7\u00f5es, todos os dias\u201d modelam gradualmente a forma pela qual os alunos se veem como aprendizes e a sua compreens\u00e3o do processo de aprendizagem. Essa \u00e9 a beleza do M\u00e9todo do Poder da Aprendizagem. N\u00e3o \u00e9 um programa, uma disciplina, um anexo \u2013 \u00e9 algo que todos os professores podem integrar \u00e0 pr\u00f3pria pr\u00e1tica diariamente.<\/p>\n<p>Guy Claxton desafia os m\u00e9todos tradicionais de aprendizagem que existem em tantas das nossas escolas e apresenta uma estrat\u00e9gia cativante e pr\u00e1tica para estimular o pensamento aut\u00eantico e a aprendizagem para todos. <em>Ensinando os alunos a se ensinarem \u2013 O M\u00e9todo do Poder da Aprendizagem<\/em> parte da cren\u00e7a de que devemos ultrapassar sistemas que categorizam e julgam as pessoas meramente pela habilidade de tirar boas notas em testes e provas ou aquela aprendizagem que promove o mito da \u2018\u00fanica resposta certa\u2019 \u2013 e partir para culturas que se concentrem no \u2018cultivo da confian\u00e7a e capacidade de ser um bom aprendiz\u2019. Claxton identifica e descreve a diversidade de for\u00e7as essenciais a uma aprendizagem de sucesso e apresenta m\u00e9todos pr\u00e1ticos para transform\u00e1-las em prioridade.<\/p>\n<p>Uma leitura essencial para aqueles que entendem a singularidade das capacidades em todos os seus alunos e gostariam de p\u00f4r em pr\u00e1tica uma cultura de aprendizagem que as fa\u00e7a florescer \u2013 uma cultura de aprendizagem inclusiva e pessoal.<\/p>\n<p style=\"padding-left: 40px;\"><strong>Guy Claxton<\/strong> <em>\u00e9 um cientista cognitivo especialista em expansibilidade da intelig\u00eancia. \u00c9 autor de v\u00e1rios livros sobre educa\u00e7\u00e3o e aprendizagem. Tem forma\u00e7\u00e3o nas universidades de Cambridge e Oxford, e \u00e9 professor-visitante de educa\u00e7\u00e3o do King\u2019sCollege London.<\/em><\/p>\n<p>&nbsp;<\/p>\n<h3><strong><img loading=\"lazy\" class=\"alignleft size-full wp-image-213784\" src=\"https:\/\/franciscanos.org.br\/noticias\/wp-content\/uploads\/2019\/11\/crisantemo.jpg\" alt=\"\" width=\"200\" height=\"296\" srcset=\"https:\/\/franciscanos.org.br\/noticias\/wp-content\/uploads\/2019\/11\/crisantemo.jpg 200w, https:\/\/franciscanos.org.br\/noticias\/wp-content\/uploads\/2019\/11\/crisantemo-150x222.jpg 150w\" sizes=\"(max-width: 200px) 100vw, 200px\" \/>O cris\u00e2ntemo e a espada<br \/>\n<\/strong><strong>Padr\u00f5es da cultura japonesa<\/strong><\/h3>\n<p><strong>Ruth Benedict<\/strong><\/p>\n<p>Em junho de 1944, Ruth Benedict recebeu a incumb\u00eancia de estudar o Jap\u00e3o. Am\u00e9rica e Jap\u00e3o estavam em guerra. Era importante responder a um sem-n\u00famero de perguntas sobre o inimigo. Foi-lhe solicitado utilizar todas as t\u00e9cnicas que pudesse, como antrop\u00f3loga cultural, para esclarecer como os japoneses eram. Sua incumb\u00eancia era dif\u00edcil, pois \u00e9 f\u00e1cil, em tempo de guerra, condenar, indiscriminadamente, mas, muito mais dif\u00edcil, tentar ver como seu inimigo v\u00ea a vida atrav\u00e9s dos olhos deles. Todavia, isso tinha de ser feito.<\/p>\n<p>Contudo, o fato de que as duas na\u00e7\u00f5es estavam em guerra significava que Ruth tinha de renunciar \u00e0 mais importante t\u00e9cnica dos antrop\u00f3logos culturais: uma sa\u00edda a campo. N\u00e3o poderia ir ao Jap\u00e3o e viver em seus lares e observar as press\u00f5es e estresses de sua vida di\u00e1ria, ver com seus olhos o que era crucial e o que n\u00e3o era.<\/p>\n<p>Como antrop\u00f3loga cultural, a despeito disso, tinha confian\u00e7a em certas t\u00e9cnicas e postulados que poderiam ser utilizados. Havia muitos japoneses na Am\u00e9rica que tinham sido criados no Jap\u00e3o, e ela lhes poderia perguntar sobre fatos concretos de suas experi\u00eancias, descobrir como as julgaram, preencher com suas descri\u00e7\u00f5es muitas lacunas em nosso conhecimento que, como antrop\u00f3loga, acreditava serem essenciais para compreendermos qualquer cultura. Ela acreditava que muitas das respostas que buscava estavam incrustadas nas regras e valores da cultura japonesa e poderiam ser encontradas, mais satisfatoriamente, por meio da explora\u00e7\u00e3o dessa cultura com pessoas que a tivessem realmente vivido.<\/p>\n<p><strong><em>Ruth Benedict<\/em><\/strong> <em>(1887-1948) foi uma das figuras mais eminentes da antropologia do s\u00e9culo XX. Seus livros profundamente influentes (Padr\u00f5es de cultura e O cris\u00e2ntemo e a espada \u2013 Padr\u00f5es da cultura japonesa) foram best-sellers quando da sua publica\u00e7\u00e3o e continuam a ser obras indispens\u00e1veis nos estudos culturais desde ent\u00e3o.<\/em><\/p>\n<p>&nbsp;<\/p>\n<h3><strong><img loading=\"lazy\" class=\"alignleft size-full wp-image-213785\" src=\"https:\/\/franciscanos.org.br\/noticias\/wp-content\/uploads\/2019\/11\/miseriada-filosofia.jpg\" alt=\"\" width=\"200\" height=\"329\" srcset=\"https:\/\/franciscanos.org.br\/noticias\/wp-content\/uploads\/2019\/11\/miseriada-filosofia.jpg 200w, https:\/\/franciscanos.org.br\/noticias\/wp-content\/uploads\/2019\/11\/miseriada-filosofia-150x247.jpg 150w\" sizes=\"(max-width: 200px) 100vw, 200px\" \/>Mis\u00e9ria da filosofia<br \/>\n<\/strong><strong>Respostas \u00e0 <em>filosofia da mis\u00e9ria<\/em> de Proudhon<\/strong><\/h3>\n<p><strong>Karl Marx<\/strong><\/p>\n<p><em>Mis\u00e9ria da filosofia<\/em> \u00e9, no conjunto da obra de Marx, uma etapa de grande import\u00e2ncia. \u00c9 uma obra ao mesmo tempo de transi\u00e7\u00e3o e de maturidade. Ela constitui, para ele, a primeira s\u00edntese entre uma filosofia met\u00f3dica e uma economia pol\u00edtica, ao mesmo tempo objetiva e concreta. At\u00e9 ent\u00e3o, Marx entendia essas duas disciplinas de forma separada. A experi\u00eancia adquirida em Paris e Bruxelas, sua participa\u00e7\u00e3o na organiza\u00e7\u00e3o do movimento oper\u00e1rio franc\u00eas e, al\u00e9m disso, suas primeiras liga\u00e7\u00f5es oper\u00e1rias internacionais e, sem d\u00favida, a reflex\u00e3o sobre os erros de Proudhon, lhe permitem, pela primeira vez, apreender a realidade de forma mais completa e esclarecer outros aspectos ainda n\u00e3o tratados. O m\u00e9todo marxista se revela apto a ser aplicado <em>na<\/em> vida real e na explica\u00e7\u00e3o <em>da<\/em> vida real.<\/p>\n<p style=\"padding-left: 40px;\"><strong>Karl Heinrich Marx<\/strong><em> nasceu em Trier, Alemanha, em 1818 e morreu em Londres, Inglaterra, em 1883. Marx foi o \u00faltimo de sete filhos de uma fam\u00edlia de origem judaica de classe m\u00e9dia. Foi um intelectual atuante nas \u00e1reas da economia, filosofia, hist\u00f3ria, pol\u00edtica e jornalismo, e sua obra influenciou todas as ci\u00eancias humanas e sociais, bem como \u00e1reas diversas como a biologia, a arquitetura e o design, entre outras. Foi fundador da doutrina comunista moderna e considerado um dos maiores fil\u00f3sofos de todos os tempos.<\/em><\/p>\n<p>&nbsp;<\/p>\n<h3><strong><img loading=\"lazy\" class=\"alignleft size-full wp-image-213786\" src=\"https:\/\/franciscanos.org.br\/noticias\/wp-content\/uploads\/2019\/11\/9788532661999.jpg\" alt=\"\" width=\"200\" height=\"340\" srcset=\"https:\/\/franciscanos.org.br\/noticias\/wp-content\/uploads\/2019\/11\/9788532661999.jpg 200w, https:\/\/franciscanos.org.br\/noticias\/wp-content\/uploads\/2019\/11\/9788532661999-150x255.jpg 150w\" sizes=\"(max-width: 200px) 100vw, 200px\" \/>Escritos seletos<br \/>\n<\/strong><strong>Martinho Lutero<\/strong><\/h3>\n<p>Lutero contempla a hist\u00f3ria como hist\u00f3ria da salva\u00e7\u00e3o, e considera os indiv\u00edduos sempre do ponto de vista do chamado \u00e0 salva\u00e7\u00e3o. Sob esse enfoque a ordem das coisas humanas \u00e9 facilmente aceita como a ordem querida por Deus, mas passa a ter um peso secund\u00e1rio dentro das precau\u00e7\u00f5es dogm\u00e1ticas ou \u00e9ticas do autor. \u00c9 a partir do chamado \u00e0 salva\u00e7\u00e3o que Lutero vai formar seu ju\u00edzo sobre os indiv\u00edduos, o que o leva a constata\u00e7\u00f5es nada lisonjeiras a respeito dos que exercem o poder.<\/p>\n<p style=\"padding-left: 40px;\"><strong>Martinho Lutero<\/strong><em> cursava a universidade em Erfurt quando, em 1505, decidiu tornar-se agostiniano. Foi ordenado sacerdote em 1507. Em 1512, em Wittenberg, recebeu o t\u00edtulo de Doutor em Teologia. Grande biblista e pregador, defendia que a salva\u00e7\u00e3o s\u00f3 poderia vir de uma rela\u00e7\u00e3o pessoal com Deus. Como criticava o abuso que a Igreja fazia das indulg\u00eancias, foi obrigado a se retratar, em 1520, mas se recusou e foi excomungado. Continuou, por\u00e9m, a tentar fazer os crist\u00e3os viverem mais plenamente a Palavra de Deus. Teve de tomar posi\u00e7\u00f5es pol\u00edticas. Aos poucos aglutinou em torno de si pessoas, levando ao que conhecemos pelo nome de protestantismo.<\/em><\/p>\n<p>&nbsp;<\/p>\n<h3><strong><img loading=\"lazy\" class=\"alignleft size-full wp-image-213787\" src=\"https:\/\/franciscanos.org.br\/noticias\/wp-content\/uploads\/2019\/11\/joao-calvino.jpg\" alt=\"\" width=\"200\" height=\"339\" srcset=\"https:\/\/franciscanos.org.br\/noticias\/wp-content\/uploads\/2019\/11\/joao-calvino.jpg 200w, https:\/\/franciscanos.org.br\/noticias\/wp-content\/uploads\/2019\/11\/joao-calvino-150x254.jpg 150w\" sizes=\"(max-width: 200px) 100vw, 200px\" \/>Escritos seletos<br \/>\n<\/strong><strong>Jo\u00e3o Calvino<\/strong><\/h3>\n<p>O Senhor, em todas as a\u00e7\u00f5es da vida, ordena, a cada um de n\u00f3s, que atentemos para a nossa voca\u00e7\u00e3o, pois Ele sabe com qu\u00e3o grande inquietude efervesce o engenho humano, de quanta volubilidade \u00e9 ele levado de um lado para outro, e de qu\u00e3o \u00e1vida \u00e9 a sua ambi\u00e7\u00e3o em abra\u00e7ar diversas coisas ao mesmo tempo. Portanto, para que atrav\u00e9s de nossa estult\u00edcia e temeridade n\u00e3o se misturem todas as coisas de cima para baixo, Deus ordenou a cada um os seus deveres, em diferentes g\u00eaneros de vida. E para que ningu\u00e9m ultrapassasse, temerariamente, os seus limites, Deus chamou de voca\u00e7\u00f5es a essas modalidades de viver. Portanto, para que os homens n\u00e3o sejam levados, \u00e0s cegas, ao l\u00e9u, por todo o curso de sua vida, o Senhor atribuiu a cada um sua for\u00e7a de viver, como se fora um posto de servi\u00e7o.<\/p>\n<p style=\"padding-left: 40px;\"><strong>Jo\u00e3o Calvino<\/strong><em> nasceu na Fran\u00e7a. Cursou a universidade de Paris, Orl\u00e9ans e Burges. Formou-se em Direito. Seu livro Institui\u00e7\u00e3o da religi\u00e3o crist\u00e3 marca a sua ades\u00e3o \u00e0 Reforma e, na Fran\u00e7a, \u00e9 considerado o \u201cchefe do protestantismo franc\u00eas\u201d. Passa a residir em Genebra, onde, em 1541, organiza uma nova igreja. Reelabora ent\u00e3o o seu principal livro e exerce uma influ\u00eancia cada vez maior no protestantismo europeu.<\/em><\/p>\n","protected":false},"excerpt":{"rendered":"<p>Lan\u00e7amentos da Editora Vozes<\/p>\n","protected":false},"author":7,"featured_media":213800,"comment_status":"open","ping_status":"open","sticky":false,"template":"","format":"standard","meta":[],"categories":[1],"tags":[238],"acf":[],"yoast_head":"<!-- This site is optimized with the Yoast SEO plugin v19.2 - https:\/\/yoast.com\/wordpress\/plugins\/seo\/ -->\n<title>&quot;Paz \u00e9 cada passo&quot; entre os lan\u00e7amentos da Editora Vozes - Not\u00edcias - Franciscanos<\/title>\n<meta name=\"robots\" content=\"index, follow, max-snippet:-1, max-image-preview:large, max-video-preview:-1\" \/>\n<link rel=\"canonical\" href=\"https:\/\/franciscanos.org.br\/noticias\/paz-e-cada-passo-entre-os-lancamentos-da-editora-vozes.html\" \/>\n<meta property=\"og:locale\" content=\"pt_BR\" \/>\n<meta property=\"og:type\" content=\"article\" \/>\n<meta property=\"og:title\" content=\"&quot;Paz \u00e9 cada passo&quot; entre os lan\u00e7amentos da Editora Vozes - Not\u00edcias - Franciscanos\" \/>\n<meta property=\"og:description\" content=\"Lan\u00e7amentos da Editora Vozes\" \/>\n<meta property=\"og:url\" content=\"https:\/\/franciscanos.org.br\/noticias\/paz-e-cada-passo-entre-os-lancamentos-da-editora-vozes.html\" \/>\n<meta property=\"og:site_name\" content=\"Not\u00edcias - Franciscanos\" \/>\n<meta property=\"article:published_time\" content=\"2019-11-08T12:50:40+00:00\" \/>\n<meta property=\"article:modified_time\" content=\"2019-11-08T14:38:30+00:00\" \/>\n<meta property=\"og:image\" content=\"https:\/\/franciscanos.org.br\/noticias\/wp-content\/uploads\/2019\/11\/paz-273-1.jpg\" \/>\n\t<meta property=\"og:image:width\" content=\"273\" \/>\n\t<meta property=\"og:image:height\" content=\"181\" \/>\n\t<meta property=\"og:image:type\" content=\"image\/jpeg\" \/>\n<meta name=\"author\" content=\"jovenal\" \/>\n<meta name=\"twitter:card\" content=\"summary_large_image\" \/>\n<meta name=\"twitter:label1\" content=\"Escrito por\" \/>\n\t<meta name=\"twitter:data1\" content=\"jovenal\" \/>\n\t<meta name=\"twitter:label2\" content=\"Est. tempo de leitura\" \/>\n\t<meta name=\"twitter:data2\" content=\"9 minutos\" \/>\n<script type=\"application\/ld+json\" class=\"yoast-schema-graph\">{\"@context\":\"https:\/\/schema.org\",\"@graph\":[{\"@type\":\"WebSite\",\"@id\":\"https:\/\/franciscanos.org.br\/noticias\/#website\",\"url\":\"https:\/\/franciscanos.org.br\/noticias\/\",\"name\":\"Not\u00edcias - Franciscanos\",\"description\":\"Prov\u00edncia Franciscana da Imaculada Concei\u00e7\u00e3o do Brasil - Ordem dos Frades Menores - OFM\",\"potentialAction\":[{\"@type\":\"SearchAction\",\"target\":{\"@type\":\"EntryPoint\",\"urlTemplate\":\"https:\/\/franciscanos.org.br\/noticias\/?s={search_term_string}\"},\"query-input\":\"required name=search_term_string\"}],\"inLanguage\":\"pt-BR\"},{\"@type\":\"ImageObject\",\"inLanguage\":\"pt-BR\",\"@id\":\"https:\/\/franciscanos.org.br\/noticias\/paz-e-cada-passo-entre-os-lancamentos-da-editora-vozes.html#primaryimage\",\"url\":\"https:\/\/franciscanos.org.br\/noticias\/wp-content\/uploads\/2019\/11\/paz-273-1.jpg\",\"contentUrl\":\"https:\/\/franciscanos.org.br\/noticias\/wp-content\/uploads\/2019\/11\/paz-273-1.jpg\",\"width\":273,\"height\":181},{\"@type\":\"WebPage\",\"@id\":\"https:\/\/franciscanos.org.br\/noticias\/paz-e-cada-passo-entre-os-lancamentos-da-editora-vozes.html#webpage\",\"url\":\"https:\/\/franciscanos.org.br\/noticias\/paz-e-cada-passo-entre-os-lancamentos-da-editora-vozes.html\",\"name\":\"\\\"Paz \u00e9 cada passo\\\" entre os lan\u00e7amentos da Editora Vozes - Not\u00edcias - Franciscanos\",\"isPartOf\":{\"@id\":\"https:\/\/franciscanos.org.br\/noticias\/#website\"},\"primaryImageOfPage\":{\"@id\":\"https:\/\/franciscanos.org.br\/noticias\/paz-e-cada-passo-entre-os-lancamentos-da-editora-vozes.html#primaryimage\"},\"datePublished\":\"2019-11-08T12:50:40+00:00\",\"dateModified\":\"2019-11-08T14:38:30+00:00\",\"author\":{\"@id\":\"https:\/\/franciscanos.org.br\/noticias\/#\/schema\/person\/c3a26b08313dd1772495ce300ab257cc\"},\"breadcrumb\":{\"@id\":\"https:\/\/franciscanos.org.br\/noticias\/paz-e-cada-passo-entre-os-lancamentos-da-editora-vozes.html#breadcrumb\"},\"inLanguage\":\"pt-BR\",\"potentialAction\":[{\"@type\":\"ReadAction\",\"target\":[\"https:\/\/franciscanos.org.br\/noticias\/paz-e-cada-passo-entre-os-lancamentos-da-editora-vozes.html\"]}]},{\"@type\":\"BreadcrumbList\",\"@id\":\"https:\/\/franciscanos.org.br\/noticias\/paz-e-cada-passo-entre-os-lancamentos-da-editora-vozes.html#breadcrumb\",\"itemListElement\":[{\"@type\":\"ListItem\",\"position\":1,\"name\":\"Home\",\"item\":\"https:\/\/franciscanos.org.br\/noticias\"},{\"@type\":\"ListItem\",\"position\":2,\"name\":\"&#8220;Paz \u00e9 cada passo&#8221; entre os lan\u00e7amentos da Editora Vozes\"}]},{\"@type\":\"Person\",\"@id\":\"https:\/\/franciscanos.org.br\/noticias\/#\/schema\/person\/c3a26b08313dd1772495ce300ab257cc\",\"name\":\"jovenal\",\"image\":{\"@type\":\"ImageObject\",\"inLanguage\":\"pt-BR\",\"@id\":\"https:\/\/franciscanos.org.br\/noticias\/#\/schema\/person\/image\/\",\"url\":\"https:\/\/secure.gravatar.com\/avatar\/e94509f531086e2eaf97e72f29ea00f9?s=96&d=mm&r=g\",\"contentUrl\":\"https:\/\/secure.gravatar.com\/avatar\/e94509f531086e2eaf97e72f29ea00f9?s=96&d=mm&r=g\",\"caption\":\"jovenal\"},\"url\":\"https:\/\/franciscanos.org.br\/noticias\/author\/jovenal\"}]}<\/script>\n<!-- \/ Yoast SEO plugin. -->","yoast_head_json":{"title":"\"Paz \u00e9 cada passo\" entre os lan\u00e7amentos da Editora Vozes - Not\u00edcias - Franciscanos","robots":{"index":"index","follow":"follow","max-snippet":"max-snippet:-1","max-image-preview":"max-image-preview:large","max-video-preview":"max-video-preview:-1"},"canonical":"https:\/\/franciscanos.org.br\/noticias\/paz-e-cada-passo-entre-os-lancamentos-da-editora-vozes.html","og_locale":"pt_BR","og_type":"article","og_title":"\"Paz \u00e9 cada passo\" entre os lan\u00e7amentos da Editora Vozes - Not\u00edcias - Franciscanos","og_description":"Lan\u00e7amentos da Editora Vozes","og_url":"https:\/\/franciscanos.org.br\/noticias\/paz-e-cada-passo-entre-os-lancamentos-da-editora-vozes.html","og_site_name":"Not\u00edcias - Franciscanos","article_published_time":"2019-11-08T12:50:40+00:00","article_modified_time":"2019-11-08T14:38:30+00:00","og_image":[{"width":273,"height":181,"url":"https:\/\/franciscanos.org.br\/noticias\/wp-content\/uploads\/2019\/11\/paz-273-1.jpg","type":"image\/jpeg"}],"author":"jovenal","twitter_card":"summary_large_image","twitter_misc":{"Escrito por":"jovenal","Est. tempo de leitura":"9 minutos"},"schema":{"@context":"https:\/\/schema.org","@graph":[{"@type":"WebSite","@id":"https:\/\/franciscanos.org.br\/noticias\/#website","url":"https:\/\/franciscanos.org.br\/noticias\/","name":"Not\u00edcias - Franciscanos","description":"Prov\u00edncia Franciscana da Imaculada Concei\u00e7\u00e3o do Brasil - Ordem dos Frades Menores - OFM","potentialAction":[{"@type":"SearchAction","target":{"@type":"EntryPoint","urlTemplate":"https:\/\/franciscanos.org.br\/noticias\/?s={search_term_string}"},"query-input":"required name=search_term_string"}],"inLanguage":"pt-BR"},{"@type":"ImageObject","inLanguage":"pt-BR","@id":"https:\/\/franciscanos.org.br\/noticias\/paz-e-cada-passo-entre-os-lancamentos-da-editora-vozes.html#primaryimage","url":"https:\/\/franciscanos.org.br\/noticias\/wp-content\/uploads\/2019\/11\/paz-273-1.jpg","contentUrl":"https:\/\/franciscanos.org.br\/noticias\/wp-content\/uploads\/2019\/11\/paz-273-1.jpg","width":273,"height":181},{"@type":"WebPage","@id":"https:\/\/franciscanos.org.br\/noticias\/paz-e-cada-passo-entre-os-lancamentos-da-editora-vozes.html#webpage","url":"https:\/\/franciscanos.org.br\/noticias\/paz-e-cada-passo-entre-os-lancamentos-da-editora-vozes.html","name":"\"Paz \u00e9 cada passo\" entre os lan\u00e7amentos da Editora Vozes - Not\u00edcias - Franciscanos","isPartOf":{"@id":"https:\/\/franciscanos.org.br\/noticias\/#website"},"primaryImageOfPage":{"@id":"https:\/\/franciscanos.org.br\/noticias\/paz-e-cada-passo-entre-os-lancamentos-da-editora-vozes.html#primaryimage"},"datePublished":"2019-11-08T12:50:40+00:00","dateModified":"2019-11-08T14:38:30+00:00","author":{"@id":"https:\/\/franciscanos.org.br\/noticias\/#\/schema\/person\/c3a26b08313dd1772495ce300ab257cc"},"breadcrumb":{"@id":"https:\/\/franciscanos.org.br\/noticias\/paz-e-cada-passo-entre-os-lancamentos-da-editora-vozes.html#breadcrumb"},"inLanguage":"pt-BR","potentialAction":[{"@type":"ReadAction","target":["https:\/\/franciscanos.org.br\/noticias\/paz-e-cada-passo-entre-os-lancamentos-da-editora-vozes.html"]}]},{"@type":"BreadcrumbList","@id":"https:\/\/franciscanos.org.br\/noticias\/paz-e-cada-passo-entre-os-lancamentos-da-editora-vozes.html#breadcrumb","itemListElement":[{"@type":"ListItem","position":1,"name":"Home","item":"https:\/\/franciscanos.org.br\/noticias"},{"@type":"ListItem","position":2,"name":"&#8220;Paz \u00e9 cada passo&#8221; entre os lan\u00e7amentos da Editora Vozes"}]},{"@type":"Person","@id":"https:\/\/franciscanos.org.br\/noticias\/#\/schema\/person\/c3a26b08313dd1772495ce300ab257cc","name":"jovenal","image":{"@type":"ImageObject","inLanguage":"pt-BR","@id":"https:\/\/franciscanos.org.br\/noticias\/#\/schema\/person\/image\/","url":"https:\/\/secure.gravatar.com\/avatar\/e94509f531086e2eaf97e72f29ea00f9?s=96&d=mm&r=g","contentUrl":"https:\/\/secure.gravatar.com\/avatar\/e94509f531086e2eaf97e72f29ea00f9?s=96&d=mm&r=g","caption":"jovenal"},"url":"https:\/\/franciscanos.org.br\/noticias\/author\/jovenal"}]}},"_links":{"self":[{"href":"https:\/\/franciscanos.org.br\/noticias\/wp-json\/wp\/v2\/posts\/213775"}],"collection":[{"href":"https:\/\/franciscanos.org.br\/noticias\/wp-json\/wp\/v2\/posts"}],"about":[{"href":"https:\/\/franciscanos.org.br\/noticias\/wp-json\/wp\/v2\/types\/post"}],"author":[{"embeddable":true,"href":"https:\/\/franciscanos.org.br\/noticias\/wp-json\/wp\/v2\/users\/7"}],"replies":[{"embeddable":true,"href":"https:\/\/franciscanos.org.br\/noticias\/wp-json\/wp\/v2\/comments?post=213775"}],"version-history":[{"count":0,"href":"https:\/\/franciscanos.org.br\/noticias\/wp-json\/wp\/v2\/posts\/213775\/revisions"}],"wp:featuredmedia":[{"embeddable":true,"href":"https:\/\/franciscanos.org.br\/noticias\/wp-json\/wp\/v2\/media\/213800"}],"wp:attachment":[{"href":"https:\/\/franciscanos.org.br\/noticias\/wp-json\/wp\/v2\/media?parent=213775"}],"wp:term":[{"taxonomy":"category","embeddable":true,"href":"https:\/\/franciscanos.org.br\/noticias\/wp-json\/wp\/v2\/categories?post=213775"},{"taxonomy":"post_tag","embeddable":true,"href":"https:\/\/franciscanos.org.br\/noticias\/wp-json\/wp\/v2\/tags?post=213775"}],"curies":[{"name":"wp","href":"https:\/\/api.w.org\/{rel}","templated":true}]}}