{"id":213764,"date":"2019-11-07T08:31:00","date_gmt":"2019-11-07T11:31:00","guid":{"rendered":"https:\/\/franciscanos.org.br\/noticias\/?p=213764"},"modified":"2020-02-11T09:58:32","modified_gmt":"2020-02-11T12:58:32","slug":"a-devocao-a-frei-galvao-chega-a-angola","status":"publish","type":"post","link":"https:\/\/franciscanos.org.br\/noticias\/a-devocao-a-frei-galvao-chega-a-angola.html","title":{"rendered":"A devo\u00e7\u00e3o a Frei Galv\u00e3o em Angola"},"content":{"rendered":"<p><img loading=\"lazy\" class=\"alignnone size-full wp-image-213765\" src=\"https:\/\/franciscanos.org.br\/noticias\/wp-content\/uploads\/2019\/11\/angola_0711_1.jpg\" alt=\"\" width=\"890\" height=\"580\" srcset=\"https:\/\/franciscanos.org.br\/noticias\/wp-content\/uploads\/2019\/11\/angola_0711_1.jpg 890w, https:\/\/franciscanos.org.br\/noticias\/wp-content\/uploads\/2019\/11\/angola_0711_1-450x293.jpg 450w, https:\/\/franciscanos.org.br\/noticias\/wp-content\/uploads\/2019\/11\/angola_0711_1-768x500.jpg 768w, https:\/\/franciscanos.org.br\/noticias\/wp-content\/uploads\/2019\/11\/angola_0711_1-150x98.jpg 150w\" sizes=\"(max-width: 890px) 100vw, 890px\" \/><\/p>\n<p><strong>Luanda (Angola) &#8211;<\/strong> Angola \u00e9 o primeiro pa\u00eds africano a ter a devo\u00e7\u00e3o a Santo Ant\u00f4nio de Sant&#8217;Ana Galv\u00e3o, o primeiro santo brasileiro, que \u00e9 celebrado liturgicamente no dia 25 de outubro. A chegada da imagem na Miss\u00e3o de Angola, durante as festividades deste ano, foi um momento de muita devo\u00e7\u00e3o e f\u00e9. Frei Jo\u00e3o Alberto Bunga, frade angolano que fez o Noviciado e os estudos de Teologia no Brasil e hoje \u00e9 o reitor do Santu\u00e1rio Kimbo S\u00e3o Francisco, presidiu a celebra\u00e7\u00e3o e contou aos fi\u00e9is, que acorreram em grande aflu\u00eancia para acolher a imagem, os diversos milagres que o santo homem de Deus alcan\u00e7ou ainda em vida e depois da morte.<\/p>\n<p>Frei Bunga conheceu a devo\u00e7\u00e3o a Frei Galv\u00e3o mais de perto quando ainda era estudante e fez est\u00e1gio no Postulantado Frei Galv\u00e3o, que fica na terra natal do Santo, a cidade de Guaratinguet\u00e1. Ali, em contato com os romeiros que v\u00eam de todo o pa\u00eds, ouviu os relatos de gra\u00e7as alcan\u00e7adas. &#8220;Foi uma partilha de vida. A gente percebia no rosto das pessoas a esperan\u00e7a, principalmente das mulheres que n\u00e3o conseguiam engravidar&#8221;, disse. Muitas mulheres com dificuldades de conceber estavam na celebra\u00e7\u00e3o do Kimbo e buscaram com grande f\u00e9 e devo\u00e7\u00e3o pelas famosas p\u00edlulas de Frei Galv\u00e3o. Segundo Frei Bunga, a Funda\u00e7\u00e3o Imaculada M\u00e3e de Deus aguarda a chegada das p\u00edlulas do Brasil.<\/p>\n<p><img loading=\"lazy\" class=\"alignnone wp-image-213766 size-full\" src=\"https:\/\/franciscanos.org.br\/noticias\/wp-content\/uploads\/2019\/11\/angola_0711.jpg\" alt=\"\" width=\"890\" height=\"573\" srcset=\"https:\/\/franciscanos.org.br\/noticias\/wp-content\/uploads\/2019\/11\/angola_0711.jpg 890w, https:\/\/franciscanos.org.br\/noticias\/wp-content\/uploads\/2019\/11\/angola_0711-450x290.jpg 450w, https:\/\/franciscanos.org.br\/noticias\/wp-content\/uploads\/2019\/11\/angola_0711-768x494.jpg 768w, https:\/\/franciscanos.org.br\/noticias\/wp-content\/uploads\/2019\/11\/angola_0711-150x97.jpg 150w\" sizes=\"(max-width: 890px) 100vw, 890px\" \/><\/p>\n<p>Frei Bunga partilhou com o povo a sua &#8220;aventura&#8221; para levar a imagem. &#8220;No aeroporto de S\u00e3o Paulo, a senhora que fazia o despacho n\u00e3o queria embarcar a imagem porque tinha receio de quebrar. Dizia que nem todos t\u00eam o cuidado com o objeto despachado. Insisti que despachasse e que a imagem chegaria inteira. Quando cheguei no aeroporto de Luanda, vendo as malas que, \u00e0s vezes, ca\u00edam da esteira, pensei no pior. Mas, para minha surpresa e tranquilidade, a imagem chegou carregada, com todo o cuidado, por dois funcion\u00e1rios. Na mala que n\u00e3o despachei, trouxe tamb\u00e9m a imagem de Santa Dulce dos Pobres&#8221;, contou o frade.<\/p>\n<p>Na Funda\u00e7\u00e3o Imaculada M\u00e3e de Deus de Angola \u00e9 grande a expectativa dos frades que moram no convento S\u00e3o Francisco de Assis, no bairro de Palanca, pela difus\u00e3o da devo\u00e7\u00e3o ao nosso Santo confrade brasileiro. Ao final da celebra\u00e7\u00e3o, os muitos fi\u00e9is puderam tocar na imagem, e com grande f\u00e9 j\u00e1 faziam seus pedidos. Em nenhuma outra parte de \u00c1frica tem-se est\u00e1 devo\u00e7\u00e3o a S\u00e3o Frei Galv\u00e3o. Tudo est\u00e1 se iniciando aqui no kimbo S\u00e3o Francisco, e, com a gra\u00e7a de Deus, esperamos que ele alcance abundantes b\u00ean\u00e7\u00e3os do Senhor para o povo angolano.<\/p>\n<p><strong>Frei Jonas Ribeiro da Silva<\/strong><\/p>\n<p><img loading=\"lazy\" class=\"alignnone wp-image-213767 size-full\" src=\"https:\/\/franciscanos.org.br\/noticias\/wp-content\/uploads\/2019\/11\/angola_0711_2.jpg\" alt=\"\" width=\"890\" height=\"426\" srcset=\"https:\/\/franciscanos.org.br\/noticias\/wp-content\/uploads\/2019\/11\/angola_0711_2.jpg 890w, https:\/\/franciscanos.org.br\/noticias\/wp-content\/uploads\/2019\/11\/angola_0711_2-450x215.jpg 450w, https:\/\/franciscanos.org.br\/noticias\/wp-content\/uploads\/2019\/11\/angola_0711_2-768x368.jpg 768w, https:\/\/franciscanos.org.br\/noticias\/wp-content\/uploads\/2019\/11\/angola_0711_2-150x72.jpg 150w\" sizes=\"(max-width: 890px) 100vw, 890px\" \/><\/p>\n","protected":false},"excerpt":{"rendered":"<p>Miss\u00e3o em Angola<\/p>\n","protected":false},"author":3,"featured_media":218975,"comment_status":"open","ping_status":"open","sticky":false,"template":"","format":"standard","meta":[],"categories":[1],"tags":[313],"acf":[],"yoast_head":"<!-- This site is optimized with the Yoast SEO plugin v19.2 - https:\/\/yoast.com\/wordpress\/plugins\/seo\/ -->\n<title>A devo\u00e7\u00e3o a Frei Galv\u00e3o em Angola - Not\u00edcias - Franciscanos<\/title>\n<meta name=\"robots\" content=\"index, follow, max-snippet:-1, max-image-preview:large, max-video-preview:-1\" \/>\n<link rel=\"canonical\" href=\"https:\/\/franciscanos.org.br\/noticias\/a-devocao-a-frei-galvao-chega-a-angola.html\" \/>\n<meta property=\"og:locale\" content=\"pt_BR\" \/>\n<meta property=\"og:type\" content=\"article\" \/>\n<meta property=\"og:title\" content=\"A devo\u00e7\u00e3o a Frei Galv\u00e3o em Angola - Not\u00edcias - Franciscanos\" \/>\n<meta property=\"og:description\" content=\"Miss\u00e3o em Angola\" \/>\n<meta property=\"og:url\" content=\"https:\/\/franciscanos.org.br\/noticias\/a-devocao-a-frei-galvao-chega-a-angola.html\" \/>\n<meta property=\"og:site_name\" content=\"Not\u00edcias - Franciscanos\" \/>\n<meta property=\"article:published_time\" content=\"2019-11-07T11:31:00+00:00\" \/>\n<meta property=\"article:modified_time\" content=\"2020-02-11T12:58:32+00:00\" \/>\n<meta property=\"og:image\" content=\"https:\/\/franciscanos.org.br\/noticias\/wp-content\/uploads\/2019\/11\/angola_0711_1-1.jpg\" \/>\n\t<meta property=\"og:image:width\" content=\"273\" \/>\n\t<meta property=\"og:image:height\" content=\"181\" \/>\n\t<meta property=\"og:image:type\" content=\"image\/jpeg\" \/>\n<meta name=\"author\" content=\"moacir\" \/>\n<meta name=\"twitter:card\" content=\"summary_large_image\" \/>\n<meta name=\"twitter:label1\" content=\"Escrito por\" \/>\n\t<meta name=\"twitter:data1\" content=\"moacir\" \/>\n\t<meta name=\"twitter:label2\" content=\"Est. tempo de leitura\" \/>\n\t<meta name=\"twitter:data2\" content=\"2 minutos\" \/>\n<script type=\"application\/ld+json\" class=\"yoast-schema-graph\">{\"@context\":\"https:\/\/schema.org\",\"@graph\":[{\"@type\":\"WebSite\",\"@id\":\"https:\/\/franciscanos.org.br\/noticias\/#website\",\"url\":\"https:\/\/franciscanos.org.br\/noticias\/\",\"name\":\"Not\u00edcias - Franciscanos\",\"description\":\"Prov\u00edncia Franciscana da Imaculada Concei\u00e7\u00e3o do Brasil - Ordem dos Frades Menores - OFM\",\"potentialAction\":[{\"@type\":\"SearchAction\",\"target\":{\"@type\":\"EntryPoint\",\"urlTemplate\":\"https:\/\/franciscanos.org.br\/noticias\/?s={search_term_string}\"},\"query-input\":\"required name=search_term_string\"}],\"inLanguage\":\"pt-BR\"},{\"@type\":\"ImageObject\",\"inLanguage\":\"pt-BR\",\"@id\":\"https:\/\/franciscanos.org.br\/noticias\/a-devocao-a-frei-galvao-chega-a-angola.html#primaryimage\",\"url\":\"https:\/\/franciscanos.org.br\/noticias\/wp-content\/uploads\/2019\/11\/angola_0711_1-1.jpg\",\"contentUrl\":\"https:\/\/franciscanos.org.br\/noticias\/wp-content\/uploads\/2019\/11\/angola_0711_1-1.jpg\",\"width\":273,\"height\":181},{\"@type\":\"WebPage\",\"@id\":\"https:\/\/franciscanos.org.br\/noticias\/a-devocao-a-frei-galvao-chega-a-angola.html#webpage\",\"url\":\"https:\/\/franciscanos.org.br\/noticias\/a-devocao-a-frei-galvao-chega-a-angola.html\",\"name\":\"A devo\u00e7\u00e3o a Frei Galv\u00e3o em Angola - Not\u00edcias - Franciscanos\",\"isPartOf\":{\"@id\":\"https:\/\/franciscanos.org.br\/noticias\/#website\"},\"primaryImageOfPage\":{\"@id\":\"https:\/\/franciscanos.org.br\/noticias\/a-devocao-a-frei-galvao-chega-a-angola.html#primaryimage\"},\"datePublished\":\"2019-11-07T11:31:00+00:00\",\"dateModified\":\"2020-02-11T12:58:32+00:00\",\"author\":{\"@id\":\"https:\/\/franciscanos.org.br\/noticias\/#\/schema\/person\/b5c8cba458c330ccff548b056e95a5d4\"},\"breadcrumb\":{\"@id\":\"https:\/\/franciscanos.org.br\/noticias\/a-devocao-a-frei-galvao-chega-a-angola.html#breadcrumb\"},\"inLanguage\":\"pt-BR\",\"potentialAction\":[{\"@type\":\"ReadAction\",\"target\":[\"https:\/\/franciscanos.org.br\/noticias\/a-devocao-a-frei-galvao-chega-a-angola.html\"]}]},{\"@type\":\"BreadcrumbList\",\"@id\":\"https:\/\/franciscanos.org.br\/noticias\/a-devocao-a-frei-galvao-chega-a-angola.html#breadcrumb\",\"itemListElement\":[{\"@type\":\"ListItem\",\"position\":1,\"name\":\"Home\",\"item\":\"https:\/\/franciscanos.org.br\/noticias\"},{\"@type\":\"ListItem\",\"position\":2,\"name\":\"A devo\u00e7\u00e3o a Frei Galv\u00e3o em Angola\"}]},{\"@type\":\"Person\",\"@id\":\"https:\/\/franciscanos.org.br\/noticias\/#\/schema\/person\/b5c8cba458c330ccff548b056e95a5d4\",\"name\":\"moacir\",\"image\":{\"@type\":\"ImageObject\",\"inLanguage\":\"pt-BR\",\"@id\":\"https:\/\/franciscanos.org.br\/noticias\/#\/schema\/person\/image\/\",\"url\":\"https:\/\/secure.gravatar.com\/avatar\/d08aa2ce4c8dd416d4479aa8536fcf64?s=96&d=mm&r=g\",\"contentUrl\":\"https:\/\/secure.gravatar.com\/avatar\/d08aa2ce4c8dd416d4479aa8536fcf64?s=96&d=mm&r=g\",\"caption\":\"moacir\"},\"url\":\"https:\/\/franciscanos.org.br\/noticias\/author\/moacir\"}]}<\/script>\n<!-- \/ Yoast SEO plugin. -->","yoast_head_json":{"title":"A devo\u00e7\u00e3o a Frei Galv\u00e3o em Angola - Not\u00edcias - Franciscanos","robots":{"index":"index","follow":"follow","max-snippet":"max-snippet:-1","max-image-preview":"max-image-preview:large","max-video-preview":"max-video-preview:-1"},"canonical":"https:\/\/franciscanos.org.br\/noticias\/a-devocao-a-frei-galvao-chega-a-angola.html","og_locale":"pt_BR","og_type":"article","og_title":"A devo\u00e7\u00e3o a Frei Galv\u00e3o em Angola - Not\u00edcias - Franciscanos","og_description":"Miss\u00e3o em Angola","og_url":"https:\/\/franciscanos.org.br\/noticias\/a-devocao-a-frei-galvao-chega-a-angola.html","og_site_name":"Not\u00edcias - Franciscanos","article_published_time":"2019-11-07T11:31:00+00:00","article_modified_time":"2020-02-11T12:58:32+00:00","og_image":[{"width":273,"height":181,"url":"https:\/\/franciscanos.org.br\/noticias\/wp-content\/uploads\/2019\/11\/angola_0711_1-1.jpg","type":"image\/jpeg"}],"author":"moacir","twitter_card":"summary_large_image","twitter_misc":{"Escrito por":"moacir","Est. tempo de leitura":"2 minutos"},"schema":{"@context":"https:\/\/schema.org","@graph":[{"@type":"WebSite","@id":"https:\/\/franciscanos.org.br\/noticias\/#website","url":"https:\/\/franciscanos.org.br\/noticias\/","name":"Not\u00edcias - Franciscanos","description":"Prov\u00edncia Franciscana da Imaculada Concei\u00e7\u00e3o do Brasil - Ordem dos Frades Menores - OFM","potentialAction":[{"@type":"SearchAction","target":{"@type":"EntryPoint","urlTemplate":"https:\/\/franciscanos.org.br\/noticias\/?s={search_term_string}"},"query-input":"required name=search_term_string"}],"inLanguage":"pt-BR"},{"@type":"ImageObject","inLanguage":"pt-BR","@id":"https:\/\/franciscanos.org.br\/noticias\/a-devocao-a-frei-galvao-chega-a-angola.html#primaryimage","url":"https:\/\/franciscanos.org.br\/noticias\/wp-content\/uploads\/2019\/11\/angola_0711_1-1.jpg","contentUrl":"https:\/\/franciscanos.org.br\/noticias\/wp-content\/uploads\/2019\/11\/angola_0711_1-1.jpg","width":273,"height":181},{"@type":"WebPage","@id":"https:\/\/franciscanos.org.br\/noticias\/a-devocao-a-frei-galvao-chega-a-angola.html#webpage","url":"https:\/\/franciscanos.org.br\/noticias\/a-devocao-a-frei-galvao-chega-a-angola.html","name":"A devo\u00e7\u00e3o a Frei Galv\u00e3o em Angola - Not\u00edcias - Franciscanos","isPartOf":{"@id":"https:\/\/franciscanos.org.br\/noticias\/#website"},"primaryImageOfPage":{"@id":"https:\/\/franciscanos.org.br\/noticias\/a-devocao-a-frei-galvao-chega-a-angola.html#primaryimage"},"datePublished":"2019-11-07T11:31:00+00:00","dateModified":"2020-02-11T12:58:32+00:00","author":{"@id":"https:\/\/franciscanos.org.br\/noticias\/#\/schema\/person\/b5c8cba458c330ccff548b056e95a5d4"},"breadcrumb":{"@id":"https:\/\/franciscanos.org.br\/noticias\/a-devocao-a-frei-galvao-chega-a-angola.html#breadcrumb"},"inLanguage":"pt-BR","potentialAction":[{"@type":"ReadAction","target":["https:\/\/franciscanos.org.br\/noticias\/a-devocao-a-frei-galvao-chega-a-angola.html"]}]},{"@type":"BreadcrumbList","@id":"https:\/\/franciscanos.org.br\/noticias\/a-devocao-a-frei-galvao-chega-a-angola.html#breadcrumb","itemListElement":[{"@type":"ListItem","position":1,"name":"Home","item":"https:\/\/franciscanos.org.br\/noticias"},{"@type":"ListItem","position":2,"name":"A devo\u00e7\u00e3o a Frei Galv\u00e3o em Angola"}]},{"@type":"Person","@id":"https:\/\/franciscanos.org.br\/noticias\/#\/schema\/person\/b5c8cba458c330ccff548b056e95a5d4","name":"moacir","image":{"@type":"ImageObject","inLanguage":"pt-BR","@id":"https:\/\/franciscanos.org.br\/noticias\/#\/schema\/person\/image\/","url":"https:\/\/secure.gravatar.com\/avatar\/d08aa2ce4c8dd416d4479aa8536fcf64?s=96&d=mm&r=g","contentUrl":"https:\/\/secure.gravatar.com\/avatar\/d08aa2ce4c8dd416d4479aa8536fcf64?s=96&d=mm&r=g","caption":"moacir"},"url":"https:\/\/franciscanos.org.br\/noticias\/author\/moacir"}]}},"_links":{"self":[{"href":"https:\/\/franciscanos.org.br\/noticias\/wp-json\/wp\/v2\/posts\/213764"}],"collection":[{"href":"https:\/\/franciscanos.org.br\/noticias\/wp-json\/wp\/v2\/posts"}],"about":[{"href":"https:\/\/franciscanos.org.br\/noticias\/wp-json\/wp\/v2\/types\/post"}],"author":[{"embeddable":true,"href":"https:\/\/franciscanos.org.br\/noticias\/wp-json\/wp\/v2\/users\/3"}],"replies":[{"embeddable":true,"href":"https:\/\/franciscanos.org.br\/noticias\/wp-json\/wp\/v2\/comments?post=213764"}],"version-history":[{"count":0,"href":"https:\/\/franciscanos.org.br\/noticias\/wp-json\/wp\/v2\/posts\/213764\/revisions"}],"wp:featuredmedia":[{"embeddable":true,"href":"https:\/\/franciscanos.org.br\/noticias\/wp-json\/wp\/v2\/media\/218975"}],"wp:attachment":[{"href":"https:\/\/franciscanos.org.br\/noticias\/wp-json\/wp\/v2\/media?parent=213764"}],"wp:term":[{"taxonomy":"category","embeddable":true,"href":"https:\/\/franciscanos.org.br\/noticias\/wp-json\/wp\/v2\/categories?post=213764"},{"taxonomy":"post_tag","embeddable":true,"href":"https:\/\/franciscanos.org.br\/noticias\/wp-json\/wp\/v2\/tags?post=213764"}],"curies":[{"name":"wp","href":"https:\/\/api.w.org\/{rel}","templated":true}]}}