{"id":21370,"date":"2007-06-30T10:44:26","date_gmt":"2007-06-30T13:44:26","guid":{"rendered":"http:\/\/new.franciscanos.org.br\/?p=21370"},"modified":"2019-02-01T14:18:46","modified_gmt":"2019-02-01T16:18:46","slug":"profissao-solene-de-frei-afonso","status":"publish","type":"post","link":"https:\/\/franciscanos.org.br\/noticias\/profissao-solene-de-frei-afonso.html","title":{"rendered":"Profiss\u00e3o Solene de Frei Afonso em Angola"},"content":{"rendered":"<p>&nbsp;<\/p>\n<h5><img loading=\"lazy\" class=\"alignnone size-full wp-image-199225\" src=\"https:\/\/franciscanos.org.br\/noticias\/wp-content\/uploads\/2007\/06\/afonso.jpg\" alt=\"\" width=\"890\" height=\"544\" srcset=\"https:\/\/franciscanos.org.br\/noticias\/wp-content\/uploads\/2007\/06\/afonso.jpg 890w, https:\/\/franciscanos.org.br\/noticias\/wp-content\/uploads\/2007\/06\/afonso-450x275.jpg 450w, https:\/\/franciscanos.org.br\/noticias\/wp-content\/uploads\/2007\/06\/afonso-768x469.jpg 768w, https:\/\/franciscanos.org.br\/noticias\/wp-content\/uploads\/2007\/06\/afonso-150x92.jpg 150w\" sizes=\"(max-width: 890px) 100vw, 890px\" \/><\/h5>\n<p><strong>Frei Laerte de Farias dos Santos, ofm.<\/strong><\/p>\n<p>H\u00e1 dezessete anos, os primeiros mission\u00e1rios franciscanos chegaram a Angola vindos do Brasil com a miss\u00e3o de implantar a Ordem Franciscana (<em>Implantatio Ordinis<\/em>) e colaborar com a Igreja em Angola, especialmente onde a Ordem n\u00e3o se fizesse presente. Um dos aspectos mais vis\u00edveis do sucesso desta miss\u00e3o foi o feliz dia da primeira Profiss\u00e3o Solene de um confrade angolano.<\/p>\n<p>Foram anos dif\u00edceis e de muita luta. A guerra dificultava a a\u00e7\u00e3o pastoral e a forma\u00e7\u00e3o dos jovens que batiam \u00e0s nossas portas desejosos viver o ideal de vida de Francisco de Assis. Assim fez Frei Afonso Katchekele Quissongo. Da casa de seus pais, em Huambo, centro do pa\u00eds, em plena guerra procurou os frades em Malange. Acolhido por estes, iniciou sua forma\u00e7\u00e3o. Hoje, dia 30 de junho, com esta Profiss\u00e3o Solene, os sonhos se concretizaram: os dos frades mission\u00e1rios e o de Frei Afonso.<\/p>\n<p>No Mosteiro das filhas de Santa Clara, nossas vizinhas na luta e no lugar, reuniu-se a Igreja Angolana. Com exce\u00e7\u00e3o de Frei Alo\u00edsio, que ficou com os aspirantes em Malange, todos os confrades mission\u00e1rios estavam presentes na celebra\u00e7\u00e3o presidida pelo Ministro Provincial, Frei Augusto Koenig. A Fam\u00edlia Franciscana de Angola tamb\u00e9m se fez presente com diversas Congrega\u00e7\u00f5es Franciscanas Femininas e a OFS.<\/p>\n<p><img loading=\"lazy\" class=\"alignnone size-full wp-image-199227\" src=\"https:\/\/franciscanos.org.br\/noticias\/wp-content\/uploads\/2007\/06\/afonso_2.jpg\" alt=\"\" width=\"890\" height=\"423\" srcset=\"https:\/\/franciscanos.org.br\/noticias\/wp-content\/uploads\/2007\/06\/afonso_2.jpg 890w, https:\/\/franciscanos.org.br\/noticias\/wp-content\/uploads\/2007\/06\/afonso_2-450x214.jpg 450w, https:\/\/franciscanos.org.br\/noticias\/wp-content\/uploads\/2007\/06\/afonso_2-768x365.jpg 768w, https:\/\/franciscanos.org.br\/noticias\/wp-content\/uploads\/2007\/06\/afonso_2-150x71.jpg 150w\" sizes=\"(max-width: 890px) 100vw, 890px\" \/><\/p>\n<p><strong>Fam\u00edlia religiosa<\/strong><br \/>\nO jeito africano de celebrar a Eucaristia marcou esta festa: os cantos animados pelas clarissas e acompanhados com muitas palmas, dan\u00e7as e batuques; uma bel\u00edssima e longa\u00a0<em>t\u00e2mbula<\/em>\u00a0(oferta) onde as\u00a0<em>mam\u00e1s\u00a0<\/em>ofereceram os frutos da m\u00e3e terra e dos seus trabalhos: mandioca, ginguba (amendoim), batatas-doces, frutas, gasosas (refrigerantes)&#8230; e, como n\u00e3o podia faltar, um grande cabrito que seus familiares trouxeram de Huambo. \u201cRecebestes de gra\u00e7a, dai de gra\u00e7a!\u201d (Mt 10,9).<\/p>\n<p>Seus pais e irm\u00e3os vieram de Huambo, unindo-se aos familiares que moram nos arredores de Luanda. A nobreza e simplicidade de seus pais chamavam a aten\u00e7\u00e3o de todos os que com eles conversavam, conforme lembrou o Provincial. Pessoas simples e religiosas que n\u00e3o temeram em oferecer ao Senhor um de seus filhos.<\/p>\n<p>Na homilia, o Provincial chamou a aten\u00e7\u00e3o de todos para o significado dos votos que Frei Afonso iria prometer viver. Comentou e explicou cada um deles chamando a aten\u00e7\u00e3o para o que se tem demonstrado o mais desafiante: <strong>o voto de obedi\u00eancia<\/strong>.<\/p>\n<p><strong><img loading=\"lazy\" class=\"alignleft size-full wp-image-199228\" src=\"https:\/\/franciscanos.org.br\/noticias\/wp-content\/uploads\/2007\/06\/afonso_3.jpg\" alt=\"\" width=\"631\" height=\"884\" srcset=\"https:\/\/franciscanos.org.br\/noticias\/wp-content\/uploads\/2007\/06\/afonso_3.jpg 631w, https:\/\/franciscanos.org.br\/noticias\/wp-content\/uploads\/2007\/06\/afonso_3-321x450.jpg 321w, https:\/\/franciscanos.org.br\/noticias\/wp-content\/uploads\/2007\/06\/afonso_3-150x210.jpg 150w\" sizes=\"(max-width: 631px) 100vw, 631px\" \/>\u201cEis-me aqui\u201d<\/strong><br \/>\nMomento de forte emo\u00e7\u00e3o se deu quando Frei Afonso foi chamado pelo nome e, ap\u00f3s a resposta \u201cEis-me aqui\u201d, veio do fundo da Igreja, tendo seus pais ao lado, cantando em Umbundo, sua l\u00edngua materna, a sua disponibilidade para o servi\u00e7o do Senhor. Outro instante \u00edmpar da celebra\u00e7\u00e3o foi quando, ap\u00f3s fazer a profiss\u00e3o\u00a0<em>nas m\u00e3os do Provincial<\/em>, elevou a Deus um hino de louvor tendo em suas m\u00e3os um pote com incenso e ao seu lado duas jovens que, com ele, faziam gestos de louvor enquanto as Clarissas entoavam um belo hino.<\/p>\n<p>Ap\u00f3s a celebra\u00e7\u00e3o, ainda nas depend\u00eancias do Mosteiro, serviu-se um bom coquetel preparado pelas Clarissas onde a maior parte do Povo de Deus presente pode se confraternizar. Os que puderam se dirigiram depois para Viana, onde em nossa Fraternidade estava sendo preparado um saboroso almo\u00e7o com pratos da culin\u00e1ria local. N\u00e3o faltaram os Fungis de Fuba (de milhos branco e amarelo), de Bomb\u00f4, Caruru, Caldeirada, Quisaka, Lombi, Muamba, e a famosa Ginguinga.<\/p>\n<p><strong>Generosidade e partilha\u00a0<\/strong><br \/>\nPara este almo\u00e7o tradicional a partilha e generosidade do Povo, das Congrega\u00e7\u00f5es de Irm\u00e3s e dos confrades foram importantes. O clima fraterno do almo\u00e7o p\u00f4de ser melhor sentido quando as crian\u00e7as de nossa vizinhan\u00e7a comiam: sentadas em torno de um \u00fanico prato, cada uma se servia do <em>Fungi<\/em> ali colocado, sem a ambi\u00e7\u00e3o de uma comer mais do que as outras.<\/p>\n<p>Deus seja louvado por este dia feliz! Deus seja louvado por nos ter dado mais este irm\u00e3o, Frei Afonso! Deus seja louvado pelo trabalho de todos os irm\u00e3os que nestas terras j\u00e1 foram mission\u00e1rios! Deus seja louvado pelos irm\u00e3os que rezam por n\u00f3s e com suas ora\u00e7\u00f5es nos sustentam! Deus seja louvado pelos benfeitores que com sua ajuda material torna poss\u00edvel a miss\u00e3o! Deus seja louvado pela vida doada de Frei Lot\u00e1rio, que junto do Senhor, com Frei Galv\u00e3o, intercede por n\u00f3s!<\/p>\n<p>Terminada as festividades, ressoa forte a fala de Nosso Pai S\u00e3o Francisco e que foi o tema desta Profiss\u00e3o: \u201cVamos come\u00e7ar a servir a Deus, meus irm\u00e3os, pois at\u00e9 agora fizemos pouco ou nada\u201d. Deus seja a nossa for\u00e7a!<\/p>\n<p><em>Paz e Bem!<\/em><\/p>\n<hr \/>\n<p><strong>CARTA DE FREI AFONSO<\/strong><\/p>\n<p><em><strong>&#8220;<\/strong><\/em>Um dia senti a voz do senhor chamando para que O seguisse; e eu, a exemplo de Abra\u00e3o nosso pai na f\u00e9, n\u00e3o questionei por qu\u00ea? Nem para qu\u00ea? N\u00e3o olhei para tr\u00e1s, nem pensei em despedir-me da minha fam\u00edlia. Como peregrino que caminha sem saber o destino, como ser\u00e1 recebido e sem sentir medo de p\u00f4r em risco a minha vida e a dos meus familiares, pus-me a caminho em direc\u00e7\u00e3o \u00e0 regi\u00e3o onde estavam os Frades, sem ter-lhes visto antes nem saber ao menos qual era o seu\u00a0<em>modus vivendi<\/em>. Por\u00e9m, chegando a sua porta depois de algumas semanas de viagem ao seu encontro, na minoridade e simplicidade franciscana, fui recebido pelos Pobres Frades, na pessoa de\u00a0<strong>Fr. Valdir Nunes Ribeiro<\/strong>\u00a0que de m\u00e3os abertas e cora\u00e7\u00e3o generoso me acolheu sem retic\u00eancias; tamb\u00e9m Deus permitiu que \u00a0neste momento maravilhoso ele esteja connosco, tendo chegado recentemente do Brasil. Tempos depois, encaminhou-me \u00e0 responsabilidade de outro Frade;\u00a0<strong>Fr. Samuel Ferreira de Lima<\/strong>\u00a0que me acompanhou durante os meus estudos proped\u00eauticos no Semin\u00e1rio Maior, S. Jos\u00e9, de Malange. Por motivo de outras responsabilidades, n\u00e3o p\u00f4de ficar connosco at\u00e9 a este momento. Para eles e tantos outros Frades que estiveram presentes naquela altura, dirijo os meus agradecimentos.\u00a0<strong>Hoje celebramos o fim de uma hist\u00f3ria e o come\u00e7o de outra, nova hist\u00f3ria!<\/strong>Foi uma longa traject\u00f3ria, com in\u00fameros acontecimentos: Crises, Dificuldades, Tristezas, Medo, Des\u00e2nimo, Questionamento\u2026 n\u00e3o se fizeram ausentes; mas, a coragem, a alegria e a for\u00e7a de vencer com o suporte em Deus misericordioso e todo poderoso, tornaram-se cada vez mais pujantes e me conduziram ao momento que tanto busquei com grande afinco. Hoje, o que parecia estar t\u00e3o longe, imposs\u00edvel e um sonho, faz-se presente deixou de ser uma possibilidade; da potencialidade passou ao acto e do sonho, uma realidade!Sozinho neste acto, neste lugar, nesta posi\u00e7\u00e3o estou; mas, sozinho n\u00e3o trilhei esta senda e talvez se assim fosse n\u00e3o chegaria at\u00e9 aqui. Muitos estiveram \u00e0 frente e me estenderam as m\u00e3os para que eu n\u00e3o ca\u00edsse; outros caminhamos juntos e tiveram que tomar outros rumos na vida. Portanto, n\u00e3o faltou neles em momento algum, a confian\u00e7a na minha pessoa; e, repito aqui aquilo que eles diziam antes e depois de nos separarmos: \u201cAfonso, voc\u00ea pode&#8230; voc\u00ea \u00e9 capaz, voc\u00ea merece e n\u00f3s temos confian\u00e7a de que v\u00e1s at\u00e9 aonde o Senhor te quer!\u201d<\/p>\n<p>E eu digo, a estes Irm\u00e3os, alguns presentes outros ausentes por causa de dist\u00e2ncias geogr\u00e1ficas: n\u00e3o vos quero ser ingrato, esta vossa afirma\u00e7\u00e3o e as vossas qualifica\u00e7\u00f5es \u00e0 minha pessoa foram uma for\u00e7a impulsionadora muito grande e aumentou a minha autoconfian\u00e7a e esperan\u00e7a.<\/p>\n<p><img loading=\"lazy\" class=\"alignright size-full wp-image-199231\" src=\"https:\/\/franciscanos.org.br\/noticias\/wp-content\/uploads\/2007\/06\/afonso_7.jpg\" alt=\"\" width=\"532\" height=\"669\" srcset=\"https:\/\/franciscanos.org.br\/noticias\/wp-content\/uploads\/2007\/06\/afonso_7.jpg 532w, https:\/\/franciscanos.org.br\/noticias\/wp-content\/uploads\/2007\/06\/afonso_7-358x450.jpg 358w, https:\/\/franciscanos.org.br\/noticias\/wp-content\/uploads\/2007\/06\/afonso_7-150x189.jpg 150w\" sizes=\"(max-width: 532px) 100vw, 532px\" \/>Dizia eu, no come\u00e7o: e, permitam-me repetir a esta afirma\u00e7\u00e3o:\u00a0<em>Este \u00e9 o fim de<\/em>\u00a0<em>uma hist\u00f3ria e o come\u00e7o de uma nova hist\u00f3ria<\/em>. Digo isto porqu\u00ea? No outro linguajar propriamente na express\u00e3o do Ser\u00e1fico Pai, S. Francisco de Assis no seu Testamento Exorta: \u00abIrm\u00e3os comecemos, porque at\u00e9 agora pouco ou nada fizemos!\u00bb Na verdade a vida religiosa e Franciscana consiste certamente, numa busca constante e num come\u00e7ar a cada momento e em cada dia que passa; religando aquilo que desligamos pelas nossas imperfei\u00e7\u00f5es.<\/p>\n<p>\u00c9 o come\u00e7o de uma nova hist\u00f3ria porque n\u00e3o devo cruzar os bra\u00e7os por este facto, por esta gra\u00e7a, mas tenho que lan\u00e7ar-me na peleja com a maior responsabilidade, firmeza e fidelidade, para que o dono da Messe n\u00e3o se arrependa pelo trabalhador que escolheu; e que n\u00e3o se desanimem aqueles que deram o seu tudo para que essa obra se realizasse!<\/p>\n<p>Meus irm\u00e3os e minhas irm\u00e3s que estais aqui presentes e se projectam para vida Franciscana, n\u00e3o olhem \u00e0 tr\u00e1s, n\u00e3o se deixem vencer pelas vicissitudes com as quais se deparam no mundo e na caminhada; pois, \u00e9 a\u00ed onde est\u00e1 a perfeita alegria, conforme afirma S. Francisco. N\u00e3o vos esque\u00e7ais que o futuro da Ordem, a n\u00f3s pertence! Se hoje estou aqui convosco, neste dia maravilhoso e de alegria, \u00e9 porque, olhei as dificuldades como li\u00e7\u00f5es que me ensinam a caminhar melhor.<\/p>\n<p><em>\u00abA confirma\u00e7\u00e3o da voca\u00e7\u00e3o religiosa s\u00f3 se d\u00e1 a medida que o candidato se recolhe para meditar, com toda aten\u00e7\u00e3o e dilig\u00eancia ao impulso inicial. O itiner\u00e1rio religioso enfrenta um dos desafios e uma das dificuldades mais s\u00e9rias e perigosas. Com facilidade, pode-se confundir ou desviar-se do sinal origin\u00e1rio para seguir um ideal pr\u00f3prio e subjectivo\u00bb. LTC (122-123).<\/em>\u00a0Desta feita, aceitem com generosidade: Excelent\u00edssimo Provincial que com cora\u00e7\u00e3o de Pai da grande fam\u00edlia me recebestes como filho vosso.<\/p>\n<p>Estimado\u00a0<strong>Fr. \u00c2ngelo,<\/strong>\u00a0nosso Presidente; Inef\u00e1vel\u00a0<strong>Fr. Jos\u00e9 Ant\u00f3nio dos Santos<\/strong>\u00a0que desde o Postolantado e depois do noviciado, na sua paci\u00eancia e na bondade, se predisp\u00f4s levar avante essa obra. Ao\u00a0<strong>Fr. Alexandre<\/strong>\u00a0<strong>Magno\u00a0<\/strong>meu 1\u00ba mestre no p\u00f3s noviciado. Ao\u00a0<strong>Fr. Jos\u00e9 Urley e Fr. Laerte<\/strong>\u00a0que ainda pelejam na coroa\u00e7\u00e3o desta mesma obra, a v\u00f3s dirijo o meu muito obrigado. \u00c0s Irm\u00e3s Hospitaleiras que nos momentos de nossas preocupa\u00e7\u00f5es sempre estiveram junto e com uma preocupa\u00e7\u00e3o percept\u00edvel. \u00c0s Irm\u00e3s de S. Jos\u00e9 do Cluny na pessoa da\u00a0<strong>Ir. Ana Nalaso<\/strong>, aqui presente que foram o primeiro motor para esta grande viagem;\u00a0<strong>Irm\u00e3s Clarissas<\/strong>\u00a0que dia e noite n\u00e3o se cansaram de cantar, e dobrar o joelho para que esse dia chegasse. Queridos confrades Capuchinhos pelo alento e carinho pelo que fui acolhido na casa do vosso Noviciado na prepara\u00e7\u00e3o da minha profiss\u00e3o, em Lubango. Ao Padre Valente, grande pai que nos acolhe no seu territ\u00f3rio paroquial.\u00a0<strong>Meus Pais<\/strong>\u00a0que s\u00e3o a causa de tudo quanto eu sou; estimada fam\u00edlia toda que reside c\u00e1 em Luanda de modo especial\u00a0<strong>a fam\u00edlia Calupeteca<\/strong>\u00a0que sempre esteve e est\u00e1 ao meu lado at\u00e9 em momentos cr\u00edticos que tive de enfrentar, por toda a ajuda que me concede, aos meus amigos que em outrora partilhamos a vida e a todos v\u00f3s povo de Deus, o meu especial agradecimento e que o senhor vos recompense.<\/p>\n<p>Assim seja!&#8221;<\/p>\n","protected":false},"excerpt":{"rendered":"<p>Profiss\u00e3o solene de Frei Afonso Quissongo<\/p>\n","protected":false},"author":1,"featured_media":199229,"comment_status":"closed","ping_status":"closed","sticky":false,"template":"","format":"standard","meta":[],"categories":[1],"tags":[1335,418],"acf":[],"yoast_head":"<!-- This site is optimized with the Yoast SEO plugin v19.2 - https:\/\/yoast.com\/wordpress\/plugins\/seo\/ -->\n<title>Profiss\u00e3o Solene de Frei Afonso em Angola - Not\u00edcias - Franciscanos<\/title>\n<meta name=\"robots\" content=\"index, follow, max-snippet:-1, max-image-preview:large, max-video-preview:-1\" \/>\n<link rel=\"canonical\" href=\"https:\/\/franciscanos.org.br\/noticias\/profissao-solene-de-frei-afonso.html\" \/>\n<meta property=\"og:locale\" content=\"pt_BR\" \/>\n<meta property=\"og:type\" content=\"article\" \/>\n<meta property=\"og:title\" content=\"Profiss\u00e3o Solene de Frei Afonso em Angola - Not\u00edcias - Franciscanos\" \/>\n<meta property=\"og:description\" content=\"Profiss\u00e3o solene de Frei Afonso Quissongo\" \/>\n<meta property=\"og:url\" content=\"https:\/\/franciscanos.org.br\/noticias\/profissao-solene-de-frei-afonso.html\" \/>\n<meta property=\"og:site_name\" content=\"Not\u00edcias - Franciscanos\" \/>\n<meta property=\"article:published_time\" content=\"2007-06-30T13:44:26+00:00\" \/>\n<meta property=\"article:modified_time\" content=\"2019-02-01T16:18:46+00:00\" \/>\n<meta property=\"og:image\" content=\"https:\/\/franciscanos.org.br\/noticias\/wp-content\/uploads\/2007\/06\/afonso_d.jpg\" \/>\n\t<meta property=\"og:image:width\" content=\"273\" \/>\n\t<meta property=\"og:image:height\" content=\"181\" \/>\n\t<meta property=\"og:image:type\" content=\"image\/jpeg\" \/>\n<meta name=\"author\" content=\"admin\" \/>\n<meta name=\"twitter:card\" content=\"summary_large_image\" \/>\n<meta name=\"twitter:label1\" content=\"Escrito por\" \/>\n\t<meta name=\"twitter:data1\" content=\"admin\" \/>\n\t<meta name=\"twitter:label2\" content=\"Est. tempo de leitura\" \/>\n\t<meta name=\"twitter:data2\" content=\"9 minutos\" \/>\n<script type=\"application\/ld+json\" class=\"yoast-schema-graph\">{\"@context\":\"https:\/\/schema.org\",\"@graph\":[{\"@type\":\"WebSite\",\"@id\":\"https:\/\/franciscanos.org.br\/noticias\/#website\",\"url\":\"https:\/\/franciscanos.org.br\/noticias\/\",\"name\":\"Not\u00edcias - Franciscanos\",\"description\":\"Prov\u00edncia Franciscana da Imaculada Concei\u00e7\u00e3o do Brasil - Ordem dos Frades Menores - OFM\",\"potentialAction\":[{\"@type\":\"SearchAction\",\"target\":{\"@type\":\"EntryPoint\",\"urlTemplate\":\"https:\/\/franciscanos.org.br\/noticias\/?s={search_term_string}\"},\"query-input\":\"required name=search_term_string\"}],\"inLanguage\":\"pt-BR\"},{\"@type\":\"ImageObject\",\"inLanguage\":\"pt-BR\",\"@id\":\"https:\/\/franciscanos.org.br\/noticias\/profissao-solene-de-frei-afonso.html#primaryimage\",\"url\":\"https:\/\/franciscanos.org.br\/noticias\/wp-content\/uploads\/2007\/06\/afonso_d.jpg\",\"contentUrl\":\"https:\/\/franciscanos.org.br\/noticias\/wp-content\/uploads\/2007\/06\/afonso_d.jpg\",\"width\":273,\"height\":181},{\"@type\":\"WebPage\",\"@id\":\"https:\/\/franciscanos.org.br\/noticias\/profissao-solene-de-frei-afonso.html#webpage\",\"url\":\"https:\/\/franciscanos.org.br\/noticias\/profissao-solene-de-frei-afonso.html\",\"name\":\"Profiss\u00e3o Solene de Frei Afonso em Angola - Not\u00edcias - Franciscanos\",\"isPartOf\":{\"@id\":\"https:\/\/franciscanos.org.br\/noticias\/#website\"},\"primaryImageOfPage\":{\"@id\":\"https:\/\/franciscanos.org.br\/noticias\/profissao-solene-de-frei-afonso.html#primaryimage\"},\"datePublished\":\"2007-06-30T13:44:26+00:00\",\"dateModified\":\"2019-02-01T16:18:46+00:00\",\"author\":{\"@id\":\"https:\/\/franciscanos.org.br\/noticias\/#\/schema\/person\/b38fbf43118f02820bd932f2e4b14ad3\"},\"breadcrumb\":{\"@id\":\"https:\/\/franciscanos.org.br\/noticias\/profissao-solene-de-frei-afonso.html#breadcrumb\"},\"inLanguage\":\"pt-BR\",\"potentialAction\":[{\"@type\":\"ReadAction\",\"target\":[\"https:\/\/franciscanos.org.br\/noticias\/profissao-solene-de-frei-afonso.html\"]}]},{\"@type\":\"BreadcrumbList\",\"@id\":\"https:\/\/franciscanos.org.br\/noticias\/profissao-solene-de-frei-afonso.html#breadcrumb\",\"itemListElement\":[{\"@type\":\"ListItem\",\"position\":1,\"name\":\"Home\",\"item\":\"https:\/\/franciscanos.org.br\/noticias\"},{\"@type\":\"ListItem\",\"position\":2,\"name\":\"Profiss\u00e3o Solene de Frei Afonso em Angola\"}]},{\"@type\":\"Person\",\"@id\":\"https:\/\/franciscanos.org.br\/noticias\/#\/schema\/person\/b38fbf43118f02820bd932f2e4b14ad3\",\"name\":\"admin\",\"image\":{\"@type\":\"ImageObject\",\"inLanguage\":\"pt-BR\",\"@id\":\"https:\/\/franciscanos.org.br\/noticias\/#\/schema\/person\/image\/\",\"url\":\"https:\/\/secure.gravatar.com\/avatar\/e8495742d34d0ba6448ea1c628263b3e?s=96&d=mm&r=g\",\"contentUrl\":\"https:\/\/secure.gravatar.com\/avatar\/e8495742d34d0ba6448ea1c628263b3e?s=96&d=mm&r=g\",\"caption\":\"admin\"},\"url\":\"https:\/\/franciscanos.org.br\/noticias\/author\/admin\"}]}<\/script>\n<!-- \/ Yoast SEO plugin. -->","yoast_head_json":{"title":"Profiss\u00e3o Solene de Frei Afonso em Angola - Not\u00edcias - Franciscanos","robots":{"index":"index","follow":"follow","max-snippet":"max-snippet:-1","max-image-preview":"max-image-preview:large","max-video-preview":"max-video-preview:-1"},"canonical":"https:\/\/franciscanos.org.br\/noticias\/profissao-solene-de-frei-afonso.html","og_locale":"pt_BR","og_type":"article","og_title":"Profiss\u00e3o Solene de Frei Afonso em Angola - Not\u00edcias - Franciscanos","og_description":"Profiss\u00e3o solene de Frei Afonso Quissongo","og_url":"https:\/\/franciscanos.org.br\/noticias\/profissao-solene-de-frei-afonso.html","og_site_name":"Not\u00edcias - Franciscanos","article_published_time":"2007-06-30T13:44:26+00:00","article_modified_time":"2019-02-01T16:18:46+00:00","og_image":[{"width":273,"height":181,"url":"https:\/\/franciscanos.org.br\/noticias\/wp-content\/uploads\/2007\/06\/afonso_d.jpg","type":"image\/jpeg"}],"author":"admin","twitter_card":"summary_large_image","twitter_misc":{"Escrito por":"admin","Est. tempo de leitura":"9 minutos"},"schema":{"@context":"https:\/\/schema.org","@graph":[{"@type":"WebSite","@id":"https:\/\/franciscanos.org.br\/noticias\/#website","url":"https:\/\/franciscanos.org.br\/noticias\/","name":"Not\u00edcias - Franciscanos","description":"Prov\u00edncia Franciscana da Imaculada Concei\u00e7\u00e3o do Brasil - Ordem dos Frades Menores - OFM","potentialAction":[{"@type":"SearchAction","target":{"@type":"EntryPoint","urlTemplate":"https:\/\/franciscanos.org.br\/noticias\/?s={search_term_string}"},"query-input":"required name=search_term_string"}],"inLanguage":"pt-BR"},{"@type":"ImageObject","inLanguage":"pt-BR","@id":"https:\/\/franciscanos.org.br\/noticias\/profissao-solene-de-frei-afonso.html#primaryimage","url":"https:\/\/franciscanos.org.br\/noticias\/wp-content\/uploads\/2007\/06\/afonso_d.jpg","contentUrl":"https:\/\/franciscanos.org.br\/noticias\/wp-content\/uploads\/2007\/06\/afonso_d.jpg","width":273,"height":181},{"@type":"WebPage","@id":"https:\/\/franciscanos.org.br\/noticias\/profissao-solene-de-frei-afonso.html#webpage","url":"https:\/\/franciscanos.org.br\/noticias\/profissao-solene-de-frei-afonso.html","name":"Profiss\u00e3o Solene de Frei Afonso em Angola - Not\u00edcias - Franciscanos","isPartOf":{"@id":"https:\/\/franciscanos.org.br\/noticias\/#website"},"primaryImageOfPage":{"@id":"https:\/\/franciscanos.org.br\/noticias\/profissao-solene-de-frei-afonso.html#primaryimage"},"datePublished":"2007-06-30T13:44:26+00:00","dateModified":"2019-02-01T16:18:46+00:00","author":{"@id":"https:\/\/franciscanos.org.br\/noticias\/#\/schema\/person\/b38fbf43118f02820bd932f2e4b14ad3"},"breadcrumb":{"@id":"https:\/\/franciscanos.org.br\/noticias\/profissao-solene-de-frei-afonso.html#breadcrumb"},"inLanguage":"pt-BR","potentialAction":[{"@type":"ReadAction","target":["https:\/\/franciscanos.org.br\/noticias\/profissao-solene-de-frei-afonso.html"]}]},{"@type":"BreadcrumbList","@id":"https:\/\/franciscanos.org.br\/noticias\/profissao-solene-de-frei-afonso.html#breadcrumb","itemListElement":[{"@type":"ListItem","position":1,"name":"Home","item":"https:\/\/franciscanos.org.br\/noticias"},{"@type":"ListItem","position":2,"name":"Profiss\u00e3o Solene de Frei Afonso em Angola"}]},{"@type":"Person","@id":"https:\/\/franciscanos.org.br\/noticias\/#\/schema\/person\/b38fbf43118f02820bd932f2e4b14ad3","name":"admin","image":{"@type":"ImageObject","inLanguage":"pt-BR","@id":"https:\/\/franciscanos.org.br\/noticias\/#\/schema\/person\/image\/","url":"https:\/\/secure.gravatar.com\/avatar\/e8495742d34d0ba6448ea1c628263b3e?s=96&d=mm&r=g","contentUrl":"https:\/\/secure.gravatar.com\/avatar\/e8495742d34d0ba6448ea1c628263b3e?s=96&d=mm&r=g","caption":"admin"},"url":"https:\/\/franciscanos.org.br\/noticias\/author\/admin"}]}},"_links":{"self":[{"href":"https:\/\/franciscanos.org.br\/noticias\/wp-json\/wp\/v2\/posts\/21370"}],"collection":[{"href":"https:\/\/franciscanos.org.br\/noticias\/wp-json\/wp\/v2\/posts"}],"about":[{"href":"https:\/\/franciscanos.org.br\/noticias\/wp-json\/wp\/v2\/types\/post"}],"author":[{"embeddable":true,"href":"https:\/\/franciscanos.org.br\/noticias\/wp-json\/wp\/v2\/users\/1"}],"replies":[{"embeddable":true,"href":"https:\/\/franciscanos.org.br\/noticias\/wp-json\/wp\/v2\/comments?post=21370"}],"version-history":[{"count":0,"href":"https:\/\/franciscanos.org.br\/noticias\/wp-json\/wp\/v2\/posts\/21370\/revisions"}],"wp:featuredmedia":[{"embeddable":true,"href":"https:\/\/franciscanos.org.br\/noticias\/wp-json\/wp\/v2\/media\/199229"}],"wp:attachment":[{"href":"https:\/\/franciscanos.org.br\/noticias\/wp-json\/wp\/v2\/media?parent=21370"}],"wp:term":[{"taxonomy":"category","embeddable":true,"href":"https:\/\/franciscanos.org.br\/noticias\/wp-json\/wp\/v2\/categories?post=21370"},{"taxonomy":"post_tag","embeddable":true,"href":"https:\/\/franciscanos.org.br\/noticias\/wp-json\/wp\/v2\/tags?post=21370"}],"curies":[{"name":"wp","href":"https:\/\/api.w.org\/{rel}","templated":true}]}}