{"id":213684,"date":"2019-11-05T10:08:00","date_gmt":"2019-11-05T13:08:00","guid":{"rendered":"https:\/\/franciscanos.org.br\/noticias\/?p=213684"},"modified":"2020-06-05T19:34:59","modified_gmt":"2020-06-05T22:34:59","slug":"papa-rejeitar-a-gratuidade-do-senhor-e-o-pecado-de-todos-nos","status":"publish","type":"post","link":"https:\/\/franciscanos.org.br\/noticias\/papa-rejeitar-a-gratuidade-do-senhor-e-o-pecado-de-todos-nos.html","title":{"rendered":"Papa: rejeitar a gratuidade do Senhor \u00e9 o pecado de todos n\u00f3s"},"content":{"rendered":"<p><img loading=\"lazy\" class=\"alignnone size-full wp-image-213685\" src=\"https:\/\/franciscanos.org.br\/noticias\/wp-content\/uploads\/2019\/11\/marta_0511.jpg\" alt=\"\" width=\"890\" height=\"455\" srcset=\"https:\/\/franciscanos.org.br\/noticias\/wp-content\/uploads\/2019\/11\/marta_0511.jpg 890w, https:\/\/franciscanos.org.br\/noticias\/wp-content\/uploads\/2019\/11\/marta_0511-450x230.jpg 450w, https:\/\/franciscanos.org.br\/noticias\/wp-content\/uploads\/2019\/11\/marta_0511-768x393.jpg 768w, https:\/\/franciscanos.org.br\/noticias\/wp-content\/uploads\/2019\/11\/marta_0511-150x77.jpg 150w\" sizes=\"(max-width: 890px) 100vw, 890px\" \/><\/p>\n<p><strong>Cidade do Vaticano<\/strong> &#8211; O Papa Francisco celebrou a missa na manh\u00e3 desta ter\u00e7a-feira (05\/11) na capela da Casa Santa Marta. O Pont\u00edfice comentou o Evangelho de hoje, em que o evangelista Lucas narra o desejo de um homem de dar uma grande festa, mas os convidados, com v\u00e1rias desculpas, n\u00e3o aceitam o seu convite. Ent\u00e3o manda os servos a convidar os pobres e os aleijados para encherem a casa e saborearem o banquete.<\/p>\n<p>Para Francisco, esta narra\u00e7\u00e3o pode ser um resumo da hist\u00f3ria da salva\u00e7\u00e3o e tamb\u00e9m a descri\u00e7\u00e3o de in\u00fameros crist\u00e3os. Ele explica que \u201co jantar, a festa, \u00e9 imagem do c\u00e9u, da eternidade com o Senhor\u201d. Em uma festa, afirmou, n\u00e3o se sabe quem estar\u00e1 l\u00e1, se conhecem pessoas novas, se encontram tamb\u00e9m pessoas que n\u00e3o gostaria de encontrar, mas o clima da festa \u00e9 a alegria e a gratuidade. Porque uma verdadeira festa deve ser gratuita, disse o Papa. \u201cE o nosso Deus nos convida sempre, n\u00e3o nos faz pagar o ingresso. Nas verdadeiras festas, n\u00e3o se paga a entrada: paga o dono, quem convida\u201d.<\/p>\n<p>Mas existem pessoas que, mesmo diante da gratuidade, colocam seus interesses em primeiro lugar: Diante daquela gratuidade, daquela universalidade da festa, h\u00e1 aquela atitude que fecha o cora\u00e7\u00e3o: \u201cEu n\u00e3o vou. Prefiro ficar sozinho, com as pessoas de quem eu gosto, fechado\u201d. E isto \u00e9 o pecado; o pecado do povo de Israel, o pecado de todos n\u00f3s. O fechamento. \u201cN\u00e3o, para mim \u00e9 mais importante isto do que aquilo. N\u00e3o, o meu\u201d. Sempre o meu.<\/p>\n<p>Esta rejei\u00e7\u00e3o, prosseguiu Francisco, \u00e9 tamb\u00e9m desprezo por quem convida, \u00e9 dizer ao Senhor: \u201cN\u00e3o me perturbe com a tua festa\u201d. \u00c9 fechar-se \u201c\u00e0quilo que o Senhor nos oferece: a alegria do encontro com Ele\u201d.<\/p>\n<p>E no caminho da vida, muitas vezes estaremos diante desta escolha, desta op\u00e7\u00e3o: ou a gratuidade do Senhor, estar com Ele, se encontrar com o Senhor ou fechar-me nas minhas coisas, no meu interesse. Por isso, o Senhor, falando de um dos fechamentos, dizia que \u00e9 muito dif\u00edcil que um rico entre no reino dos c\u00e9us. Mas existem ricos bons, santos, que n\u00e3o s\u00e3o apegados \u00e0 riqueza. Mas a maioria \u00e9 apegada \u00e0 riqueza, fechados. E por isso n\u00e3o podem entender o que \u00e9 a festa. Mas t\u00eam a certeza das coisas que podem tocar.<\/p>\n<p>A rea\u00e7\u00e3o do Senhor diante da nossa recusa \u00e9 decisiva: Ele quer que todas as pessoas sejam chamadas \u00e0 festa, conduzidas, mesmo for\u00e7adas, m\u00e1s e boas. &#8220;Todos est\u00e3o convidados. Todos, ningu\u00e9m pode dizer: &#8220;Eu sou mau, n\u00e3o posso&#8230;&#8221;. N\u00e3o. O Senhor, porque voc\u00ea \u00e9 mau, \u201cespero especialmente voc\u00ea&#8221;.<\/p>\n<p>O Papa recordou a atitude do pai com o filho pr\u00f3digo que retorna a casa: o filho tinha come\u00e7ado um discurso, mas ele n\u00e3o o deixa falar e o abra\u00e7a. &#8220;O Senhor &#8211; disse &#8211; \u00e9 assim. \u00c9 a gratuidade&#8221;. Referindo-se ent\u00e3o \u00e0 Primeira Leitura, onde o ap\u00f3stolo Paulo adverte contra a hipocrisia, o Papa Francisco afirmou que diante dos judeus que recusavam Jesus porque se acreditavam justos, o Senhor disse: &#8220;Mas eu vos digo que as prostitutas e os publicanos vos preceder\u00e3o no reino dos c\u00e9us&#8221;. O Senhor, continua o Papa, ama os mais desprezados, mas nos chama. Mas quando nos fechamos, ele se afasta e se irrita, como diz o Evangelho que acabamos de ler. E concluiu:<\/p>\n<p>Pensemos nesta par\u00e1bola que o Senhor nos d\u00e1 hoje. Como vai a nossa vida? O que eu prefiro? Aceitar sempre o convite do Senhor ou fechar-me em minhas pr\u00f3prias coisas, em minhas pequenezas? Pe\u00e7amos ao Senhor a gra\u00e7a de aceitar sempre ir \u00e0 Sua festa, que \u00e9 gratuita.<\/p>\n<hr \/>\n<p><em>Fonte: Vatican News<\/em><\/p>\n","protected":false},"excerpt":{"rendered":"<p>Missa em Santa Marta<\/p>\n","protected":false},"author":3,"featured_media":213686,"comment_status":"open","ping_status":"open","sticky":false,"template":"","format":"standard","meta":[],"categories":[1428],"tags":[829],"acf":[],"yoast_head":"<!-- This site is optimized with the Yoast SEO plugin v19.2 - https:\/\/yoast.com\/wordpress\/plugins\/seo\/ -->\n<title>Papa: rejeitar a gratuidade do Senhor \u00e9 o pecado de todos n\u00f3s - Not\u00edcias - Franciscanos<\/title>\n<meta name=\"robots\" content=\"index, follow, max-snippet:-1, max-image-preview:large, max-video-preview:-1\" \/>\n<link rel=\"canonical\" href=\"https:\/\/franciscanos.org.br\/noticias\/papa-rejeitar-a-gratuidade-do-senhor-e-o-pecado-de-todos-nos.html\" \/>\n<meta property=\"og:locale\" content=\"pt_BR\" \/>\n<meta property=\"og:type\" content=\"article\" \/>\n<meta property=\"og:title\" content=\"Papa: rejeitar a gratuidade do Senhor \u00e9 o pecado de todos n\u00f3s - Not\u00edcias - Franciscanos\" \/>\n<meta property=\"og:description\" content=\"Missa em Santa Marta\" \/>\n<meta property=\"og:url\" content=\"https:\/\/franciscanos.org.br\/noticias\/papa-rejeitar-a-gratuidade-do-senhor-e-o-pecado-de-todos-nos.html\" \/>\n<meta property=\"og:site_name\" content=\"Not\u00edcias - Franciscanos\" \/>\n<meta property=\"article:published_time\" content=\"2019-11-05T13:08:00+00:00\" \/>\n<meta property=\"article:modified_time\" content=\"2020-06-05T22:34:59+00:00\" \/>\n<meta property=\"og:image\" content=\"https:\/\/franciscanos.org.br\/noticias\/wp-content\/uploads\/2019\/11\/marta_0511d.jpg\" \/>\n\t<meta property=\"og:image:width\" content=\"273\" \/>\n\t<meta property=\"og:image:height\" content=\"181\" \/>\n\t<meta property=\"og:image:type\" content=\"image\/jpeg\" \/>\n<meta name=\"author\" content=\"moacir\" \/>\n<meta name=\"twitter:card\" content=\"summary_large_image\" \/>\n<meta name=\"twitter:label1\" content=\"Escrito por\" \/>\n\t<meta name=\"twitter:data1\" content=\"moacir\" \/>\n\t<meta name=\"twitter:label2\" content=\"Est. tempo de leitura\" \/>\n\t<meta name=\"twitter:data2\" content=\"3 minutos\" \/>\n<script type=\"application\/ld+json\" class=\"yoast-schema-graph\">{\"@context\":\"https:\/\/schema.org\",\"@graph\":[{\"@type\":\"WebSite\",\"@id\":\"https:\/\/franciscanos.org.br\/noticias\/#website\",\"url\":\"https:\/\/franciscanos.org.br\/noticias\/\",\"name\":\"Not\u00edcias - Franciscanos\",\"description\":\"Prov\u00edncia Franciscana da Imaculada Concei\u00e7\u00e3o do Brasil - Ordem dos Frades Menores - OFM\",\"potentialAction\":[{\"@type\":\"SearchAction\",\"target\":{\"@type\":\"EntryPoint\",\"urlTemplate\":\"https:\/\/franciscanos.org.br\/noticias\/?s={search_term_string}\"},\"query-input\":\"required name=search_term_string\"}],\"inLanguage\":\"pt-BR\"},{\"@type\":\"ImageObject\",\"inLanguage\":\"pt-BR\",\"@id\":\"https:\/\/franciscanos.org.br\/noticias\/papa-rejeitar-a-gratuidade-do-senhor-e-o-pecado-de-todos-nos.html#primaryimage\",\"url\":\"https:\/\/franciscanos.org.br\/noticias\/wp-content\/uploads\/2019\/11\/marta_0511d.jpg\",\"contentUrl\":\"https:\/\/franciscanos.org.br\/noticias\/wp-content\/uploads\/2019\/11\/marta_0511d.jpg\",\"width\":273,\"height\":181},{\"@type\":\"WebPage\",\"@id\":\"https:\/\/franciscanos.org.br\/noticias\/papa-rejeitar-a-gratuidade-do-senhor-e-o-pecado-de-todos-nos.html#webpage\",\"url\":\"https:\/\/franciscanos.org.br\/noticias\/papa-rejeitar-a-gratuidade-do-senhor-e-o-pecado-de-todos-nos.html\",\"name\":\"Papa: rejeitar a gratuidade do Senhor \u00e9 o pecado de todos n\u00f3s - Not\u00edcias - Franciscanos\",\"isPartOf\":{\"@id\":\"https:\/\/franciscanos.org.br\/noticias\/#website\"},\"primaryImageOfPage\":{\"@id\":\"https:\/\/franciscanos.org.br\/noticias\/papa-rejeitar-a-gratuidade-do-senhor-e-o-pecado-de-todos-nos.html#primaryimage\"},\"datePublished\":\"2019-11-05T13:08:00+00:00\",\"dateModified\":\"2020-06-05T22:34:59+00:00\",\"author\":{\"@id\":\"https:\/\/franciscanos.org.br\/noticias\/#\/schema\/person\/b5c8cba458c330ccff548b056e95a5d4\"},\"breadcrumb\":{\"@id\":\"https:\/\/franciscanos.org.br\/noticias\/papa-rejeitar-a-gratuidade-do-senhor-e-o-pecado-de-todos-nos.html#breadcrumb\"},\"inLanguage\":\"pt-BR\",\"potentialAction\":[{\"@type\":\"ReadAction\",\"target\":[\"https:\/\/franciscanos.org.br\/noticias\/papa-rejeitar-a-gratuidade-do-senhor-e-o-pecado-de-todos-nos.html\"]}]},{\"@type\":\"BreadcrumbList\",\"@id\":\"https:\/\/franciscanos.org.br\/noticias\/papa-rejeitar-a-gratuidade-do-senhor-e-o-pecado-de-todos-nos.html#breadcrumb\",\"itemListElement\":[{\"@type\":\"ListItem\",\"position\":1,\"name\":\"Home\",\"item\":\"https:\/\/franciscanos.org.br\/noticias\"},{\"@type\":\"ListItem\",\"position\":2,\"name\":\"Papa: rejeitar a gratuidade do Senhor \u00e9 o pecado de todos n\u00f3s\"}]},{\"@type\":\"Person\",\"@id\":\"https:\/\/franciscanos.org.br\/noticias\/#\/schema\/person\/b5c8cba458c330ccff548b056e95a5d4\",\"name\":\"moacir\",\"image\":{\"@type\":\"ImageObject\",\"inLanguage\":\"pt-BR\",\"@id\":\"https:\/\/franciscanos.org.br\/noticias\/#\/schema\/person\/image\/\",\"url\":\"https:\/\/secure.gravatar.com\/avatar\/d08aa2ce4c8dd416d4479aa8536fcf64?s=96&d=mm&r=g\",\"contentUrl\":\"https:\/\/secure.gravatar.com\/avatar\/d08aa2ce4c8dd416d4479aa8536fcf64?s=96&d=mm&r=g\",\"caption\":\"moacir\"},\"url\":\"https:\/\/franciscanos.org.br\/noticias\/author\/moacir\"}]}<\/script>\n<!-- \/ Yoast SEO plugin. -->","yoast_head_json":{"title":"Papa: rejeitar a gratuidade do Senhor \u00e9 o pecado de todos n\u00f3s - Not\u00edcias - Franciscanos","robots":{"index":"index","follow":"follow","max-snippet":"max-snippet:-1","max-image-preview":"max-image-preview:large","max-video-preview":"max-video-preview:-1"},"canonical":"https:\/\/franciscanos.org.br\/noticias\/papa-rejeitar-a-gratuidade-do-senhor-e-o-pecado-de-todos-nos.html","og_locale":"pt_BR","og_type":"article","og_title":"Papa: rejeitar a gratuidade do Senhor \u00e9 o pecado de todos n\u00f3s - Not\u00edcias - Franciscanos","og_description":"Missa em Santa Marta","og_url":"https:\/\/franciscanos.org.br\/noticias\/papa-rejeitar-a-gratuidade-do-senhor-e-o-pecado-de-todos-nos.html","og_site_name":"Not\u00edcias - Franciscanos","article_published_time":"2019-11-05T13:08:00+00:00","article_modified_time":"2020-06-05T22:34:59+00:00","og_image":[{"width":273,"height":181,"url":"https:\/\/franciscanos.org.br\/noticias\/wp-content\/uploads\/2019\/11\/marta_0511d.jpg","type":"image\/jpeg"}],"author":"moacir","twitter_card":"summary_large_image","twitter_misc":{"Escrito por":"moacir","Est. tempo de leitura":"3 minutos"},"schema":{"@context":"https:\/\/schema.org","@graph":[{"@type":"WebSite","@id":"https:\/\/franciscanos.org.br\/noticias\/#website","url":"https:\/\/franciscanos.org.br\/noticias\/","name":"Not\u00edcias - Franciscanos","description":"Prov\u00edncia Franciscana da Imaculada Concei\u00e7\u00e3o do Brasil - Ordem dos Frades Menores - OFM","potentialAction":[{"@type":"SearchAction","target":{"@type":"EntryPoint","urlTemplate":"https:\/\/franciscanos.org.br\/noticias\/?s={search_term_string}"},"query-input":"required name=search_term_string"}],"inLanguage":"pt-BR"},{"@type":"ImageObject","inLanguage":"pt-BR","@id":"https:\/\/franciscanos.org.br\/noticias\/papa-rejeitar-a-gratuidade-do-senhor-e-o-pecado-de-todos-nos.html#primaryimage","url":"https:\/\/franciscanos.org.br\/noticias\/wp-content\/uploads\/2019\/11\/marta_0511d.jpg","contentUrl":"https:\/\/franciscanos.org.br\/noticias\/wp-content\/uploads\/2019\/11\/marta_0511d.jpg","width":273,"height":181},{"@type":"WebPage","@id":"https:\/\/franciscanos.org.br\/noticias\/papa-rejeitar-a-gratuidade-do-senhor-e-o-pecado-de-todos-nos.html#webpage","url":"https:\/\/franciscanos.org.br\/noticias\/papa-rejeitar-a-gratuidade-do-senhor-e-o-pecado-de-todos-nos.html","name":"Papa: rejeitar a gratuidade do Senhor \u00e9 o pecado de todos n\u00f3s - Not\u00edcias - Franciscanos","isPartOf":{"@id":"https:\/\/franciscanos.org.br\/noticias\/#website"},"primaryImageOfPage":{"@id":"https:\/\/franciscanos.org.br\/noticias\/papa-rejeitar-a-gratuidade-do-senhor-e-o-pecado-de-todos-nos.html#primaryimage"},"datePublished":"2019-11-05T13:08:00+00:00","dateModified":"2020-06-05T22:34:59+00:00","author":{"@id":"https:\/\/franciscanos.org.br\/noticias\/#\/schema\/person\/b5c8cba458c330ccff548b056e95a5d4"},"breadcrumb":{"@id":"https:\/\/franciscanos.org.br\/noticias\/papa-rejeitar-a-gratuidade-do-senhor-e-o-pecado-de-todos-nos.html#breadcrumb"},"inLanguage":"pt-BR","potentialAction":[{"@type":"ReadAction","target":["https:\/\/franciscanos.org.br\/noticias\/papa-rejeitar-a-gratuidade-do-senhor-e-o-pecado-de-todos-nos.html"]}]},{"@type":"BreadcrumbList","@id":"https:\/\/franciscanos.org.br\/noticias\/papa-rejeitar-a-gratuidade-do-senhor-e-o-pecado-de-todos-nos.html#breadcrumb","itemListElement":[{"@type":"ListItem","position":1,"name":"Home","item":"https:\/\/franciscanos.org.br\/noticias"},{"@type":"ListItem","position":2,"name":"Papa: rejeitar a gratuidade do Senhor \u00e9 o pecado de todos n\u00f3s"}]},{"@type":"Person","@id":"https:\/\/franciscanos.org.br\/noticias\/#\/schema\/person\/b5c8cba458c330ccff548b056e95a5d4","name":"moacir","image":{"@type":"ImageObject","inLanguage":"pt-BR","@id":"https:\/\/franciscanos.org.br\/noticias\/#\/schema\/person\/image\/","url":"https:\/\/secure.gravatar.com\/avatar\/d08aa2ce4c8dd416d4479aa8536fcf64?s=96&d=mm&r=g","contentUrl":"https:\/\/secure.gravatar.com\/avatar\/d08aa2ce4c8dd416d4479aa8536fcf64?s=96&d=mm&r=g","caption":"moacir"},"url":"https:\/\/franciscanos.org.br\/noticias\/author\/moacir"}]}},"_links":{"self":[{"href":"https:\/\/franciscanos.org.br\/noticias\/wp-json\/wp\/v2\/posts\/213684"}],"collection":[{"href":"https:\/\/franciscanos.org.br\/noticias\/wp-json\/wp\/v2\/posts"}],"about":[{"href":"https:\/\/franciscanos.org.br\/noticias\/wp-json\/wp\/v2\/types\/post"}],"author":[{"embeddable":true,"href":"https:\/\/franciscanos.org.br\/noticias\/wp-json\/wp\/v2\/users\/3"}],"replies":[{"embeddable":true,"href":"https:\/\/franciscanos.org.br\/noticias\/wp-json\/wp\/v2\/comments?post=213684"}],"version-history":[{"count":1,"href":"https:\/\/franciscanos.org.br\/noticias\/wp-json\/wp\/v2\/posts\/213684\/revisions"}],"predecessor-version":[{"id":224381,"href":"https:\/\/franciscanos.org.br\/noticias\/wp-json\/wp\/v2\/posts\/213684\/revisions\/224381"}],"wp:featuredmedia":[{"embeddable":true,"href":"https:\/\/franciscanos.org.br\/noticias\/wp-json\/wp\/v2\/media\/213686"}],"wp:attachment":[{"href":"https:\/\/franciscanos.org.br\/noticias\/wp-json\/wp\/v2\/media?parent=213684"}],"wp:term":[{"taxonomy":"category","embeddable":true,"href":"https:\/\/franciscanos.org.br\/noticias\/wp-json\/wp\/v2\/categories?post=213684"},{"taxonomy":"post_tag","embeddable":true,"href":"https:\/\/franciscanos.org.br\/noticias\/wp-json\/wp\/v2\/tags?post=213684"}],"curies":[{"name":"wp","href":"https:\/\/api.w.org\/{rel}","templated":true}]}}