{"id":213517,"date":"2019-11-03T11:16:43","date_gmt":"2019-11-03T14:16:43","guid":{"rendered":"https:\/\/franciscanos.org.br\/noticias\/?p=213517"},"modified":"2019-11-12T07:30:25","modified_gmt":"2019-11-12T10:30:25","slug":"angelus-a-exemplo-de-zaqueu-deixar-se-converter-pelo-olhar-misericordioso-de-jesus","status":"publish","type":"post","link":"https:\/\/franciscanos.org.br\/noticias\/angelus-a-exemplo-de-zaqueu-deixar-se-converter-pelo-olhar-misericordioso-de-jesus.html","title":{"rendered":"Angelus: &#8220;A exemplo de Zaqueu, deixar-se converter pelo olhar misericordioso de Jesus&#8221;"},"content":{"rendered":"<p><img loading=\"lazy\" class=\"alignnone size-full wp-image-213518\" src=\"https:\/\/franciscanos.org.br\/noticias\/wp-content\/uploads\/2019\/11\/papa_031119.jpg\" alt=\"\" width=\"890\" height=\"500\" srcset=\"https:\/\/franciscanos.org.br\/noticias\/wp-content\/uploads\/2019\/11\/papa_031119.jpg 890w, https:\/\/franciscanos.org.br\/noticias\/wp-content\/uploads\/2019\/11\/papa_031119-450x253.jpg 450w, https:\/\/franciscanos.org.br\/noticias\/wp-content\/uploads\/2019\/11\/papa_031119-768x431.jpg 768w, https:\/\/franciscanos.org.br\/noticias\/wp-content\/uploads\/2019\/11\/papa_031119-150x84.jpg 150w\" sizes=\"(max-width: 890px) 100vw, 890px\" \/><\/p>\n<p><strong>Cidade do Vaticano &#8211;<\/strong> Ao concluir sua alocu\u00e7\u00e3o, antes de rezar o Angelus neste domingo, o Papa pediu que a Virgem Maria obtivesse para n\u00f3s a gra\u00e7a de sempre sentirmos sobre n\u00f3s o olhar misericordioso de Jesus, para ent\u00e3o, com miseric\u00f3rdia, irmos ao encontro dos que praticam o mal. \u201cO desprezo e o fechamento em rela\u00e7\u00e3o ao pecador \u2013 observou Francisco &#8211; n\u00e3o fazem sen\u00e3o que isol\u00e1-lo e endurec\u00ea-lo no mal que ele faz contra si e contra a comunidade\u201d.<\/p>\n<p><strong>A convers\u00e3o de Zaqueu<\/strong><\/p>\n<p>O fio condutor de sua reflex\u00e3o foi o epis\u00f3dio da convers\u00e3o de Zaqueu narrado por Lucas, que com a aten\u00e7\u00e3o e a acolhida que recebe de Jesus, muda radicalmente de mentalidade. Ao encontrar o Amor e descobrir ser amado, torna-se tamb\u00e9m ele capaz de amar os outros, restituindo quatro vezes mais a quem havia prejudicado.<\/p>\n<p>Zaqueu, chefe dos &#8220;publicanos&#8221;, isto \u00e9, aqueles judeus que cobravam impostos em nome do imp\u00e9rio romano &#8211; come\u00e7ou explicando o Papa &#8211; \u201cera rico n\u00e3o devido a ganhos honestos, mas porque pedia a &#8220;propina&#8221;, e isso aumentava o desprezo por ele\u201d. Ao saber da passagem de Jesus por Jeric\u00f3, fica curioso em ver de perto quem era, afinal, \u201couvira dizer coisas extraordin\u00e1rias\u201d a seu respeito. Sendo de baixa estatura, sobe na \u00e1rvore. Mas \u00e9 Jesus quem, em meio aos tantos rostos que o cercavam, \u201colha para cima e o v\u00ea\u201d:<\/p>\n<p>\u201cIsso \u00e9 importante: o primeiro olhar n\u00e3o \u00e9 de Zaqueu, mas de Jesus, que entre os muitos rostos que o cercam, procura exatamente aquele. O olhar misericordioso do Senhor nos alcan\u00e7a antes mesmo que n\u00f3s percebamos ter necessidade de sermos salvos\u201d.<\/p>\n<p><strong>O olhar divino do Mestre<\/strong><\/p>\n<p>E \u00e9 justamente com esse olhar do divino Mestre \u2013 ressalta Francisco \u2013 que \u201ccome\u00e7a o milagre da convers\u00e3o do pecador\u201d. Jesus o chama pelo nome e pede que des\u00e7a depressa, pois quer ir ter com ele em sua casa. \u201cEle n\u00e3o o censura, n\u00e3o lhe faz um &#8220;serm\u00e3o&#8221;; diz que deve ir at\u00e9 ele: &#8220;deve&#8221;, porque \u00e9 a vontade do Pai\u201d.<\/p>\n<p>As pessoas murmuram, pois Jesus escolhe entrar na casa de um pecador p\u00fablico, desprezado por todos: \u201cN\u00f3s tamb\u00e9m ter\u00edamos ficado escandalizados com esse comportamento de Jesus. Mas o desprezo e o fechamento em rela\u00e7\u00e3o ao pecador n\u00e3o fazem sen\u00e3o que isol\u00e1-lo e endurec\u00ea-lo no mal que ele faz contra si e contra a comunidade. Em vez disso, Deus condena o pecado, mas tenta salvar o pecador, vai procur\u00e1-lo para traz\u00ea-lo de volta ao caminho reto. Quem nunca se sentiu procurado pela miseric\u00f3rdia de Deus, tem dificuldade em compreender a extraordin\u00e1ria grandeza dos gestos e palavras com que Jesus se aproxima de Zaqueu \u201d.<\/p>\n<p><img loading=\"lazy\" class=\"alignnone size-full wp-image-213519\" src=\"https:\/\/franciscanos.org.br\/noticias\/wp-content\/uploads\/2019\/11\/papa_031119_1.jpg\" alt=\"\" width=\"890\" height=\"500\" srcset=\"https:\/\/franciscanos.org.br\/noticias\/wp-content\/uploads\/2019\/11\/papa_031119_1.jpg 890w, https:\/\/franciscanos.org.br\/noticias\/wp-content\/uploads\/2019\/11\/papa_031119_1-450x253.jpg 450w, https:\/\/franciscanos.org.br\/noticias\/wp-content\/uploads\/2019\/11\/papa_031119_1-768x431.jpg 768w, https:\/\/franciscanos.org.br\/noticias\/wp-content\/uploads\/2019\/11\/papa_031119_1-150x84.jpg 150w\" sizes=\"(max-width: 890px) 100vw, 890px\" \/><\/p>\n<p><strong>A mudan\u00e7a de mentalidade<\/strong><\/p>\n<p>A aten\u00e7\u00e3o de Jesus e a forma como foi acolhido, levam Zaqueu a uma mudan\u00e7a de mentalidade. \u201cEm um momento ele percebe quanto \u00e9 mesquinha uma vida movida pelo dinheiro, \u00e0 custa de roubar dos outros e ser desprezado por eles\u201d: \u201cTer o Senhor ali, em sua casa, faz com que ele veja tudo com olhos diferentes, tamb\u00e9m com um pouco da ternura com que Jesus olhou para ele. E muda tamb\u00e9m o seu modo de ver e de usar o dinheiro: substitui o gesto do extorquir pelo de dar. De fato, decide dar metade do que possui aos pobres e restituir quatro vezes mais \u00e0queles de quem roubou. Zaqueu descobre de Jesus que \u00e9 poss\u00edvel amar gratuitamente: at\u00e9 agora ele era avarento, agora se torna generoso; gostava de acumular, agora se alegra em distribuir\u201d.<\/p>\n<p>\u201cEncontrando o Amor, descobrindo ser amado apesar de seus pecados, ele se torna capaz de amar os outros, fazendo do dinheiro um sinal de solidariedade e de comunh\u00e3o&#8221;.<\/p>\n<p>Que a Virgem Maria nos obtenha a gra\u00e7a de sempre sentir sobre n\u00f3s o olhar misericordioso de Jesus, para sair com miseric\u00f3rdia ao encontro daqueles que fizeram mal, para que tamb\u00e9m eles possam acolher Jesus, que &#8220;veio buscar e salvar o que estava perdido.&#8221;<\/p>\n<p><strong>O agradecimento do Papa pela &#8220;nova dignidade&#8221;<\/strong><\/p>\n<p>Ap\u00f3s a ora\u00e7\u00e3o do Angelus e depois do apelo pelas v\u00edtimas da viol\u00eancia na Eti\u00f3pia, o Papa Francisco agradeceu \u00e0 Prefeitura e \u00e0 Diocese de San Severo, na Puglia (sul da It\u00e1lia), pela assinatura do Protocolo de Inten\u00e7\u00f5es ocorrido na segunda-feira 28 de outubro, \u201cque permitir\u00e1 aos trabalhadores dos assim chamados &#8220;guetos da Capitanata&#8221;, na regi\u00e3o de Foggia, de obter uma resid\u00eancia em par\u00f3quias e o registro no cart\u00f3rio municipal\u201d.<\/p>\n<p>\u201cA possibilidade de ter documentos de identidade e de resid\u00eancia \u2013 enfatizou o Santo Padre &#8211; oferecer\u00e1 a eles nova dignidade e lhes permitir\u00e1 de sair de uma condi\u00e7\u00e3o de irregularidade e de explora\u00e7\u00e3o.&#8221;<\/p>\n<p>De fato, muitos trabalhadores nesta regi\u00e3o, a maioria migrantes, s\u00e3o explorados nas planta\u00e7\u00f5es por pessoas de m\u00e1 f\u00e9, que se aproveitam de sua condi\u00e7\u00e3o irregular no pa\u00eds. S\u00e3o mal remunerados, sem nenhum tipo de direito ou garantia, vivendo em galp\u00f5es sem as m\u00ednimas condi\u00e7\u00f5es de uma vida digna.<\/p>\n<p><strong>FONTE: <a href=\"https:\/\/www.vaticannews.va\/pt\/papa\/news\/2019-11\/papa-francisco-angelus-3-novembro-2019.html\" target=\"_blank\" rel=\"noopener noreferrer\">Vatican News<\/a><\/strong><\/p>\n","protected":false},"excerpt":{"rendered":"<p>Ora\u00e7\u00e3o do Angelus do Papa Francisco<\/p>\n","protected":false},"author":5,"featured_media":0,"comment_status":"open","ping_status":"open","sticky":false,"template":"","format":"standard","meta":[],"categories":[1428],"tags":[403,55],"acf":[],"yoast_head":"<!-- This site is optimized with the Yoast SEO plugin v19.2 - https:\/\/yoast.com\/wordpress\/plugins\/seo\/ -->\n<title>Angelus: &quot;A exemplo de Zaqueu, deixar-se converter pelo olhar misericordioso de Jesus&quot; - Not\u00edcias - Franciscanos<\/title>\n<meta name=\"robots\" content=\"index, follow, max-snippet:-1, max-image-preview:large, max-video-preview:-1\" \/>\n<link rel=\"canonical\" href=\"https:\/\/franciscanos.org.br\/noticias\/angelus-a-exemplo-de-zaqueu-deixar-se-converter-pelo-olhar-misericordioso-de-jesus.html\" \/>\n<meta property=\"og:locale\" content=\"pt_BR\" \/>\n<meta property=\"og:type\" content=\"article\" \/>\n<meta property=\"og:title\" content=\"Angelus: &quot;A exemplo de Zaqueu, deixar-se converter pelo olhar misericordioso de Jesus&quot; - Not\u00edcias - Franciscanos\" \/>\n<meta property=\"og:description\" content=\"Ora\u00e7\u00e3o do Angelus do Papa Francisco\" \/>\n<meta property=\"og:url\" content=\"https:\/\/franciscanos.org.br\/noticias\/angelus-a-exemplo-de-zaqueu-deixar-se-converter-pelo-olhar-misericordioso-de-jesus.html\" \/>\n<meta property=\"og:site_name\" content=\"Not\u00edcias - Franciscanos\" \/>\n<meta property=\"article:published_time\" content=\"2019-11-03T14:16:43+00:00\" \/>\n<meta property=\"article:modified_time\" content=\"2019-11-12T10:30:25+00:00\" \/>\n<meta property=\"og:image\" content=\"https:\/\/franciscanos.org.br\/noticias\/wp-content\/uploads\/2019\/11\/papa_031119.jpg\" \/>\n<meta name=\"author\" content=\"freiaugusto\" \/>\n<meta name=\"twitter:card\" content=\"summary_large_image\" \/>\n<meta name=\"twitter:label1\" content=\"Escrito por\" \/>\n\t<meta name=\"twitter:data1\" content=\"freiaugusto\" \/>\n\t<meta name=\"twitter:label2\" content=\"Est. tempo de leitura\" \/>\n\t<meta name=\"twitter:data2\" content=\"4 minutos\" \/>\n<script type=\"application\/ld+json\" class=\"yoast-schema-graph\">{\"@context\":\"https:\/\/schema.org\",\"@graph\":[{\"@type\":\"WebSite\",\"@id\":\"https:\/\/franciscanos.org.br\/noticias\/#website\",\"url\":\"https:\/\/franciscanos.org.br\/noticias\/\",\"name\":\"Not\u00edcias - Franciscanos\",\"description\":\"Prov\u00edncia Franciscana da Imaculada Concei\u00e7\u00e3o do Brasil - Ordem dos Frades Menores - OFM\",\"potentialAction\":[{\"@type\":\"SearchAction\",\"target\":{\"@type\":\"EntryPoint\",\"urlTemplate\":\"https:\/\/franciscanos.org.br\/noticias\/?s={search_term_string}\"},\"query-input\":\"required name=search_term_string\"}],\"inLanguage\":\"pt-BR\"},{\"@type\":\"ImageObject\",\"inLanguage\":\"pt-BR\",\"@id\":\"https:\/\/franciscanos.org.br\/noticias\/angelus-a-exemplo-de-zaqueu-deixar-se-converter-pelo-olhar-misericordioso-de-jesus.html#primaryimage\",\"url\":\"https:\/\/franciscanos.org.br\/noticias\/wp-content\/uploads\/2019\/11\/papa_031119.jpg\",\"contentUrl\":\"https:\/\/franciscanos.org.br\/noticias\/wp-content\/uploads\/2019\/11\/papa_031119.jpg\",\"width\":890,\"height\":500},{\"@type\":\"WebPage\",\"@id\":\"https:\/\/franciscanos.org.br\/noticias\/angelus-a-exemplo-de-zaqueu-deixar-se-converter-pelo-olhar-misericordioso-de-jesus.html#webpage\",\"url\":\"https:\/\/franciscanos.org.br\/noticias\/angelus-a-exemplo-de-zaqueu-deixar-se-converter-pelo-olhar-misericordioso-de-jesus.html\",\"name\":\"Angelus: \\\"A exemplo de Zaqueu, deixar-se converter pelo olhar misericordioso de Jesus\\\" - Not\u00edcias - Franciscanos\",\"isPartOf\":{\"@id\":\"https:\/\/franciscanos.org.br\/noticias\/#website\"},\"primaryImageOfPage\":{\"@id\":\"https:\/\/franciscanos.org.br\/noticias\/angelus-a-exemplo-de-zaqueu-deixar-se-converter-pelo-olhar-misericordioso-de-jesus.html#primaryimage\"},\"datePublished\":\"2019-11-03T14:16:43+00:00\",\"dateModified\":\"2019-11-12T10:30:25+00:00\",\"author\":{\"@id\":\"https:\/\/franciscanos.org.br\/noticias\/#\/schema\/person\/37f88f0d111cd5358b12a6556a99eb91\"},\"breadcrumb\":{\"@id\":\"https:\/\/franciscanos.org.br\/noticias\/angelus-a-exemplo-de-zaqueu-deixar-se-converter-pelo-olhar-misericordioso-de-jesus.html#breadcrumb\"},\"inLanguage\":\"pt-BR\",\"potentialAction\":[{\"@type\":\"ReadAction\",\"target\":[\"https:\/\/franciscanos.org.br\/noticias\/angelus-a-exemplo-de-zaqueu-deixar-se-converter-pelo-olhar-misericordioso-de-jesus.html\"]}]},{\"@type\":\"BreadcrumbList\",\"@id\":\"https:\/\/franciscanos.org.br\/noticias\/angelus-a-exemplo-de-zaqueu-deixar-se-converter-pelo-olhar-misericordioso-de-jesus.html#breadcrumb\",\"itemListElement\":[{\"@type\":\"ListItem\",\"position\":1,\"name\":\"Home\",\"item\":\"https:\/\/franciscanos.org.br\/noticias\"},{\"@type\":\"ListItem\",\"position\":2,\"name\":\"Angelus: &#8220;A exemplo de Zaqueu, deixar-se converter pelo olhar misericordioso de Jesus&#8221;\"}]},{\"@type\":\"Person\",\"@id\":\"https:\/\/franciscanos.org.br\/noticias\/#\/schema\/person\/37f88f0d111cd5358b12a6556a99eb91\",\"name\":\"freiaugusto\",\"image\":{\"@type\":\"ImageObject\",\"inLanguage\":\"pt-BR\",\"@id\":\"https:\/\/franciscanos.org.br\/noticias\/#\/schema\/person\/image\/\",\"url\":\"https:\/\/secure.gravatar.com\/avatar\/9840b940e621801b24f3e6b059efb4b7?s=96&d=mm&r=g\",\"contentUrl\":\"https:\/\/secure.gravatar.com\/avatar\/9840b940e621801b24f3e6b059efb4b7?s=96&d=mm&r=g\",\"caption\":\"freiaugusto\"},\"url\":\"https:\/\/franciscanos.org.br\/noticias\/author\/freiaugusto\"}]}<\/script>\n<!-- \/ Yoast SEO plugin. -->","yoast_head_json":{"title":"Angelus: \"A exemplo de Zaqueu, deixar-se converter pelo olhar misericordioso de Jesus\" - Not\u00edcias - Franciscanos","robots":{"index":"index","follow":"follow","max-snippet":"max-snippet:-1","max-image-preview":"max-image-preview:large","max-video-preview":"max-video-preview:-1"},"canonical":"https:\/\/franciscanos.org.br\/noticias\/angelus-a-exemplo-de-zaqueu-deixar-se-converter-pelo-olhar-misericordioso-de-jesus.html","og_locale":"pt_BR","og_type":"article","og_title":"Angelus: \"A exemplo de Zaqueu, deixar-se converter pelo olhar misericordioso de Jesus\" - Not\u00edcias - Franciscanos","og_description":"Ora\u00e7\u00e3o do Angelus do Papa Francisco","og_url":"https:\/\/franciscanos.org.br\/noticias\/angelus-a-exemplo-de-zaqueu-deixar-se-converter-pelo-olhar-misericordioso-de-jesus.html","og_site_name":"Not\u00edcias - Franciscanos","article_published_time":"2019-11-03T14:16:43+00:00","article_modified_time":"2019-11-12T10:30:25+00:00","og_image":[{"url":"https:\/\/franciscanos.org.br\/noticias\/wp-content\/uploads\/2019\/11\/papa_031119.jpg"}],"author":"freiaugusto","twitter_card":"summary_large_image","twitter_misc":{"Escrito por":"freiaugusto","Est. tempo de leitura":"4 minutos"},"schema":{"@context":"https:\/\/schema.org","@graph":[{"@type":"WebSite","@id":"https:\/\/franciscanos.org.br\/noticias\/#website","url":"https:\/\/franciscanos.org.br\/noticias\/","name":"Not\u00edcias - Franciscanos","description":"Prov\u00edncia Franciscana da Imaculada Concei\u00e7\u00e3o do Brasil - Ordem dos Frades Menores - OFM","potentialAction":[{"@type":"SearchAction","target":{"@type":"EntryPoint","urlTemplate":"https:\/\/franciscanos.org.br\/noticias\/?s={search_term_string}"},"query-input":"required name=search_term_string"}],"inLanguage":"pt-BR"},{"@type":"ImageObject","inLanguage":"pt-BR","@id":"https:\/\/franciscanos.org.br\/noticias\/angelus-a-exemplo-de-zaqueu-deixar-se-converter-pelo-olhar-misericordioso-de-jesus.html#primaryimage","url":"https:\/\/franciscanos.org.br\/noticias\/wp-content\/uploads\/2019\/11\/papa_031119.jpg","contentUrl":"https:\/\/franciscanos.org.br\/noticias\/wp-content\/uploads\/2019\/11\/papa_031119.jpg","width":890,"height":500},{"@type":"WebPage","@id":"https:\/\/franciscanos.org.br\/noticias\/angelus-a-exemplo-de-zaqueu-deixar-se-converter-pelo-olhar-misericordioso-de-jesus.html#webpage","url":"https:\/\/franciscanos.org.br\/noticias\/angelus-a-exemplo-de-zaqueu-deixar-se-converter-pelo-olhar-misericordioso-de-jesus.html","name":"Angelus: \"A exemplo de Zaqueu, deixar-se converter pelo olhar misericordioso de Jesus\" - Not\u00edcias - Franciscanos","isPartOf":{"@id":"https:\/\/franciscanos.org.br\/noticias\/#website"},"primaryImageOfPage":{"@id":"https:\/\/franciscanos.org.br\/noticias\/angelus-a-exemplo-de-zaqueu-deixar-se-converter-pelo-olhar-misericordioso-de-jesus.html#primaryimage"},"datePublished":"2019-11-03T14:16:43+00:00","dateModified":"2019-11-12T10:30:25+00:00","author":{"@id":"https:\/\/franciscanos.org.br\/noticias\/#\/schema\/person\/37f88f0d111cd5358b12a6556a99eb91"},"breadcrumb":{"@id":"https:\/\/franciscanos.org.br\/noticias\/angelus-a-exemplo-de-zaqueu-deixar-se-converter-pelo-olhar-misericordioso-de-jesus.html#breadcrumb"},"inLanguage":"pt-BR","potentialAction":[{"@type":"ReadAction","target":["https:\/\/franciscanos.org.br\/noticias\/angelus-a-exemplo-de-zaqueu-deixar-se-converter-pelo-olhar-misericordioso-de-jesus.html"]}]},{"@type":"BreadcrumbList","@id":"https:\/\/franciscanos.org.br\/noticias\/angelus-a-exemplo-de-zaqueu-deixar-se-converter-pelo-olhar-misericordioso-de-jesus.html#breadcrumb","itemListElement":[{"@type":"ListItem","position":1,"name":"Home","item":"https:\/\/franciscanos.org.br\/noticias"},{"@type":"ListItem","position":2,"name":"Angelus: &#8220;A exemplo de Zaqueu, deixar-se converter pelo olhar misericordioso de Jesus&#8221;"}]},{"@type":"Person","@id":"https:\/\/franciscanos.org.br\/noticias\/#\/schema\/person\/37f88f0d111cd5358b12a6556a99eb91","name":"freiaugusto","image":{"@type":"ImageObject","inLanguage":"pt-BR","@id":"https:\/\/franciscanos.org.br\/noticias\/#\/schema\/person\/image\/","url":"https:\/\/secure.gravatar.com\/avatar\/9840b940e621801b24f3e6b059efb4b7?s=96&d=mm&r=g","contentUrl":"https:\/\/secure.gravatar.com\/avatar\/9840b940e621801b24f3e6b059efb4b7?s=96&d=mm&r=g","caption":"freiaugusto"},"url":"https:\/\/franciscanos.org.br\/noticias\/author\/freiaugusto"}]}},"_links":{"self":[{"href":"https:\/\/franciscanos.org.br\/noticias\/wp-json\/wp\/v2\/posts\/213517"}],"collection":[{"href":"https:\/\/franciscanos.org.br\/noticias\/wp-json\/wp\/v2\/posts"}],"about":[{"href":"https:\/\/franciscanos.org.br\/noticias\/wp-json\/wp\/v2\/types\/post"}],"author":[{"embeddable":true,"href":"https:\/\/franciscanos.org.br\/noticias\/wp-json\/wp\/v2\/users\/5"}],"replies":[{"embeddable":true,"href":"https:\/\/franciscanos.org.br\/noticias\/wp-json\/wp\/v2\/comments?post=213517"}],"version-history":[{"count":0,"href":"https:\/\/franciscanos.org.br\/noticias\/wp-json\/wp\/v2\/posts\/213517\/revisions"}],"wp:attachment":[{"href":"https:\/\/franciscanos.org.br\/noticias\/wp-json\/wp\/v2\/media?parent=213517"}],"wp:term":[{"taxonomy":"category","embeddable":true,"href":"https:\/\/franciscanos.org.br\/noticias\/wp-json\/wp\/v2\/categories?post=213517"},{"taxonomy":"post_tag","embeddable":true,"href":"https:\/\/franciscanos.org.br\/noticias\/wp-json\/wp\/v2\/tags?post=213517"}],"curies":[{"name":"wp","href":"https:\/\/api.w.org\/{rel}","templated":true}]}}