{"id":213459,"date":"2019-11-03T00:35:30","date_gmt":"2019-11-03T03:35:30","guid":{"rendered":"https:\/\/franciscanos.org.br\/noticias\/?p=213459"},"modified":"2021-07-05T20:08:07","modified_gmt":"2021-07-05T23:08:07","slug":"concerto-de-finados-um-sentimento-humano-de-fe-no-descanso-eterno","status":"publish","type":"post","link":"https:\/\/franciscanos.org.br\/noticias\/concerto-de-finados-um-sentimento-humano-de-fe-no-descanso-eterno.html","title":{"rendered":"Concerto de Finados: \u201cUm sentimento humano de f\u00e9 no descanso eterno\u201d"},"content":{"rendered":"<p><img loading=\"lazy\" class=\"alignnone wp-image-213460 size-full\" src=\"https:\/\/franciscanos.org.br\/noticias\/wp-content\/uploads\/2019\/11\/concerto_021119.jpg\" alt=\"\" width=\"890\" height=\"500\" srcset=\"https:\/\/franciscanos.org.br\/noticias\/wp-content\/uploads\/2019\/11\/concerto_021119.jpg 890w, https:\/\/franciscanos.org.br\/noticias\/wp-content\/uploads\/2019\/11\/concerto_021119-450x253.jpg 450w, https:\/\/franciscanos.org.br\/noticias\/wp-content\/uploads\/2019\/11\/concerto_021119-768x431.jpg 768w, https:\/\/franciscanos.org.br\/noticias\/wp-content\/uploads\/2019\/11\/concerto_021119-150x84.jpg 150w\" sizes=\"(max-width: 890px) 100vw, 890px\" \/><\/p>\n<p><strong>Frei Augusto Luiz Gabriel e Daniela Moreira<\/strong><\/p>\n<p><strong>Petr\u00f3polis (RJ) \u2013<\/strong> Pelo quarto ano consecutivo, o Instituto dos Meninos Cantores de Petr\u00f3polis (IMCP), em parceria com a Par\u00f3quia do Sagrado Cora\u00e7\u00e3o de Jesus, oferece ao p\u00fablico da Cidade Imperial e regi\u00e3o o \u201cConcerto Espiritual de Finados\u201d. E neste s\u00e1bado (02\/11), \u00e0s 18h30, a Igreja do Sagrado ficou lotada mais uma vez para prestigiar os dois Corais dos Canarinhos e a Orquestra Filarm\u00f4nica da cidade, que apresentaram um dos maiores cl\u00e1ssicos da m\u00fasica: o r\u00e9quiem do compositor franc\u00eas Gabriel Faur\u00e9, vers\u00e3o em r\u00e9 menor de 1893. O evento contou com a reg\u00eancia do maestro Marco Aur\u00e9lio Lischt, al\u00e9m de solistas e m\u00fasicos convidados.<\/p>\n<p>A leitura da Carta de S\u00e3o Br\u00e1ulio de Sarago\u00e7a, bispo do s\u00e9culo VII, deu logo de cara a tonalidade da noite contando com momentos de reflex\u00e3o, ora\u00e7\u00e3o e medita\u00e7\u00e3o. Lido por Frei Jos\u00e9 Ariovaldo da Silva, o texto retirado do Of\u00edcio dos fi\u00e9is defuntos apresenta a ideia de que Cristo ressuscitado \u00e9 a esperan\u00e7a de todos os que cr\u00eaem.<\/p>\n<p><img loading=\"lazy\" class=\"size-medium wp-image-213461 alignleft\" src=\"https:\/\/franciscanos.org.br\/noticias\/wp-content\/uploads\/2019\/11\/concerto_021119_1-420x450.jpg\" alt=\"\" width=\"420\" height=\"450\" srcset=\"https:\/\/franciscanos.org.br\/noticias\/wp-content\/uploads\/2019\/11\/concerto_021119_1-420x450.jpg 420w, https:\/\/franciscanos.org.br\/noticias\/wp-content\/uploads\/2019\/11\/concerto_021119_1-768x822.jpg 768w, https:\/\/franciscanos.org.br\/noticias\/wp-content\/uploads\/2019\/11\/concerto_021119_1-956x1024.jpg 956w, https:\/\/franciscanos.org.br\/noticias\/wp-content\/uploads\/2019\/11\/concerto_021119_1-150x161.jpg 150w, https:\/\/franciscanos.org.br\/noticias\/wp-content\/uploads\/2019\/11\/concerto_021119_1.jpg 1009w\" sizes=\"(max-width: 420px) 100vw, 420px\" \/>Segundo o diretor do IMCP, Frei Marcos Ant\u00f4nio de Andrade, este concerto faz parte da programa\u00e7\u00e3o anual do Instituto. Para ele, o evento superou as expectativas. Frei Marcos acredita que a import\u00e2ncia de se realizar um Concerto Espiritual justamente no dia dos fi\u00e9is defuntos, faz parte de uma hist\u00f3ria de muitos anos. \u201cDiariamente os frades participam deste momento dif\u00edcil na vida das pessoas, fazendo as ex\u00e9quias e rezando pelos falecidos. Ent\u00e3o, realizar um concerto assim aqui em nossa Igreja e Convento, \u00e9 oferecer para as pessoas aquilo que temos de melhor, que \u00e9 estar pr\u00f3ximos de Deus\u201d, revelou o frade.<\/p>\n<p>Jo\u00e3o Gabriel Brusdzenschi, de 14 anos, participa do coral h\u00e1 quatro anos e foi um dos solistas da noite (<a href=\"https:\/\/www.youtube.com\/watch?v=FvwGUMuK9SQ\" target=\"_blank\" rel=\"noopener noreferrer\">VEJA O V\u00cdDEO<\/a>). Pare ele, foi muito bom e gratificante ter cantado a obra de Faur\u00e9. Afirma com convic\u00e7\u00e3o que n\u00e3o foi dif\u00edcil, mas sim desafiador. \u201cTive que ensaiar bastante em casa e com o coral. J\u00e1 fa\u00e7o solo h\u00e1 algum tempo, mas faz toda diferen\u00e7a ser solista num evento como este, nem sei como explicar a sensa\u00e7\u00e3o, eu fiquei muito nervoso\u201d, disse aos risos. \u00c9 a 1\u00aa vez que Gabriel fez solo com acompanhamentos de uma orquestra.<\/p>\n<p>Manoela Carvalho de Barros tem 14 anos e participa do coral h\u00e1 cinco anos. Ela j\u00e1 cantou com a orquestra em outras apresenta\u00e7\u00f5es tanto com os meninos como com as meninas do coro. Para ela, entoar o r\u00e9quiem de Gabriel Faur\u00e9, foi emocionante e lindo. \u201c\u00c9 uma pe\u00e7a mais complicada para cantar por conta dos nuances que as composi\u00e7\u00f5es possuem. Por outro lado, atuar juntamente com a orquestra requer bastante aten\u00e7\u00e3o e empenho, mas no final deu tudo certo\u201d. A can\u00e7\u00e3o que Manoela mais gostou de cantar \u00e9 a \u201cLibera me\u201d, que quer dizer: \u201cLivrai-me Senhor\u201d <a href=\"https:\/\/www.youtube.com\/watch?v=tONI4Smo73I\" target=\"_blank\" rel=\"noopener noreferrer\">(VEJA O V\u00cdDEO)<\/a>.<\/p>\n<p>O bar\u00edtono Marcelo Coutinho participa do Concerto de Finados h\u00e1 alguns anos. No ano passado ele cantou o r\u00e9quiem de Mozart e neste ano o de Gabriel Faur\u00e9. Segundo ele, s\u00e3o dois extremos e dois estilos. \u201cO r\u00e9quiem de Mozart est\u00e1 dentro do classicismo que possui uma forma pr\u00f3pria e importante, onde a m\u00fasica fala por si s\u00f3. \u00c9 um pouco mais contido, e apresenta outra linha mel\u00f3dica, que \u00e9 acompanhada por um trombone. Ent\u00e3o, por si s\u00f3 j\u00e1 diz que \u00e9 uma \u00e1rea mais s\u00e9ria, mais reta. J\u00e1 o r\u00e9quiem de Faur\u00e9 \u00e9 pura emo\u00e7\u00e3o e sentimento. Com uma melodia que remete a passagem da morte para outra dimens\u00e3o, atrav\u00e9s de um lirismo de melodias muito bem feitas e de uma orquestra\u00e7\u00e3o espec\u00edfica, a m\u00fasica de Faur\u00e9 possui um som muito mais redondo e\u00a0 introspectivo. O r\u00e9quiem de Mozart marca a for\u00e7a pr\u00f3pria das melodias e o de Faur\u00e9 retrata a introspec\u00e7\u00e3o, mas sem d\u00favidas, os dois s\u00e3o maravilhosos, s\u00e3o dois g\u00eanios\u201d, explicou. Para ele, cantar com os canarinhos, retrata a pureza. \u00c9 algo angelical que ajuda a compor perfeitamente a proposta de Faur\u00e9. \u201cMe sinto lisonjeado de ter participado\u201d, destacou.<a href=\"https:\/\/www.youtube.com\/watch?v=tONI4Smo73I\" target=\"_blank\" rel=\"noopener noreferrer\"> (VEJA O V\u00cdDEO)<\/a><\/p>\n<p><iframe loading=\"lazy\" src=\"https:\/\/www.youtube.com\/embed\/8Cf1z1t1KcM\" width=\"100%\" height=\"480\" frameborder=\"0\" allowfullscreen=\"allowfullscreen\"><span data-mce-type=\"bookmark\" style=\"display: inline-block; width: 0px; overflow: hidden; line-height: 0;\" class=\"mce_SELRES_start\">\ufeff<\/span><\/iframe><\/p>\n<p>Segundo o maestro Marco Aur\u00e9lio Lischt, reger um concerto sempre \u00e9 um desafio, independentemente de ser com coro ou com orquestra. \u201cAo final de um trabalho como este, a gente se sente t\u00e3o leve e gratificante que vale a pena sempre enfrentar um desafio. N\u00e3o importa qual seja, se tratando de m\u00fasica sempre \u00e9 um desafio que tanto os meninos como as meninas gostam\u201d, sublinhou.<\/p>\n<p>O maestro ressalta que a novidade deste evento foi trazer ao p\u00fablico v\u00e1rios instrumentos diferentes, como a arpa, por exemplo, al\u00e9m da orquestra. Segundo o m\u00fasico, diferente do r\u00e9quiem do ano passado, o deste ano \u00e9 um vislumbre do para\u00edso. \u201cPromete a passagem para uma vida melhor, como o pr\u00f3prio compositor descreve, sendo uma obra que eleva o esp\u00edrito e transcende o eterno\u201d, refletiu.<\/p>\n<p>Para ele, a import\u00e2ncia da realiza\u00e7\u00e3o de um Concerto Espiritual de Finados no dia dos fi\u00e9is defuntos consiste na compreens\u00e3o de que a vida n\u00e3o acaba com a morte. \u201cTrazer a esperan\u00e7a e dizer para eles que a vida continua e n\u00f3s estamos aqui para ajudar com a nossa m\u00fasica\u201d, concluiu.<\/p>\n<p>Embora o concerto tenha sido gratuito, ao final das apresenta\u00e7\u00f5es, o p\u00fablico presente pode fazer contribui\u00e7\u00f5es que ser\u00e3o revertidas para a manuten\u00e7\u00e3o dos trabalhos do Instituto dos Meninos cantores de Petr\u00f3polis (IMCP). O pr\u00f3ximo concerto dos Canarinhos ser\u00e1 durante a abertura da exposi\u00e7\u00e3o de pres\u00e9pios no dia 06 de dezembro.<\/p>\n<p><img loading=\"lazy\" class=\"alignnone wp-image-213462 size-full\" src=\"https:\/\/franciscanos.org.br\/noticias\/wp-content\/uploads\/2019\/11\/concerto_021119_2.jpg\" alt=\"\" width=\"890\" height=\"500\" srcset=\"https:\/\/franciscanos.org.br\/noticias\/wp-content\/uploads\/2019\/11\/concerto_021119_2.jpg 890w, https:\/\/franciscanos.org.br\/noticias\/wp-content\/uploads\/2019\/11\/concerto_021119_2-450x253.jpg 450w, https:\/\/franciscanos.org.br\/noticias\/wp-content\/uploads\/2019\/11\/concerto_021119_2-768x431.jpg 768w, https:\/\/franciscanos.org.br\/noticias\/wp-content\/uploads\/2019\/11\/concerto_021119_2-150x84.jpg 150w\" sizes=\"(max-width: 890px) 100vw, 890px\" \/><\/p>\n<p><strong>SOBRE A OBRA DE GABRIEL FAUR\u00c9<\/strong><\/p>\n<p>Gabriel Faur\u00e9 comp\u00f4s seu r\u00e9quiem no fim do s\u00e9culo XVIII e foi uma de suas maiores obras. Formada por sete movimentos, a obra foi concebida para coro misto, solistas \u2013 soprano e bar\u00edtono \u2013 orquestra e \u00f3rg\u00e3o. Segundo o pr\u00f3prio compositor, a obra seria dominada por um sentimento muito humano de f\u00e9 no descanso eterno.<\/p>\n<p>O pr\u00f3prio compositor afirmou: \u201cDizem que meu R\u00e9quiem n\u00e3o expressa o medo da morte e alguns o chamaram can\u00e7\u00e3o de ninar da morte. Mas \u00e9 assim que eu vejo a morte: uma alegre liberta\u00e7\u00e3o, mais uma aspira\u00e7\u00e3o em dire\u00e7\u00e3o \u00e0 felicidade do que uma experi\u00eancia dolorosa\u201d.<\/p>\n<p>Para atingir seu intento, Faur\u00e9 omitiu o segmento da Sequ\u00eancia, que reporta \u00e0 ira do Senhor e ao fogo do inferno e adicionou os textos <em>Pie Jesu<\/em> e <em>In Paradisum <a href=\"https:\/\/www.youtube.com\/watch?v=u7LiQibWOGE\" target=\"_blank\" rel=\"noopener noreferrer\">(VEJA V\u00cdDEO)<\/a><\/em>, que, se n\u00e3o fazem parte do r\u00e9quiem, t\u00eam como meta enfatizar a certeza do repouso eterno.<\/p>\n<p>Segundo Frei Marcos, a obra \u00e9 descrita por muitos musicistas como uma can\u00e7\u00e3o de ninar da morte por conta de seu tom predominantemente suave. \u201cSeu foco est\u00e1 no descanso eterno e consolo\u201d.<\/p>\n<p>Disse Gabriel Faur\u00e9: \u201cToda minha compreens\u00e3o de religi\u00e3o coloquei no meu r\u00e9quiem que, al\u00e9m disso, \u00e9 dominado do come\u00e7o ao fim por um sentimento muito humano de f\u00e9 no descanso eterno\u201d.<\/p>\n<h2 style=\"text-align: center;\"><strong>VEJA MAIS IMAGENS DO CONCERTO<\/strong><\/h2>\n\n\t\t<style type=\"text\/css\">\n\t\t\t#gallery-1 {\n\t\t\t\tmargin: auto;\n\t\t\t}\n\t\t\t#gallery-1 .gallery-item {\n\t\t\t\tfloat: left;\n\t\t\t\tmargin-top: 10px;\n\t\t\t\ttext-align: center;\n\t\t\t\twidth: 25%;\n\t\t\t}\n\t\t\t#gallery-1 img {\n\t\t\t\tborder: 2px solid #cfcfcf;\n\t\t\t}\n\t\t\t#gallery-1 .gallery-caption {\n\t\t\t\tmargin-left: 0;\n\t\t\t}\n\t\t\t\/* see gallery_shortcode() in wp-includes\/media.php *\/\n\t\t<\/style>\n\t\t<div id='gallery-1' class='gallery galleryid-213459 gallery-columns-4 gallery-size-thumbnail'><dl class='gallery-item'>\n\t\t\t<dt class='gallery-icon landscape'>\n\t\t\t\t<a href='https:\/\/franciscanos.org.br\/noticias\/wp-content\/uploads\/2019\/11\/concerto_021119-1.jpg'><img width=\"300\" height=\"300\" src=\"https:\/\/franciscanos.org.br\/noticias\/wp-content\/uploads\/2019\/11\/concerto_021119-1-300x300.jpg\" class=\"attachment-thumbnail size-thumbnail\" alt=\"\" loading=\"lazy\" srcset=\"https:\/\/franciscanos.org.br\/noticias\/wp-content\/uploads\/2019\/11\/concerto_021119-1-300x300.jpg 300w, https:\/\/franciscanos.org.br\/noticias\/wp-content\/uploads\/2019\/11\/concerto_021119-1-100x100.jpg 100w, https:\/\/franciscanos.org.br\/noticias\/wp-content\/uploads\/2019\/11\/concerto_021119-1-400x400.jpg 400w\" sizes=\"(max-width: 300px) 100vw, 300px\" \/><\/a>\n\t\t\t<\/dt><\/dl><dl class='gallery-item'>\n\t\t\t<dt class='gallery-icon landscape'>\n\t\t\t\t<a href='https:\/\/franciscanos.org.br\/noticias\/wp-content\/uploads\/2019\/11\/concerto_021119-2.jpg'><img width=\"300\" height=\"300\" src=\"https:\/\/franciscanos.org.br\/noticias\/wp-content\/uploads\/2019\/11\/concerto_021119-2-300x300.jpg\" class=\"attachment-thumbnail size-thumbnail\" alt=\"\" loading=\"lazy\" srcset=\"https:\/\/franciscanos.org.br\/noticias\/wp-content\/uploads\/2019\/11\/concerto_021119-2-300x300.jpg 300w, https:\/\/franciscanos.org.br\/noticias\/wp-content\/uploads\/2019\/11\/concerto_021119-2-100x100.jpg 100w, https:\/\/franciscanos.org.br\/noticias\/wp-content\/uploads\/2019\/11\/concerto_021119-2-400x400.jpg 400w\" sizes=\"(max-width: 300px) 100vw, 300px\" \/><\/a>\n\t\t\t<\/dt><\/dl><dl class='gallery-item'>\n\t\t\t<dt class='gallery-icon landscape'>\n\t\t\t\t<a href='https:\/\/franciscanos.org.br\/noticias\/wp-content\/uploads\/2019\/11\/concerto_021119-3.jpg'><img width=\"300\" height=\"300\" src=\"https:\/\/franciscanos.org.br\/noticias\/wp-content\/uploads\/2019\/11\/concerto_021119-3-300x300.jpg\" class=\"attachment-thumbnail size-thumbnail\" alt=\"\" loading=\"lazy\" srcset=\"https:\/\/franciscanos.org.br\/noticias\/wp-content\/uploads\/2019\/11\/concerto_021119-3-300x300.jpg 300w, https:\/\/franciscanos.org.br\/noticias\/wp-content\/uploads\/2019\/11\/concerto_021119-3-100x100.jpg 100w, https:\/\/franciscanos.org.br\/noticias\/wp-content\/uploads\/2019\/11\/concerto_021119-3-400x400.jpg 400w\" sizes=\"(max-width: 300px) 100vw, 300px\" \/><\/a>\n\t\t\t<\/dt><\/dl><dl class='gallery-item'>\n\t\t\t<dt class='gallery-icon landscape'>\n\t\t\t\t<a href='https:\/\/franciscanos.org.br\/noticias\/wp-content\/uploads\/2019\/11\/concerto_021119-4.jpg'><img width=\"300\" height=\"300\" src=\"https:\/\/franciscanos.org.br\/noticias\/wp-content\/uploads\/2019\/11\/concerto_021119-4-300x300.jpg\" class=\"attachment-thumbnail size-thumbnail\" alt=\"\" loading=\"lazy\" srcset=\"https:\/\/franciscanos.org.br\/noticias\/wp-content\/uploads\/2019\/11\/concerto_021119-4-300x300.jpg 300w, https:\/\/franciscanos.org.br\/noticias\/wp-content\/uploads\/2019\/11\/concerto_021119-4-100x100.jpg 100w, https:\/\/franciscanos.org.br\/noticias\/wp-content\/uploads\/2019\/11\/concerto_021119-4-400x400.jpg 400w\" sizes=\"(max-width: 300px) 100vw, 300px\" \/><\/a>\n\t\t\t<\/dt><\/dl><br style=\"clear: both\" \/><dl class='gallery-item'>\n\t\t\t<dt class='gallery-icon landscape'>\n\t\t\t\t<a href='https:\/\/franciscanos.org.br\/noticias\/wp-content\/uploads\/2019\/11\/concerto_021119-5.jpg'><img width=\"300\" height=\"300\" src=\"https:\/\/franciscanos.org.br\/noticias\/wp-content\/uploads\/2019\/11\/concerto_021119-5-300x300.jpg\" class=\"attachment-thumbnail size-thumbnail\" alt=\"\" loading=\"lazy\" srcset=\"https:\/\/franciscanos.org.br\/noticias\/wp-content\/uploads\/2019\/11\/concerto_021119-5-300x300.jpg 300w, https:\/\/franciscanos.org.br\/noticias\/wp-content\/uploads\/2019\/11\/concerto_021119-5-100x100.jpg 100w, https:\/\/franciscanos.org.br\/noticias\/wp-content\/uploads\/2019\/11\/concerto_021119-5-400x400.jpg 400w\" sizes=\"(max-width: 300px) 100vw, 300px\" \/><\/a>\n\t\t\t<\/dt><\/dl><dl class='gallery-item'>\n\t\t\t<dt class='gallery-icon landscape'>\n\t\t\t\t<a href='https:\/\/franciscanos.org.br\/noticias\/wp-content\/uploads\/2019\/11\/concerto_021119-6.jpg'><img width=\"300\" height=\"300\" src=\"https:\/\/franciscanos.org.br\/noticias\/wp-content\/uploads\/2019\/11\/concerto_021119-6-300x300.jpg\" class=\"attachment-thumbnail size-thumbnail\" alt=\"\" loading=\"lazy\" srcset=\"https:\/\/franciscanos.org.br\/noticias\/wp-content\/uploads\/2019\/11\/concerto_021119-6-300x300.jpg 300w, https:\/\/franciscanos.org.br\/noticias\/wp-content\/uploads\/2019\/11\/concerto_021119-6-100x100.jpg 100w, https:\/\/franciscanos.org.br\/noticias\/wp-content\/uploads\/2019\/11\/concerto_021119-6-400x400.jpg 400w\" sizes=\"(max-width: 300px) 100vw, 300px\" \/><\/a>\n\t\t\t<\/dt><\/dl><dl class='gallery-item'>\n\t\t\t<dt class='gallery-icon landscape'>\n\t\t\t\t<a href='https:\/\/franciscanos.org.br\/noticias\/wp-content\/uploads\/2019\/11\/concerto_021119-7.jpg'><img width=\"300\" height=\"300\" src=\"https:\/\/franciscanos.org.br\/noticias\/wp-content\/uploads\/2019\/11\/concerto_021119-7-300x300.jpg\" class=\"attachment-thumbnail size-thumbnail\" alt=\"\" loading=\"lazy\" srcset=\"https:\/\/franciscanos.org.br\/noticias\/wp-content\/uploads\/2019\/11\/concerto_021119-7-300x300.jpg 300w, https:\/\/franciscanos.org.br\/noticias\/wp-content\/uploads\/2019\/11\/concerto_021119-7-100x100.jpg 100w, https:\/\/franciscanos.org.br\/noticias\/wp-content\/uploads\/2019\/11\/concerto_021119-7-400x400.jpg 400w\" sizes=\"(max-width: 300px) 100vw, 300px\" \/><\/a>\n\t\t\t<\/dt><\/dl><dl class='gallery-item'>\n\t\t\t<dt class='gallery-icon landscape'>\n\t\t\t\t<a href='https:\/\/franciscanos.org.br\/noticias\/wp-content\/uploads\/2019\/11\/concerto_021119-8.jpg'><img width=\"300\" height=\"300\" src=\"https:\/\/franciscanos.org.br\/noticias\/wp-content\/uploads\/2019\/11\/concerto_021119-8-300x300.jpg\" class=\"attachment-thumbnail size-thumbnail\" alt=\"\" loading=\"lazy\" srcset=\"https:\/\/franciscanos.org.br\/noticias\/wp-content\/uploads\/2019\/11\/concerto_021119-8-300x300.jpg 300w, https:\/\/franciscanos.org.br\/noticias\/wp-content\/uploads\/2019\/11\/concerto_021119-8-100x100.jpg 100w, https:\/\/franciscanos.org.br\/noticias\/wp-content\/uploads\/2019\/11\/concerto_021119-8-400x400.jpg 400w\" sizes=\"(max-width: 300px) 100vw, 300px\" \/><\/a>\n\t\t\t<\/dt><\/dl><br style=\"clear: both\" \/><dl class='gallery-item'>\n\t\t\t<dt class='gallery-icon landscape'>\n\t\t\t\t<a href='https:\/\/franciscanos.org.br\/noticias\/wp-content\/uploads\/2019\/11\/concerto_021119-9.jpg'><img width=\"300\" height=\"300\" src=\"https:\/\/franciscanos.org.br\/noticias\/wp-content\/uploads\/2019\/11\/concerto_021119-9-300x300.jpg\" class=\"attachment-thumbnail size-thumbnail\" alt=\"\" loading=\"lazy\" srcset=\"https:\/\/franciscanos.org.br\/noticias\/wp-content\/uploads\/2019\/11\/concerto_021119-9-300x300.jpg 300w, https:\/\/franciscanos.org.br\/noticias\/wp-content\/uploads\/2019\/11\/concerto_021119-9-100x100.jpg 100w, https:\/\/franciscanos.org.br\/noticias\/wp-content\/uploads\/2019\/11\/concerto_021119-9-400x400.jpg 400w\" sizes=\"(max-width: 300px) 100vw, 300px\" \/><\/a>\n\t\t\t<\/dt><\/dl><dl class='gallery-item'>\n\t\t\t<dt class='gallery-icon landscape'>\n\t\t\t\t<a href='https:\/\/franciscanos.org.br\/noticias\/wp-content\/uploads\/2019\/11\/concerto_021119-10.jpg'><img width=\"300\" height=\"300\" src=\"https:\/\/franciscanos.org.br\/noticias\/wp-content\/uploads\/2019\/11\/concerto_021119-10-300x300.jpg\" class=\"attachment-thumbnail size-thumbnail\" alt=\"\" loading=\"lazy\" srcset=\"https:\/\/franciscanos.org.br\/noticias\/wp-content\/uploads\/2019\/11\/concerto_021119-10-300x300.jpg 300w, https:\/\/franciscanos.org.br\/noticias\/wp-content\/uploads\/2019\/11\/concerto_021119-10-100x100.jpg 100w, https:\/\/franciscanos.org.br\/noticias\/wp-content\/uploads\/2019\/11\/concerto_021119-10-400x400.jpg 400w\" sizes=\"(max-width: 300px) 100vw, 300px\" \/><\/a>\n\t\t\t<\/dt><\/dl><dl class='gallery-item'>\n\t\t\t<dt class='gallery-icon landscape'>\n\t\t\t\t<a href='https:\/\/franciscanos.org.br\/noticias\/wp-content\/uploads\/2019\/11\/concerto_021119-11.jpg'><img width=\"300\" height=\"300\" src=\"https:\/\/franciscanos.org.br\/noticias\/wp-content\/uploads\/2019\/11\/concerto_021119-11-300x300.jpg\" class=\"attachment-thumbnail size-thumbnail\" alt=\"\" loading=\"lazy\" srcset=\"https:\/\/franciscanos.org.br\/noticias\/wp-content\/uploads\/2019\/11\/concerto_021119-11-300x300.jpg 300w, https:\/\/franciscanos.org.br\/noticias\/wp-content\/uploads\/2019\/11\/concerto_021119-11-100x100.jpg 100w, https:\/\/franciscanos.org.br\/noticias\/wp-content\/uploads\/2019\/11\/concerto_021119-11-400x400.jpg 400w\" sizes=\"(max-width: 300px) 100vw, 300px\" \/><\/a>\n\t\t\t<\/dt><\/dl><dl class='gallery-item'>\n\t\t\t<dt class='gallery-icon landscape'>\n\t\t\t\t<a href='https:\/\/franciscanos.org.br\/noticias\/wp-content\/uploads\/2019\/11\/concerto_021119-12.jpg'><img width=\"300\" height=\"300\" src=\"https:\/\/franciscanos.org.br\/noticias\/wp-content\/uploads\/2019\/11\/concerto_021119-12-300x300.jpg\" class=\"attachment-thumbnail size-thumbnail\" alt=\"\" loading=\"lazy\" srcset=\"https:\/\/franciscanos.org.br\/noticias\/wp-content\/uploads\/2019\/11\/concerto_021119-12-300x300.jpg 300w, https:\/\/franciscanos.org.br\/noticias\/wp-content\/uploads\/2019\/11\/concerto_021119-12-100x100.jpg 100w, https:\/\/franciscanos.org.br\/noticias\/wp-content\/uploads\/2019\/11\/concerto_021119-12-400x400.jpg 400w\" sizes=\"(max-width: 300px) 100vw, 300px\" \/><\/a>\n\t\t\t<\/dt><\/dl><br style=\"clear: both\" \/><dl class='gallery-item'>\n\t\t\t<dt class='gallery-icon landscape'>\n\t\t\t\t<a href='https:\/\/franciscanos.org.br\/noticias\/wp-content\/uploads\/2019\/11\/concerto_021119-13.jpg'><img width=\"300\" height=\"300\" src=\"https:\/\/franciscanos.org.br\/noticias\/wp-content\/uploads\/2019\/11\/concerto_021119-13-300x300.jpg\" class=\"attachment-thumbnail size-thumbnail\" alt=\"\" loading=\"lazy\" srcset=\"https:\/\/franciscanos.org.br\/noticias\/wp-content\/uploads\/2019\/11\/concerto_021119-13-300x300.jpg 300w, https:\/\/franciscanos.org.br\/noticias\/wp-content\/uploads\/2019\/11\/concerto_021119-13-100x100.jpg 100w, https:\/\/franciscanos.org.br\/noticias\/wp-content\/uploads\/2019\/11\/concerto_021119-13-400x400.jpg 400w\" sizes=\"(max-width: 300px) 100vw, 300px\" \/><\/a>\n\t\t\t<\/dt><\/dl><dl class='gallery-item'>\n\t\t\t<dt class='gallery-icon landscape'>\n\t\t\t\t<a href='https:\/\/franciscanos.org.br\/noticias\/wp-content\/uploads\/2019\/11\/concerto_021119-14.jpg'><img width=\"300\" height=\"300\" src=\"https:\/\/franciscanos.org.br\/noticias\/wp-content\/uploads\/2019\/11\/concerto_021119-14-300x300.jpg\" class=\"attachment-thumbnail size-thumbnail\" alt=\"\" loading=\"lazy\" srcset=\"https:\/\/franciscanos.org.br\/noticias\/wp-content\/uploads\/2019\/11\/concerto_021119-14-300x300.jpg 300w, https:\/\/franciscanos.org.br\/noticias\/wp-content\/uploads\/2019\/11\/concerto_021119-14-100x100.jpg 100w, https:\/\/franciscanos.org.br\/noticias\/wp-content\/uploads\/2019\/11\/concerto_021119-14-400x400.jpg 400w\" sizes=\"(max-width: 300px) 100vw, 300px\" \/><\/a>\n\t\t\t<\/dt><\/dl><dl class='gallery-item'>\n\t\t\t<dt class='gallery-icon landscape'>\n\t\t\t\t<a href='https:\/\/franciscanos.org.br\/noticias\/wp-content\/uploads\/2019\/11\/concerto_021119-15.jpg'><img width=\"300\" height=\"300\" src=\"https:\/\/franciscanos.org.br\/noticias\/wp-content\/uploads\/2019\/11\/concerto_021119-15-300x300.jpg\" class=\"attachment-thumbnail size-thumbnail\" alt=\"\" loading=\"lazy\" srcset=\"https:\/\/franciscanos.org.br\/noticias\/wp-content\/uploads\/2019\/11\/concerto_021119-15-300x300.jpg 300w, https:\/\/franciscanos.org.br\/noticias\/wp-content\/uploads\/2019\/11\/concerto_021119-15-100x100.jpg 100w, https:\/\/franciscanos.org.br\/noticias\/wp-content\/uploads\/2019\/11\/concerto_021119-15-400x400.jpg 400w\" sizes=\"(max-width: 300px) 100vw, 300px\" \/><\/a>\n\t\t\t<\/dt><\/dl><dl class='gallery-item'>\n\t\t\t<dt class='gallery-icon landscape'>\n\t\t\t\t<a href='https:\/\/franciscanos.org.br\/noticias\/wp-content\/uploads\/2019\/11\/concerto_021119-16.jpg'><img width=\"300\" height=\"300\" src=\"https:\/\/franciscanos.org.br\/noticias\/wp-content\/uploads\/2019\/11\/concerto_021119-16-300x300.jpg\" class=\"attachment-thumbnail size-thumbnail\" alt=\"\" loading=\"lazy\" srcset=\"https:\/\/franciscanos.org.br\/noticias\/wp-content\/uploads\/2019\/11\/concerto_021119-16-300x300.jpg 300w, https:\/\/franciscanos.org.br\/noticias\/wp-content\/uploads\/2019\/11\/concerto_021119-16-100x100.jpg 100w, https:\/\/franciscanos.org.br\/noticias\/wp-content\/uploads\/2019\/11\/concerto_021119-16-400x400.jpg 400w\" sizes=\"(max-width: 300px) 100vw, 300px\" \/><\/a>\n\t\t\t<\/dt><\/dl><br style=\"clear: both\" \/><dl class='gallery-item'>\n\t\t\t<dt class='gallery-icon landscape'>\n\t\t\t\t<a href='https:\/\/franciscanos.org.br\/noticias\/wp-content\/uploads\/2019\/11\/concerto_021119-17.jpg'><img width=\"300\" height=\"300\" src=\"https:\/\/franciscanos.org.br\/noticias\/wp-content\/uploads\/2019\/11\/concerto_021119-17-300x300.jpg\" class=\"attachment-thumbnail size-thumbnail\" alt=\"\" loading=\"lazy\" srcset=\"https:\/\/franciscanos.org.br\/noticias\/wp-content\/uploads\/2019\/11\/concerto_021119-17-300x300.jpg 300w, https:\/\/franciscanos.org.br\/noticias\/wp-content\/uploads\/2019\/11\/concerto_021119-17-100x100.jpg 100w, https:\/\/franciscanos.org.br\/noticias\/wp-content\/uploads\/2019\/11\/concerto_021119-17-400x400.jpg 400w\" sizes=\"(max-width: 300px) 100vw, 300px\" \/><\/a>\n\t\t\t<\/dt><\/dl><dl class='gallery-item'>\n\t\t\t<dt class='gallery-icon landscape'>\n\t\t\t\t<a href='https:\/\/franciscanos.org.br\/noticias\/wp-content\/uploads\/2019\/11\/concerto_021119-18.jpg'><img width=\"300\" height=\"300\" src=\"https:\/\/franciscanos.org.br\/noticias\/wp-content\/uploads\/2019\/11\/concerto_021119-18-300x300.jpg\" class=\"attachment-thumbnail size-thumbnail\" alt=\"\" loading=\"lazy\" srcset=\"https:\/\/franciscanos.org.br\/noticias\/wp-content\/uploads\/2019\/11\/concerto_021119-18-300x300.jpg 300w, https:\/\/franciscanos.org.br\/noticias\/wp-content\/uploads\/2019\/11\/concerto_021119-18-100x100.jpg 100w, https:\/\/franciscanos.org.br\/noticias\/wp-content\/uploads\/2019\/11\/concerto_021119-18-400x400.jpg 400w\" sizes=\"(max-width: 300px) 100vw, 300px\" \/><\/a>\n\t\t\t<\/dt><\/dl><dl class='gallery-item'>\n\t\t\t<dt class='gallery-icon landscape'>\n\t\t\t\t<a href='https:\/\/franciscanos.org.br\/noticias\/wp-content\/uploads\/2019\/11\/concerto_021119-19.jpg'><img width=\"300\" height=\"300\" src=\"https:\/\/franciscanos.org.br\/noticias\/wp-content\/uploads\/2019\/11\/concerto_021119-19-300x300.jpg\" class=\"attachment-thumbnail size-thumbnail\" alt=\"\" loading=\"lazy\" srcset=\"https:\/\/franciscanos.org.br\/noticias\/wp-content\/uploads\/2019\/11\/concerto_021119-19-300x300.jpg 300w, https:\/\/franciscanos.org.br\/noticias\/wp-content\/uploads\/2019\/11\/concerto_021119-19-100x100.jpg 100w, https:\/\/franciscanos.org.br\/noticias\/wp-content\/uploads\/2019\/11\/concerto_021119-19-400x400.jpg 400w\" sizes=\"(max-width: 300px) 100vw, 300px\" \/><\/a>\n\t\t\t<\/dt><\/dl><dl class='gallery-item'>\n\t\t\t<dt class='gallery-icon landscape'>\n\t\t\t\t<a href='https:\/\/franciscanos.org.br\/noticias\/wp-content\/uploads\/2019\/11\/concerto_021119-20.jpg'><img width=\"300\" height=\"300\" src=\"https:\/\/franciscanos.org.br\/noticias\/wp-content\/uploads\/2019\/11\/concerto_021119-20-300x300.jpg\" class=\"attachment-thumbnail size-thumbnail\" alt=\"\" loading=\"lazy\" srcset=\"https:\/\/franciscanos.org.br\/noticias\/wp-content\/uploads\/2019\/11\/concerto_021119-20-300x300.jpg 300w, https:\/\/franciscanos.org.br\/noticias\/wp-content\/uploads\/2019\/11\/concerto_021119-20-100x100.jpg 100w, https:\/\/franciscanos.org.br\/noticias\/wp-content\/uploads\/2019\/11\/concerto_021119-20-400x400.jpg 400w\" sizes=\"(max-width: 300px) 100vw, 300px\" \/><\/a>\n\t\t\t<\/dt><\/dl><br style=\"clear: both\" \/><dl class='gallery-item'>\n\t\t\t<dt class='gallery-icon landscape'>\n\t\t\t\t<a href='https:\/\/franciscanos.org.br\/noticias\/wp-content\/uploads\/2019\/11\/concerto_021119-21.jpg'><img width=\"300\" height=\"300\" src=\"https:\/\/franciscanos.org.br\/noticias\/wp-content\/uploads\/2019\/11\/concerto_021119-21-300x300.jpg\" class=\"attachment-thumbnail size-thumbnail\" alt=\"\" loading=\"lazy\" srcset=\"https:\/\/franciscanos.org.br\/noticias\/wp-content\/uploads\/2019\/11\/concerto_021119-21-300x300.jpg 300w, https:\/\/franciscanos.org.br\/noticias\/wp-content\/uploads\/2019\/11\/concerto_021119-21-100x100.jpg 100w, https:\/\/franciscanos.org.br\/noticias\/wp-content\/uploads\/2019\/11\/concerto_021119-21-400x400.jpg 400w\" sizes=\"(max-width: 300px) 100vw, 300px\" \/><\/a>\n\t\t\t<\/dt><\/dl><dl class='gallery-item'>\n\t\t\t<dt class='gallery-icon landscape'>\n\t\t\t\t<a href='https:\/\/franciscanos.org.br\/noticias\/wp-content\/uploads\/2019\/11\/concerto_021119-22.jpg'><img width=\"300\" height=\"300\" src=\"https:\/\/franciscanos.org.br\/noticias\/wp-content\/uploads\/2019\/11\/concerto_021119-22-300x300.jpg\" class=\"attachment-thumbnail size-thumbnail\" alt=\"\" loading=\"lazy\" srcset=\"https:\/\/franciscanos.org.br\/noticias\/wp-content\/uploads\/2019\/11\/concerto_021119-22-300x300.jpg 300w, https:\/\/franciscanos.org.br\/noticias\/wp-content\/uploads\/2019\/11\/concerto_021119-22-100x100.jpg 100w, https:\/\/franciscanos.org.br\/noticias\/wp-content\/uploads\/2019\/11\/concerto_021119-22-400x400.jpg 400w\" sizes=\"(max-width: 300px) 100vw, 300px\" \/><\/a>\n\t\t\t<\/dt><\/dl><dl class='gallery-item'>\n\t\t\t<dt class='gallery-icon landscape'>\n\t\t\t\t<a href='https:\/\/franciscanos.org.br\/noticias\/wp-content\/uploads\/2019\/11\/concerto_021119-23.jpg'><img width=\"300\" height=\"300\" src=\"https:\/\/franciscanos.org.br\/noticias\/wp-content\/uploads\/2019\/11\/concerto_021119-23-300x300.jpg\" class=\"attachment-thumbnail size-thumbnail\" alt=\"\" loading=\"lazy\" srcset=\"https:\/\/franciscanos.org.br\/noticias\/wp-content\/uploads\/2019\/11\/concerto_021119-23-300x300.jpg 300w, https:\/\/franciscanos.org.br\/noticias\/wp-content\/uploads\/2019\/11\/concerto_021119-23-100x100.jpg 100w, https:\/\/franciscanos.org.br\/noticias\/wp-content\/uploads\/2019\/11\/concerto_021119-23-400x400.jpg 400w\" sizes=\"(max-width: 300px) 100vw, 300px\" \/><\/a>\n\t\t\t<\/dt><\/dl><dl class='gallery-item'>\n\t\t\t<dt class='gallery-icon landscape'>\n\t\t\t\t<a href='https:\/\/franciscanos.org.br\/noticias\/wp-content\/uploads\/2019\/11\/concerto_021119-24.jpg'><img width=\"300\" height=\"300\" src=\"https:\/\/franciscanos.org.br\/noticias\/wp-content\/uploads\/2019\/11\/concerto_021119-24-300x300.jpg\" class=\"attachment-thumbnail size-thumbnail\" alt=\"\" loading=\"lazy\" srcset=\"https:\/\/franciscanos.org.br\/noticias\/wp-content\/uploads\/2019\/11\/concerto_021119-24-300x300.jpg 300w, https:\/\/franciscanos.org.br\/noticias\/wp-content\/uploads\/2019\/11\/concerto_021119-24-100x100.jpg 100w, https:\/\/franciscanos.org.br\/noticias\/wp-content\/uploads\/2019\/11\/concerto_021119-24-400x400.jpg 400w\" sizes=\"(max-width: 300px) 100vw, 300px\" \/><\/a>\n\t\t\t<\/dt><\/dl><br style=\"clear: both\" \/>\n\t\t<\/div>\n\n","protected":false},"excerpt":{"rendered":"<p>Concerto Espiritual de Finados<\/p>\n","protected":false},"author":5,"featured_media":213463,"comment_status":"open","ping_status":"open","sticky":false,"template":"","format":"standard","meta":[],"categories":[1],"tags":[1378,1531,190],"acf":[],"yoast_head":"<!-- This site is optimized with the Yoast SEO plugin v19.2 - https:\/\/yoast.com\/wordpress\/plugins\/seo\/ -->\n<title>Concerto de Finados: \u201cUm sentimento humano de f\u00e9 no descanso eterno\u201d - Not\u00edcias - Franciscanos<\/title>\n<meta name=\"robots\" content=\"index, follow, max-snippet:-1, max-image-preview:large, max-video-preview:-1\" \/>\n<link rel=\"canonical\" href=\"https:\/\/franciscanos.org.br\/noticias\/concerto-de-finados-um-sentimento-humano-de-fe-no-descanso-eterno.html\" \/>\n<meta property=\"og:locale\" content=\"pt_BR\" \/>\n<meta property=\"og:type\" content=\"article\" \/>\n<meta property=\"og:title\" content=\"Concerto de Finados: \u201cUm sentimento humano de f\u00e9 no descanso eterno\u201d - Not\u00edcias - Franciscanos\" \/>\n<meta property=\"og:description\" content=\"Concerto Espiritual de Finados\" \/>\n<meta property=\"og:url\" content=\"https:\/\/franciscanos.org.br\/noticias\/concerto-de-finados-um-sentimento-humano-de-fe-no-descanso-eterno.html\" \/>\n<meta property=\"og:site_name\" content=\"Not\u00edcias - Franciscanos\" \/>\n<meta property=\"article:published_time\" content=\"2019-11-03T03:35:30+00:00\" \/>\n<meta property=\"article:modified_time\" content=\"2021-07-05T23:08:07+00:00\" \/>\n<meta property=\"og:image\" content=\"https:\/\/franciscanos.org.br\/noticias\/wp-content\/uploads\/2019\/11\/concerto_021119_3.jpg\" \/>\n\t<meta property=\"og:image:width\" content=\"273\" \/>\n\t<meta property=\"og:image:height\" content=\"181\" \/>\n\t<meta property=\"og:image:type\" content=\"image\/jpeg\" \/>\n<meta name=\"author\" content=\"freiaugusto\" \/>\n<meta name=\"twitter:card\" content=\"summary_large_image\" \/>\n<meta name=\"twitter:label1\" content=\"Escrito por\" \/>\n\t<meta name=\"twitter:data1\" content=\"freiaugusto\" \/>\n\t<meta name=\"twitter:label2\" content=\"Est. tempo de leitura\" \/>\n\t<meta name=\"twitter:data2\" content=\"6 minutos\" \/>\n<script type=\"application\/ld+json\" class=\"yoast-schema-graph\">{\"@context\":\"https:\/\/schema.org\",\"@graph\":[{\"@type\":\"WebSite\",\"@id\":\"https:\/\/franciscanos.org.br\/noticias\/#website\",\"url\":\"https:\/\/franciscanos.org.br\/noticias\/\",\"name\":\"Not\u00edcias - Franciscanos\",\"description\":\"Prov\u00edncia Franciscana da Imaculada Concei\u00e7\u00e3o do Brasil - Ordem dos Frades Menores - OFM\",\"potentialAction\":[{\"@type\":\"SearchAction\",\"target\":{\"@type\":\"EntryPoint\",\"urlTemplate\":\"https:\/\/franciscanos.org.br\/noticias\/?s={search_term_string}\"},\"query-input\":\"required name=search_term_string\"}],\"inLanguage\":\"pt-BR\"},{\"@type\":\"ImageObject\",\"inLanguage\":\"pt-BR\",\"@id\":\"https:\/\/franciscanos.org.br\/noticias\/concerto-de-finados-um-sentimento-humano-de-fe-no-descanso-eterno.html#primaryimage\",\"url\":\"https:\/\/franciscanos.org.br\/noticias\/wp-content\/uploads\/2019\/11\/concerto_021119_3.jpg\",\"contentUrl\":\"https:\/\/franciscanos.org.br\/noticias\/wp-content\/uploads\/2019\/11\/concerto_021119_3.jpg\",\"width\":273,\"height\":181},{\"@type\":\"WebPage\",\"@id\":\"https:\/\/franciscanos.org.br\/noticias\/concerto-de-finados-um-sentimento-humano-de-fe-no-descanso-eterno.html#webpage\",\"url\":\"https:\/\/franciscanos.org.br\/noticias\/concerto-de-finados-um-sentimento-humano-de-fe-no-descanso-eterno.html\",\"name\":\"Concerto de Finados: \u201cUm sentimento humano de f\u00e9 no descanso eterno\u201d - Not\u00edcias - Franciscanos\",\"isPartOf\":{\"@id\":\"https:\/\/franciscanos.org.br\/noticias\/#website\"},\"primaryImageOfPage\":{\"@id\":\"https:\/\/franciscanos.org.br\/noticias\/concerto-de-finados-um-sentimento-humano-de-fe-no-descanso-eterno.html#primaryimage\"},\"datePublished\":\"2019-11-03T03:35:30+00:00\",\"dateModified\":\"2021-07-05T23:08:07+00:00\",\"author\":{\"@id\":\"https:\/\/franciscanos.org.br\/noticias\/#\/schema\/person\/37f88f0d111cd5358b12a6556a99eb91\"},\"breadcrumb\":{\"@id\":\"https:\/\/franciscanos.org.br\/noticias\/concerto-de-finados-um-sentimento-humano-de-fe-no-descanso-eterno.html#breadcrumb\"},\"inLanguage\":\"pt-BR\",\"potentialAction\":[{\"@type\":\"ReadAction\",\"target\":[\"https:\/\/franciscanos.org.br\/noticias\/concerto-de-finados-um-sentimento-humano-de-fe-no-descanso-eterno.html\"]}]},{\"@type\":\"BreadcrumbList\",\"@id\":\"https:\/\/franciscanos.org.br\/noticias\/concerto-de-finados-um-sentimento-humano-de-fe-no-descanso-eterno.html#breadcrumb\",\"itemListElement\":[{\"@type\":\"ListItem\",\"position\":1,\"name\":\"Home\",\"item\":\"https:\/\/franciscanos.org.br\/noticias\"},{\"@type\":\"ListItem\",\"position\":2,\"name\":\"Concerto de Finados: \u201cUm sentimento humano de f\u00e9 no descanso eterno\u201d\"}]},{\"@type\":\"Person\",\"@id\":\"https:\/\/franciscanos.org.br\/noticias\/#\/schema\/person\/37f88f0d111cd5358b12a6556a99eb91\",\"name\":\"freiaugusto\",\"image\":{\"@type\":\"ImageObject\",\"inLanguage\":\"pt-BR\",\"@id\":\"https:\/\/franciscanos.org.br\/noticias\/#\/schema\/person\/image\/\",\"url\":\"https:\/\/secure.gravatar.com\/avatar\/9840b940e621801b24f3e6b059efb4b7?s=96&d=mm&r=g\",\"contentUrl\":\"https:\/\/secure.gravatar.com\/avatar\/9840b940e621801b24f3e6b059efb4b7?s=96&d=mm&r=g\",\"caption\":\"freiaugusto\"},\"url\":\"https:\/\/franciscanos.org.br\/noticias\/author\/freiaugusto\"}]}<\/script>\n<!-- \/ Yoast SEO plugin. -->","yoast_head_json":{"title":"Concerto de Finados: \u201cUm sentimento humano de f\u00e9 no descanso eterno\u201d - Not\u00edcias - Franciscanos","robots":{"index":"index","follow":"follow","max-snippet":"max-snippet:-1","max-image-preview":"max-image-preview:large","max-video-preview":"max-video-preview:-1"},"canonical":"https:\/\/franciscanos.org.br\/noticias\/concerto-de-finados-um-sentimento-humano-de-fe-no-descanso-eterno.html","og_locale":"pt_BR","og_type":"article","og_title":"Concerto de Finados: \u201cUm sentimento humano de f\u00e9 no descanso eterno\u201d - Not\u00edcias - Franciscanos","og_description":"Concerto Espiritual de Finados","og_url":"https:\/\/franciscanos.org.br\/noticias\/concerto-de-finados-um-sentimento-humano-de-fe-no-descanso-eterno.html","og_site_name":"Not\u00edcias - Franciscanos","article_published_time":"2019-11-03T03:35:30+00:00","article_modified_time":"2021-07-05T23:08:07+00:00","og_image":[{"width":273,"height":181,"url":"https:\/\/franciscanos.org.br\/noticias\/wp-content\/uploads\/2019\/11\/concerto_021119_3.jpg","type":"image\/jpeg"}],"author":"freiaugusto","twitter_card":"summary_large_image","twitter_misc":{"Escrito por":"freiaugusto","Est. tempo de leitura":"6 minutos"},"schema":{"@context":"https:\/\/schema.org","@graph":[{"@type":"WebSite","@id":"https:\/\/franciscanos.org.br\/noticias\/#website","url":"https:\/\/franciscanos.org.br\/noticias\/","name":"Not\u00edcias - Franciscanos","description":"Prov\u00edncia Franciscana da Imaculada Concei\u00e7\u00e3o do Brasil - Ordem dos Frades Menores - OFM","potentialAction":[{"@type":"SearchAction","target":{"@type":"EntryPoint","urlTemplate":"https:\/\/franciscanos.org.br\/noticias\/?s={search_term_string}"},"query-input":"required name=search_term_string"}],"inLanguage":"pt-BR"},{"@type":"ImageObject","inLanguage":"pt-BR","@id":"https:\/\/franciscanos.org.br\/noticias\/concerto-de-finados-um-sentimento-humano-de-fe-no-descanso-eterno.html#primaryimage","url":"https:\/\/franciscanos.org.br\/noticias\/wp-content\/uploads\/2019\/11\/concerto_021119_3.jpg","contentUrl":"https:\/\/franciscanos.org.br\/noticias\/wp-content\/uploads\/2019\/11\/concerto_021119_3.jpg","width":273,"height":181},{"@type":"WebPage","@id":"https:\/\/franciscanos.org.br\/noticias\/concerto-de-finados-um-sentimento-humano-de-fe-no-descanso-eterno.html#webpage","url":"https:\/\/franciscanos.org.br\/noticias\/concerto-de-finados-um-sentimento-humano-de-fe-no-descanso-eterno.html","name":"Concerto de Finados: \u201cUm sentimento humano de f\u00e9 no descanso eterno\u201d - Not\u00edcias - Franciscanos","isPartOf":{"@id":"https:\/\/franciscanos.org.br\/noticias\/#website"},"primaryImageOfPage":{"@id":"https:\/\/franciscanos.org.br\/noticias\/concerto-de-finados-um-sentimento-humano-de-fe-no-descanso-eterno.html#primaryimage"},"datePublished":"2019-11-03T03:35:30+00:00","dateModified":"2021-07-05T23:08:07+00:00","author":{"@id":"https:\/\/franciscanos.org.br\/noticias\/#\/schema\/person\/37f88f0d111cd5358b12a6556a99eb91"},"breadcrumb":{"@id":"https:\/\/franciscanos.org.br\/noticias\/concerto-de-finados-um-sentimento-humano-de-fe-no-descanso-eterno.html#breadcrumb"},"inLanguage":"pt-BR","potentialAction":[{"@type":"ReadAction","target":["https:\/\/franciscanos.org.br\/noticias\/concerto-de-finados-um-sentimento-humano-de-fe-no-descanso-eterno.html"]}]},{"@type":"BreadcrumbList","@id":"https:\/\/franciscanos.org.br\/noticias\/concerto-de-finados-um-sentimento-humano-de-fe-no-descanso-eterno.html#breadcrumb","itemListElement":[{"@type":"ListItem","position":1,"name":"Home","item":"https:\/\/franciscanos.org.br\/noticias"},{"@type":"ListItem","position":2,"name":"Concerto de Finados: \u201cUm sentimento humano de f\u00e9 no descanso eterno\u201d"}]},{"@type":"Person","@id":"https:\/\/franciscanos.org.br\/noticias\/#\/schema\/person\/37f88f0d111cd5358b12a6556a99eb91","name":"freiaugusto","image":{"@type":"ImageObject","inLanguage":"pt-BR","@id":"https:\/\/franciscanos.org.br\/noticias\/#\/schema\/person\/image\/","url":"https:\/\/secure.gravatar.com\/avatar\/9840b940e621801b24f3e6b059efb4b7?s=96&d=mm&r=g","contentUrl":"https:\/\/secure.gravatar.com\/avatar\/9840b940e621801b24f3e6b059efb4b7?s=96&d=mm&r=g","caption":"freiaugusto"},"url":"https:\/\/franciscanos.org.br\/noticias\/author\/freiaugusto"}]}},"_links":{"self":[{"href":"https:\/\/franciscanos.org.br\/noticias\/wp-json\/wp\/v2\/posts\/213459"}],"collection":[{"href":"https:\/\/franciscanos.org.br\/noticias\/wp-json\/wp\/v2\/posts"}],"about":[{"href":"https:\/\/franciscanos.org.br\/noticias\/wp-json\/wp\/v2\/types\/post"}],"author":[{"embeddable":true,"href":"https:\/\/franciscanos.org.br\/noticias\/wp-json\/wp\/v2\/users\/5"}],"replies":[{"embeddable":true,"href":"https:\/\/franciscanos.org.br\/noticias\/wp-json\/wp\/v2\/comments?post=213459"}],"version-history":[{"count":1,"href":"https:\/\/franciscanos.org.br\/noticias\/wp-json\/wp\/v2\/posts\/213459\/revisions"}],"predecessor-version":[{"id":232885,"href":"https:\/\/franciscanos.org.br\/noticias\/wp-json\/wp\/v2\/posts\/213459\/revisions\/232885"}],"wp:featuredmedia":[{"embeddable":true,"href":"https:\/\/franciscanos.org.br\/noticias\/wp-json\/wp\/v2\/media\/213463"}],"wp:attachment":[{"href":"https:\/\/franciscanos.org.br\/noticias\/wp-json\/wp\/v2\/media?parent=213459"}],"wp:term":[{"taxonomy":"category","embeddable":true,"href":"https:\/\/franciscanos.org.br\/noticias\/wp-json\/wp\/v2\/categories?post=213459"},{"taxonomy":"post_tag","embeddable":true,"href":"https:\/\/franciscanos.org.br\/noticias\/wp-json\/wp\/v2\/tags?post=213459"}],"curies":[{"name":"wp","href":"https:\/\/api.w.org\/{rel}","templated":true}]}}