{"id":213436,"date":"2019-11-02T14:51:21","date_gmt":"2019-11-02T17:51:21","guid":{"rendered":"https:\/\/franciscanos.org.br\/noticias\/?p=213436"},"modified":"2020-06-05T19:23:17","modified_gmt":"2020-06-05T22:23:17","slug":"o-lugar-do-cristao-esta-nas-maos-de-deus-chagadas-de-amor-diz-papa-nas-catacumbas-de-priscila","status":"publish","type":"post","link":"https:\/\/franciscanos.org.br\/noticias\/o-lugar-do-cristao-esta-nas-maos-de-deus-chagadas-de-amor-diz-papa-nas-catacumbas-de-priscila.html","title":{"rendered":"&#8220;O lugar do crist\u00e3o est\u00e1 nas m\u00e3os de Deus, chagadas de amor&#8221;, diz Papa nas Catacumbas de Priscila"},"content":{"rendered":"<p><img loading=\"lazy\" class=\"alignnone wp-image-213438 size-full\" src=\"https:\/\/franciscanos.org.br\/noticias\/wp-content\/uploads\/2019\/11\/papa_021119.jpg\" alt=\"\" width=\"890\" height=\"500\" srcset=\"https:\/\/franciscanos.org.br\/noticias\/wp-content\/uploads\/2019\/11\/papa_021119.jpg 890w, https:\/\/franciscanos.org.br\/noticias\/wp-content\/uploads\/2019\/11\/papa_021119-450x253.jpg 450w, https:\/\/franciscanos.org.br\/noticias\/wp-content\/uploads\/2019\/11\/papa_021119-768x431.jpg 768w, https:\/\/franciscanos.org.br\/noticias\/wp-content\/uploads\/2019\/11\/papa_021119-150x84.jpg 150w\" sizes=\"(max-width: 890px) 100vw, 890px\" \/><\/p>\n<p><b>Cidade do Vaticano &#8211;\u00a0<\/b>Em 2019, a escolha do Santo Padre para a celebra\u00e7\u00e3o dos Fi\u00e9is Defuntos recaiu sobre o Cemit\u00e9rio Laurentino, uma \u00e1rea de 27 hectares na zona rural de Roma, onde se deteve diante dos t\u00famulos de crian\u00e7as falecidas prematuramente por doen\u00e7as, acidentes ou nunca nascidas, o chamado \u201cJardim dos Anjos\u201d.<\/p>\n<p>Desta vez, o Papa quis presidir a celebra\u00e7\u00e3o Eucar\u00edstica nas Catacumbas de Priscila, a \u201c<i>regina catacumbarum<\/i>\u201d como era denominado por todos os documentos topogr\u00e1ficos e lit\u00fargicos antigos o\u00a0 cemit\u00e9rio dos m\u00e1rtires localizado na Vila Sal\u00e1ria, em Roma.<\/p>\n<p>O Papa Francisco n\u00e3o levou consigo nenhum texto preparado, tendo pronunciado sua homilia de forma espont\u00e2nea:<\/p>\n<p><em>\u201cA celebra\u00e7\u00e3o da festa de todos os falecidos em uma catacumba &#8211; para mim \u00e9 a primeira vez na vida que entro em uma catacumba &#8211; \u00e9 uma surpresa; e tamb\u00e9m nos diz muitas coisas. Podemos pensar na vida dessas pessoas, que tinham que se esconder, que tinham essa cultura de sepultar os mortos e celebrar a Eucaristia aqui &#8230; \u00e9 um momento da hist\u00f3ria dif\u00edcil, mas que n\u00e3o foi superado: tamb\u00e9m hoje existem. Existem tantas. Tantas catacumbas em outros pa\u00edses onde at\u00e9 mesmo devem fingir fazer festa ou um anivers\u00e1rio para celebrar a Eucaristia, porque naquele lugar \u00e9 proibido faz\u00ea-lo: tamb\u00e9m hoje existem crist\u00e3os perseguidos, mais do que nos primeiros s\u00e9culos. Mais! Isso &#8211; as catacumbas, a persegui\u00e7\u00e3o, os crist\u00e3os &#8211; e essas leituras me fazem pensar em tr\u00eas palavras: a identidade, o lugar e a esperan\u00e7a.<\/em><\/p>\n<p><em>A identidade dessas pessoas que se reuniam aqui para celebrar a Eucaristia e para louvar ao Senhor \u00e9 a mesma de nossos irm\u00e3os hoje em tantos, tantos pa\u00edses onde ser crist\u00e3o \u00e9 um crime, \u00e9 proibido: eles n\u00e3o t\u00eam o direito. A mesma coisa. Esta \u00e9 a identidade que ouvimos: s\u00e3o as Bem-Aventuran\u00e7as. A identidade do crist\u00e3o \u00e9 esta: as Bem-Aventuran\u00e7as. N\u00e3o h\u00e1 outra. Se voc\u00ea faz isso, se voc\u00ea vive assim, voc\u00ea \u00e9 um crist\u00e3o. &#8220;N\u00e3o, mas, veja, eu perten\u00e7o a essa associa\u00e7\u00e3o, \u00e0quela outra &#8230; e perten\u00e7o a esse movimento &#8230;&#8221;: sim, sim, sim, todas coisas belas. Mas essas s\u00e3o fantasias diante dessa realidade. A sua carteira de identidade \u00e9 essa e, se voc\u00ea n\u00e3o a tiver, ser\u00e3o in\u00fateis os movimentos ou outras perten\u00e7as. Ou voc\u00ea vive assim ou n\u00e3o \u00e9 crist\u00e3o. Simplesmente: o Senhor disse isso. &#8220;Sim, mas n\u00e3o \u00e9 f\u00e1cil, n\u00e3o sei como viver assim &#8230;&#8221;: mas h\u00e1 outra passagem do Evangelho que nos ajuda a entender melhor isso, e tamb\u00e9m essa passagem do Evangelho ser\u00e1 o &#8220;Grande Protocolo&#8221; com [segundo] o qual seremos julgados. \u00c9 Mateus 25. Com essas duas passagens do Evangelho, as Bem-Aventuran\u00e7as e o Grande Protocolo, n\u00f3s mostraremos, vivendo isso, nossa identidade de crist\u00e3os. Sem isso, n\u00e3o h\u00e1 identidade. H\u00e1 uma pretens\u00e3o de ser crist\u00e3o, mas n\u00e3o uma identidade.<\/em><\/p>\n<p><img loading=\"lazy\" class=\"alignnone size-full wp-image-213439\" src=\"https:\/\/franciscanos.org.br\/noticias\/wp-content\/uploads\/2019\/11\/papa_021119_1.jpg\" alt=\"\" width=\"890\" height=\"500\" srcset=\"https:\/\/franciscanos.org.br\/noticias\/wp-content\/uploads\/2019\/11\/papa_021119_1.jpg 890w, https:\/\/franciscanos.org.br\/noticias\/wp-content\/uploads\/2019\/11\/papa_021119_1-450x253.jpg 450w, https:\/\/franciscanos.org.br\/noticias\/wp-content\/uploads\/2019\/11\/papa_021119_1-768x431.jpg 768w, https:\/\/franciscanos.org.br\/noticias\/wp-content\/uploads\/2019\/11\/papa_021119_1-150x84.jpg 150w\" sizes=\"(max-width: 890px) 100vw, 890px\" \/><\/p>\n<p><em>Essa \u00e9 a identidade do crist\u00e3o. A segunda palavra: o lugar. Essas pessoas que vinham aqui para se esconder, para estarem seguras, tamb\u00e9m para sepultar os mortos, aqui; aquelas pessoas que celebram hoje a Eucaristia em segredo, naqueles pa\u00edses onde \u00e9 proibido &#8211; penso naquela freira da Alb\u00e2nia que estava em um campo de reeduca\u00e7\u00e3o, na \u00e9poca do comunismo, e era proibido aos sacerdotes darem os Sacramentos, e esta freira, ali, batizava em segredo. As pessoas, os crist\u00e3os, sabiam que essa freira batizava e as m\u00e3es se aproximavam com a crian\u00e7a; mas ela n\u00e3o tinha um copo, algo para colocar \u00e1gua &#8230; Com os sapatos, tirava \u00e1gua do rio e batizava com sapatos. O lugar do crist\u00e3o est\u00e1 em todo lugar: n\u00f3s n\u00e3o temos um lugar privilegiado na vida. Alguns querem t\u00ea-lo &#8211; \u00a0s\u00e3o crist\u00e3os qualificados. Mas eles correm o risco de permanecer com o &#8220;qualificados&#8221; e abandonar o &#8220;crist\u00e3o&#8221;. Os crist\u00e3os, qual \u00e9 o lugar deles? &#8220;As almas dos justos est\u00e3o nas m\u00e3os de Deus&#8221;: o lugar do crist\u00e3o est\u00e1 nas m\u00e3os de Deus, onde Ele quer. As m\u00e3os de Deus que s\u00e3o chagadas, que s\u00e3o as m\u00e3os de seu Filho que quis levar consigo as feridas para mostr\u00e1-las ao Pai e interceder por n\u00f3s. O lugar do crist\u00e3o \u00e9 na intercess\u00e3o de Jesus diante do Pai: nas m\u00e3os de Deus, e ali estamos seguros. Aconte\u00e7a o que acontecer, mesmo a Cruz: mesmo, a nossa identidade diz que daremos gra\u00e7as se nos perseguirem, tudo o que disserem contra n\u00f3s; mas se estivermos nas m\u00e3os de Deus chagadas de amor, estaremos seguros. Este \u00e9 o nosso lugar.<\/em><\/p>\n<p><em>E hoje podemos nos perguntar: mas eu, onde me sinto mais seguro? Nas m\u00e3os de Deus ou com outras coisas, com outras seguran\u00e7as que n\u00f3s &#8220;alugamos&#8221;, mas que no final caem, que n\u00e3o t\u00eam consist\u00eancia? Esses crist\u00e3os com essa carteira de identidade que viviam e vivem nas m\u00e3os de Deus, s\u00e3o homens e mulheres de esperan\u00e7a: e esta \u00e9 a terceira palavra que me ocorre hoje: esperan\u00e7a.<\/em><\/p>\n<p><em>Ouvimos na segunda leitura: aquela vis\u00e3o final onde tudo \u00e9 feito novamente, tudo \u00e9 recriado, aquela P\u00e1tria para onde todos n\u00f3s iremos. E para entrar l\u00e1, n\u00e3o servem coisas estranhas, n\u00e3o servem atitudes sofisticadas: somente \u00e9 necess\u00e1rio mostrar a carteira de identidade. Est\u00e1 tudo certo, v\u00e1 em frente. A nossa esperan\u00e7a est\u00e1 no c\u00e9u, a nossa esperan\u00e7a est\u00e1 ancorada l\u00e1 e n\u00f3s, com a corda em m\u00e3os, nos sustentamos olhando aquela margem do rio que devemos atravessar.<\/em><\/p>\n<p><em>Identidade: das Bem-Aventuran\u00e7as e Mateus 25; lugar, o lugar mais seguro: nas m\u00e3os de Deus, chagadas de amor; esperan\u00e7a, o futuro: a \u00e2ncora, ali, na outra margem, mas eu bem seguro \u00e0 corda: isso \u00e9 importante. Sempre agarrado \u00e0 corda. Tantas vezes veremos apenas a corda, nem mesmo a \u00e2ncora, nem mesmo a outra margem. Mas voc\u00ea, segure a corda que chegar\u00e1 em seguran\u00e7a.\u201d<\/em><\/p>\n<p><em>Ao final da celebra\u00e7\u00e3o, o Papa Francisco retorna ao Vaticano, onde ir\u00e1 \u00e0s Grutas da Bas\u00edlica de S\u00e3o Pedro onde est\u00e3o sepultados diversos Pont\u00edfices, para um momento de ora\u00e7\u00e3o silenciosa.<\/em><\/p>\n<p><img loading=\"lazy\" class=\"alignnone size-full wp-image-213440\" src=\"https:\/\/franciscanos.org.br\/noticias\/wp-content\/uploads\/2019\/11\/papa_021119_2.jpg\" alt=\"\" width=\"890\" height=\"500\" srcset=\"https:\/\/franciscanos.org.br\/noticias\/wp-content\/uploads\/2019\/11\/papa_021119_2.jpg 890w, https:\/\/franciscanos.org.br\/noticias\/wp-content\/uploads\/2019\/11\/papa_021119_2-450x253.jpg 450w, https:\/\/franciscanos.org.br\/noticias\/wp-content\/uploads\/2019\/11\/papa_021119_2-768x431.jpg 768w, https:\/\/franciscanos.org.br\/noticias\/wp-content\/uploads\/2019\/11\/papa_021119_2-150x84.jpg 150w\" sizes=\"(max-width: 890px) 100vw, 890px\" \/><\/p>\n<h2>Testemunha da f\u00e9 primitiva<\/h2>\n<p><em>As Catacumbas de Priscila s\u00e3o o testemunho da f\u00e9 primitiva, com toda a sua beleza de decora\u00e7\u00f5es e s\u00edmbolos. Escavada na rocha j\u00e1 entre o segundo e o quinto s\u00e9culos &#8211; em ambientes preexistentes ocupados pelos t\u00famulos da fam\u00edlia dos Acili Glabrioni, \u00e0 qual pertencia a nobre senhora Priscila, doadora do terreno &#8211; \u00a0a catacumba veio \u00e0 luz no s\u00e9culo XVI.<\/em><\/p>\n<p><em>Estendendo-se por cerca de 13 km de galerias, tem v\u00e1rios n\u00edveis de profundidade, dos quais o mais antigo \u00e9 o primeiro. Nele encontramos nichos e cub\u00edculos, isto \u00e9, t\u00famulos de fam\u00edlias ricas ou de m\u00e1rtires, e outro tipo nobre de t\u00famulo, frequentemente decorado com pinturas com temas religiosos.<\/em><\/p>\n<p><em>De fato, s\u00e3o muitas as representa\u00e7\u00f5es valiosas inspiradas nas hist\u00f3rias b\u00edblicas do Antigo e do Novo Testamento, que expressam a f\u00e9 na salva\u00e7\u00e3o e na ressurrei\u00e7\u00e3o prometida por Jesus.<\/em><\/p>\n<p><em>Sobre as l\u00e1pides dos t\u00famulos, s\u00e3o frequentes os s\u00edmbolos de grande import\u00e2ncia para os crist\u00e3os dentre os quais, o mais conhecido \u00e9 o peixe, que encerra em si as cinco palavras &#8220;Jesus Cristo, filho de Deus Salvador&#8221;, por meio das iniciais das cinco letras gregas que comp\u00f5em a palavra &#8220;ICTUS&#8221;, peixe.<\/em><\/p>\n<p><em>De particular valor art\u00edstico \u00e9 a &#8220;Capela Grega&#8221; e o nicho que cont\u00e9m a mais antiga imagem da Virgem Maria, com o Menino nos joelhos, e ao lado um profeta, que segura um pergaminho na m\u00e3o esquerda e aponta para uma estrela com a m\u00e3o direita, provavelmente representando a profecia de Bala\u00e3o: &#8220;uma estrela nasce de Jac\u00f3 e um cetro nasce de Israel&#8221; (Nm 24,15-17). A presen\u00e7a do profeta indica no Menino o Messias esperado por s\u00e9culos.<\/em><\/p>\n<h1 class=\"article__title\">A ora\u00e7\u00e3o de Francisco pelos Pont\u00edfices falecidos<\/h1>\n<p><img loading=\"lazy\" class=\"alignnone size-full wp-image-213441\" src=\"https:\/\/franciscanos.org.br\/noticias\/wp-content\/uploads\/2019\/11\/papa_021119_3.jpg\" alt=\"\" width=\"890\" height=\"500\" srcset=\"https:\/\/franciscanos.org.br\/noticias\/wp-content\/uploads\/2019\/11\/papa_021119_3.jpg 890w, https:\/\/franciscanos.org.br\/noticias\/wp-content\/uploads\/2019\/11\/papa_021119_3-450x253.jpg 450w, https:\/\/franciscanos.org.br\/noticias\/wp-content\/uploads\/2019\/11\/papa_021119_3-768x431.jpg 768w, https:\/\/franciscanos.org.br\/noticias\/wp-content\/uploads\/2019\/11\/papa_021119_3-150x84.jpg 150w\" sizes=\"(max-width: 890px) 100vw, 890px\" \/><\/p>\n<p>Acompanhado pelo seu Vig\u00e1rio Geral para a Cidade do Vaticano e Arcipreste da Bas\u00edlica de S\u00e3o Pedro, Cardeal Angelo Comastri, o Papa Francisco desceu \u00e0 cripta da Bas\u00edlica no final da tarde deste s\u00e1bado, 2 de novembro, onde rezou diante dos t\u00famulos dos Pont\u00edfices ali sepultados.<\/p>\n<p>A Bas\u00edlica foi seu destino logo ap\u00f3s ter presidido a Celebra\u00e7\u00e3o Eucar\u00edstica nas Catacumbas de Priscila, na Via Salaria, por ocasi\u00e3o do Dia de Finados. O Papa percorreu os corredores se detendo em ora\u00e7\u00e3o silenciosa diante do t\u00famulo de alguns Pont\u00edfices, como S\u00e3o Paulo VI, por exemplo.<\/p>\n<h2 style=\"text-align: center;\"><strong>VEJA MAIS IMAGENS<\/strong><\/h2>\n\n\t\t<style type=\"text\/css\">\n\t\t\t#gallery-1 {\n\t\t\t\tmargin: auto;\n\t\t\t}\n\t\t\t#gallery-1 .gallery-item {\n\t\t\t\tfloat: left;\n\t\t\t\tmargin-top: 10px;\n\t\t\t\ttext-align: center;\n\t\t\t\twidth: 25%;\n\t\t\t}\n\t\t\t#gallery-1 img {\n\t\t\t\tborder: 2px solid #cfcfcf;\n\t\t\t}\n\t\t\t#gallery-1 .gallery-caption {\n\t\t\t\tmargin-left: 0;\n\t\t\t}\n\t\t\t\/* see gallery_shortcode() in wp-includes\/media.php *\/\n\t\t<\/style>\n\t\t<div id='gallery-1' class='gallery galleryid-213436 gallery-columns-4 gallery-size-thumbnail'><dl class='gallery-item'>\n\t\t\t<dt class='gallery-icon landscape'>\n\t\t\t\t<a href='https:\/\/franciscanos.org.br\/noticias\/wp-content\/uploads\/2019\/11\/papa_110219-1.jpeg'><img width=\"300\" height=\"300\" src=\"https:\/\/franciscanos.org.br\/noticias\/wp-content\/uploads\/2019\/11\/papa_110219-1-300x300.jpeg\" class=\"attachment-thumbnail size-thumbnail\" alt=\"\" loading=\"lazy\" srcset=\"https:\/\/franciscanos.org.br\/noticias\/wp-content\/uploads\/2019\/11\/papa_110219-1-300x300.jpeg 300w, https:\/\/franciscanos.org.br\/noticias\/wp-content\/uploads\/2019\/11\/papa_110219-1-100x100.jpeg 100w, https:\/\/franciscanos.org.br\/noticias\/wp-content\/uploads\/2019\/11\/papa_110219-1-400x400.jpeg 400w\" sizes=\"(max-width: 300px) 100vw, 300px\" \/><\/a>\n\t\t\t<\/dt><\/dl><dl class='gallery-item'>\n\t\t\t<dt class='gallery-icon landscape'>\n\t\t\t\t<a href='https:\/\/franciscanos.org.br\/noticias\/wp-content\/uploads\/2019\/11\/papa_110219-6.jpeg'><img width=\"300\" height=\"300\" src=\"https:\/\/franciscanos.org.br\/noticias\/wp-content\/uploads\/2019\/11\/papa_110219-6-300x300.jpeg\" class=\"attachment-thumbnail size-thumbnail\" alt=\"\" loading=\"lazy\" srcset=\"https:\/\/franciscanos.org.br\/noticias\/wp-content\/uploads\/2019\/11\/papa_110219-6-300x300.jpeg 300w, https:\/\/franciscanos.org.br\/noticias\/wp-content\/uploads\/2019\/11\/papa_110219-6-100x100.jpeg 100w, https:\/\/franciscanos.org.br\/noticias\/wp-content\/uploads\/2019\/11\/papa_110219-6-400x400.jpeg 400w\" sizes=\"(max-width: 300px) 100vw, 300px\" \/><\/a>\n\t\t\t<\/dt><\/dl><dl class='gallery-item'>\n\t\t\t<dt class='gallery-icon landscape'>\n\t\t\t\t<a href='https:\/\/franciscanos.org.br\/noticias\/wp-content\/uploads\/2019\/11\/papa_110219-7.jpeg'><img width=\"300\" height=\"300\" src=\"https:\/\/franciscanos.org.br\/noticias\/wp-content\/uploads\/2019\/11\/papa_110219-7-300x300.jpeg\" class=\"attachment-thumbnail size-thumbnail\" alt=\"\" loading=\"lazy\" srcset=\"https:\/\/franciscanos.org.br\/noticias\/wp-content\/uploads\/2019\/11\/papa_110219-7-300x300.jpeg 300w, https:\/\/franciscanos.org.br\/noticias\/wp-content\/uploads\/2019\/11\/papa_110219-7-100x100.jpeg 100w, https:\/\/franciscanos.org.br\/noticias\/wp-content\/uploads\/2019\/11\/papa_110219-7-400x400.jpeg 400w\" sizes=\"(max-width: 300px) 100vw, 300px\" \/><\/a>\n\t\t\t<\/dt><\/dl><dl class='gallery-item'>\n\t\t\t<dt class='gallery-icon landscape'>\n\t\t\t\t<a href='https:\/\/franciscanos.org.br\/noticias\/wp-content\/uploads\/2019\/11\/papa_110219-8.jpeg'><img width=\"300\" height=\"300\" src=\"https:\/\/franciscanos.org.br\/noticias\/wp-content\/uploads\/2019\/11\/papa_110219-8-300x300.jpeg\" class=\"attachment-thumbnail size-thumbnail\" alt=\"\" loading=\"lazy\" srcset=\"https:\/\/franciscanos.org.br\/noticias\/wp-content\/uploads\/2019\/11\/papa_110219-8-300x300.jpeg 300w, https:\/\/franciscanos.org.br\/noticias\/wp-content\/uploads\/2019\/11\/papa_110219-8-100x100.jpeg 100w, https:\/\/franciscanos.org.br\/noticias\/wp-content\/uploads\/2019\/11\/papa_110219-8-400x400.jpeg 400w\" sizes=\"(max-width: 300px) 100vw, 300px\" \/><\/a>\n\t\t\t<\/dt><\/dl><br style=\"clear: both\" \/><dl class='gallery-item'>\n\t\t\t<dt class='gallery-icon landscape'>\n\t\t\t\t<a href='https:\/\/franciscanos.org.br\/noticias\/wp-content\/uploads\/2019\/11\/papa_110219-9.jpeg'><img width=\"300\" height=\"300\" src=\"https:\/\/franciscanos.org.br\/noticias\/wp-content\/uploads\/2019\/11\/papa_110219-9-300x300.jpeg\" class=\"attachment-thumbnail size-thumbnail\" alt=\"\" loading=\"lazy\" srcset=\"https:\/\/franciscanos.org.br\/noticias\/wp-content\/uploads\/2019\/11\/papa_110219-9-300x300.jpeg 300w, https:\/\/franciscanos.org.br\/noticias\/wp-content\/uploads\/2019\/11\/papa_110219-9-100x100.jpeg 100w, https:\/\/franciscanos.org.br\/noticias\/wp-content\/uploads\/2019\/11\/papa_110219-9-400x400.jpeg 400w\" sizes=\"(max-width: 300px) 100vw, 300px\" \/><\/a>\n\t\t\t<\/dt><\/dl><dl class='gallery-item'>\n\t\t\t<dt class='gallery-icon landscape'>\n\t\t\t\t<a href='https:\/\/franciscanos.org.br\/noticias\/wp-content\/uploads\/2019\/11\/papa_110219-11.jpeg'><img width=\"300\" height=\"300\" src=\"https:\/\/franciscanos.org.br\/noticias\/wp-content\/uploads\/2019\/11\/papa_110219-11-300x300.jpeg\" class=\"attachment-thumbnail size-thumbnail\" alt=\"\" loading=\"lazy\" srcset=\"https:\/\/franciscanos.org.br\/noticias\/wp-content\/uploads\/2019\/11\/papa_110219-11-300x300.jpeg 300w, https:\/\/franciscanos.org.br\/noticias\/wp-content\/uploads\/2019\/11\/papa_110219-11-100x100.jpeg 100w, https:\/\/franciscanos.org.br\/noticias\/wp-content\/uploads\/2019\/11\/papa_110219-11-400x400.jpeg 400w\" sizes=\"(max-width: 300px) 100vw, 300px\" \/><\/a>\n\t\t\t<\/dt><\/dl><dl class='gallery-item'>\n\t\t\t<dt class='gallery-icon landscape'>\n\t\t\t\t<a href='https:\/\/franciscanos.org.br\/noticias\/wp-content\/uploads\/2019\/11\/papa_110219-12.jpeg'><img width=\"300\" height=\"300\" src=\"https:\/\/franciscanos.org.br\/noticias\/wp-content\/uploads\/2019\/11\/papa_110219-12-300x300.jpeg\" class=\"attachment-thumbnail size-thumbnail\" alt=\"\" loading=\"lazy\" srcset=\"https:\/\/franciscanos.org.br\/noticias\/wp-content\/uploads\/2019\/11\/papa_110219-12-300x300.jpeg 300w, https:\/\/franciscanos.org.br\/noticias\/wp-content\/uploads\/2019\/11\/papa_110219-12-100x100.jpeg 100w, https:\/\/franciscanos.org.br\/noticias\/wp-content\/uploads\/2019\/11\/papa_110219-12-400x400.jpeg 400w\" sizes=\"(max-width: 300px) 100vw, 300px\" \/><\/a>\n\t\t\t<\/dt><\/dl><dl class='gallery-item'>\n\t\t\t<dt class='gallery-icon landscape'>\n\t\t\t\t<a href='https:\/\/franciscanos.org.br\/noticias\/wp-content\/uploads\/2019\/11\/papa_110219-13.jpeg'><img width=\"300\" height=\"300\" src=\"https:\/\/franciscanos.org.br\/noticias\/wp-content\/uploads\/2019\/11\/papa_110219-13-300x300.jpeg\" class=\"attachment-thumbnail size-thumbnail\" alt=\"\" loading=\"lazy\" srcset=\"https:\/\/franciscanos.org.br\/noticias\/wp-content\/uploads\/2019\/11\/papa_110219-13-300x300.jpeg 300w, https:\/\/franciscanos.org.br\/noticias\/wp-content\/uploads\/2019\/11\/papa_110219-13-100x100.jpeg 100w, https:\/\/franciscanos.org.br\/noticias\/wp-content\/uploads\/2019\/11\/papa_110219-13-400x400.jpeg 400w\" sizes=\"(max-width: 300px) 100vw, 300px\" \/><\/a>\n\t\t\t<\/dt><\/dl><br style=\"clear: both\" \/><dl class='gallery-item'>\n\t\t\t<dt class='gallery-icon landscape'>\n\t\t\t\t<a href='https:\/\/franciscanos.org.br\/noticias\/wp-content\/uploads\/2019\/11\/papa_110219-14.jpeg'><img width=\"300\" height=\"300\" src=\"https:\/\/franciscanos.org.br\/noticias\/wp-content\/uploads\/2019\/11\/papa_110219-14-300x300.jpeg\" class=\"attachment-thumbnail size-thumbnail\" alt=\"\" loading=\"lazy\" srcset=\"https:\/\/franciscanos.org.br\/noticias\/wp-content\/uploads\/2019\/11\/papa_110219-14-300x300.jpeg 300w, https:\/\/franciscanos.org.br\/noticias\/wp-content\/uploads\/2019\/11\/papa_110219-14-100x100.jpeg 100w, https:\/\/franciscanos.org.br\/noticias\/wp-content\/uploads\/2019\/11\/papa_110219-14-400x400.jpeg 400w\" sizes=\"(max-width: 300px) 100vw, 300px\" \/><\/a>\n\t\t\t<\/dt><\/dl><dl class='gallery-item'>\n\t\t\t<dt class='gallery-icon landscape'>\n\t\t\t\t<a href='https:\/\/franciscanos.org.br\/noticias\/wp-content\/uploads\/2019\/11\/papa_110219-2.jpeg'><img width=\"300\" height=\"300\" src=\"https:\/\/franciscanos.org.br\/noticias\/wp-content\/uploads\/2019\/11\/papa_110219-2-300x300.jpeg\" class=\"attachment-thumbnail size-thumbnail\" alt=\"\" loading=\"lazy\" srcset=\"https:\/\/franciscanos.org.br\/noticias\/wp-content\/uploads\/2019\/11\/papa_110219-2-300x300.jpeg 300w, https:\/\/franciscanos.org.br\/noticias\/wp-content\/uploads\/2019\/11\/papa_110219-2-100x100.jpeg 100w, https:\/\/franciscanos.org.br\/noticias\/wp-content\/uploads\/2019\/11\/papa_110219-2-400x400.jpeg 400w\" sizes=\"(max-width: 300px) 100vw, 300px\" \/><\/a>\n\t\t\t<\/dt><\/dl><dl class='gallery-item'>\n\t\t\t<dt class='gallery-icon landscape'>\n\t\t\t\t<a href='https:\/\/franciscanos.org.br\/noticias\/wp-content\/uploads\/2019\/11\/papa_110219-4.jpeg'><img width=\"300\" height=\"300\" src=\"https:\/\/franciscanos.org.br\/noticias\/wp-content\/uploads\/2019\/11\/papa_110219-4-300x300.jpeg\" class=\"attachment-thumbnail size-thumbnail\" alt=\"\" loading=\"lazy\" srcset=\"https:\/\/franciscanos.org.br\/noticias\/wp-content\/uploads\/2019\/11\/papa_110219-4-300x300.jpeg 300w, https:\/\/franciscanos.org.br\/noticias\/wp-content\/uploads\/2019\/11\/papa_110219-4-100x100.jpeg 100w, https:\/\/franciscanos.org.br\/noticias\/wp-content\/uploads\/2019\/11\/papa_110219-4-400x400.jpeg 400w\" sizes=\"(max-width: 300px) 100vw, 300px\" \/><\/a>\n\t\t\t<\/dt><\/dl><dl class='gallery-item'>\n\t\t\t<dt class='gallery-icon landscape'>\n\t\t\t\t<a href='https:\/\/franciscanos.org.br\/noticias\/wp-content\/uploads\/2019\/11\/papa_110219-3.jpeg'><img width=\"300\" height=\"300\" src=\"https:\/\/franciscanos.org.br\/noticias\/wp-content\/uploads\/2019\/11\/papa_110219-3-300x300.jpeg\" class=\"attachment-thumbnail size-thumbnail\" alt=\"\" loading=\"lazy\" srcset=\"https:\/\/franciscanos.org.br\/noticias\/wp-content\/uploads\/2019\/11\/papa_110219-3-300x300.jpeg 300w, https:\/\/franciscanos.org.br\/noticias\/wp-content\/uploads\/2019\/11\/papa_110219-3-100x100.jpeg 100w, https:\/\/franciscanos.org.br\/noticias\/wp-content\/uploads\/2019\/11\/papa_110219-3-400x400.jpeg 400w\" sizes=\"(max-width: 300px) 100vw, 300px\" \/><\/a>\n\t\t\t<\/dt><\/dl><br style=\"clear: both\" \/>\n\t\t<\/div>\n\n<hr \/>\n<p><em>Fonte: Vatican News<\/em><\/p>\n","protected":false},"excerpt":{"rendered":"<p>Santa Missa por todos os fi\u00e9is defuntos nas Catacumbas de Priscilla, presidida pelo Papa Francisco<\/p>\n","protected":false},"author":5,"featured_media":213456,"comment_status":"open","ping_status":"open","sticky":false,"template":"","format":"standard","meta":[],"categories":[1428],"tags":[489,55,265],"acf":[],"yoast_head":"<!-- This site is optimized with the Yoast SEO plugin v19.2 - https:\/\/yoast.com\/wordpress\/plugins\/seo\/ -->\n<title>&quot;O lugar do crist\u00e3o est\u00e1 nas m\u00e3os de Deus, chagadas de amor&quot;, diz Papa nas Catacumbas de Priscila - Not\u00edcias - Franciscanos<\/title>\n<meta name=\"robots\" content=\"index, follow, max-snippet:-1, max-image-preview:large, max-video-preview:-1\" \/>\n<link rel=\"canonical\" href=\"https:\/\/franciscanos.org.br\/noticias\/o-lugar-do-cristao-esta-nas-maos-de-deus-chagadas-de-amor-diz-papa-nas-catacumbas-de-priscila.html\" \/>\n<meta property=\"og:locale\" content=\"pt_BR\" \/>\n<meta property=\"og:type\" content=\"article\" \/>\n<meta property=\"og:title\" content=\"&quot;O lugar do crist\u00e3o est\u00e1 nas m\u00e3os de Deus, chagadas de amor&quot;, diz Papa nas Catacumbas de Priscila - Not\u00edcias - Franciscanos\" \/>\n<meta property=\"og:description\" content=\"Santa Missa por todos os fi\u00e9is defuntos nas Catacumbas de Priscilla, presidida pelo Papa Francisco\" \/>\n<meta property=\"og:url\" content=\"https:\/\/franciscanos.org.br\/noticias\/o-lugar-do-cristao-esta-nas-maos-de-deus-chagadas-de-amor-diz-papa-nas-catacumbas-de-priscila.html\" \/>\n<meta property=\"og:site_name\" content=\"Not\u00edcias - Franciscanos\" \/>\n<meta property=\"article:published_time\" content=\"2019-11-02T17:51:21+00:00\" \/>\n<meta property=\"article:modified_time\" content=\"2020-06-05T22:23:17+00:00\" \/>\n<meta property=\"og:image\" content=\"https:\/\/franciscanos.org.br\/noticias\/wp-content\/uploads\/2019\/11\/papa_021119_4.jpg\" \/>\n\t<meta property=\"og:image:width\" content=\"273\" \/>\n\t<meta property=\"og:image:height\" content=\"181\" \/>\n\t<meta property=\"og:image:type\" content=\"image\/jpeg\" \/>\n<meta name=\"author\" content=\"freiaugusto\" \/>\n<meta name=\"twitter:card\" content=\"summary_large_image\" \/>\n<meta name=\"twitter:label1\" content=\"Escrito por\" \/>\n\t<meta name=\"twitter:data1\" content=\"freiaugusto\" \/>\n\t<meta name=\"twitter:label2\" content=\"Est. tempo de leitura\" \/>\n\t<meta name=\"twitter:data2\" content=\"7 minutos\" \/>\n<script type=\"application\/ld+json\" class=\"yoast-schema-graph\">{\"@context\":\"https:\/\/schema.org\",\"@graph\":[{\"@type\":\"WebSite\",\"@id\":\"https:\/\/franciscanos.org.br\/noticias\/#website\",\"url\":\"https:\/\/franciscanos.org.br\/noticias\/\",\"name\":\"Not\u00edcias - Franciscanos\",\"description\":\"Prov\u00edncia Franciscana da Imaculada Concei\u00e7\u00e3o do Brasil - Ordem dos Frades Menores - OFM\",\"potentialAction\":[{\"@type\":\"SearchAction\",\"target\":{\"@type\":\"EntryPoint\",\"urlTemplate\":\"https:\/\/franciscanos.org.br\/noticias\/?s={search_term_string}\"},\"query-input\":\"required name=search_term_string\"}],\"inLanguage\":\"pt-BR\"},{\"@type\":\"ImageObject\",\"inLanguage\":\"pt-BR\",\"@id\":\"https:\/\/franciscanos.org.br\/noticias\/o-lugar-do-cristao-esta-nas-maos-de-deus-chagadas-de-amor-diz-papa-nas-catacumbas-de-priscila.html#primaryimage\",\"url\":\"https:\/\/franciscanos.org.br\/noticias\/wp-content\/uploads\/2019\/11\/papa_021119_4.jpg\",\"contentUrl\":\"https:\/\/franciscanos.org.br\/noticias\/wp-content\/uploads\/2019\/11\/papa_021119_4.jpg\",\"width\":273,\"height\":181},{\"@type\":\"WebPage\",\"@id\":\"https:\/\/franciscanos.org.br\/noticias\/o-lugar-do-cristao-esta-nas-maos-de-deus-chagadas-de-amor-diz-papa-nas-catacumbas-de-priscila.html#webpage\",\"url\":\"https:\/\/franciscanos.org.br\/noticias\/o-lugar-do-cristao-esta-nas-maos-de-deus-chagadas-de-amor-diz-papa-nas-catacumbas-de-priscila.html\",\"name\":\"\\\"O lugar do crist\u00e3o est\u00e1 nas m\u00e3os de Deus, chagadas de amor\\\", diz Papa nas Catacumbas de Priscila - Not\u00edcias - Franciscanos\",\"isPartOf\":{\"@id\":\"https:\/\/franciscanos.org.br\/noticias\/#website\"},\"primaryImageOfPage\":{\"@id\":\"https:\/\/franciscanos.org.br\/noticias\/o-lugar-do-cristao-esta-nas-maos-de-deus-chagadas-de-amor-diz-papa-nas-catacumbas-de-priscila.html#primaryimage\"},\"datePublished\":\"2019-11-02T17:51:21+00:00\",\"dateModified\":\"2020-06-05T22:23:17+00:00\",\"author\":{\"@id\":\"https:\/\/franciscanos.org.br\/noticias\/#\/schema\/person\/37f88f0d111cd5358b12a6556a99eb91\"},\"breadcrumb\":{\"@id\":\"https:\/\/franciscanos.org.br\/noticias\/o-lugar-do-cristao-esta-nas-maos-de-deus-chagadas-de-amor-diz-papa-nas-catacumbas-de-priscila.html#breadcrumb\"},\"inLanguage\":\"pt-BR\",\"potentialAction\":[{\"@type\":\"ReadAction\",\"target\":[\"https:\/\/franciscanos.org.br\/noticias\/o-lugar-do-cristao-esta-nas-maos-de-deus-chagadas-de-amor-diz-papa-nas-catacumbas-de-priscila.html\"]}]},{\"@type\":\"BreadcrumbList\",\"@id\":\"https:\/\/franciscanos.org.br\/noticias\/o-lugar-do-cristao-esta-nas-maos-de-deus-chagadas-de-amor-diz-papa-nas-catacumbas-de-priscila.html#breadcrumb\",\"itemListElement\":[{\"@type\":\"ListItem\",\"position\":1,\"name\":\"Home\",\"item\":\"https:\/\/franciscanos.org.br\/noticias\"},{\"@type\":\"ListItem\",\"position\":2,\"name\":\"&#8220;O lugar do crist\u00e3o est\u00e1 nas m\u00e3os de Deus, chagadas de amor&#8221;, diz Papa nas Catacumbas de Priscila\"}]},{\"@type\":\"Person\",\"@id\":\"https:\/\/franciscanos.org.br\/noticias\/#\/schema\/person\/37f88f0d111cd5358b12a6556a99eb91\",\"name\":\"freiaugusto\",\"image\":{\"@type\":\"ImageObject\",\"inLanguage\":\"pt-BR\",\"@id\":\"https:\/\/franciscanos.org.br\/noticias\/#\/schema\/person\/image\/\",\"url\":\"https:\/\/secure.gravatar.com\/avatar\/9840b940e621801b24f3e6b059efb4b7?s=96&d=mm&r=g\",\"contentUrl\":\"https:\/\/secure.gravatar.com\/avatar\/9840b940e621801b24f3e6b059efb4b7?s=96&d=mm&r=g\",\"caption\":\"freiaugusto\"},\"url\":\"https:\/\/franciscanos.org.br\/noticias\/author\/freiaugusto\"}]}<\/script>\n<!-- \/ Yoast SEO plugin. -->","yoast_head_json":{"title":"\"O lugar do crist\u00e3o est\u00e1 nas m\u00e3os de Deus, chagadas de amor\", diz Papa nas Catacumbas de Priscila - Not\u00edcias - Franciscanos","robots":{"index":"index","follow":"follow","max-snippet":"max-snippet:-1","max-image-preview":"max-image-preview:large","max-video-preview":"max-video-preview:-1"},"canonical":"https:\/\/franciscanos.org.br\/noticias\/o-lugar-do-cristao-esta-nas-maos-de-deus-chagadas-de-amor-diz-papa-nas-catacumbas-de-priscila.html","og_locale":"pt_BR","og_type":"article","og_title":"\"O lugar do crist\u00e3o est\u00e1 nas m\u00e3os de Deus, chagadas de amor\", diz Papa nas Catacumbas de Priscila - Not\u00edcias - Franciscanos","og_description":"Santa Missa por todos os fi\u00e9is defuntos nas Catacumbas de Priscilla, presidida pelo Papa Francisco","og_url":"https:\/\/franciscanos.org.br\/noticias\/o-lugar-do-cristao-esta-nas-maos-de-deus-chagadas-de-amor-diz-papa-nas-catacumbas-de-priscila.html","og_site_name":"Not\u00edcias - Franciscanos","article_published_time":"2019-11-02T17:51:21+00:00","article_modified_time":"2020-06-05T22:23:17+00:00","og_image":[{"width":273,"height":181,"url":"https:\/\/franciscanos.org.br\/noticias\/wp-content\/uploads\/2019\/11\/papa_021119_4.jpg","type":"image\/jpeg"}],"author":"freiaugusto","twitter_card":"summary_large_image","twitter_misc":{"Escrito por":"freiaugusto","Est. tempo de leitura":"7 minutos"},"schema":{"@context":"https:\/\/schema.org","@graph":[{"@type":"WebSite","@id":"https:\/\/franciscanos.org.br\/noticias\/#website","url":"https:\/\/franciscanos.org.br\/noticias\/","name":"Not\u00edcias - Franciscanos","description":"Prov\u00edncia Franciscana da Imaculada Concei\u00e7\u00e3o do Brasil - Ordem dos Frades Menores - OFM","potentialAction":[{"@type":"SearchAction","target":{"@type":"EntryPoint","urlTemplate":"https:\/\/franciscanos.org.br\/noticias\/?s={search_term_string}"},"query-input":"required name=search_term_string"}],"inLanguage":"pt-BR"},{"@type":"ImageObject","inLanguage":"pt-BR","@id":"https:\/\/franciscanos.org.br\/noticias\/o-lugar-do-cristao-esta-nas-maos-de-deus-chagadas-de-amor-diz-papa-nas-catacumbas-de-priscila.html#primaryimage","url":"https:\/\/franciscanos.org.br\/noticias\/wp-content\/uploads\/2019\/11\/papa_021119_4.jpg","contentUrl":"https:\/\/franciscanos.org.br\/noticias\/wp-content\/uploads\/2019\/11\/papa_021119_4.jpg","width":273,"height":181},{"@type":"WebPage","@id":"https:\/\/franciscanos.org.br\/noticias\/o-lugar-do-cristao-esta-nas-maos-de-deus-chagadas-de-amor-diz-papa-nas-catacumbas-de-priscila.html#webpage","url":"https:\/\/franciscanos.org.br\/noticias\/o-lugar-do-cristao-esta-nas-maos-de-deus-chagadas-de-amor-diz-papa-nas-catacumbas-de-priscila.html","name":"\"O lugar do crist\u00e3o est\u00e1 nas m\u00e3os de Deus, chagadas de amor\", diz Papa nas Catacumbas de Priscila - Not\u00edcias - Franciscanos","isPartOf":{"@id":"https:\/\/franciscanos.org.br\/noticias\/#website"},"primaryImageOfPage":{"@id":"https:\/\/franciscanos.org.br\/noticias\/o-lugar-do-cristao-esta-nas-maos-de-deus-chagadas-de-amor-diz-papa-nas-catacumbas-de-priscila.html#primaryimage"},"datePublished":"2019-11-02T17:51:21+00:00","dateModified":"2020-06-05T22:23:17+00:00","author":{"@id":"https:\/\/franciscanos.org.br\/noticias\/#\/schema\/person\/37f88f0d111cd5358b12a6556a99eb91"},"breadcrumb":{"@id":"https:\/\/franciscanos.org.br\/noticias\/o-lugar-do-cristao-esta-nas-maos-de-deus-chagadas-de-amor-diz-papa-nas-catacumbas-de-priscila.html#breadcrumb"},"inLanguage":"pt-BR","potentialAction":[{"@type":"ReadAction","target":["https:\/\/franciscanos.org.br\/noticias\/o-lugar-do-cristao-esta-nas-maos-de-deus-chagadas-de-amor-diz-papa-nas-catacumbas-de-priscila.html"]}]},{"@type":"BreadcrumbList","@id":"https:\/\/franciscanos.org.br\/noticias\/o-lugar-do-cristao-esta-nas-maos-de-deus-chagadas-de-amor-diz-papa-nas-catacumbas-de-priscila.html#breadcrumb","itemListElement":[{"@type":"ListItem","position":1,"name":"Home","item":"https:\/\/franciscanos.org.br\/noticias"},{"@type":"ListItem","position":2,"name":"&#8220;O lugar do crist\u00e3o est\u00e1 nas m\u00e3os de Deus, chagadas de amor&#8221;, diz Papa nas Catacumbas de Priscila"}]},{"@type":"Person","@id":"https:\/\/franciscanos.org.br\/noticias\/#\/schema\/person\/37f88f0d111cd5358b12a6556a99eb91","name":"freiaugusto","image":{"@type":"ImageObject","inLanguage":"pt-BR","@id":"https:\/\/franciscanos.org.br\/noticias\/#\/schema\/person\/image\/","url":"https:\/\/secure.gravatar.com\/avatar\/9840b940e621801b24f3e6b059efb4b7?s=96&d=mm&r=g","contentUrl":"https:\/\/secure.gravatar.com\/avatar\/9840b940e621801b24f3e6b059efb4b7?s=96&d=mm&r=g","caption":"freiaugusto"},"url":"https:\/\/franciscanos.org.br\/noticias\/author\/freiaugusto"}]}},"_links":{"self":[{"href":"https:\/\/franciscanos.org.br\/noticias\/wp-json\/wp\/v2\/posts\/213436"}],"collection":[{"href":"https:\/\/franciscanos.org.br\/noticias\/wp-json\/wp\/v2\/posts"}],"about":[{"href":"https:\/\/franciscanos.org.br\/noticias\/wp-json\/wp\/v2\/types\/post"}],"author":[{"embeddable":true,"href":"https:\/\/franciscanos.org.br\/noticias\/wp-json\/wp\/v2\/users\/5"}],"replies":[{"embeddable":true,"href":"https:\/\/franciscanos.org.br\/noticias\/wp-json\/wp\/v2\/comments?post=213436"}],"version-history":[{"count":1,"href":"https:\/\/franciscanos.org.br\/noticias\/wp-json\/wp\/v2\/posts\/213436\/revisions"}],"predecessor-version":[{"id":224362,"href":"https:\/\/franciscanos.org.br\/noticias\/wp-json\/wp\/v2\/posts\/213436\/revisions\/224362"}],"wp:featuredmedia":[{"embeddable":true,"href":"https:\/\/franciscanos.org.br\/noticias\/wp-json\/wp\/v2\/media\/213456"}],"wp:attachment":[{"href":"https:\/\/franciscanos.org.br\/noticias\/wp-json\/wp\/v2\/media?parent=213436"}],"wp:term":[{"taxonomy":"category","embeddable":true,"href":"https:\/\/franciscanos.org.br\/noticias\/wp-json\/wp\/v2\/categories?post=213436"},{"taxonomy":"post_tag","embeddable":true,"href":"https:\/\/franciscanos.org.br\/noticias\/wp-json\/wp\/v2\/tags?post=213436"}],"curies":[{"name":"wp","href":"https:\/\/api.w.org\/{rel}","templated":true}]}}