{"id":213287,"date":"2019-11-01T08:45:16","date_gmt":"2019-11-01T11:45:16","guid":{"rendered":"https:\/\/franciscanos.org.br\/noticias\/?p=213287"},"modified":"2020-06-05T19:23:50","modified_gmt":"2020-06-05T22:23:50","slug":"angelus-os-santos-nos-ajudam-a-enfrentar-a-vida-com-coragem-e-esperanca","status":"publish","type":"post","link":"https:\/\/franciscanos.org.br\/noticias\/angelus-os-santos-nos-ajudam-a-enfrentar-a-vida-com-coragem-e-esperanca.html","title":{"rendered":"Angelus: os santos nos ajudam a enfrentar a vida com coragem e esperan\u00e7a"},"content":{"rendered":"<p><img loading=\"lazy\" class=\"alignnone size-full wp-image-213288\" src=\"https:\/\/franciscanos.org.br\/noticias\/wp-content\/uploads\/2019\/11\/angelus_011119.jpg\" alt=\"\" width=\"890\" height=\"593\" srcset=\"https:\/\/franciscanos.org.br\/noticias\/wp-content\/uploads\/2019\/11\/angelus_011119.jpg 890w, https:\/\/franciscanos.org.br\/noticias\/wp-content\/uploads\/2019\/11\/angelus_011119-450x300.jpg 450w, https:\/\/franciscanos.org.br\/noticias\/wp-content\/uploads\/2019\/11\/angelus_011119-768x512.jpg 768w, https:\/\/franciscanos.org.br\/noticias\/wp-content\/uploads\/2019\/11\/angelus_011119-150x100.jpg 150w\" sizes=\"(max-width: 890px) 100vw, 890px\" \/><br \/>\n<strong>Cidade do Vaticano<\/strong> &#8211; \u201cSomos todos chamados \u00e0 santidade\u201d: foi o que recordou o Papa Francisco ao rezar com os fi\u00e9is e peregrinos na Pra\u00e7a S\u00e3o Pedro o Angelus por ocasi\u00e3o da Solenidade de Todos os Santos, celebrada no Brasil no pr\u00f3ximo domingo, dia 3 de novembro. A data \u00e9 festejada com um feriado n\u00e3o s\u00f3 no Vaticano, mas em toda a It\u00e1lia. \u201cOs Santos e as Santas de todos os tempos n\u00e3o s\u00e3o simplesmente s\u00edmbolos, seres humanos distantes, inalcan\u00e7\u00e1veis. Pelo contr\u00e1rio, s\u00e3o pessoas que viveram com os p\u00e9s no ch\u00e3o\u201d, afirmou o Pont\u00edfice.<\/p>\n<p>Eles experimentaram a fadiga di\u00e1ria da exist\u00eancia com os seus sucessos e fracassos, encontrando no Senhor a for\u00e7a para se levantar e continuar o caminho. Isso demonstra que a santidade \u00e9 uma meta que n\u00e3o pode ser alcan\u00e7ada apenas pelas pr\u00f3prias for\u00e7as, mas \u00e9 o fruto da gra\u00e7a de Deus e da nossa livre resposta a ela.<\/p>\n<p><strong>Santidade: dom e chamado<\/strong><br \/>\nPortanto, acrescentou o Papa, a santidade \u00e9 dom e chamado. Enquanto gra\u00e7a de Deus, isto \u00e9, dom, \u00e9 algo que n\u00e3o podemos comprar ou trocar, mas acolher, participando assim da mesma vida divina atrav\u00e9s do Esp\u00edrito Santo que habita em n\u00f3s desde o dia do nosso Batismo.<\/p>\n<p>Trata-se de amadurecer sempre mais a consci\u00eancia de que estamos enxertados em Cristo, como o ramo est\u00e1 unido \u00e0 videira, e por isso podemos e devemos viver com Ele e Nele como filhos de Deus. \u201cEnt\u00e3o, a santidade \u00e9 viver em plena comunh\u00e3o com Deus, j\u00e1 agora, durante a peregrina\u00e7\u00e3o terrena.\u201d<\/p>\n<p>Al\u00e9m de ser um dom, disse ainda Francisco, a santidade \u00e9 tamb\u00e9m chamado, voca\u00e7\u00e3o comum dos disc\u00edpulos de Cristo; \u00e9 o caminho de plenitude que cada crist\u00e3o \u00e9 chamado a percorrer na f\u00e9, caminhando para a meta final: a comunh\u00e3o definitiva com Deus na vida eterna.<\/p>\n<p>A santidade torna-se assim uma resposta ao dom de Deus, porque se manifesta como assun\u00e7\u00e3o de responsabilidade. \u201cNesta perspectiva, \u00e9 importante assumir um s\u00e9rio e cotidiano compromisso de santifica\u00e7\u00e3o nas condi\u00e7\u00f5es, deveres e circunst\u00e2ncias da nossa vida, procurando viver tudo com amor, com caridade\u201d, recomendou o Papa.<\/p>\n<p><img loading=\"lazy\" class=\"alignnone size-full wp-image-213289\" src=\"https:\/\/franciscanos.org.br\/noticias\/wp-content\/uploads\/2019\/11\/angelus_011119_2.jpg\" alt=\"\" width=\"890\" height=\"593\" srcset=\"https:\/\/franciscanos.org.br\/noticias\/wp-content\/uploads\/2019\/11\/angelus_011119_2.jpg 890w, https:\/\/franciscanos.org.br\/noticias\/wp-content\/uploads\/2019\/11\/angelus_011119_2-450x300.jpg 450w, https:\/\/franciscanos.org.br\/noticias\/wp-content\/uploads\/2019\/11\/angelus_011119_2-768x512.jpg 768w, https:\/\/franciscanos.org.br\/noticias\/wp-content\/uploads\/2019\/11\/angelus_011119_2-150x100.jpg 150w\" sizes=\"(max-width: 890px) 100vw, 890px\" \/><\/p>\n<p><strong>Compromisso<\/strong><br \/>\nOlhando para as vidas dos santos, prosseguiu Francisco, somos encorajados a imit\u00e1-los. Entre eles, est\u00e3o muitas testemunhas de uma santidade &#8220;da porta ao lado, daqueles que vivem perto de n\u00f3s e s\u00e3o reflexo da presen\u00e7a de Deus&#8221;.<\/p>\n<p>\u201cA recorda\u00e7\u00e3o dos Santos leva-nos a erguer os olhos para o C\u00e9u: n\u00e3o para esquecer as realidades da terra, mas para enfrent\u00e1-las com mais coragem e esperan\u00e7a\u201d.<\/p>\n<p><strong>Igreja do c\u00e9u e da terra<\/strong><br \/>\nAo final da ora\u00e7\u00e3o mariana, falando ainda da Solenidade de Todos os Santos e do Dia de Finados, o Papa recordou que essas duas festas crist\u00e3s nos recordam o v\u00ednculo que existe entre a Igreja da terra e a do c\u00e9u, \u201centre n\u00f3s e os nossos entes queridos que passaram para a outra vida\u201d. E lembrou que no amanh\u00e3 celebrar\u00e1 a Eucaristia nas catacumbas de Priscila, \u201cum dos lugares de sepultura dos primeiros crist\u00e3os de Roma\u201d.<\/p>\n<p>\u201cNestes dias, em que, infelizmente, circulam tamb\u00e9m mensagens de cultura negativa sobre a morte e sobre os mortos, convido voc\u00eas a n\u00e3o negligenciarem, se poss\u00edvel, uma visita e uma ora\u00e7\u00e3o ao cemit\u00e9rio\u201d, foi o convite final do Pont\u00edfice.<\/p>\n<hr \/>\n<p><em>Fonte: Vatican News<\/em><\/p>\n","protected":false},"excerpt":{"rendered":"<p>Angelus da Solenidade de Todos os Santos<\/p>\n","protected":false},"author":3,"featured_media":213290,"comment_status":"open","ping_status":"open","sticky":false,"template":"","format":"standard","meta":[],"categories":[1428],"tags":[403],"acf":[],"yoast_head":"<!-- This site is optimized with the Yoast SEO plugin v19.2 - https:\/\/yoast.com\/wordpress\/plugins\/seo\/ -->\n<title>Angelus: os santos nos ajudam a enfrentar a vida com coragem e esperan\u00e7a - Not\u00edcias - Franciscanos<\/title>\n<meta name=\"robots\" content=\"index, follow, max-snippet:-1, max-image-preview:large, max-video-preview:-1\" \/>\n<link rel=\"canonical\" href=\"https:\/\/franciscanos.org.br\/noticias\/angelus-os-santos-nos-ajudam-a-enfrentar-a-vida-com-coragem-e-esperanca.html\" \/>\n<meta property=\"og:locale\" content=\"pt_BR\" \/>\n<meta property=\"og:type\" content=\"article\" \/>\n<meta property=\"og:title\" content=\"Angelus: os santos nos ajudam a enfrentar a vida com coragem e esperan\u00e7a - Not\u00edcias - Franciscanos\" \/>\n<meta property=\"og:description\" content=\"Angelus da Solenidade de Todos os Santos\" \/>\n<meta property=\"og:url\" content=\"https:\/\/franciscanos.org.br\/noticias\/angelus-os-santos-nos-ajudam-a-enfrentar-a-vida-com-coragem-e-esperanca.html\" \/>\n<meta property=\"og:site_name\" content=\"Not\u00edcias - Franciscanos\" \/>\n<meta property=\"article:published_time\" content=\"2019-11-01T11:45:16+00:00\" \/>\n<meta property=\"article:modified_time\" content=\"2020-06-05T22:23:50+00:00\" \/>\n<meta property=\"og:image\" content=\"https:\/\/franciscanos.org.br\/noticias\/wp-content\/uploads\/2019\/11\/angelus_011119d.jpg\" \/>\n\t<meta property=\"og:image:width\" content=\"273\" \/>\n\t<meta property=\"og:image:height\" content=\"181\" \/>\n\t<meta property=\"og:image:type\" content=\"image\/jpeg\" \/>\n<meta name=\"author\" content=\"moacir\" \/>\n<meta name=\"twitter:card\" content=\"summary_large_image\" \/>\n<meta name=\"twitter:label1\" content=\"Escrito por\" \/>\n\t<meta name=\"twitter:data1\" content=\"moacir\" \/>\n\t<meta name=\"twitter:label2\" content=\"Est. tempo de leitura\" \/>\n\t<meta name=\"twitter:data2\" content=\"3 minutos\" \/>\n<script type=\"application\/ld+json\" class=\"yoast-schema-graph\">{\"@context\":\"https:\/\/schema.org\",\"@graph\":[{\"@type\":\"WebSite\",\"@id\":\"https:\/\/franciscanos.org.br\/noticias\/#website\",\"url\":\"https:\/\/franciscanos.org.br\/noticias\/\",\"name\":\"Not\u00edcias - Franciscanos\",\"description\":\"Prov\u00edncia Franciscana da Imaculada Concei\u00e7\u00e3o do Brasil - Ordem dos Frades Menores - OFM\",\"potentialAction\":[{\"@type\":\"SearchAction\",\"target\":{\"@type\":\"EntryPoint\",\"urlTemplate\":\"https:\/\/franciscanos.org.br\/noticias\/?s={search_term_string}\"},\"query-input\":\"required name=search_term_string\"}],\"inLanguage\":\"pt-BR\"},{\"@type\":\"ImageObject\",\"inLanguage\":\"pt-BR\",\"@id\":\"https:\/\/franciscanos.org.br\/noticias\/angelus-os-santos-nos-ajudam-a-enfrentar-a-vida-com-coragem-e-esperanca.html#primaryimage\",\"url\":\"https:\/\/franciscanos.org.br\/noticias\/wp-content\/uploads\/2019\/11\/angelus_011119d.jpg\",\"contentUrl\":\"https:\/\/franciscanos.org.br\/noticias\/wp-content\/uploads\/2019\/11\/angelus_011119d.jpg\",\"width\":273,\"height\":181},{\"@type\":\"WebPage\",\"@id\":\"https:\/\/franciscanos.org.br\/noticias\/angelus-os-santos-nos-ajudam-a-enfrentar-a-vida-com-coragem-e-esperanca.html#webpage\",\"url\":\"https:\/\/franciscanos.org.br\/noticias\/angelus-os-santos-nos-ajudam-a-enfrentar-a-vida-com-coragem-e-esperanca.html\",\"name\":\"Angelus: os santos nos ajudam a enfrentar a vida com coragem e esperan\u00e7a - Not\u00edcias - Franciscanos\",\"isPartOf\":{\"@id\":\"https:\/\/franciscanos.org.br\/noticias\/#website\"},\"primaryImageOfPage\":{\"@id\":\"https:\/\/franciscanos.org.br\/noticias\/angelus-os-santos-nos-ajudam-a-enfrentar-a-vida-com-coragem-e-esperanca.html#primaryimage\"},\"datePublished\":\"2019-11-01T11:45:16+00:00\",\"dateModified\":\"2020-06-05T22:23:50+00:00\",\"author\":{\"@id\":\"https:\/\/franciscanos.org.br\/noticias\/#\/schema\/person\/b5c8cba458c330ccff548b056e95a5d4\"},\"breadcrumb\":{\"@id\":\"https:\/\/franciscanos.org.br\/noticias\/angelus-os-santos-nos-ajudam-a-enfrentar-a-vida-com-coragem-e-esperanca.html#breadcrumb\"},\"inLanguage\":\"pt-BR\",\"potentialAction\":[{\"@type\":\"ReadAction\",\"target\":[\"https:\/\/franciscanos.org.br\/noticias\/angelus-os-santos-nos-ajudam-a-enfrentar-a-vida-com-coragem-e-esperanca.html\"]}]},{\"@type\":\"BreadcrumbList\",\"@id\":\"https:\/\/franciscanos.org.br\/noticias\/angelus-os-santos-nos-ajudam-a-enfrentar-a-vida-com-coragem-e-esperanca.html#breadcrumb\",\"itemListElement\":[{\"@type\":\"ListItem\",\"position\":1,\"name\":\"Home\",\"item\":\"https:\/\/franciscanos.org.br\/noticias\"},{\"@type\":\"ListItem\",\"position\":2,\"name\":\"Angelus: os santos nos ajudam a enfrentar a vida com coragem e esperan\u00e7a\"}]},{\"@type\":\"Person\",\"@id\":\"https:\/\/franciscanos.org.br\/noticias\/#\/schema\/person\/b5c8cba458c330ccff548b056e95a5d4\",\"name\":\"moacir\",\"image\":{\"@type\":\"ImageObject\",\"inLanguage\":\"pt-BR\",\"@id\":\"https:\/\/franciscanos.org.br\/noticias\/#\/schema\/person\/image\/\",\"url\":\"https:\/\/secure.gravatar.com\/avatar\/d08aa2ce4c8dd416d4479aa8536fcf64?s=96&d=mm&r=g\",\"contentUrl\":\"https:\/\/secure.gravatar.com\/avatar\/d08aa2ce4c8dd416d4479aa8536fcf64?s=96&d=mm&r=g\",\"caption\":\"moacir\"},\"url\":\"https:\/\/franciscanos.org.br\/noticias\/author\/moacir\"}]}<\/script>\n<!-- \/ Yoast SEO plugin. -->","yoast_head_json":{"title":"Angelus: os santos nos ajudam a enfrentar a vida com coragem e esperan\u00e7a - Not\u00edcias - Franciscanos","robots":{"index":"index","follow":"follow","max-snippet":"max-snippet:-1","max-image-preview":"max-image-preview:large","max-video-preview":"max-video-preview:-1"},"canonical":"https:\/\/franciscanos.org.br\/noticias\/angelus-os-santos-nos-ajudam-a-enfrentar-a-vida-com-coragem-e-esperanca.html","og_locale":"pt_BR","og_type":"article","og_title":"Angelus: os santos nos ajudam a enfrentar a vida com coragem e esperan\u00e7a - Not\u00edcias - Franciscanos","og_description":"Angelus da Solenidade de Todos os Santos","og_url":"https:\/\/franciscanos.org.br\/noticias\/angelus-os-santos-nos-ajudam-a-enfrentar-a-vida-com-coragem-e-esperanca.html","og_site_name":"Not\u00edcias - Franciscanos","article_published_time":"2019-11-01T11:45:16+00:00","article_modified_time":"2020-06-05T22:23:50+00:00","og_image":[{"width":273,"height":181,"url":"https:\/\/franciscanos.org.br\/noticias\/wp-content\/uploads\/2019\/11\/angelus_011119d.jpg","type":"image\/jpeg"}],"author":"moacir","twitter_card":"summary_large_image","twitter_misc":{"Escrito por":"moacir","Est. tempo de leitura":"3 minutos"},"schema":{"@context":"https:\/\/schema.org","@graph":[{"@type":"WebSite","@id":"https:\/\/franciscanos.org.br\/noticias\/#website","url":"https:\/\/franciscanos.org.br\/noticias\/","name":"Not\u00edcias - Franciscanos","description":"Prov\u00edncia Franciscana da Imaculada Concei\u00e7\u00e3o do Brasil - Ordem dos Frades Menores - OFM","potentialAction":[{"@type":"SearchAction","target":{"@type":"EntryPoint","urlTemplate":"https:\/\/franciscanos.org.br\/noticias\/?s={search_term_string}"},"query-input":"required name=search_term_string"}],"inLanguage":"pt-BR"},{"@type":"ImageObject","inLanguage":"pt-BR","@id":"https:\/\/franciscanos.org.br\/noticias\/angelus-os-santos-nos-ajudam-a-enfrentar-a-vida-com-coragem-e-esperanca.html#primaryimage","url":"https:\/\/franciscanos.org.br\/noticias\/wp-content\/uploads\/2019\/11\/angelus_011119d.jpg","contentUrl":"https:\/\/franciscanos.org.br\/noticias\/wp-content\/uploads\/2019\/11\/angelus_011119d.jpg","width":273,"height":181},{"@type":"WebPage","@id":"https:\/\/franciscanos.org.br\/noticias\/angelus-os-santos-nos-ajudam-a-enfrentar-a-vida-com-coragem-e-esperanca.html#webpage","url":"https:\/\/franciscanos.org.br\/noticias\/angelus-os-santos-nos-ajudam-a-enfrentar-a-vida-com-coragem-e-esperanca.html","name":"Angelus: os santos nos ajudam a enfrentar a vida com coragem e esperan\u00e7a - Not\u00edcias - Franciscanos","isPartOf":{"@id":"https:\/\/franciscanos.org.br\/noticias\/#website"},"primaryImageOfPage":{"@id":"https:\/\/franciscanos.org.br\/noticias\/angelus-os-santos-nos-ajudam-a-enfrentar-a-vida-com-coragem-e-esperanca.html#primaryimage"},"datePublished":"2019-11-01T11:45:16+00:00","dateModified":"2020-06-05T22:23:50+00:00","author":{"@id":"https:\/\/franciscanos.org.br\/noticias\/#\/schema\/person\/b5c8cba458c330ccff548b056e95a5d4"},"breadcrumb":{"@id":"https:\/\/franciscanos.org.br\/noticias\/angelus-os-santos-nos-ajudam-a-enfrentar-a-vida-com-coragem-e-esperanca.html#breadcrumb"},"inLanguage":"pt-BR","potentialAction":[{"@type":"ReadAction","target":["https:\/\/franciscanos.org.br\/noticias\/angelus-os-santos-nos-ajudam-a-enfrentar-a-vida-com-coragem-e-esperanca.html"]}]},{"@type":"BreadcrumbList","@id":"https:\/\/franciscanos.org.br\/noticias\/angelus-os-santos-nos-ajudam-a-enfrentar-a-vida-com-coragem-e-esperanca.html#breadcrumb","itemListElement":[{"@type":"ListItem","position":1,"name":"Home","item":"https:\/\/franciscanos.org.br\/noticias"},{"@type":"ListItem","position":2,"name":"Angelus: os santos nos ajudam a enfrentar a vida com coragem e esperan\u00e7a"}]},{"@type":"Person","@id":"https:\/\/franciscanos.org.br\/noticias\/#\/schema\/person\/b5c8cba458c330ccff548b056e95a5d4","name":"moacir","image":{"@type":"ImageObject","inLanguage":"pt-BR","@id":"https:\/\/franciscanos.org.br\/noticias\/#\/schema\/person\/image\/","url":"https:\/\/secure.gravatar.com\/avatar\/d08aa2ce4c8dd416d4479aa8536fcf64?s=96&d=mm&r=g","contentUrl":"https:\/\/secure.gravatar.com\/avatar\/d08aa2ce4c8dd416d4479aa8536fcf64?s=96&d=mm&r=g","caption":"moacir"},"url":"https:\/\/franciscanos.org.br\/noticias\/author\/moacir"}]}},"_links":{"self":[{"href":"https:\/\/franciscanos.org.br\/noticias\/wp-json\/wp\/v2\/posts\/213287"}],"collection":[{"href":"https:\/\/franciscanos.org.br\/noticias\/wp-json\/wp\/v2\/posts"}],"about":[{"href":"https:\/\/franciscanos.org.br\/noticias\/wp-json\/wp\/v2\/types\/post"}],"author":[{"embeddable":true,"href":"https:\/\/franciscanos.org.br\/noticias\/wp-json\/wp\/v2\/users\/3"}],"replies":[{"embeddable":true,"href":"https:\/\/franciscanos.org.br\/noticias\/wp-json\/wp\/v2\/comments?post=213287"}],"version-history":[{"count":1,"href":"https:\/\/franciscanos.org.br\/noticias\/wp-json\/wp\/v2\/posts\/213287\/revisions"}],"predecessor-version":[{"id":224363,"href":"https:\/\/franciscanos.org.br\/noticias\/wp-json\/wp\/v2\/posts\/213287\/revisions\/224363"}],"wp:featuredmedia":[{"embeddable":true,"href":"https:\/\/franciscanos.org.br\/noticias\/wp-json\/wp\/v2\/media\/213290"}],"wp:attachment":[{"href":"https:\/\/franciscanos.org.br\/noticias\/wp-json\/wp\/v2\/media?parent=213287"}],"wp:term":[{"taxonomy":"category","embeddable":true,"href":"https:\/\/franciscanos.org.br\/noticias\/wp-json\/wp\/v2\/categories?post=213287"},{"taxonomy":"post_tag","embeddable":true,"href":"https:\/\/franciscanos.org.br\/noticias\/wp-json\/wp\/v2\/tags?post=213287"}],"curies":[{"name":"wp","href":"https:\/\/api.w.org\/{rel}","templated":true}]}}