{"id":212861,"date":"2019-10-30T08:09:48","date_gmt":"2019-10-30T11:09:48","guid":{"rendered":"https:\/\/franciscanos.org.br\/noticias\/?p=212861"},"modified":"2019-10-30T08:23:19","modified_gmt":"2019-10-30T11:23:19","slug":"dona-cida-faz-a-profissao-solene-na-ordem-franciscana-secular","status":"publish","type":"post","link":"https:\/\/franciscanos.org.br\/noticias\/dona-cida-faz-a-profissao-solene-na-ordem-franciscana-secular.html","title":{"rendered":"Rio de Janeiro: Novos professos solenes na Ordem Franciscana Secular"},"content":{"rendered":"<p><img loading=\"lazy\" class=\"alignright wp-image-212864 size-thumbnail\" src=\"https:\/\/franciscanos.org.br\/noticias\/wp-content\/uploads\/2019\/10\/cida_3010-300x300.jpg\" alt=\"\" width=\"300\" height=\"300\" srcset=\"https:\/\/franciscanos.org.br\/noticias\/wp-content\/uploads\/2019\/10\/cida_3010-300x300.jpg 300w, https:\/\/franciscanos.org.br\/noticias\/wp-content\/uploads\/2019\/10\/cida_3010-150x150.jpg 150w, https:\/\/franciscanos.org.br\/noticias\/wp-content\/uploads\/2019\/10\/cida_3010-100x100.jpg 100w, https:\/\/franciscanos.org.br\/noticias\/wp-content\/uploads\/2019\/10\/cida_3010.jpg 351w\" sizes=\"(max-width: 300px) 100vw, 300px\" \/><\/p>\n<p>A Fraternidade Santo Ant\u00f4nio de Duque de Caxias est\u00e1 em festa com a profiss\u00e3o solene na Ordem Franciscana Secular (OFS) de Maria da Aparecida Ribeiro do Nascimento, realizada no domingo, 27 de outubro, na Catedral de Santo Ant\u00f4nio, em Duque de Caxias. A Celebra\u00e7\u00e3o Eucar\u00edstica com rito de profiss\u00e3o foi presidida por Frei Carlos Alberto Branco Araujo, frade desta Prov\u00edncia, e concelebrada pelo Pe. Marcos Bejarano, vig\u00e1rio paroquial, e pelo di\u00e1cono permanente Adilson Ger\u00f4ncio.<\/p>\n<p>Um pouco antes, no dia 17 de setembro, a Ordem Franciscana ganhou mais cinco irm\u00e3os em Petr\u00f3polis: S\u00e3o eles: Sergio Baravelli Filho; Roney Martinho Pinheiro; Luis Gustavo Arantes Nunes; Silvia Regina Rademaker; e Cecy Doyle Portugal.<\/p>\n<p>A profiss\u00e3o foi feita diante da ministra local, Aline Milani, que recebeu a nova professa que agora se incorporou definitivamente na OFS. Al\u00e9m dos irm\u00e3os da Fraternidade local e da comunidade paroquial, estiveram presentes familiares e amigos que testemunharam o compromisso p\u00fablico da professa de viver o Evangelho nos passos de S\u00e3o Francisco de Assis, seguindo a Regra de Vida aprovada pela Igreja.<\/p>\n<div id=\"attachment_212867\" style=\"width: 460px\" class=\"wp-caption alignleft\"><img aria-describedby=\"caption-attachment-212867\" loading=\"lazy\" class=\"wp-image-212867 size-medium\" src=\"https:\/\/franciscanos.org.br\/noticias\/wp-content\/uploads\/2019\/10\/petropolis_3011-450x299.jpg\" alt=\"\" width=\"450\" height=\"299\" srcset=\"https:\/\/franciscanos.org.br\/noticias\/wp-content\/uploads\/2019\/10\/petropolis_3011-450x299.jpg 450w, https:\/\/franciscanos.org.br\/noticias\/wp-content\/uploads\/2019\/10\/petropolis_3011-150x100.jpg 150w, https:\/\/franciscanos.org.br\/noticias\/wp-content\/uploads\/2019\/10\/petropolis_3011.jpg 500w\" sizes=\"(max-width: 450px) 100vw, 450px\" \/><p id=\"caption-attachment-212867\" class=\"wp-caption-text\"><em>A profiss\u00e3o em Petr\u00f3polis<\/em><\/p><\/div>\n<p>A profiss\u00e3o solene \u00e9 uma consagra\u00e7\u00e3o plena e definitiva, empenho radical que qualifica todas as dimens\u00f5es da vida franciscana secular. Os franciscanos seculares s\u00e3o chamados por Deus a viver o Evangelho de Jesus Cristo, segundo a forma revelada por Deus a S\u00e3o Francisco e enviados a evangelizar pela vida, obras e palavras, no pr\u00f3prio estado secular.<\/p>\n<p>Al\u00e9m de franciscana secular, Dona Cida, como \u00e9 carinhosamente chamada, \u00e9 agente de Pastoral do Povo da Rua na Regi\u00e3o Pastoral S\u00e3o Jo\u00e3o de Meriti, Diocese de Duque de Caxias, e militante do F\u00f3rum Popular do Povo da Rua da Baixada Fluminense, espa\u00e7o de articula\u00e7\u00e3o e de organiza\u00e7\u00e3o da popula\u00e7\u00e3o em situa\u00e7\u00e3o de rua.<\/p>\n<p>Em Petr\u00f3polis, Frei Ademir Jos\u00e9 Peixer \u00e9 o assistente espiritual da Fraternidade Nossa Senhora dos Anjos.<\/p>\n<p>\u201cA Ordem Franciscana Secular \u00e9 a mais antiga forma de organiza\u00e7\u00e3o de Leigos que, guiados pela Igreja, unidos em fraternidade e inspirando-se no ideal de S\u00e3o Francisco de Assis, empenham-se em testemunhar com a vida o Evangelho de Nosso Senhor Jesus Cristo e se dedicam ao apostolado no estado laical\u201d (S\u00e3o Jo\u00e3o Paulo II).<\/p>\n","protected":false},"excerpt":{"rendered":"<p>Profiss\u00e3o solene na Fraternidade Santo Ant\u00f4nio de Duque de Caxias<\/p>\n","protected":false},"author":3,"featured_media":212863,"comment_status":"open","ping_status":"open","sticky":false,"template":"","format":"standard","meta":[],"categories":[1],"tags":[60],"acf":[],"yoast_head":"<!-- This site is optimized with the Yoast SEO plugin v19.2 - https:\/\/yoast.com\/wordpress\/plugins\/seo\/ -->\n<title>Rio de Janeiro: Novos professos solenes na Ordem Franciscana Secular - Not\u00edcias - Franciscanos<\/title>\n<meta name=\"robots\" content=\"index, follow, max-snippet:-1, max-image-preview:large, max-video-preview:-1\" \/>\n<link rel=\"canonical\" href=\"https:\/\/franciscanos.org.br\/noticias\/dona-cida-faz-a-profissao-solene-na-ordem-franciscana-secular.html\" \/>\n<meta property=\"og:locale\" content=\"pt_BR\" \/>\n<meta property=\"og:type\" content=\"article\" \/>\n<meta property=\"og:title\" content=\"Rio de Janeiro: Novos professos solenes na Ordem Franciscana Secular - Not\u00edcias - Franciscanos\" \/>\n<meta property=\"og:description\" content=\"Profiss\u00e3o solene na Fraternidade Santo Ant\u00f4nio de Duque de Caxias\" \/>\n<meta property=\"og:url\" content=\"https:\/\/franciscanos.org.br\/noticias\/dona-cida-faz-a-profissao-solene-na-ordem-franciscana-secular.html\" \/>\n<meta property=\"og:site_name\" content=\"Not\u00edcias - Franciscanos\" \/>\n<meta property=\"article:published_time\" content=\"2019-10-30T11:09:48+00:00\" \/>\n<meta property=\"article:modified_time\" content=\"2019-10-30T11:23:19+00:00\" \/>\n<meta property=\"og:image\" content=\"https:\/\/franciscanos.org.br\/noticias\/wp-content\/uploads\/2019\/10\/cida_3010_d.jpg\" \/>\n\t<meta property=\"og:image:width\" content=\"273\" \/>\n\t<meta property=\"og:image:height\" content=\"181\" \/>\n\t<meta property=\"og:image:type\" content=\"image\/jpeg\" \/>\n<meta name=\"author\" content=\"moacir\" \/>\n<meta name=\"twitter:card\" content=\"summary_large_image\" \/>\n<meta name=\"twitter:label1\" content=\"Escrito por\" \/>\n\t<meta name=\"twitter:data1\" content=\"moacir\" \/>\n\t<meta name=\"twitter:label2\" content=\"Est. tempo de leitura\" \/>\n\t<meta name=\"twitter:data2\" content=\"2 minutos\" \/>\n<script type=\"application\/ld+json\" class=\"yoast-schema-graph\">{\"@context\":\"https:\/\/schema.org\",\"@graph\":[{\"@type\":\"WebSite\",\"@id\":\"https:\/\/franciscanos.org.br\/noticias\/#website\",\"url\":\"https:\/\/franciscanos.org.br\/noticias\/\",\"name\":\"Not\u00edcias - Franciscanos\",\"description\":\"Prov\u00edncia Franciscana da Imaculada Concei\u00e7\u00e3o do Brasil - Ordem dos Frades Menores - OFM\",\"potentialAction\":[{\"@type\":\"SearchAction\",\"target\":{\"@type\":\"EntryPoint\",\"urlTemplate\":\"https:\/\/franciscanos.org.br\/noticias\/?s={search_term_string}\"},\"query-input\":\"required name=search_term_string\"}],\"inLanguage\":\"pt-BR\"},{\"@type\":\"ImageObject\",\"inLanguage\":\"pt-BR\",\"@id\":\"https:\/\/franciscanos.org.br\/noticias\/dona-cida-faz-a-profissao-solene-na-ordem-franciscana-secular.html#primaryimage\",\"url\":\"https:\/\/franciscanos.org.br\/noticias\/wp-content\/uploads\/2019\/10\/cida_3010_d.jpg\",\"contentUrl\":\"https:\/\/franciscanos.org.br\/noticias\/wp-content\/uploads\/2019\/10\/cida_3010_d.jpg\",\"width\":273,\"height\":181},{\"@type\":\"WebPage\",\"@id\":\"https:\/\/franciscanos.org.br\/noticias\/dona-cida-faz-a-profissao-solene-na-ordem-franciscana-secular.html#webpage\",\"url\":\"https:\/\/franciscanos.org.br\/noticias\/dona-cida-faz-a-profissao-solene-na-ordem-franciscana-secular.html\",\"name\":\"Rio de Janeiro: Novos professos solenes na Ordem Franciscana Secular - Not\u00edcias - Franciscanos\",\"isPartOf\":{\"@id\":\"https:\/\/franciscanos.org.br\/noticias\/#website\"},\"primaryImageOfPage\":{\"@id\":\"https:\/\/franciscanos.org.br\/noticias\/dona-cida-faz-a-profissao-solene-na-ordem-franciscana-secular.html#primaryimage\"},\"datePublished\":\"2019-10-30T11:09:48+00:00\",\"dateModified\":\"2019-10-30T11:23:19+00:00\",\"author\":{\"@id\":\"https:\/\/franciscanos.org.br\/noticias\/#\/schema\/person\/b5c8cba458c330ccff548b056e95a5d4\"},\"breadcrumb\":{\"@id\":\"https:\/\/franciscanos.org.br\/noticias\/dona-cida-faz-a-profissao-solene-na-ordem-franciscana-secular.html#breadcrumb\"},\"inLanguage\":\"pt-BR\",\"potentialAction\":[{\"@type\":\"ReadAction\",\"target\":[\"https:\/\/franciscanos.org.br\/noticias\/dona-cida-faz-a-profissao-solene-na-ordem-franciscana-secular.html\"]}]},{\"@type\":\"BreadcrumbList\",\"@id\":\"https:\/\/franciscanos.org.br\/noticias\/dona-cida-faz-a-profissao-solene-na-ordem-franciscana-secular.html#breadcrumb\",\"itemListElement\":[{\"@type\":\"ListItem\",\"position\":1,\"name\":\"Home\",\"item\":\"https:\/\/franciscanos.org.br\/noticias\"},{\"@type\":\"ListItem\",\"position\":2,\"name\":\"Rio de Janeiro: Novos professos solenes na Ordem Franciscana Secular\"}]},{\"@type\":\"Person\",\"@id\":\"https:\/\/franciscanos.org.br\/noticias\/#\/schema\/person\/b5c8cba458c330ccff548b056e95a5d4\",\"name\":\"moacir\",\"image\":{\"@type\":\"ImageObject\",\"inLanguage\":\"pt-BR\",\"@id\":\"https:\/\/franciscanos.org.br\/noticias\/#\/schema\/person\/image\/\",\"url\":\"https:\/\/secure.gravatar.com\/avatar\/d08aa2ce4c8dd416d4479aa8536fcf64?s=96&d=mm&r=g\",\"contentUrl\":\"https:\/\/secure.gravatar.com\/avatar\/d08aa2ce4c8dd416d4479aa8536fcf64?s=96&d=mm&r=g\",\"caption\":\"moacir\"},\"url\":\"https:\/\/franciscanos.org.br\/noticias\/author\/moacir\"}]}<\/script>\n<!-- \/ Yoast SEO plugin. -->","yoast_head_json":{"title":"Rio de Janeiro: Novos professos solenes na Ordem Franciscana Secular - Not\u00edcias - Franciscanos","robots":{"index":"index","follow":"follow","max-snippet":"max-snippet:-1","max-image-preview":"max-image-preview:large","max-video-preview":"max-video-preview:-1"},"canonical":"https:\/\/franciscanos.org.br\/noticias\/dona-cida-faz-a-profissao-solene-na-ordem-franciscana-secular.html","og_locale":"pt_BR","og_type":"article","og_title":"Rio de Janeiro: Novos professos solenes na Ordem Franciscana Secular - Not\u00edcias - Franciscanos","og_description":"Profiss\u00e3o solene na Fraternidade Santo Ant\u00f4nio de Duque de Caxias","og_url":"https:\/\/franciscanos.org.br\/noticias\/dona-cida-faz-a-profissao-solene-na-ordem-franciscana-secular.html","og_site_name":"Not\u00edcias - Franciscanos","article_published_time":"2019-10-30T11:09:48+00:00","article_modified_time":"2019-10-30T11:23:19+00:00","og_image":[{"width":273,"height":181,"url":"https:\/\/franciscanos.org.br\/noticias\/wp-content\/uploads\/2019\/10\/cida_3010_d.jpg","type":"image\/jpeg"}],"author":"moacir","twitter_card":"summary_large_image","twitter_misc":{"Escrito por":"moacir","Est. tempo de leitura":"2 minutos"},"schema":{"@context":"https:\/\/schema.org","@graph":[{"@type":"WebSite","@id":"https:\/\/franciscanos.org.br\/noticias\/#website","url":"https:\/\/franciscanos.org.br\/noticias\/","name":"Not\u00edcias - Franciscanos","description":"Prov\u00edncia Franciscana da Imaculada Concei\u00e7\u00e3o do Brasil - Ordem dos Frades Menores - OFM","potentialAction":[{"@type":"SearchAction","target":{"@type":"EntryPoint","urlTemplate":"https:\/\/franciscanos.org.br\/noticias\/?s={search_term_string}"},"query-input":"required name=search_term_string"}],"inLanguage":"pt-BR"},{"@type":"ImageObject","inLanguage":"pt-BR","@id":"https:\/\/franciscanos.org.br\/noticias\/dona-cida-faz-a-profissao-solene-na-ordem-franciscana-secular.html#primaryimage","url":"https:\/\/franciscanos.org.br\/noticias\/wp-content\/uploads\/2019\/10\/cida_3010_d.jpg","contentUrl":"https:\/\/franciscanos.org.br\/noticias\/wp-content\/uploads\/2019\/10\/cida_3010_d.jpg","width":273,"height":181},{"@type":"WebPage","@id":"https:\/\/franciscanos.org.br\/noticias\/dona-cida-faz-a-profissao-solene-na-ordem-franciscana-secular.html#webpage","url":"https:\/\/franciscanos.org.br\/noticias\/dona-cida-faz-a-profissao-solene-na-ordem-franciscana-secular.html","name":"Rio de Janeiro: Novos professos solenes na Ordem Franciscana Secular - Not\u00edcias - Franciscanos","isPartOf":{"@id":"https:\/\/franciscanos.org.br\/noticias\/#website"},"primaryImageOfPage":{"@id":"https:\/\/franciscanos.org.br\/noticias\/dona-cida-faz-a-profissao-solene-na-ordem-franciscana-secular.html#primaryimage"},"datePublished":"2019-10-30T11:09:48+00:00","dateModified":"2019-10-30T11:23:19+00:00","author":{"@id":"https:\/\/franciscanos.org.br\/noticias\/#\/schema\/person\/b5c8cba458c330ccff548b056e95a5d4"},"breadcrumb":{"@id":"https:\/\/franciscanos.org.br\/noticias\/dona-cida-faz-a-profissao-solene-na-ordem-franciscana-secular.html#breadcrumb"},"inLanguage":"pt-BR","potentialAction":[{"@type":"ReadAction","target":["https:\/\/franciscanos.org.br\/noticias\/dona-cida-faz-a-profissao-solene-na-ordem-franciscana-secular.html"]}]},{"@type":"BreadcrumbList","@id":"https:\/\/franciscanos.org.br\/noticias\/dona-cida-faz-a-profissao-solene-na-ordem-franciscana-secular.html#breadcrumb","itemListElement":[{"@type":"ListItem","position":1,"name":"Home","item":"https:\/\/franciscanos.org.br\/noticias"},{"@type":"ListItem","position":2,"name":"Rio de Janeiro: Novos professos solenes na Ordem Franciscana Secular"}]},{"@type":"Person","@id":"https:\/\/franciscanos.org.br\/noticias\/#\/schema\/person\/b5c8cba458c330ccff548b056e95a5d4","name":"moacir","image":{"@type":"ImageObject","inLanguage":"pt-BR","@id":"https:\/\/franciscanos.org.br\/noticias\/#\/schema\/person\/image\/","url":"https:\/\/secure.gravatar.com\/avatar\/d08aa2ce4c8dd416d4479aa8536fcf64?s=96&d=mm&r=g","contentUrl":"https:\/\/secure.gravatar.com\/avatar\/d08aa2ce4c8dd416d4479aa8536fcf64?s=96&d=mm&r=g","caption":"moacir"},"url":"https:\/\/franciscanos.org.br\/noticias\/author\/moacir"}]}},"_links":{"self":[{"href":"https:\/\/franciscanos.org.br\/noticias\/wp-json\/wp\/v2\/posts\/212861"}],"collection":[{"href":"https:\/\/franciscanos.org.br\/noticias\/wp-json\/wp\/v2\/posts"}],"about":[{"href":"https:\/\/franciscanos.org.br\/noticias\/wp-json\/wp\/v2\/types\/post"}],"author":[{"embeddable":true,"href":"https:\/\/franciscanos.org.br\/noticias\/wp-json\/wp\/v2\/users\/3"}],"replies":[{"embeddable":true,"href":"https:\/\/franciscanos.org.br\/noticias\/wp-json\/wp\/v2\/comments?post=212861"}],"version-history":[{"count":0,"href":"https:\/\/franciscanos.org.br\/noticias\/wp-json\/wp\/v2\/posts\/212861\/revisions"}],"wp:featuredmedia":[{"embeddable":true,"href":"https:\/\/franciscanos.org.br\/noticias\/wp-json\/wp\/v2\/media\/212863"}],"wp:attachment":[{"href":"https:\/\/franciscanos.org.br\/noticias\/wp-json\/wp\/v2\/media?parent=212861"}],"wp:term":[{"taxonomy":"category","embeddable":true,"href":"https:\/\/franciscanos.org.br\/noticias\/wp-json\/wp\/v2\/categories?post=212861"},{"taxonomy":"post_tag","embeddable":true,"href":"https:\/\/franciscanos.org.br\/noticias\/wp-json\/wp\/v2\/tags?post=212861"}],"curies":[{"name":"wp","href":"https:\/\/api.w.org\/{rel}","templated":true}]}}