{"id":212794,"date":"2019-10-29T08:39:14","date_gmt":"2019-10-29T11:39:14","guid":{"rendered":"https:\/\/franciscanos.org.br\/noticias\/?p=212794"},"modified":"2022-12-31T12:49:30","modified_gmt":"2022-12-31T15:49:30","slug":"a-celebracao-da-diversidade-religiosa-em-agudos","status":"publish","type":"post","link":"https:\/\/franciscanos.org.br\/noticias\/a-celebracao-da-diversidade-religiosa-em-agudos.html","title":{"rendered":"A celebra\u00e7\u00e3o da diversidade religiosa em Agudos"},"content":{"rendered":"<p><img loading=\"lazy\" class=\"alignnone wp-image-212795 size-full\" src=\"https:\/\/franciscanos.org.br\/noticias\/wp-content\/uploads\/2019\/10\/encontro_2910_7.jpg\" alt=\"\" width=\"890\" height=\"593\" srcset=\"https:\/\/franciscanos.org.br\/noticias\/wp-content\/uploads\/2019\/10\/encontro_2910_7.jpg 890w, https:\/\/franciscanos.org.br\/noticias\/wp-content\/uploads\/2019\/10\/encontro_2910_7-450x300.jpg 450w, https:\/\/franciscanos.org.br\/noticias\/wp-content\/uploads\/2019\/10\/encontro_2910_7-768x512.jpg 768w, https:\/\/franciscanos.org.br\/noticias\/wp-content\/uploads\/2019\/10\/encontro_2910_7-150x100.jpg 150w\" sizes=\"(max-width: 890px) 100vw, 890px\" \/><\/p>\n<p><strong>Agudos (SP)<\/strong> &#8211; No \u00faltimo dia 26 de outubro, o N\u00facleo Centro-Oeste Paulista da Fam\u00edlia Franciscana se reuniu para celebrar os 800 Anos do Encontro de S\u00e3o Francisco de Assis com o Sult\u00e3o do Egito Al-Malik Al-Kamil. O encontro celebrativo aconteceu no grande Semin\u00e1rio Santo Ant\u00f4nio de Agudos e contou com a presen\u00e7a de muitos franciscanos e franciscanas do interior de S\u00e3o Paulo, e tamb\u00e9m de alguns irm\u00e3os de outras religi\u00f5es. Todo o encontro contou com a assessoria de Frei Vit\u00f3rio Mazzuco Filho, OFM, que durante todo esse ano se dedicou \u00e0 pesquisa deste evento inspirador da vida de Francisco de Assis.<\/p>\n<p>Durante a abertura do encontro, em nome da equipe de coordena\u00e7\u00e3o do n\u00facleo, Frei Zilmar Augusto, OFM, recordou que este encontro celebrativo estava acontecendo \u201cem nome de Deus\u201d, que \u00e9 fraternidade: \u201cHoje, neste grande Semin\u00e1rio, nos reunimos em &#8216;nome de Deus&#8217;. E, em seu nome, formamos uma fraternidade. Quem se re\u00fane em &#8216;nome de Deus&#8217; n\u00e3o pode se reunir de outro modo a n\u00e3o ser o modo fraterno. N\u00e3o viemos aqui para fazer proselitismo ou para defender as nossas religi\u00f5es. Mas, viemos aqui, simplesmente para nos encontrarmos; para celebrar a diversidade religiosa, pautada na cultura do respeito, do di\u00e1logo e da coopera\u00e7\u00e3o. Viemos aqui para lan\u00e7ar as sementes de um florescimento e proximidade entre n\u00f3s. Viemos aqui para falar e refletir sobre nossa caminhada, sobre o cuidado com a nossa Casa Comum, sobre o cuidado com os exclu\u00eddos e marginalizados e sobre o di\u00e1logo entre n\u00f3s\u201d, apresentou o frade.<\/p>\n<p><img loading=\"lazy\" class=\"alignnone wp-image-212796 size-full\" src=\"https:\/\/franciscanos.org.br\/noticias\/wp-content\/uploads\/2019\/10\/encontro_2910_1.jpg\" alt=\"\" width=\"890\" height=\"467\" srcset=\"https:\/\/franciscanos.org.br\/noticias\/wp-content\/uploads\/2019\/10\/encontro_2910_1.jpg 890w, https:\/\/franciscanos.org.br\/noticias\/wp-content\/uploads\/2019\/10\/encontro_2910_1-450x236.jpg 450w, https:\/\/franciscanos.org.br\/noticias\/wp-content\/uploads\/2019\/10\/encontro_2910_1-768x403.jpg 768w, https:\/\/franciscanos.org.br\/noticias\/wp-content\/uploads\/2019\/10\/encontro_2910_1-150x79.jpg 150w\" sizes=\"(max-width: 890px) 100vw, 890px\" \/><\/p>\n<p>Com alegria fraterna, foram acolhidos os l\u00edderes religiosos presentes: Cirineu Gomes Manduca, Sacerdote e representante da Umbanda, Bauru-SP; Carmem Baffi, representante da Igreja Seicho-No-Ie, Regional Bauru-SP; Dalton Morales Ribeiro, representante do Centro Esp\u00edrito Kardecista, de Agudos-SP; Mameto Mon\u00e2quissimbi de Ozambi, representante do Candombl\u00e9 Congo Angola, de Mar\u00edlia-SP; Pastora Paula Trein, Pastora Evang\u00e9lica de Confiss\u00e3o Luterana, de Mar\u00edlia-SP; Jo\u00e3o Guilherme, representante da Yoga, Agudos-SP. Ap\u00f3s as palavras de acolhida, os jovens de Agudos preparam um emocionante momento de ora\u00e7\u00e3o abrindo as atividades e introduzindo a todos no tema proposto para o encontro: \u201cFranciscanos e Franciscanas: profetas do di\u00e1logo, do respeito e da paz\u201d.<\/p>\n<p><img loading=\"lazy\" class=\"alignnone size-full wp-image-212797\" src=\"https:\/\/franciscanos.org.br\/noticias\/wp-content\/uploads\/2019\/10\/encontro_2910_2.jpg\" alt=\"\" width=\"890\" height=\"422\" srcset=\"https:\/\/franciscanos.org.br\/noticias\/wp-content\/uploads\/2019\/10\/encontro_2910_2.jpg 890w, https:\/\/franciscanos.org.br\/noticias\/wp-content\/uploads\/2019\/10\/encontro_2910_2-450x213.jpg 450w, https:\/\/franciscanos.org.br\/noticias\/wp-content\/uploads\/2019\/10\/encontro_2910_2-768x364.jpg 768w, https:\/\/franciscanos.org.br\/noticias\/wp-content\/uploads\/2019\/10\/encontro_2910_2-150x71.jpg 150w\" sizes=\"(max-width: 890px) 100vw, 890px\" \/><\/p>\n<p>O tema foi muito bem desenvolvido por Frei Vit\u00f3rio. Sempre chamando a aten\u00e7\u00e3o para a profecia franciscana de nosso tempo, abordou as dimens\u00f5es do di\u00e1logo, do respeito e da paz na \u00f3tica do franciscanismo. A todo momento Frei Vit\u00f3rio lembrou os ensinamentos de S\u00e3o Francisco sobre o respeito \u00e0s religi\u00f5es e \u00e0 recusa de determinados fundamentalismos presentes em nossos dias. \u201cFrancisco de Assis nos ensina que Deus \u00e9 t\u00e3o rico e expressivo e t\u00e3o acima de determina\u00e7\u00f5es para poder ser esgotado na sua plenitude por determinada tradi\u00e7\u00e3o de experi\u00eancia religiosa, que, por ser determinada j\u00e1 \u00e9 por si muito limitada. Voltemos \u00e0 ideia expressa na introdu\u00e7\u00e3o desta reflex\u00e3o: H\u00e1 mais verdades religiosas em todas as religi\u00f5es no seu conjunto do que numa \u00fanica religi\u00e3o; o que tamb\u00e9m vale para o cristianismo. Existem, pois, aspectos verdadeiros, bons, belos e surpreendentes nas m\u00faltiplas formas presentes na humanidade de compromisso e entendimento com Deus\u201d, enfatizou.<\/p>\n<p><img loading=\"lazy\" class=\"alignnone size-full wp-image-212798\" src=\"https:\/\/franciscanos.org.br\/noticias\/wp-content\/uploads\/2019\/10\/encontro_2910_8.jpg\" alt=\"\" width=\"890\" height=\"426\" srcset=\"https:\/\/franciscanos.org.br\/noticias\/wp-content\/uploads\/2019\/10\/encontro_2910_8.jpg 890w, https:\/\/franciscanos.org.br\/noticias\/wp-content\/uploads\/2019\/10\/encontro_2910_8-450x215.jpg 450w, https:\/\/franciscanos.org.br\/noticias\/wp-content\/uploads\/2019\/10\/encontro_2910_8-768x368.jpg 768w, https:\/\/franciscanos.org.br\/noticias\/wp-content\/uploads\/2019\/10\/encontro_2910_8-150x72.jpg 150w\" sizes=\"(max-width: 890px) 100vw, 890px\" \/><\/p>\n<p><strong>PONTOS COMUNS ENTRE AS RELIGI\u00d5ES<\/strong><\/p>\n<p>Na parte da tarde, ainda com a modera\u00e7\u00e3o de Frei Vit\u00f3rio, aconteceu um painel, que ganhou o nome de \u201cPatrulha da Paz e do Di\u00e1logo\u201d, com o objetivo de ir atr\u00e1s de iniciativas de di\u00e1logo inter-religioso, e tamb\u00e9m mostrar os pontos comuns das diversas cren\u00e7as e religi\u00f5es. Esse momento foi iluminado por tr\u00eas palavras iniciadas com a letra \u201cP\u201d: Paz, Pobre e Planeta. A partir delas, cada l\u00edder religioso apresentou suas iniciativas e preocupa\u00e7\u00f5es na constru\u00e7\u00e3o da paz, no cuidado com os pobres e na rela\u00e7\u00e3o com a Casa Comum. Foi um momento rico de grandes partilhas, que propiciou o conhecimento das outras religi\u00f5es.<\/p>\n<p>Ao longo de todo o encontro, podia-se notar muitos irm\u00e3os e irm\u00e3s com os olhos marejados e reflexivos, desconstruindo em si ran\u00e7os e preconceitos h\u00e1 anos edificados. Os semblantes dos franciscanos e franciscanas estavam luminosos, revestidos de uma energia indiz\u00edvel. Esses semblantes eram os semblantes dos que descobriram que o irm\u00e3o de uma outra cren\u00e7a religiosa \u00e9 nosso irm\u00e3o e merece respeito e rever\u00eancia. Muitos destacaram a harmoniosa rela\u00e7\u00e3o entre todos os participantes. At\u00e9 mesmo os l\u00edderes religiosos convidados, destacaram que se sentiram bem acolhidos e respeitados. \u201cO Candombl\u00e9 n\u00e3o \u00e9 apenas uma religi\u00e3o que se assume, mas \u00e9 uma religi\u00e3o que se veste. Quando sa\u00edmos de nossas casas para participar de encontros como este, n\u00e3o podemos negar que sa\u00edmos com certo receio, de como vai ser a recep\u00e7\u00e3o, de como seremos acolhidos&#8230; Hoje, saio daqui renovado, com muita esperan\u00e7a! Porque, desde o momento em que chegamos, em que descemos do carro, fomos recebidos com sorrisos maravilhosos, de bra\u00e7os abertos, com paz e bem! Tenho a certeza que a pessoa que est\u00e1 saindo desse encontro \u00e9 uma pessoa diferente daquela que aqui chegou. E isso eu agrade\u00e7o a voc\u00eas\u201d, testemunhou Marcos, do Candombl\u00e9 Congo-Angola de Mar\u00edlia, durante a Recorda\u00e7\u00e3o da Vida, na Celebra\u00e7\u00e3o Inter-religiosa. Esse testemunho \u00e9 prova da energia divina, talvez a mesma vivida entre Francisco e o Sult\u00e3o, que envolveu a todos os participantes num clima de fraternidade.<\/p>\n<p><img loading=\"lazy\" class=\"alignnone size-full wp-image-212799\" src=\"https:\/\/franciscanos.org.br\/noticias\/wp-content\/uploads\/2019\/10\/encontro_2910_5.jpg\" alt=\"\" width=\"890\" height=\"351\" srcset=\"https:\/\/franciscanos.org.br\/noticias\/wp-content\/uploads\/2019\/10\/encontro_2910_5.jpg 890w, https:\/\/franciscanos.org.br\/noticias\/wp-content\/uploads\/2019\/10\/encontro_2910_5-450x177.jpg 450w, https:\/\/franciscanos.org.br\/noticias\/wp-content\/uploads\/2019\/10\/encontro_2910_5-768x303.jpg 768w, https:\/\/franciscanos.org.br\/noticias\/wp-content\/uploads\/2019\/10\/encontro_2910_5-150x59.jpg 150w\" sizes=\"(max-width: 890px) 100vw, 890px\" \/><\/p>\n<p>O encontro encerrou-se com a Celebra\u00e7\u00e3o Inter-religiosa pela paz e pela terra, rezando em comunh\u00e3o com todas as religi\u00f5es e cren\u00e7as. Ao final da celebra\u00e7\u00e3o, os l\u00edderes religiosos receberam uma muda de Ip\u00ea para plantarem em seus lugares de ora\u00e7\u00e3o. \u201cQue essas mudas, plantadas nos terrenos dos seus templos ou igrejas, terreiros ou ax\u00e9s, casas de ora\u00e7\u00f5es ou salas de reuni\u00f5es fraternas relembrem que, em Agudos, durante a celebra\u00e7\u00e3o do jubileu de 800 anos do Encontro de Francisco com o Sult\u00e3o, nosso n\u00facleo lan\u00e7ou as sementes do di\u00e1logo, do respeito e da paz entre as religi\u00f5es. Que esses ip\u00eas nos lembram o dia em que tiramos a paz, o di\u00e1logo e o respeito de nossos livros de forma\u00e7\u00e3o e os vivenciamos de modo prof\u00e9tico e fraterno. Que cada florescimento desses ip\u00eas nos lembre que sempre precisaremos fazer florescer os compromissos assumidos neste dia\u201d, finalizou Frei Zilmar, agradecendo a participa\u00e7\u00e3o de todos os irm\u00e3os e irm\u00e3s nesta celebra\u00e7\u00e3o.<\/p>\n<p><img loading=\"lazy\" class=\"alignnone size-full wp-image-212800\" src=\"https:\/\/franciscanos.org.br\/noticias\/wp-content\/uploads\/2019\/10\/encontro_2910_3.jpg\" alt=\"\" width=\"890\" height=\"405\" srcset=\"https:\/\/franciscanos.org.br\/noticias\/wp-content\/uploads\/2019\/10\/encontro_2910_3.jpg 890w, https:\/\/franciscanos.org.br\/noticias\/wp-content\/uploads\/2019\/10\/encontro_2910_3-450x205.jpg 450w, https:\/\/franciscanos.org.br\/noticias\/wp-content\/uploads\/2019\/10\/encontro_2910_3-768x349.jpg 768w, https:\/\/franciscanos.org.br\/noticias\/wp-content\/uploads\/2019\/10\/encontro_2910_3-150x68.jpg 150w\" sizes=\"(max-width: 890px) 100vw, 890px\" \/><\/p>\n<p><strong>DEPOIMENTOS<\/strong><\/p>\n<p>Bernadete Pereira, franciscana secular de Piracicaba, disse que foi um momento maravilhoso e &#8220;mexeu&#8221; com a gente: &#8220;Uma inquieta\u00e7\u00e3o que nos faz olhar o diferente com o olhar de amor. Foi uma experi\u00eancia muito singular. Amei ter participado\u201d.<\/p>\n<p>Dalton Morales, do Centro Esp\u00edrita Agudos, agradeceu o convite para participar de um momento t\u00e3o importante para todos: &#8220;Sentir a harmonia entre as religi\u00f5es, viver o respeito apesar das diferen\u00e7as e perceber que todos temos objetivos comuns. Muito o obrigado pela oportunidade&#8221;.<\/p>\n<p>Terezinha, franciscana secular de Votuporanga, disse que foi um dia perfeito para a reconstru\u00e7\u00e3o interior: &#8220;Quantas coisas precisamos melhorar em nossas vidas&#8230; Estar \u00e0 procura j\u00e1 \u00e9 um bom come\u00e7o&#8221;.<\/p>\n<p><strong>Texto e fotos: Equipe de Coordena\u00e7\u00e3o<\/strong><\/p>\n","protected":false},"excerpt":{"rendered":"<p>Fam\u00edlia Franciscana do Interior de S\u00e3o Paulo celebra os 800 anos do encontro de Francisco com o Sult\u00e3o.<\/p>\n","protected":false},"author":3,"featured_media":212801,"comment_status":"open","ping_status":"open","sticky":false,"template":"","format":"standard","meta":[],"categories":[1],"tags":[1231],"acf":[],"yoast_head":"<!-- This site is optimized with the Yoast SEO plugin v19.2 - https:\/\/yoast.com\/wordpress\/plugins\/seo\/ -->\n<title>A celebra\u00e7\u00e3o da diversidade religiosa em Agudos - Not\u00edcias - Franciscanos<\/title>\n<meta name=\"robots\" content=\"index, follow, max-snippet:-1, max-image-preview:large, max-video-preview:-1\" \/>\n<link rel=\"canonical\" href=\"https:\/\/franciscanos.org.br\/noticias\/a-celebracao-da-diversidade-religiosa-em-agudos.html\" \/>\n<meta property=\"og:locale\" content=\"pt_BR\" \/>\n<meta property=\"og:type\" content=\"article\" \/>\n<meta property=\"og:title\" content=\"A celebra\u00e7\u00e3o da diversidade religiosa em Agudos - Not\u00edcias - Franciscanos\" \/>\n<meta property=\"og:description\" content=\"Fam\u00edlia Franciscana do Interior de S\u00e3o Paulo celebra os 800 anos do encontro de Francisco com o Sult\u00e3o.\" \/>\n<meta property=\"og:url\" content=\"https:\/\/franciscanos.org.br\/noticias\/a-celebracao-da-diversidade-religiosa-em-agudos.html\" \/>\n<meta property=\"og:site_name\" content=\"Not\u00edcias - Franciscanos\" \/>\n<meta property=\"article:published_time\" content=\"2019-10-29T11:39:14+00:00\" \/>\n<meta property=\"article:modified_time\" content=\"2022-12-31T15:49:30+00:00\" \/>\n<meta property=\"og:image\" content=\"https:\/\/franciscanos.org.br\/noticias\/wp-content\/uploads\/2019\/10\/encontro_2910_dd.jpg\" \/>\n\t<meta property=\"og:image:width\" content=\"273\" \/>\n\t<meta property=\"og:image:height\" content=\"181\" \/>\n\t<meta property=\"og:image:type\" content=\"image\/jpeg\" \/>\n<meta name=\"author\" content=\"moacir\" \/>\n<meta name=\"twitter:card\" content=\"summary_large_image\" \/>\n<meta name=\"twitter:label1\" content=\"Escrito por\" \/>\n\t<meta name=\"twitter:data1\" content=\"moacir\" \/>\n\t<meta name=\"twitter:label2\" content=\"Est. tempo de leitura\" \/>\n\t<meta name=\"twitter:data2\" content=\"6 minutos\" \/>\n<script type=\"application\/ld+json\" class=\"yoast-schema-graph\">{\"@context\":\"https:\/\/schema.org\",\"@graph\":[{\"@type\":\"WebSite\",\"@id\":\"https:\/\/franciscanos.org.br\/noticias\/#website\",\"url\":\"https:\/\/franciscanos.org.br\/noticias\/\",\"name\":\"Not\u00edcias - Franciscanos\",\"description\":\"Prov\u00edncia Franciscana da Imaculada Concei\u00e7\u00e3o do Brasil - Ordem dos Frades Menores - OFM\",\"potentialAction\":[{\"@type\":\"SearchAction\",\"target\":{\"@type\":\"EntryPoint\",\"urlTemplate\":\"https:\/\/franciscanos.org.br\/noticias\/?s={search_term_string}\"},\"query-input\":\"required name=search_term_string\"}],\"inLanguage\":\"pt-BR\"},{\"@type\":\"ImageObject\",\"inLanguage\":\"pt-BR\",\"@id\":\"https:\/\/franciscanos.org.br\/noticias\/a-celebracao-da-diversidade-religiosa-em-agudos.html#primaryimage\",\"url\":\"https:\/\/franciscanos.org.br\/noticias\/wp-content\/uploads\/2019\/10\/encontro_2910_dd.jpg\",\"contentUrl\":\"https:\/\/franciscanos.org.br\/noticias\/wp-content\/uploads\/2019\/10\/encontro_2910_dd.jpg\",\"width\":273,\"height\":181},{\"@type\":\"WebPage\",\"@id\":\"https:\/\/franciscanos.org.br\/noticias\/a-celebracao-da-diversidade-religiosa-em-agudos.html#webpage\",\"url\":\"https:\/\/franciscanos.org.br\/noticias\/a-celebracao-da-diversidade-religiosa-em-agudos.html\",\"name\":\"A celebra\u00e7\u00e3o da diversidade religiosa em Agudos - Not\u00edcias - Franciscanos\",\"isPartOf\":{\"@id\":\"https:\/\/franciscanos.org.br\/noticias\/#website\"},\"primaryImageOfPage\":{\"@id\":\"https:\/\/franciscanos.org.br\/noticias\/a-celebracao-da-diversidade-religiosa-em-agudos.html#primaryimage\"},\"datePublished\":\"2019-10-29T11:39:14+00:00\",\"dateModified\":\"2022-12-31T15:49:30+00:00\",\"author\":{\"@id\":\"https:\/\/franciscanos.org.br\/noticias\/#\/schema\/person\/b5c8cba458c330ccff548b056e95a5d4\"},\"breadcrumb\":{\"@id\":\"https:\/\/franciscanos.org.br\/noticias\/a-celebracao-da-diversidade-religiosa-em-agudos.html#breadcrumb\"},\"inLanguage\":\"pt-BR\",\"potentialAction\":[{\"@type\":\"ReadAction\",\"target\":[\"https:\/\/franciscanos.org.br\/noticias\/a-celebracao-da-diversidade-religiosa-em-agudos.html\"]}]},{\"@type\":\"BreadcrumbList\",\"@id\":\"https:\/\/franciscanos.org.br\/noticias\/a-celebracao-da-diversidade-religiosa-em-agudos.html#breadcrumb\",\"itemListElement\":[{\"@type\":\"ListItem\",\"position\":1,\"name\":\"Home\",\"item\":\"https:\/\/franciscanos.org.br\/noticias\"},{\"@type\":\"ListItem\",\"position\":2,\"name\":\"A celebra\u00e7\u00e3o da diversidade religiosa em Agudos\"}]},{\"@type\":\"Person\",\"@id\":\"https:\/\/franciscanos.org.br\/noticias\/#\/schema\/person\/b5c8cba458c330ccff548b056e95a5d4\",\"name\":\"moacir\",\"image\":{\"@type\":\"ImageObject\",\"inLanguage\":\"pt-BR\",\"@id\":\"https:\/\/franciscanos.org.br\/noticias\/#\/schema\/person\/image\/\",\"url\":\"https:\/\/secure.gravatar.com\/avatar\/d08aa2ce4c8dd416d4479aa8536fcf64?s=96&d=mm&r=g\",\"contentUrl\":\"https:\/\/secure.gravatar.com\/avatar\/d08aa2ce4c8dd416d4479aa8536fcf64?s=96&d=mm&r=g\",\"caption\":\"moacir\"},\"url\":\"https:\/\/franciscanos.org.br\/noticias\/author\/moacir\"}]}<\/script>\n<!-- \/ Yoast SEO plugin. -->","yoast_head_json":{"title":"A celebra\u00e7\u00e3o da diversidade religiosa em Agudos - Not\u00edcias - Franciscanos","robots":{"index":"index","follow":"follow","max-snippet":"max-snippet:-1","max-image-preview":"max-image-preview:large","max-video-preview":"max-video-preview:-1"},"canonical":"https:\/\/franciscanos.org.br\/noticias\/a-celebracao-da-diversidade-religiosa-em-agudos.html","og_locale":"pt_BR","og_type":"article","og_title":"A celebra\u00e7\u00e3o da diversidade religiosa em Agudos - Not\u00edcias - Franciscanos","og_description":"Fam\u00edlia Franciscana do Interior de S\u00e3o Paulo celebra os 800 anos do encontro de Francisco com o Sult\u00e3o.","og_url":"https:\/\/franciscanos.org.br\/noticias\/a-celebracao-da-diversidade-religiosa-em-agudos.html","og_site_name":"Not\u00edcias - Franciscanos","article_published_time":"2019-10-29T11:39:14+00:00","article_modified_time":"2022-12-31T15:49:30+00:00","og_image":[{"width":273,"height":181,"url":"https:\/\/franciscanos.org.br\/noticias\/wp-content\/uploads\/2019\/10\/encontro_2910_dd.jpg","type":"image\/jpeg"}],"author":"moacir","twitter_card":"summary_large_image","twitter_misc":{"Escrito por":"moacir","Est. tempo de leitura":"6 minutos"},"schema":{"@context":"https:\/\/schema.org","@graph":[{"@type":"WebSite","@id":"https:\/\/franciscanos.org.br\/noticias\/#website","url":"https:\/\/franciscanos.org.br\/noticias\/","name":"Not\u00edcias - Franciscanos","description":"Prov\u00edncia Franciscana da Imaculada Concei\u00e7\u00e3o do Brasil - Ordem dos Frades Menores - OFM","potentialAction":[{"@type":"SearchAction","target":{"@type":"EntryPoint","urlTemplate":"https:\/\/franciscanos.org.br\/noticias\/?s={search_term_string}"},"query-input":"required name=search_term_string"}],"inLanguage":"pt-BR"},{"@type":"ImageObject","inLanguage":"pt-BR","@id":"https:\/\/franciscanos.org.br\/noticias\/a-celebracao-da-diversidade-religiosa-em-agudos.html#primaryimage","url":"https:\/\/franciscanos.org.br\/noticias\/wp-content\/uploads\/2019\/10\/encontro_2910_dd.jpg","contentUrl":"https:\/\/franciscanos.org.br\/noticias\/wp-content\/uploads\/2019\/10\/encontro_2910_dd.jpg","width":273,"height":181},{"@type":"WebPage","@id":"https:\/\/franciscanos.org.br\/noticias\/a-celebracao-da-diversidade-religiosa-em-agudos.html#webpage","url":"https:\/\/franciscanos.org.br\/noticias\/a-celebracao-da-diversidade-religiosa-em-agudos.html","name":"A celebra\u00e7\u00e3o da diversidade religiosa em Agudos - Not\u00edcias - Franciscanos","isPartOf":{"@id":"https:\/\/franciscanos.org.br\/noticias\/#website"},"primaryImageOfPage":{"@id":"https:\/\/franciscanos.org.br\/noticias\/a-celebracao-da-diversidade-religiosa-em-agudos.html#primaryimage"},"datePublished":"2019-10-29T11:39:14+00:00","dateModified":"2022-12-31T15:49:30+00:00","author":{"@id":"https:\/\/franciscanos.org.br\/noticias\/#\/schema\/person\/b5c8cba458c330ccff548b056e95a5d4"},"breadcrumb":{"@id":"https:\/\/franciscanos.org.br\/noticias\/a-celebracao-da-diversidade-religiosa-em-agudos.html#breadcrumb"},"inLanguage":"pt-BR","potentialAction":[{"@type":"ReadAction","target":["https:\/\/franciscanos.org.br\/noticias\/a-celebracao-da-diversidade-religiosa-em-agudos.html"]}]},{"@type":"BreadcrumbList","@id":"https:\/\/franciscanos.org.br\/noticias\/a-celebracao-da-diversidade-religiosa-em-agudos.html#breadcrumb","itemListElement":[{"@type":"ListItem","position":1,"name":"Home","item":"https:\/\/franciscanos.org.br\/noticias"},{"@type":"ListItem","position":2,"name":"A celebra\u00e7\u00e3o da diversidade religiosa em Agudos"}]},{"@type":"Person","@id":"https:\/\/franciscanos.org.br\/noticias\/#\/schema\/person\/b5c8cba458c330ccff548b056e95a5d4","name":"moacir","image":{"@type":"ImageObject","inLanguage":"pt-BR","@id":"https:\/\/franciscanos.org.br\/noticias\/#\/schema\/person\/image\/","url":"https:\/\/secure.gravatar.com\/avatar\/d08aa2ce4c8dd416d4479aa8536fcf64?s=96&d=mm&r=g","contentUrl":"https:\/\/secure.gravatar.com\/avatar\/d08aa2ce4c8dd416d4479aa8536fcf64?s=96&d=mm&r=g","caption":"moacir"},"url":"https:\/\/franciscanos.org.br\/noticias\/author\/moacir"}]}},"_links":{"self":[{"href":"https:\/\/franciscanos.org.br\/noticias\/wp-json\/wp\/v2\/posts\/212794"}],"collection":[{"href":"https:\/\/franciscanos.org.br\/noticias\/wp-json\/wp\/v2\/posts"}],"about":[{"href":"https:\/\/franciscanos.org.br\/noticias\/wp-json\/wp\/v2\/types\/post"}],"author":[{"embeddable":true,"href":"https:\/\/franciscanos.org.br\/noticias\/wp-json\/wp\/v2\/users\/3"}],"replies":[{"embeddable":true,"href":"https:\/\/franciscanos.org.br\/noticias\/wp-json\/wp\/v2\/comments?post=212794"}],"version-history":[{"count":1,"href":"https:\/\/franciscanos.org.br\/noticias\/wp-json\/wp\/v2\/posts\/212794\/revisions"}],"predecessor-version":[{"id":241455,"href":"https:\/\/franciscanos.org.br\/noticias\/wp-json\/wp\/v2\/posts\/212794\/revisions\/241455"}],"wp:featuredmedia":[{"embeddable":true,"href":"https:\/\/franciscanos.org.br\/noticias\/wp-json\/wp\/v2\/media\/212801"}],"wp:attachment":[{"href":"https:\/\/franciscanos.org.br\/noticias\/wp-json\/wp\/v2\/media?parent=212794"}],"wp:term":[{"taxonomy":"category","embeddable":true,"href":"https:\/\/franciscanos.org.br\/noticias\/wp-json\/wp\/v2\/categories?post=212794"},{"taxonomy":"post_tag","embeddable":true,"href":"https:\/\/franciscanos.org.br\/noticias\/wp-json\/wp\/v2\/tags?post=212794"}],"curies":[{"name":"wp","href":"https:\/\/api.w.org\/{rel}","templated":true}]}}