{"id":212731,"date":"2019-10-25T17:34:13","date_gmt":"2019-10-25T20:34:13","guid":{"rendered":"https:\/\/franciscanos.org.br\/noticias\/?p=212731"},"modified":"2019-10-25T17:34:13","modified_gmt":"2019-10-25T20:34:13","slug":"frades-da-custodia-sao-benedito-da-amazonia-elegem-novo-conselho","status":"publish","type":"post","link":"https:\/\/franciscanos.org.br\/noticias\/frades-da-custodia-sao-benedito-da-amazonia-elegem-novo-conselho.html","title":{"rendered":"Frades da Cust\u00f3dia S\u00e3o Benedito da Amaz\u00f4nia elegem novo Conselho"},"content":{"rendered":"<p><img loading=\"lazy\" class=\"alignnone size-full wp-image-212732\" src=\"https:\/\/franciscanos.org.br\/noticias\/wp-content\/uploads\/2019\/10\/custodia_2510.jpg\" alt=\"\" width=\"890\" height=\"604\" srcset=\"https:\/\/franciscanos.org.br\/noticias\/wp-content\/uploads\/2019\/10\/custodia_2510.jpg 890w, https:\/\/franciscanos.org.br\/noticias\/wp-content\/uploads\/2019\/10\/custodia_2510-450x305.jpg 450w, https:\/\/franciscanos.org.br\/noticias\/wp-content\/uploads\/2019\/10\/custodia_2510-768x521.jpg 768w, https:\/\/franciscanos.org.br\/noticias\/wp-content\/uploads\/2019\/10\/custodia_2510-150x102.jpg 150w\" sizes=\"(max-width: 890px) 100vw, 890px\" \/><\/p>\n<p>O Cap\u00edtulo Eletivo da Cust\u00f3dia S\u00e3o Benedito da Amaz\u00f4nia ocorre em Ema\u00fas desde segunda-feira (21) e segue at\u00e9 neste s\u00e1bado 26 de outubro de 2019. A Assembleia conta com a presen\u00e7a de aproximadamente 43 frades atuantes no Amazonas, Par\u00e1 e Roraima. Frei Vicente Paulo, OFM, preside o Cap\u00edtulo. Os eleitos para o tri\u00eanio 2020-2022 foram: Ministro Custodial, Frei Edilson Rocha; Vig\u00e1rio Custodial, Frei Elder Almeida; os Conselheiros s\u00e3o: Frei Manoel da Silva, Frei Marcos Bezerra, Frei R\u00f4mulo Canto e Frei Harodo Pimentel.<\/p>\n<p>O Cap\u00edtulo transcorre de forma serena e fraterna. S\u00e3o realizados momentos de mem\u00f3rias orantes, reflex\u00f5es sobre a presen\u00e7a dos frades na Amaz\u00f4nia, recrea\u00e7\u00e3o, e conviv\u00eancia fraterna.<\/p>\n<p><em>Fonte: Cust\u00f3dia S\u00e3o Benedito<\/em><\/p>\n","protected":false},"excerpt":{"rendered":"<p>Confer\u00eancia dos Frades Menores do Brasil<\/p>\n","protected":false},"author":3,"featured_media":212733,"comment_status":"open","ping_status":"open","sticky":false,"template":"","format":"standard","meta":[],"categories":[1],"tags":[240],"acf":[],"yoast_head":"<!-- This site is optimized with the Yoast SEO plugin v19.2 - https:\/\/yoast.com\/wordpress\/plugins\/seo\/ -->\n<title>Frades da Cust\u00f3dia S\u00e3o Benedito da Amaz\u00f4nia elegem novo Conselho - Not\u00edcias - Franciscanos<\/title>\n<meta name=\"robots\" content=\"index, follow, max-snippet:-1, max-image-preview:large, max-video-preview:-1\" \/>\n<link rel=\"canonical\" href=\"https:\/\/franciscanos.org.br\/noticias\/frades-da-custodia-sao-benedito-da-amazonia-elegem-novo-conselho.html\" \/>\n<meta property=\"og:locale\" content=\"pt_BR\" \/>\n<meta property=\"og:type\" content=\"article\" \/>\n<meta property=\"og:title\" content=\"Frades da Cust\u00f3dia S\u00e3o Benedito da Amaz\u00f4nia elegem novo Conselho - Not\u00edcias - Franciscanos\" \/>\n<meta property=\"og:description\" content=\"Confer\u00eancia dos Frades Menores do Brasil\" \/>\n<meta property=\"og:url\" content=\"https:\/\/franciscanos.org.br\/noticias\/frades-da-custodia-sao-benedito-da-amazonia-elegem-novo-conselho.html\" \/>\n<meta property=\"og:site_name\" content=\"Not\u00edcias - Franciscanos\" \/>\n<meta property=\"article:published_time\" content=\"2019-10-25T20:34:13+00:00\" \/>\n<meta property=\"og:image\" content=\"https:\/\/franciscanos.org.br\/noticias\/wp-content\/uploads\/2019\/10\/custodia_2510d.jpg\" \/>\n\t<meta property=\"og:image:width\" content=\"273\" \/>\n\t<meta property=\"og:image:height\" content=\"181\" \/>\n\t<meta property=\"og:image:type\" content=\"image\/jpeg\" \/>\n<meta name=\"author\" content=\"moacir\" \/>\n<meta name=\"twitter:card\" content=\"summary_large_image\" \/>\n<meta name=\"twitter:label1\" content=\"Escrito por\" \/>\n\t<meta name=\"twitter:data1\" content=\"moacir\" \/>\n\t<meta name=\"twitter:label2\" content=\"Est. tempo de leitura\" \/>\n\t<meta name=\"twitter:data2\" content=\"1 minuto\" \/>\n<script type=\"application\/ld+json\" class=\"yoast-schema-graph\">{\"@context\":\"https:\/\/schema.org\",\"@graph\":[{\"@type\":\"WebSite\",\"@id\":\"https:\/\/franciscanos.org.br\/noticias\/#website\",\"url\":\"https:\/\/franciscanos.org.br\/noticias\/\",\"name\":\"Not\u00edcias - Franciscanos\",\"description\":\"Prov\u00edncia Franciscana da Imaculada Concei\u00e7\u00e3o do Brasil - Ordem dos Frades Menores - OFM\",\"potentialAction\":[{\"@type\":\"SearchAction\",\"target\":{\"@type\":\"EntryPoint\",\"urlTemplate\":\"https:\/\/franciscanos.org.br\/noticias\/?s={search_term_string}\"},\"query-input\":\"required name=search_term_string\"}],\"inLanguage\":\"pt-BR\"},{\"@type\":\"ImageObject\",\"inLanguage\":\"pt-BR\",\"@id\":\"https:\/\/franciscanos.org.br\/noticias\/frades-da-custodia-sao-benedito-da-amazonia-elegem-novo-conselho.html#primaryimage\",\"url\":\"https:\/\/franciscanos.org.br\/noticias\/wp-content\/uploads\/2019\/10\/custodia_2510d.jpg\",\"contentUrl\":\"https:\/\/franciscanos.org.br\/noticias\/wp-content\/uploads\/2019\/10\/custodia_2510d.jpg\",\"width\":273,\"height\":181},{\"@type\":\"WebPage\",\"@id\":\"https:\/\/franciscanos.org.br\/noticias\/frades-da-custodia-sao-benedito-da-amazonia-elegem-novo-conselho.html#webpage\",\"url\":\"https:\/\/franciscanos.org.br\/noticias\/frades-da-custodia-sao-benedito-da-amazonia-elegem-novo-conselho.html\",\"name\":\"Frades da Cust\u00f3dia S\u00e3o Benedito da Amaz\u00f4nia elegem novo Conselho - Not\u00edcias - Franciscanos\",\"isPartOf\":{\"@id\":\"https:\/\/franciscanos.org.br\/noticias\/#website\"},\"primaryImageOfPage\":{\"@id\":\"https:\/\/franciscanos.org.br\/noticias\/frades-da-custodia-sao-benedito-da-amazonia-elegem-novo-conselho.html#primaryimage\"},\"datePublished\":\"2019-10-25T20:34:13+00:00\",\"dateModified\":\"2019-10-25T20:34:13+00:00\",\"author\":{\"@id\":\"https:\/\/franciscanos.org.br\/noticias\/#\/schema\/person\/b5c8cba458c330ccff548b056e95a5d4\"},\"breadcrumb\":{\"@id\":\"https:\/\/franciscanos.org.br\/noticias\/frades-da-custodia-sao-benedito-da-amazonia-elegem-novo-conselho.html#breadcrumb\"},\"inLanguage\":\"pt-BR\",\"potentialAction\":[{\"@type\":\"ReadAction\",\"target\":[\"https:\/\/franciscanos.org.br\/noticias\/frades-da-custodia-sao-benedito-da-amazonia-elegem-novo-conselho.html\"]}]},{\"@type\":\"BreadcrumbList\",\"@id\":\"https:\/\/franciscanos.org.br\/noticias\/frades-da-custodia-sao-benedito-da-amazonia-elegem-novo-conselho.html#breadcrumb\",\"itemListElement\":[{\"@type\":\"ListItem\",\"position\":1,\"name\":\"Home\",\"item\":\"https:\/\/franciscanos.org.br\/noticias\"},{\"@type\":\"ListItem\",\"position\":2,\"name\":\"Frades da Cust\u00f3dia S\u00e3o Benedito da Amaz\u00f4nia elegem novo Conselho\"}]},{\"@type\":\"Person\",\"@id\":\"https:\/\/franciscanos.org.br\/noticias\/#\/schema\/person\/b5c8cba458c330ccff548b056e95a5d4\",\"name\":\"moacir\",\"image\":{\"@type\":\"ImageObject\",\"inLanguage\":\"pt-BR\",\"@id\":\"https:\/\/franciscanos.org.br\/noticias\/#\/schema\/person\/image\/\",\"url\":\"https:\/\/secure.gravatar.com\/avatar\/d08aa2ce4c8dd416d4479aa8536fcf64?s=96&d=mm&r=g\",\"contentUrl\":\"https:\/\/secure.gravatar.com\/avatar\/d08aa2ce4c8dd416d4479aa8536fcf64?s=96&d=mm&r=g\",\"caption\":\"moacir\"},\"url\":\"https:\/\/franciscanos.org.br\/noticias\/author\/moacir\"}]}<\/script>\n<!-- \/ Yoast SEO plugin. -->","yoast_head_json":{"title":"Frades da Cust\u00f3dia S\u00e3o Benedito da Amaz\u00f4nia elegem novo Conselho - Not\u00edcias - Franciscanos","robots":{"index":"index","follow":"follow","max-snippet":"max-snippet:-1","max-image-preview":"max-image-preview:large","max-video-preview":"max-video-preview:-1"},"canonical":"https:\/\/franciscanos.org.br\/noticias\/frades-da-custodia-sao-benedito-da-amazonia-elegem-novo-conselho.html","og_locale":"pt_BR","og_type":"article","og_title":"Frades da Cust\u00f3dia S\u00e3o Benedito da Amaz\u00f4nia elegem novo Conselho - Not\u00edcias - Franciscanos","og_description":"Confer\u00eancia dos Frades Menores do Brasil","og_url":"https:\/\/franciscanos.org.br\/noticias\/frades-da-custodia-sao-benedito-da-amazonia-elegem-novo-conselho.html","og_site_name":"Not\u00edcias - Franciscanos","article_published_time":"2019-10-25T20:34:13+00:00","og_image":[{"width":273,"height":181,"url":"https:\/\/franciscanos.org.br\/noticias\/wp-content\/uploads\/2019\/10\/custodia_2510d.jpg","type":"image\/jpeg"}],"author":"moacir","twitter_card":"summary_large_image","twitter_misc":{"Escrito por":"moacir","Est. tempo de leitura":"1 minuto"},"schema":{"@context":"https:\/\/schema.org","@graph":[{"@type":"WebSite","@id":"https:\/\/franciscanos.org.br\/noticias\/#website","url":"https:\/\/franciscanos.org.br\/noticias\/","name":"Not\u00edcias - Franciscanos","description":"Prov\u00edncia Franciscana da Imaculada Concei\u00e7\u00e3o do Brasil - Ordem dos Frades Menores - OFM","potentialAction":[{"@type":"SearchAction","target":{"@type":"EntryPoint","urlTemplate":"https:\/\/franciscanos.org.br\/noticias\/?s={search_term_string}"},"query-input":"required name=search_term_string"}],"inLanguage":"pt-BR"},{"@type":"ImageObject","inLanguage":"pt-BR","@id":"https:\/\/franciscanos.org.br\/noticias\/frades-da-custodia-sao-benedito-da-amazonia-elegem-novo-conselho.html#primaryimage","url":"https:\/\/franciscanos.org.br\/noticias\/wp-content\/uploads\/2019\/10\/custodia_2510d.jpg","contentUrl":"https:\/\/franciscanos.org.br\/noticias\/wp-content\/uploads\/2019\/10\/custodia_2510d.jpg","width":273,"height":181},{"@type":"WebPage","@id":"https:\/\/franciscanos.org.br\/noticias\/frades-da-custodia-sao-benedito-da-amazonia-elegem-novo-conselho.html#webpage","url":"https:\/\/franciscanos.org.br\/noticias\/frades-da-custodia-sao-benedito-da-amazonia-elegem-novo-conselho.html","name":"Frades da Cust\u00f3dia S\u00e3o Benedito da Amaz\u00f4nia elegem novo Conselho - Not\u00edcias - Franciscanos","isPartOf":{"@id":"https:\/\/franciscanos.org.br\/noticias\/#website"},"primaryImageOfPage":{"@id":"https:\/\/franciscanos.org.br\/noticias\/frades-da-custodia-sao-benedito-da-amazonia-elegem-novo-conselho.html#primaryimage"},"datePublished":"2019-10-25T20:34:13+00:00","dateModified":"2019-10-25T20:34:13+00:00","author":{"@id":"https:\/\/franciscanos.org.br\/noticias\/#\/schema\/person\/b5c8cba458c330ccff548b056e95a5d4"},"breadcrumb":{"@id":"https:\/\/franciscanos.org.br\/noticias\/frades-da-custodia-sao-benedito-da-amazonia-elegem-novo-conselho.html#breadcrumb"},"inLanguage":"pt-BR","potentialAction":[{"@type":"ReadAction","target":["https:\/\/franciscanos.org.br\/noticias\/frades-da-custodia-sao-benedito-da-amazonia-elegem-novo-conselho.html"]}]},{"@type":"BreadcrumbList","@id":"https:\/\/franciscanos.org.br\/noticias\/frades-da-custodia-sao-benedito-da-amazonia-elegem-novo-conselho.html#breadcrumb","itemListElement":[{"@type":"ListItem","position":1,"name":"Home","item":"https:\/\/franciscanos.org.br\/noticias"},{"@type":"ListItem","position":2,"name":"Frades da Cust\u00f3dia S\u00e3o Benedito da Amaz\u00f4nia elegem novo Conselho"}]},{"@type":"Person","@id":"https:\/\/franciscanos.org.br\/noticias\/#\/schema\/person\/b5c8cba458c330ccff548b056e95a5d4","name":"moacir","image":{"@type":"ImageObject","inLanguage":"pt-BR","@id":"https:\/\/franciscanos.org.br\/noticias\/#\/schema\/person\/image\/","url":"https:\/\/secure.gravatar.com\/avatar\/d08aa2ce4c8dd416d4479aa8536fcf64?s=96&d=mm&r=g","contentUrl":"https:\/\/secure.gravatar.com\/avatar\/d08aa2ce4c8dd416d4479aa8536fcf64?s=96&d=mm&r=g","caption":"moacir"},"url":"https:\/\/franciscanos.org.br\/noticias\/author\/moacir"}]}},"_links":{"self":[{"href":"https:\/\/franciscanos.org.br\/noticias\/wp-json\/wp\/v2\/posts\/212731"}],"collection":[{"href":"https:\/\/franciscanos.org.br\/noticias\/wp-json\/wp\/v2\/posts"}],"about":[{"href":"https:\/\/franciscanos.org.br\/noticias\/wp-json\/wp\/v2\/types\/post"}],"author":[{"embeddable":true,"href":"https:\/\/franciscanos.org.br\/noticias\/wp-json\/wp\/v2\/users\/3"}],"replies":[{"embeddable":true,"href":"https:\/\/franciscanos.org.br\/noticias\/wp-json\/wp\/v2\/comments?post=212731"}],"version-history":[{"count":0,"href":"https:\/\/franciscanos.org.br\/noticias\/wp-json\/wp\/v2\/posts\/212731\/revisions"}],"wp:featuredmedia":[{"embeddable":true,"href":"https:\/\/franciscanos.org.br\/noticias\/wp-json\/wp\/v2\/media\/212733"}],"wp:attachment":[{"href":"https:\/\/franciscanos.org.br\/noticias\/wp-json\/wp\/v2\/media?parent=212731"}],"wp:term":[{"taxonomy":"category","embeddable":true,"href":"https:\/\/franciscanos.org.br\/noticias\/wp-json\/wp\/v2\/categories?post=212731"},{"taxonomy":"post_tag","embeddable":true,"href":"https:\/\/franciscanos.org.br\/noticias\/wp-json\/wp\/v2\/tags?post=212731"}],"curies":[{"name":"wp","href":"https:\/\/api.w.org\/{rel}","templated":true}]}}