{"id":212727,"date":"2019-10-25T07:35:09","date_gmt":"2019-10-25T10:35:09","guid":{"rendered":"https:\/\/franciscanos.org.br\/noticias\/?p=212727"},"modified":"2020-06-05T19:28:17","modified_gmt":"2020-06-05T22:28:17","slug":"papa-e-importante-conhecer-o-que-acontece-dentro-de-nos","status":"publish","type":"post","link":"https:\/\/franciscanos.org.br\/noticias\/papa-e-importante-conhecer-o-que-acontece-dentro-de-nos.html","title":{"rendered":"Papa: \u00c9 importante conhecer o que acontece dentro de n\u00f3s"},"content":{"rendered":"<p><img loading=\"lazy\" class=\"alignnone size-full wp-image-212728\" src=\"https:\/\/franciscanos.org.br\/noticias\/wp-content\/uploads\/2019\/10\/marta_2510.jpg\" alt=\"\" width=\"890\" height=\"501\" srcset=\"https:\/\/franciscanos.org.br\/noticias\/wp-content\/uploads\/2019\/10\/marta_2510.jpg 890w, https:\/\/franciscanos.org.br\/noticias\/wp-content\/uploads\/2019\/10\/marta_2510-450x253.jpg 450w, https:\/\/franciscanos.org.br\/noticias\/wp-content\/uploads\/2019\/10\/marta_2510-768x432.jpg 768w, https:\/\/franciscanos.org.br\/noticias\/wp-content\/uploads\/2019\/10\/marta_2510-150x84.jpg 150w\" sizes=\"(max-width: 890px) 100vw, 890px\" \/><\/p>\n<p><strong>Cidade do Vaticano<\/strong> &#8211; Pe\u00e7amos ao Senhor a \u201cluz\u201d para \u201cconhecer bem\u201d o que acontece dentro de n\u00f3s. Esta foi a invoca\u00e7\u00e3o do Papa Francisco na missa matutina na Casa Santa Marta. Refletindo sobre a Primeira Leitura, extra\u00edda da Carta de S\u00e3o Paulo aos Romanos, o Pont\u00edfice falou da \u201cluta interior\u201d e \u201ccont\u00ednua\u201d do Ap\u00f3stolo dos gentios \u201centre o desejo de fazer o bem e o n\u00e3o ser capaz de realiz\u00e1-lo\u201d, uma verdadeira guerra dentro dele.<\/p>\n<p>Algu\u00e9m poderia se perguntar, disse o Papa, se, realizando o \u201cmal que n\u00e3o quer\u201d, S\u00e3o Paulo esteja no \u201cinferno\u201d, seja \u201cum derrotado\u201d: ou \u201c\u00e9 um santo\u201d, porque \u201ctamb\u00e9m os santos sentem esta guerra dentro de si mesmos\u201d. \u00c9 \u201cuma lei para todos\u201d, \u201cuma guerra de todos os dias\u201d.<\/p>\n<p>\u00c9 uma luta entre o bem e o mal; mas n\u00e3o um bem abstrato e um mal abstrato: entre o bem que o Esp\u00edrito Santo nos inspira a fazer e o mal ao qual nos inspira a fazer o esp\u00edrito maldoso. \u00c9 uma luta. \u00c9 uma luta de todos n\u00f3s. Se algu\u00e9m de n\u00f3s dissesse: \u201cMas eu n\u00e3o sinto isso, eu sou um beato, vivo tranquilo, em paz, n\u00e3o sinto \u2026\u201d, eu diria: \u201cVoc\u00ea n\u00e3o \u00e9 beato: voc\u00ea \u00e9 um anestesiado, que n\u00e3o entende o que acontece\u201d.<\/p>\n<p><strong>Uma vida de rua<\/strong><br \/>\nNesta luta cotidiana, acrescentou, hoje \u201cvencemos\u201d uma, amanh\u00e3 se houver outra e depois de amanh\u00e3 mais uma, \u201cat\u00e9 o fim\u201d. O Papa pensou tamb\u00e9m nos m\u00e1rtires, que \u201ctiveram que lutar at\u00e9 o fim para manter a f\u00e9\u201d. E nos santos, como Teresinha do Menino Jesus, para a qual \u201ca luta mais dura era o momento final\u201d, no leito de morte, porque sentia que \u201co mau esp\u00edrito\u201d queria subtra\u00ed-la ao Senhor. Existem momentos \u201cextraordin\u00e1rios de luta\u201d &#8211; constatou o Papa \u2013 mas tamb\u00e9m \u201cmomentos ordin\u00e1rios, de todos os dias\u201d.<\/p>\n<p>A este ponto, Francisco evocou o Evangelho de Lucas, em que Jesus diz \u00e0s multid\u00f5es e, ao mesmo tempo, \u201ca todos n\u00f3s\u201d: \u00abV\u00f3s sabeis interpretar o aspecto da terra e do c\u00e9u. Como \u00e9 que n\u00e3o sabeis interpretar o tempo presente?\u00bb.<\/p>\n<p>Muitas vezes n\u00f3s, crist\u00e3os, estamos atarefados em muitas coisas, inclusive boas; mas o que acontece dentro de voc\u00ea? Quem o inspira? Qual \u00e9 a sua tend\u00eancia espiritual? Quem o leva a fazer isso? A nossa vida habitualmente \u00e9 como uma vida de rua: andamos pelas ruas da vida\u2026 quando caminhamos na rua, olhamos somente para aquilo que nos interessa; n\u00e3o vemos as outras coisas.<\/p>\n<p><strong>Gra\u00e7a e pecado<\/strong><br \/>\nA luta, explicou o Papa, \u201c\u00e9 sempre entre a gra\u00e7a e o pecado, entre o Senhor que nos quer salvar e nos tirar desta tenta\u00e7\u00e3o e o esp\u00edrito mau que sempre nos derruba\u201d para \u201cnos vencer\u201d. O convite do Pont\u00edfice \u00e9 para nos perguntar se algu\u00e9m de n\u00f3s \u00e9 \u201cuma pessoa de rua que vai e vem sem perceber o que acontece\u201d e se as nossas decis\u00f5es s\u00e3o \u201cdo Senhor\u201d ou s\u00e3o ditadas pelo nosso \u201cego\u00edsmo\u201d, \u201cpelo diabo\u201d.<\/p>\n<p>\u00c9 importante conhecer o que acontece dentro de n\u00f3s. \u00c9 importante viver um pouco interiormente, e n\u00e3o deixar que a nossa alma seja uma rua onde todos passam. \u201cE como se faz isso, Padre?\u201d. Antes de terminar o dia, pegue dois ou tr\u00eas minutos: o que aconteceu hoje de importante dentro de mim? Sim, senti um pouco de \u00f3dio e falei mal; fiz aquela obra de caridade\u2026 Quem o ajudou a fazer essas coisas, sejam ruins ou boas? E nos fazer essas perguntas para conhecer o que acontece dentro de n\u00f3s. \u00c0s vezes, com aquela alma faladora que todos temos, sabemos o que acontece no bairro, o que acontece na casa dos vizinhos, mas n\u00e3o sabemos o que acontece dentro de n\u00f3s.<\/p>\n<hr \/>\n<p><em>Fonte: Vatican News<\/em><\/p>\n","protected":false},"excerpt":{"rendered":"<p>Missa em Santa Marta<\/p>\n","protected":false},"author":3,"featured_media":212729,"comment_status":"open","ping_status":"open","sticky":false,"template":"","format":"standard","meta":[],"categories":[1428],"tags":[829],"acf":[],"yoast_head":"<!-- This site is optimized with the Yoast SEO plugin v19.2 - https:\/\/yoast.com\/wordpress\/plugins\/seo\/ -->\n<title>Papa: \u00c9 importante conhecer o que acontece dentro de n\u00f3s - Not\u00edcias - Franciscanos<\/title>\n<meta name=\"robots\" content=\"index, follow, max-snippet:-1, max-image-preview:large, max-video-preview:-1\" \/>\n<link rel=\"canonical\" href=\"https:\/\/franciscanos.org.br\/noticias\/papa-e-importante-conhecer-o-que-acontece-dentro-de-nos.html\" \/>\n<meta property=\"og:locale\" content=\"pt_BR\" \/>\n<meta property=\"og:type\" content=\"article\" \/>\n<meta property=\"og:title\" content=\"Papa: \u00c9 importante conhecer o que acontece dentro de n\u00f3s - Not\u00edcias - Franciscanos\" \/>\n<meta property=\"og:description\" content=\"Missa em Santa Marta\" \/>\n<meta property=\"og:url\" content=\"https:\/\/franciscanos.org.br\/noticias\/papa-e-importante-conhecer-o-que-acontece-dentro-de-nos.html\" \/>\n<meta property=\"og:site_name\" content=\"Not\u00edcias - Franciscanos\" \/>\n<meta property=\"article:published_time\" content=\"2019-10-25T10:35:09+00:00\" \/>\n<meta property=\"article:modified_time\" content=\"2020-06-05T22:28:17+00:00\" \/>\n<meta property=\"og:image\" content=\"https:\/\/franciscanos.org.br\/noticias\/wp-content\/uploads\/2019\/10\/marta_2510d.jpg\" \/>\n\t<meta property=\"og:image:width\" content=\"273\" \/>\n\t<meta property=\"og:image:height\" content=\"181\" \/>\n\t<meta property=\"og:image:type\" content=\"image\/jpeg\" \/>\n<meta name=\"author\" content=\"moacir\" \/>\n<meta name=\"twitter:card\" content=\"summary_large_image\" \/>\n<meta name=\"twitter:label1\" content=\"Escrito por\" \/>\n\t<meta name=\"twitter:data1\" content=\"moacir\" \/>\n\t<meta name=\"twitter:label2\" content=\"Est. tempo de leitura\" \/>\n\t<meta name=\"twitter:data2\" content=\"3 minutos\" \/>\n<script type=\"application\/ld+json\" class=\"yoast-schema-graph\">{\"@context\":\"https:\/\/schema.org\",\"@graph\":[{\"@type\":\"WebSite\",\"@id\":\"https:\/\/franciscanos.org.br\/noticias\/#website\",\"url\":\"https:\/\/franciscanos.org.br\/noticias\/\",\"name\":\"Not\u00edcias - Franciscanos\",\"description\":\"Prov\u00edncia Franciscana da Imaculada Concei\u00e7\u00e3o do Brasil - Ordem dos Frades Menores - OFM\",\"potentialAction\":[{\"@type\":\"SearchAction\",\"target\":{\"@type\":\"EntryPoint\",\"urlTemplate\":\"https:\/\/franciscanos.org.br\/noticias\/?s={search_term_string}\"},\"query-input\":\"required name=search_term_string\"}],\"inLanguage\":\"pt-BR\"},{\"@type\":\"ImageObject\",\"inLanguage\":\"pt-BR\",\"@id\":\"https:\/\/franciscanos.org.br\/noticias\/papa-e-importante-conhecer-o-que-acontece-dentro-de-nos.html#primaryimage\",\"url\":\"https:\/\/franciscanos.org.br\/noticias\/wp-content\/uploads\/2019\/10\/marta_2510d.jpg\",\"contentUrl\":\"https:\/\/franciscanos.org.br\/noticias\/wp-content\/uploads\/2019\/10\/marta_2510d.jpg\",\"width\":273,\"height\":181},{\"@type\":\"WebPage\",\"@id\":\"https:\/\/franciscanos.org.br\/noticias\/papa-e-importante-conhecer-o-que-acontece-dentro-de-nos.html#webpage\",\"url\":\"https:\/\/franciscanos.org.br\/noticias\/papa-e-importante-conhecer-o-que-acontece-dentro-de-nos.html\",\"name\":\"Papa: \u00c9 importante conhecer o que acontece dentro de n\u00f3s - Not\u00edcias - Franciscanos\",\"isPartOf\":{\"@id\":\"https:\/\/franciscanos.org.br\/noticias\/#website\"},\"primaryImageOfPage\":{\"@id\":\"https:\/\/franciscanos.org.br\/noticias\/papa-e-importante-conhecer-o-que-acontece-dentro-de-nos.html#primaryimage\"},\"datePublished\":\"2019-10-25T10:35:09+00:00\",\"dateModified\":\"2020-06-05T22:28:17+00:00\",\"author\":{\"@id\":\"https:\/\/franciscanos.org.br\/noticias\/#\/schema\/person\/b5c8cba458c330ccff548b056e95a5d4\"},\"breadcrumb\":{\"@id\":\"https:\/\/franciscanos.org.br\/noticias\/papa-e-importante-conhecer-o-que-acontece-dentro-de-nos.html#breadcrumb\"},\"inLanguage\":\"pt-BR\",\"potentialAction\":[{\"@type\":\"ReadAction\",\"target\":[\"https:\/\/franciscanos.org.br\/noticias\/papa-e-importante-conhecer-o-que-acontece-dentro-de-nos.html\"]}]},{\"@type\":\"BreadcrumbList\",\"@id\":\"https:\/\/franciscanos.org.br\/noticias\/papa-e-importante-conhecer-o-que-acontece-dentro-de-nos.html#breadcrumb\",\"itemListElement\":[{\"@type\":\"ListItem\",\"position\":1,\"name\":\"Home\",\"item\":\"https:\/\/franciscanos.org.br\/noticias\"},{\"@type\":\"ListItem\",\"position\":2,\"name\":\"Papa: \u00c9 importante conhecer o que acontece dentro de n\u00f3s\"}]},{\"@type\":\"Person\",\"@id\":\"https:\/\/franciscanos.org.br\/noticias\/#\/schema\/person\/b5c8cba458c330ccff548b056e95a5d4\",\"name\":\"moacir\",\"image\":{\"@type\":\"ImageObject\",\"inLanguage\":\"pt-BR\",\"@id\":\"https:\/\/franciscanos.org.br\/noticias\/#\/schema\/person\/image\/\",\"url\":\"https:\/\/secure.gravatar.com\/avatar\/d08aa2ce4c8dd416d4479aa8536fcf64?s=96&d=mm&r=g\",\"contentUrl\":\"https:\/\/secure.gravatar.com\/avatar\/d08aa2ce4c8dd416d4479aa8536fcf64?s=96&d=mm&r=g\",\"caption\":\"moacir\"},\"url\":\"https:\/\/franciscanos.org.br\/noticias\/author\/moacir\"}]}<\/script>\n<!-- \/ Yoast SEO plugin. -->","yoast_head_json":{"title":"Papa: \u00c9 importante conhecer o que acontece dentro de n\u00f3s - Not\u00edcias - Franciscanos","robots":{"index":"index","follow":"follow","max-snippet":"max-snippet:-1","max-image-preview":"max-image-preview:large","max-video-preview":"max-video-preview:-1"},"canonical":"https:\/\/franciscanos.org.br\/noticias\/papa-e-importante-conhecer-o-que-acontece-dentro-de-nos.html","og_locale":"pt_BR","og_type":"article","og_title":"Papa: \u00c9 importante conhecer o que acontece dentro de n\u00f3s - Not\u00edcias - Franciscanos","og_description":"Missa em Santa Marta","og_url":"https:\/\/franciscanos.org.br\/noticias\/papa-e-importante-conhecer-o-que-acontece-dentro-de-nos.html","og_site_name":"Not\u00edcias - Franciscanos","article_published_time":"2019-10-25T10:35:09+00:00","article_modified_time":"2020-06-05T22:28:17+00:00","og_image":[{"width":273,"height":181,"url":"https:\/\/franciscanos.org.br\/noticias\/wp-content\/uploads\/2019\/10\/marta_2510d.jpg","type":"image\/jpeg"}],"author":"moacir","twitter_card":"summary_large_image","twitter_misc":{"Escrito por":"moacir","Est. tempo de leitura":"3 minutos"},"schema":{"@context":"https:\/\/schema.org","@graph":[{"@type":"WebSite","@id":"https:\/\/franciscanos.org.br\/noticias\/#website","url":"https:\/\/franciscanos.org.br\/noticias\/","name":"Not\u00edcias - Franciscanos","description":"Prov\u00edncia Franciscana da Imaculada Concei\u00e7\u00e3o do Brasil - Ordem dos Frades Menores - OFM","potentialAction":[{"@type":"SearchAction","target":{"@type":"EntryPoint","urlTemplate":"https:\/\/franciscanos.org.br\/noticias\/?s={search_term_string}"},"query-input":"required name=search_term_string"}],"inLanguage":"pt-BR"},{"@type":"ImageObject","inLanguage":"pt-BR","@id":"https:\/\/franciscanos.org.br\/noticias\/papa-e-importante-conhecer-o-que-acontece-dentro-de-nos.html#primaryimage","url":"https:\/\/franciscanos.org.br\/noticias\/wp-content\/uploads\/2019\/10\/marta_2510d.jpg","contentUrl":"https:\/\/franciscanos.org.br\/noticias\/wp-content\/uploads\/2019\/10\/marta_2510d.jpg","width":273,"height":181},{"@type":"WebPage","@id":"https:\/\/franciscanos.org.br\/noticias\/papa-e-importante-conhecer-o-que-acontece-dentro-de-nos.html#webpage","url":"https:\/\/franciscanos.org.br\/noticias\/papa-e-importante-conhecer-o-que-acontece-dentro-de-nos.html","name":"Papa: \u00c9 importante conhecer o que acontece dentro de n\u00f3s - Not\u00edcias - Franciscanos","isPartOf":{"@id":"https:\/\/franciscanos.org.br\/noticias\/#website"},"primaryImageOfPage":{"@id":"https:\/\/franciscanos.org.br\/noticias\/papa-e-importante-conhecer-o-que-acontece-dentro-de-nos.html#primaryimage"},"datePublished":"2019-10-25T10:35:09+00:00","dateModified":"2020-06-05T22:28:17+00:00","author":{"@id":"https:\/\/franciscanos.org.br\/noticias\/#\/schema\/person\/b5c8cba458c330ccff548b056e95a5d4"},"breadcrumb":{"@id":"https:\/\/franciscanos.org.br\/noticias\/papa-e-importante-conhecer-o-que-acontece-dentro-de-nos.html#breadcrumb"},"inLanguage":"pt-BR","potentialAction":[{"@type":"ReadAction","target":["https:\/\/franciscanos.org.br\/noticias\/papa-e-importante-conhecer-o-que-acontece-dentro-de-nos.html"]}]},{"@type":"BreadcrumbList","@id":"https:\/\/franciscanos.org.br\/noticias\/papa-e-importante-conhecer-o-que-acontece-dentro-de-nos.html#breadcrumb","itemListElement":[{"@type":"ListItem","position":1,"name":"Home","item":"https:\/\/franciscanos.org.br\/noticias"},{"@type":"ListItem","position":2,"name":"Papa: \u00c9 importante conhecer o que acontece dentro de n\u00f3s"}]},{"@type":"Person","@id":"https:\/\/franciscanos.org.br\/noticias\/#\/schema\/person\/b5c8cba458c330ccff548b056e95a5d4","name":"moacir","image":{"@type":"ImageObject","inLanguage":"pt-BR","@id":"https:\/\/franciscanos.org.br\/noticias\/#\/schema\/person\/image\/","url":"https:\/\/secure.gravatar.com\/avatar\/d08aa2ce4c8dd416d4479aa8536fcf64?s=96&d=mm&r=g","contentUrl":"https:\/\/secure.gravatar.com\/avatar\/d08aa2ce4c8dd416d4479aa8536fcf64?s=96&d=mm&r=g","caption":"moacir"},"url":"https:\/\/franciscanos.org.br\/noticias\/author\/moacir"}]}},"_links":{"self":[{"href":"https:\/\/franciscanos.org.br\/noticias\/wp-json\/wp\/v2\/posts\/212727"}],"collection":[{"href":"https:\/\/franciscanos.org.br\/noticias\/wp-json\/wp\/v2\/posts"}],"about":[{"href":"https:\/\/franciscanos.org.br\/noticias\/wp-json\/wp\/v2\/types\/post"}],"author":[{"embeddable":true,"href":"https:\/\/franciscanos.org.br\/noticias\/wp-json\/wp\/v2\/users\/3"}],"replies":[{"embeddable":true,"href":"https:\/\/franciscanos.org.br\/noticias\/wp-json\/wp\/v2\/comments?post=212727"}],"version-history":[{"count":1,"href":"https:\/\/franciscanos.org.br\/noticias\/wp-json\/wp\/v2\/posts\/212727\/revisions"}],"predecessor-version":[{"id":224369,"href":"https:\/\/franciscanos.org.br\/noticias\/wp-json\/wp\/v2\/posts\/212727\/revisions\/224369"}],"wp:featuredmedia":[{"embeddable":true,"href":"https:\/\/franciscanos.org.br\/noticias\/wp-json\/wp\/v2\/media\/212729"}],"wp:attachment":[{"href":"https:\/\/franciscanos.org.br\/noticias\/wp-json\/wp\/v2\/media?parent=212727"}],"wp:term":[{"taxonomy":"category","embeddable":true,"href":"https:\/\/franciscanos.org.br\/noticias\/wp-json\/wp\/v2\/categories?post=212727"},{"taxonomy":"post_tag","embeddable":true,"href":"https:\/\/franciscanos.org.br\/noticias\/wp-json\/wp\/v2\/tags?post=212727"}],"curies":[{"name":"wp","href":"https:\/\/api.w.org\/{rel}","templated":true}]}}