{"id":212721,"date":"2019-10-25T07:00:14","date_gmt":"2019-10-25T10:00:14","guid":{"rendered":"https:\/\/franciscanos.org.br\/noticias\/?p=212721"},"modified":"2020-03-16T08:21:43","modified_gmt":"2020-03-16T11:21:43","slug":"funcionarios-da-usf-celebram-o-mes-franciscano","status":"publish","type":"post","link":"https:\/\/franciscanos.org.br\/noticias\/funcionarios-da-usf-celebram-o-mes-franciscano.html","title":{"rendered":"Funcion\u00e1rios da USF celebram o m\u00eas Franciscano"},"content":{"rendered":"<p><img loading=\"lazy\" class=\"alignnone size-full wp-image-212722\" src=\"https:\/\/franciscanos.org.br\/noticias\/wp-content\/uploads\/2019\/10\/usf_2510.png\" alt=\"\" width=\"890\" height=\"339\" srcset=\"https:\/\/franciscanos.org.br\/noticias\/wp-content\/uploads\/2019\/10\/usf_2510.png 890w, https:\/\/franciscanos.org.br\/noticias\/wp-content\/uploads\/2019\/10\/usf_2510-450x171.png 450w, https:\/\/franciscanos.org.br\/noticias\/wp-content\/uploads\/2019\/10\/usf_2510-768x293.png 768w, https:\/\/franciscanos.org.br\/noticias\/wp-content\/uploads\/2019\/10\/usf_2510-150x57.png 150w\" sizes=\"(max-width: 890px) 100vw, 890px\" \/><\/p>\n<p><strong>Bragan\u00e7a Paulista (SP)<\/strong> &#8211; Entre os dias 22 e 24 de outubro, aconteceu na Universidade S\u00e3o Francisco (USF), nos C\u00e2mpus de Itatiba, Bragan\u00e7a Paulista e Campinas a comemora\u00e7\u00e3o do M\u00eas Franciscano para os colaboradores da Universidade.<\/p>\n<p>Todos os anos, no m\u00eas de outubro, conhecido como M\u00eas Franciscano, os colaboradores da USF podem refletir e vivenciar a experi\u00eancia fraterna, atrav\u00e9s de um momento de reflex\u00e3o que busca o aprofundamento de uma tem\u00e1tica do carisma em Francisco de Assis. O tema proposto para as reflex\u00f5es deste ano foi \u201cO Bom e o Belo\u201d.<\/p>\n<p>Como de costume, os encontros foram conduzidos por Frei Vitorio Mazzuco, coordenador da Pastoral Universit\u00e1ria, que ressaltou em sua fala: \u201cO que faz a pessoa bonita \u00e9 a bondade. A terra boa \u00e9 o Cora\u00e7\u00e3o Belo e Bom. Esta \u00e9 a s\u00edntese da Perfei\u00e7\u00e3o. O Belo \u00e9 a express\u00e3o perfeita do Bem. O Bom \u00e9 a plenitude da Caridade. Francisco d\u00e1 impulso a esta reflex\u00e3o\u201d.<\/p>\n<p><img loading=\"lazy\" class=\"alignnone size-full wp-image-212723\" src=\"https:\/\/franciscanos.org.br\/noticias\/wp-content\/uploads\/2019\/10\/usf_2510_2.png\" alt=\"\" width=\"890\" height=\"520\" srcset=\"https:\/\/franciscanos.org.br\/noticias\/wp-content\/uploads\/2019\/10\/usf_2510_2.png 890w, https:\/\/franciscanos.org.br\/noticias\/wp-content\/uploads\/2019\/10\/usf_2510_2-450x263.png 450w, https:\/\/franciscanos.org.br\/noticias\/wp-content\/uploads\/2019\/10\/usf_2510_2-768x449.png 768w, https:\/\/franciscanos.org.br\/noticias\/wp-content\/uploads\/2019\/10\/usf_2510_2-150x88.png 150w\" sizes=\"(max-width: 890px) 100vw, 890px\" \/><\/p>\n<p>Continua ele: \u201cA ess\u00eancia, a medula, a profundidade toma forma, quantidade, cor e qualidade. Ele sai de si e atinge o humano. O amor toma forma num corpo. Torna-se figura como? Com o vigor da simplicidade, da transpar\u00eancia e da Palavra. Para o franciscanismo ver, falar e escrever \u00e9 igual a pintar. \u00c9 ser um artista que pinta o mais belo quadro da paisagem do humano e da paisagem do divino\u201d.<\/p>\n<p>No C\u00e2mpus de Campinas, no Swift, houve tamb\u00e9m a reinaugura\u00e7\u00e3o da gruta dedicada a Nossa Senhora de Lourdes. Frei Vit\u00f3rio convidou os colaboradores para que o belo espa\u00e7o se torne um lugar de ora\u00e7\u00e3o, mas sobretudo um local de encontro com o divino.<\/p>\n<p>As comemora\u00e7\u00f5es do M\u00eas Franciscano na USF v\u00e3o at\u00e9 o final de outubro.<\/p>\n<p><img loading=\"lazy\" class=\"alignnone size-full wp-image-212724\" src=\"https:\/\/franciscanos.org.br\/noticias\/wp-content\/uploads\/2019\/10\/usf_2510_3.png\" alt=\"\" width=\"890\" height=\"370\" srcset=\"https:\/\/franciscanos.org.br\/noticias\/wp-content\/uploads\/2019\/10\/usf_2510_3.png 890w, https:\/\/franciscanos.org.br\/noticias\/wp-content\/uploads\/2019\/10\/usf_2510_3-450x187.png 450w, https:\/\/franciscanos.org.br\/noticias\/wp-content\/uploads\/2019\/10\/usf_2510_3-768x319.png 768w, https:\/\/franciscanos.org.br\/noticias\/wp-content\/uploads\/2019\/10\/usf_2510_3-150x62.png 150w\" sizes=\"(max-width: 890px) 100vw, 890px\" \/><\/p>\n","protected":false},"excerpt":{"rendered":"<p>Universidade S\u00e3o Francisco<\/p>\n","protected":false},"author":3,"featured_media":221914,"comment_status":"open","ping_status":"open","sticky":false,"template":"","format":"standard","meta":[],"categories":[1],"tags":[354],"acf":[],"yoast_head":"<!-- This site is optimized with the Yoast SEO plugin v19.2 - https:\/\/yoast.com\/wordpress\/plugins\/seo\/ -->\n<title>Funcion\u00e1rios da USF celebram o m\u00eas Franciscano - Not\u00edcias - Franciscanos<\/title>\n<meta name=\"robots\" content=\"index, follow, max-snippet:-1, max-image-preview:large, max-video-preview:-1\" \/>\n<link rel=\"canonical\" href=\"https:\/\/franciscanos.org.br\/noticias\/funcionarios-da-usf-celebram-o-mes-franciscano.html\" \/>\n<meta property=\"og:locale\" content=\"pt_BR\" \/>\n<meta property=\"og:type\" content=\"article\" \/>\n<meta property=\"og:title\" content=\"Funcion\u00e1rios da USF celebram o m\u00eas Franciscano - Not\u00edcias - Franciscanos\" \/>\n<meta property=\"og:description\" content=\"Universidade S\u00e3o Francisco\" \/>\n<meta property=\"og:url\" content=\"https:\/\/franciscanos.org.br\/noticias\/funcionarios-da-usf-celebram-o-mes-franciscano.html\" \/>\n<meta property=\"og:site_name\" content=\"Not\u00edcias - Franciscanos\" \/>\n<meta property=\"article:published_time\" content=\"2019-10-25T10:00:14+00:00\" \/>\n<meta property=\"article:modified_time\" content=\"2020-03-16T11:21:43+00:00\" \/>\n<meta property=\"og:image\" content=\"https:\/\/franciscanos.org.br\/noticias\/wp-content\/uploads\/2019\/10\/usf_2510d.png\" \/>\n\t<meta property=\"og:image:width\" content=\"273\" \/>\n\t<meta property=\"og:image:height\" content=\"181\" \/>\n\t<meta property=\"og:image:type\" content=\"image\/png\" \/>\n<meta name=\"author\" content=\"moacir\" \/>\n<meta name=\"twitter:card\" content=\"summary_large_image\" \/>\n<meta name=\"twitter:label1\" content=\"Escrito por\" \/>\n\t<meta name=\"twitter:data1\" content=\"moacir\" \/>\n\t<meta name=\"twitter:label2\" content=\"Est. tempo de leitura\" \/>\n\t<meta name=\"twitter:data2\" content=\"2 minutos\" \/>\n<script type=\"application\/ld+json\" class=\"yoast-schema-graph\">{\"@context\":\"https:\/\/schema.org\",\"@graph\":[{\"@type\":\"WebSite\",\"@id\":\"https:\/\/franciscanos.org.br\/noticias\/#website\",\"url\":\"https:\/\/franciscanos.org.br\/noticias\/\",\"name\":\"Not\u00edcias - Franciscanos\",\"description\":\"Prov\u00edncia Franciscana da Imaculada Concei\u00e7\u00e3o do Brasil - Ordem dos Frades Menores - OFM\",\"potentialAction\":[{\"@type\":\"SearchAction\",\"target\":{\"@type\":\"EntryPoint\",\"urlTemplate\":\"https:\/\/franciscanos.org.br\/noticias\/?s={search_term_string}\"},\"query-input\":\"required name=search_term_string\"}],\"inLanguage\":\"pt-BR\"},{\"@type\":\"ImageObject\",\"inLanguage\":\"pt-BR\",\"@id\":\"https:\/\/franciscanos.org.br\/noticias\/funcionarios-da-usf-celebram-o-mes-franciscano.html#primaryimage\",\"url\":\"https:\/\/franciscanos.org.br\/noticias\/wp-content\/uploads\/2019\/10\/usf_2510d.png\",\"contentUrl\":\"https:\/\/franciscanos.org.br\/noticias\/wp-content\/uploads\/2019\/10\/usf_2510d.png\",\"width\":273,\"height\":181},{\"@type\":\"WebPage\",\"@id\":\"https:\/\/franciscanos.org.br\/noticias\/funcionarios-da-usf-celebram-o-mes-franciscano.html#webpage\",\"url\":\"https:\/\/franciscanos.org.br\/noticias\/funcionarios-da-usf-celebram-o-mes-franciscano.html\",\"name\":\"Funcion\u00e1rios da USF celebram o m\u00eas Franciscano - Not\u00edcias - Franciscanos\",\"isPartOf\":{\"@id\":\"https:\/\/franciscanos.org.br\/noticias\/#website\"},\"primaryImageOfPage\":{\"@id\":\"https:\/\/franciscanos.org.br\/noticias\/funcionarios-da-usf-celebram-o-mes-franciscano.html#primaryimage\"},\"datePublished\":\"2019-10-25T10:00:14+00:00\",\"dateModified\":\"2020-03-16T11:21:43+00:00\",\"author\":{\"@id\":\"https:\/\/franciscanos.org.br\/noticias\/#\/schema\/person\/b5c8cba458c330ccff548b056e95a5d4\"},\"breadcrumb\":{\"@id\":\"https:\/\/franciscanos.org.br\/noticias\/funcionarios-da-usf-celebram-o-mes-franciscano.html#breadcrumb\"},\"inLanguage\":\"pt-BR\",\"potentialAction\":[{\"@type\":\"ReadAction\",\"target\":[\"https:\/\/franciscanos.org.br\/noticias\/funcionarios-da-usf-celebram-o-mes-franciscano.html\"]}]},{\"@type\":\"BreadcrumbList\",\"@id\":\"https:\/\/franciscanos.org.br\/noticias\/funcionarios-da-usf-celebram-o-mes-franciscano.html#breadcrumb\",\"itemListElement\":[{\"@type\":\"ListItem\",\"position\":1,\"name\":\"Home\",\"item\":\"https:\/\/franciscanos.org.br\/noticias\"},{\"@type\":\"ListItem\",\"position\":2,\"name\":\"Funcion\u00e1rios da USF celebram o m\u00eas Franciscano\"}]},{\"@type\":\"Person\",\"@id\":\"https:\/\/franciscanos.org.br\/noticias\/#\/schema\/person\/b5c8cba458c330ccff548b056e95a5d4\",\"name\":\"moacir\",\"image\":{\"@type\":\"ImageObject\",\"inLanguage\":\"pt-BR\",\"@id\":\"https:\/\/franciscanos.org.br\/noticias\/#\/schema\/person\/image\/\",\"url\":\"https:\/\/secure.gravatar.com\/avatar\/d08aa2ce4c8dd416d4479aa8536fcf64?s=96&d=mm&r=g\",\"contentUrl\":\"https:\/\/secure.gravatar.com\/avatar\/d08aa2ce4c8dd416d4479aa8536fcf64?s=96&d=mm&r=g\",\"caption\":\"moacir\"},\"url\":\"https:\/\/franciscanos.org.br\/noticias\/author\/moacir\"}]}<\/script>\n<!-- \/ Yoast SEO plugin. -->","yoast_head_json":{"title":"Funcion\u00e1rios da USF celebram o m\u00eas Franciscano - Not\u00edcias - Franciscanos","robots":{"index":"index","follow":"follow","max-snippet":"max-snippet:-1","max-image-preview":"max-image-preview:large","max-video-preview":"max-video-preview:-1"},"canonical":"https:\/\/franciscanos.org.br\/noticias\/funcionarios-da-usf-celebram-o-mes-franciscano.html","og_locale":"pt_BR","og_type":"article","og_title":"Funcion\u00e1rios da USF celebram o m\u00eas Franciscano - Not\u00edcias - Franciscanos","og_description":"Universidade S\u00e3o Francisco","og_url":"https:\/\/franciscanos.org.br\/noticias\/funcionarios-da-usf-celebram-o-mes-franciscano.html","og_site_name":"Not\u00edcias - Franciscanos","article_published_time":"2019-10-25T10:00:14+00:00","article_modified_time":"2020-03-16T11:21:43+00:00","og_image":[{"width":273,"height":181,"url":"https:\/\/franciscanos.org.br\/noticias\/wp-content\/uploads\/2019\/10\/usf_2510d.png","type":"image\/png"}],"author":"moacir","twitter_card":"summary_large_image","twitter_misc":{"Escrito por":"moacir","Est. tempo de leitura":"2 minutos"},"schema":{"@context":"https:\/\/schema.org","@graph":[{"@type":"WebSite","@id":"https:\/\/franciscanos.org.br\/noticias\/#website","url":"https:\/\/franciscanos.org.br\/noticias\/","name":"Not\u00edcias - Franciscanos","description":"Prov\u00edncia Franciscana da Imaculada Concei\u00e7\u00e3o do Brasil - Ordem dos Frades Menores - OFM","potentialAction":[{"@type":"SearchAction","target":{"@type":"EntryPoint","urlTemplate":"https:\/\/franciscanos.org.br\/noticias\/?s={search_term_string}"},"query-input":"required name=search_term_string"}],"inLanguage":"pt-BR"},{"@type":"ImageObject","inLanguage":"pt-BR","@id":"https:\/\/franciscanos.org.br\/noticias\/funcionarios-da-usf-celebram-o-mes-franciscano.html#primaryimage","url":"https:\/\/franciscanos.org.br\/noticias\/wp-content\/uploads\/2019\/10\/usf_2510d.png","contentUrl":"https:\/\/franciscanos.org.br\/noticias\/wp-content\/uploads\/2019\/10\/usf_2510d.png","width":273,"height":181},{"@type":"WebPage","@id":"https:\/\/franciscanos.org.br\/noticias\/funcionarios-da-usf-celebram-o-mes-franciscano.html#webpage","url":"https:\/\/franciscanos.org.br\/noticias\/funcionarios-da-usf-celebram-o-mes-franciscano.html","name":"Funcion\u00e1rios da USF celebram o m\u00eas Franciscano - Not\u00edcias - Franciscanos","isPartOf":{"@id":"https:\/\/franciscanos.org.br\/noticias\/#website"},"primaryImageOfPage":{"@id":"https:\/\/franciscanos.org.br\/noticias\/funcionarios-da-usf-celebram-o-mes-franciscano.html#primaryimage"},"datePublished":"2019-10-25T10:00:14+00:00","dateModified":"2020-03-16T11:21:43+00:00","author":{"@id":"https:\/\/franciscanos.org.br\/noticias\/#\/schema\/person\/b5c8cba458c330ccff548b056e95a5d4"},"breadcrumb":{"@id":"https:\/\/franciscanos.org.br\/noticias\/funcionarios-da-usf-celebram-o-mes-franciscano.html#breadcrumb"},"inLanguage":"pt-BR","potentialAction":[{"@type":"ReadAction","target":["https:\/\/franciscanos.org.br\/noticias\/funcionarios-da-usf-celebram-o-mes-franciscano.html"]}]},{"@type":"BreadcrumbList","@id":"https:\/\/franciscanos.org.br\/noticias\/funcionarios-da-usf-celebram-o-mes-franciscano.html#breadcrumb","itemListElement":[{"@type":"ListItem","position":1,"name":"Home","item":"https:\/\/franciscanos.org.br\/noticias"},{"@type":"ListItem","position":2,"name":"Funcion\u00e1rios da USF celebram o m\u00eas Franciscano"}]},{"@type":"Person","@id":"https:\/\/franciscanos.org.br\/noticias\/#\/schema\/person\/b5c8cba458c330ccff548b056e95a5d4","name":"moacir","image":{"@type":"ImageObject","inLanguage":"pt-BR","@id":"https:\/\/franciscanos.org.br\/noticias\/#\/schema\/person\/image\/","url":"https:\/\/secure.gravatar.com\/avatar\/d08aa2ce4c8dd416d4479aa8536fcf64?s=96&d=mm&r=g","contentUrl":"https:\/\/secure.gravatar.com\/avatar\/d08aa2ce4c8dd416d4479aa8536fcf64?s=96&d=mm&r=g","caption":"moacir"},"url":"https:\/\/franciscanos.org.br\/noticias\/author\/moacir"}]}},"_links":{"self":[{"href":"https:\/\/franciscanos.org.br\/noticias\/wp-json\/wp\/v2\/posts\/212721"}],"collection":[{"href":"https:\/\/franciscanos.org.br\/noticias\/wp-json\/wp\/v2\/posts"}],"about":[{"href":"https:\/\/franciscanos.org.br\/noticias\/wp-json\/wp\/v2\/types\/post"}],"author":[{"embeddable":true,"href":"https:\/\/franciscanos.org.br\/noticias\/wp-json\/wp\/v2\/users\/3"}],"replies":[{"embeddable":true,"href":"https:\/\/franciscanos.org.br\/noticias\/wp-json\/wp\/v2\/comments?post=212721"}],"version-history":[{"count":1,"href":"https:\/\/franciscanos.org.br\/noticias\/wp-json\/wp\/v2\/posts\/212721\/revisions"}],"predecessor-version":[{"id":221915,"href":"https:\/\/franciscanos.org.br\/noticias\/wp-json\/wp\/v2\/posts\/212721\/revisions\/221915"}],"wp:featuredmedia":[{"embeddable":true,"href":"https:\/\/franciscanos.org.br\/noticias\/wp-json\/wp\/v2\/media\/221914"}],"wp:attachment":[{"href":"https:\/\/franciscanos.org.br\/noticias\/wp-json\/wp\/v2\/media?parent=212721"}],"wp:term":[{"taxonomy":"category","embeddable":true,"href":"https:\/\/franciscanos.org.br\/noticias\/wp-json\/wp\/v2\/categories?post=212721"},{"taxonomy":"post_tag","embeddable":true,"href":"https:\/\/franciscanos.org.br\/noticias\/wp-json\/wp\/v2\/tags?post=212721"}],"curies":[{"name":"wp","href":"https:\/\/api.w.org\/{rel}","templated":true}]}}