{"id":212711,"date":"2019-10-24T08:38:55","date_gmt":"2019-10-24T11:38:55","guid":{"rendered":"https:\/\/franciscanos.org.br\/noticias\/?p=212711"},"modified":"2020-06-05T19:29:17","modified_gmt":"2020-06-05T22:29:17","slug":"profanacao-de-estatuas-amazonicas-foi-um-ato-racista-afirma-editorial","status":"publish","type":"post","link":"https:\/\/franciscanos.org.br\/noticias\/profanacao-de-estatuas-amazonicas-foi-um-ato-racista-afirma-editorial.html","title":{"rendered":"Profana\u00e7\u00e3o de est\u00e1tuas amaz\u00f4nicas foi um ato racista, afirma editorial"},"content":{"rendered":"<p>&nbsp;<\/p>\n<p><img loading=\"lazy\" class=\"alignnone size-full wp-image-224370\" src=\"https:\/\/franciscanos.org.br\/noticias\/wp-content\/uploads\/2019\/10\/pachamama-1.png\" alt=\"\" width=\"890\" height=\"502\" srcset=\"https:\/\/franciscanos.org.br\/noticias\/wp-content\/uploads\/2019\/10\/pachamama-1.png 890w, https:\/\/franciscanos.org.br\/noticias\/wp-content\/uploads\/2019\/10\/pachamama-1-450x254.png 450w, https:\/\/franciscanos.org.br\/noticias\/wp-content\/uploads\/2019\/10\/pachamama-1-768x433.png 768w, https:\/\/franciscanos.org.br\/noticias\/wp-content\/uploads\/2019\/10\/pachamama-1-150x85.png 150w\" sizes=\"(max-width: 890px) 100vw, 890px\" \/><\/p>\n<p style=\"padding-left: 40px;\">O editorial de <em>National Catholic Reporter<\/em>, 23-10-2019, comenta o<a href=\"https:\/\/franciscanos.org.br\/noticias\/sinodo-intolerancia-e-violencia-com-estatuas-indigenas-no-rio-tibre.html\">\u00a0<em>furto das imagens ocorrida em Roma, nesta semana, por ocasi\u00e3o do S\u00ednodo da Amaz\u00f4nia<\/em><\/a><em>.<\/em>\u00a0 Segundo o editorial, &#8220;o vandalismo \u00e9 sempre feio. Ele leva o nome das tribos n\u00e3o crist\u00e3s que invadiram a Europa e, posteriormente, foram convertidas ao arianismo. Eles eram mestres da destrui\u00e7\u00e3o e saquearam Roma em 455. Obviamente, eles n\u00e3o derrotaram a f\u00e9 cat\u00f3lica na \u00e9poca, e os seus imitadores do s\u00e9culo XXI n\u00e3o se sair\u00e3o melhor&#8221;.<\/p>\n<h3><strong>Eis o editorial:<\/strong><\/h3>\n<p><em>\u201c\u00bfNo estoy yo aqu\u00ed que soy tu madre?\u201d<\/em>\u00a0N\u00e3o estou eu aqui, que sou tua m\u00e3e? Essas s\u00e3o as palavras ditas a\u00a0<strong>Juan Diego<\/strong>\u00a0pela\u00a0<strong>Virgem de Guadalupe<\/strong>. Ou quase. \u00c9 assim que os cat\u00f3licos mexicanos se lembram da pergunta, mas\u00a0Juan Diego\u00a0ouviu a M\u00e3e Sant\u00edssima falando com ele em\u00a0Nahuatl, a l\u00edngua nativa dos astecas, dos quais ele fazia parte. A devo\u00e7\u00e3o \u00e0 Virgem sob esse t\u00edtulo se espalhou por todo o M\u00e9xico e al\u00e9m. Em 1999, o papa\u00a0S\u00e3o Jo\u00e3o Paulo II\u00a0proclamou a\u00a0Virgem de Guadalupe\u00a0como\u00a0\u201cImperatriz das Am\u00e9ricas\u201d.<\/p>\n<p>O fato de se saber que a M\u00e3e Sant\u00edssima apareceu em lugares diferentes \u2013 no monte\u00a0Tepeyac, em\u00a0La Sallette\u00a0e\u00a0Lourdes,\u00a0F\u00e1tima\u00a0e\u00a0Knock\u00a0\u2013 \u00e9 algo caracter\u00edstico do catolicismo. A nossa f\u00e9 \u00e9 encarnacional. Os crucifixos na\u00a0\u00c1frica\u00a0retratam\u00a0Jesus\u00a0como negro, assim como as imagens mais populares de Jesus nos\u00a0EUA\u00a0o fazem parecer mais branco do que um judeu do primeiro s\u00e9culo. Na\u00a0\u00c1sia,\u00a0Cristo\u00a0e a\u00a0M\u00e3e Sant\u00edssima\u00a0s\u00e3o representados com caracter\u00edsticas asi\u00e1ticas.<\/p>\n<p>Na\u00a0Amaz\u00f4nia, assim como em outros lugares, os s\u00edmbolos de f\u00e9 surgem a partir de uma cultura ind\u00edgena. A sua\u00a0profana\u00e7\u00e3o em\u00a0Roma, aparentemente por criminosos eclesiais, foi um ato desprez\u00edvel e deveria ser condenado por todos. Ainda n\u00e3o se sabe nada sobre a motiva\u00e7\u00e3o daqueles que realmente cometeram o furto e a destrui\u00e7\u00e3o, mas a apari\u00e7\u00e3o de um\u00a0<a href=\"http:\/\/www.ihu.unisinos.br\/78-noticias\/593671-vaticano-roubadas-da-igreja-estatuas-indigenas-consideradas-pagas-e-jogadas-no-tibre\" target=\"_blank\" rel=\"noopener noreferrer\">v\u00eddeo<\/a>\u00a0em sites cat\u00f3licos de extrema direita e a torcida por parte dessa ala da Igreja certamente levantam suspeitas leg\u00edtimas.<\/p>\n<p>Desde o\u00a0Conc\u00edlio de Jerusal\u00e9m, o Evangelho tem sido acess\u00edvel a todos, independentemente de nacionalidade, ra\u00e7a ou g\u00eanero. \u201cEm\u00a0<strong>Cristo<\/strong>\u00a0n\u00e3o h\u00e1\u00a0<strong>Oriente<\/strong>\u00a0ou\u00a0<strong>Ocidente<\/strong>, Nele n\u00e3o existe\u00a0<strong>Norte<\/strong>\u00a0ou\u00a0<strong>Sul<\/strong>\u201d, cantamos em um belo hino em ingl\u00eas.<\/p>\n<p>Para alguns cat\u00f3licos hoje, no entanto, o Evangelho se adequa apenas a uma cultura, a cultura ocidental por volta de 1955. Desde que o papa\u00a0Francisco\u00a0plantou uma \u00e1rvore na Festa de\u00a0<strong>S\u00e3o Francisco de Assis<\/strong>, e os povos ind\u00edgenas da\u00a0Amaz\u00f4nia\u00a0levaram alguns de seus s\u00edmbolos espirituais para o breve rito de ora\u00e7\u00e3o que acompanhou o plantio de \u00e1rvores, os cr\u00edticos do papa t\u00eam se rebelado, reclamando da presen\u00e7a de \u00eddolos pag\u00e3os dentro dos muros do\u00a0Vaticano, especificamente de uma imagem de uma mulher gr\u00e1vida.<\/p>\n<p>As autoridades vaticanas se recusaram a especificar se a imagem \u00e9 ou n\u00e3o de\u00a0<strong>\u201cNossa Senhora da Amaz\u00f4nia\u201d<\/strong>; portanto, pode ser apenas uma imagem de uma mulher gr\u00e1vida, at\u00e9 mesmo um s\u00edmbolo da M\u00e3e Terra.\u00a0<strong>S\u00e3o Francisco de Assis<\/strong>, em seu\u00a0<strong>\u201cC\u00e2ntico das Criaturas\u201d<\/strong>, reza: \u201cLouvados sejas, meu Senhor, por nossa irm\u00e3, a m\u00e3e Terra\u201d, mas n\u00e3o nos lembramos de manifestantes que se dirigiram \u00e0 cidade montanhosa de\u00a0<strong>Assis<\/strong>\u00a0para denunciar\u00a0<strong>Francisco<\/strong>\u00a0por sincretismo. Os meios de comunica\u00e7\u00e3o previs\u00edveis \u2013\u00a0<em>EWTN,\u00a0LifeSite News,\u00a0National Catholic Register,\u00a0Catholic News Agency\u00a0<\/em>\u2013 alimentaram o mal-estar conservador at\u00e9 um ponto febril.<\/p>\n<p>Portanto, n\u00e3o deveria surpreender que dois jovens tenham se encarregado de vandalizar uma igreja perto do\u00a0Vaticano, roubar a est\u00e1tua da mulher gr\u00e1vida e jog\u00e1-la no rio\u00a0Tibre. Perguntamo-nos se a Guarda Su\u00ed\u00e7a colocou sentinelas em frente \u00e0 \u201cEscola de Atenas\u201d de\u00a0Rafael, nos apartamentos papais, visto que ela apresenta v\u00e1rios pag\u00e3os dignos de nota, como\u00a0Plat\u00e3o\u00a0e\u00a0Arist\u00f3teles.<\/p>\n<p>O que est\u00e1 acontecendo? \u00c9 a \u201ctrumpifica\u00e7\u00e3o\u201d de um segmento da comunidade cat\u00f3lica conservadora. O vulgar presidente dos\u00a0EUA, que transita em ep\u00edtetos raciais e na demoniza\u00e7\u00e3o das minorias, deu permiss\u00e3o para os racistas se revelarem, colocarem seu \u00f3dio em exibi\u00e7\u00e3o, grav\u00e1-lo e vend\u00ea-lo na internet.<\/p>\n<p>N\u00e3o usamos o termo \u201cracistas\u201d levianamente, mas o que mais \u00e9? \u00c9 poss\u00edvel imaginar o\u00a0clamor conservador\u00a0se algu\u00e9m jogasse a imagem de\u00a0Nossa Senhora de Czestochowa\u00a0no\u00a0Tibre? Ou zombasse da imagem ocidental de uma mulher gr\u00e1vida do tipo encontrada em muitos cartazes da\u00a0Marcha pela Vida\u00a0todos os anos? Isso seria um insulto \u00e0 cultura da vida.<\/p>\n<p>H\u00e1 muitas camadas nessa hist\u00f3ria, mas a nossa indigna\u00e7\u00e3o nos obriga a falar imediatamente e a denunciar o racismo que t\u00e3o obviamente animou esse ato covarde e o universo do\u00a0Twitter\u00a0que o encorajou e elogiou.<\/p>\n<p>O vandalismo \u00e9 sempre feio. Ele leva o nome das tribos n\u00e3o crist\u00e3s que invadiram a Europa e, posteriormente, foram convertidas ao\u00a0arianismo. Eles eram mestres da destrui\u00e7\u00e3o e saquearam\u00a0Roma\u00a0em 455. Obviamente, eles n\u00e3o derrotaram a f\u00e9 cat\u00f3lica na \u00e9poca, e os seus imitadores do s\u00e9culo XXI n\u00e3o se sair\u00e3o melhor.<\/p>\n<p>H\u00e1 um novo vento soprando na Igreja, um vento de engajamento e de discernimento, de acompanhamento e de miseric\u00f3rdia. Eles podem n\u00e3o gostar disso, mas n\u00e3o podem ordenar que ele pare, n\u00e3o podem mandar no pr\u00f3prio vento.<\/p>\n<hr \/>\n<p>A tradu\u00e7\u00e3o \u00e9 de\u00a0<strong>Mois\u00e9s Sbardelotto (http:\/\/www.ihu.unisinos.br)<\/strong>.<\/p>\n","protected":false},"excerpt":{"rendered":"<p>Editorial de National Catholic Reporter<\/p>\n","protected":false},"author":3,"featured_media":224371,"comment_status":"open","ping_status":"open","sticky":false,"template":"","format":"standard","meta":[],"categories":[1428],"tags":[1535],"acf":[],"yoast_head":"<!-- This site is optimized with the Yoast SEO plugin v19.2 - https:\/\/yoast.com\/wordpress\/plugins\/seo\/ -->\n<title>Profana\u00e7\u00e3o de est\u00e1tuas amaz\u00f4nicas foi um ato racista, afirma editorial - Not\u00edcias - Franciscanos<\/title>\n<meta name=\"robots\" content=\"index, follow, max-snippet:-1, max-image-preview:large, max-video-preview:-1\" \/>\n<link rel=\"canonical\" href=\"https:\/\/franciscanos.org.br\/noticias\/profanacao-de-estatuas-amazonicas-foi-um-ato-racista-afirma-editorial.html\" \/>\n<meta property=\"og:locale\" content=\"pt_BR\" \/>\n<meta property=\"og:type\" content=\"article\" \/>\n<meta property=\"og:title\" content=\"Profana\u00e7\u00e3o de est\u00e1tuas amaz\u00f4nicas foi um ato racista, afirma editorial - Not\u00edcias - Franciscanos\" \/>\n<meta property=\"og:description\" content=\"Editorial de National Catholic Reporter\" \/>\n<meta property=\"og:url\" content=\"https:\/\/franciscanos.org.br\/noticias\/profanacao-de-estatuas-amazonicas-foi-um-ato-racista-afirma-editorial.html\" \/>\n<meta property=\"og:site_name\" content=\"Not\u00edcias - Franciscanos\" \/>\n<meta property=\"article:published_time\" content=\"2019-10-24T11:38:55+00:00\" \/>\n<meta property=\"article:modified_time\" content=\"2020-06-05T22:29:17+00:00\" \/>\n<meta property=\"og:image\" content=\"https:\/\/franciscanos.org.br\/noticias\/wp-content\/uploads\/2019\/10\/pachamama_p-1.png\" \/>\n\t<meta property=\"og:image:width\" content=\"800\" \/>\n\t<meta property=\"og:image:height\" content=\"599\" \/>\n\t<meta property=\"og:image:type\" content=\"image\/png\" \/>\n<meta name=\"author\" content=\"moacir\" \/>\n<meta name=\"twitter:card\" content=\"summary_large_image\" \/>\n<meta name=\"twitter:label1\" content=\"Escrito por\" \/>\n\t<meta name=\"twitter:data1\" content=\"moacir\" \/>\n\t<meta name=\"twitter:label2\" content=\"Est. tempo de leitura\" \/>\n\t<meta name=\"twitter:data2\" content=\"5 minutos\" \/>\n<script type=\"application\/ld+json\" class=\"yoast-schema-graph\">{\"@context\":\"https:\/\/schema.org\",\"@graph\":[{\"@type\":\"WebSite\",\"@id\":\"https:\/\/franciscanos.org.br\/noticias\/#website\",\"url\":\"https:\/\/franciscanos.org.br\/noticias\/\",\"name\":\"Not\u00edcias - Franciscanos\",\"description\":\"Prov\u00edncia Franciscana da Imaculada Concei\u00e7\u00e3o do Brasil - Ordem dos Frades Menores - OFM\",\"potentialAction\":[{\"@type\":\"SearchAction\",\"target\":{\"@type\":\"EntryPoint\",\"urlTemplate\":\"https:\/\/franciscanos.org.br\/noticias\/?s={search_term_string}\"},\"query-input\":\"required name=search_term_string\"}],\"inLanguage\":\"pt-BR\"},{\"@type\":\"ImageObject\",\"inLanguage\":\"pt-BR\",\"@id\":\"https:\/\/franciscanos.org.br\/noticias\/profanacao-de-estatuas-amazonicas-foi-um-ato-racista-afirma-editorial.html#primaryimage\",\"url\":\"https:\/\/franciscanos.org.br\/noticias\/wp-content\/uploads\/2019\/10\/pachamama_p-1.png\",\"contentUrl\":\"https:\/\/franciscanos.org.br\/noticias\/wp-content\/uploads\/2019\/10\/pachamama_p-1.png\",\"width\":800,\"height\":599},{\"@type\":\"WebPage\",\"@id\":\"https:\/\/franciscanos.org.br\/noticias\/profanacao-de-estatuas-amazonicas-foi-um-ato-racista-afirma-editorial.html#webpage\",\"url\":\"https:\/\/franciscanos.org.br\/noticias\/profanacao-de-estatuas-amazonicas-foi-um-ato-racista-afirma-editorial.html\",\"name\":\"Profana\u00e7\u00e3o de est\u00e1tuas amaz\u00f4nicas foi um ato racista, afirma editorial - Not\u00edcias - Franciscanos\",\"isPartOf\":{\"@id\":\"https:\/\/franciscanos.org.br\/noticias\/#website\"},\"primaryImageOfPage\":{\"@id\":\"https:\/\/franciscanos.org.br\/noticias\/profanacao-de-estatuas-amazonicas-foi-um-ato-racista-afirma-editorial.html#primaryimage\"},\"datePublished\":\"2019-10-24T11:38:55+00:00\",\"dateModified\":\"2020-06-05T22:29:17+00:00\",\"author\":{\"@id\":\"https:\/\/franciscanos.org.br\/noticias\/#\/schema\/person\/b5c8cba458c330ccff548b056e95a5d4\"},\"breadcrumb\":{\"@id\":\"https:\/\/franciscanos.org.br\/noticias\/profanacao-de-estatuas-amazonicas-foi-um-ato-racista-afirma-editorial.html#breadcrumb\"},\"inLanguage\":\"pt-BR\",\"potentialAction\":[{\"@type\":\"ReadAction\",\"target\":[\"https:\/\/franciscanos.org.br\/noticias\/profanacao-de-estatuas-amazonicas-foi-um-ato-racista-afirma-editorial.html\"]}]},{\"@type\":\"BreadcrumbList\",\"@id\":\"https:\/\/franciscanos.org.br\/noticias\/profanacao-de-estatuas-amazonicas-foi-um-ato-racista-afirma-editorial.html#breadcrumb\",\"itemListElement\":[{\"@type\":\"ListItem\",\"position\":1,\"name\":\"Home\",\"item\":\"https:\/\/franciscanos.org.br\/noticias\"},{\"@type\":\"ListItem\",\"position\":2,\"name\":\"Profana\u00e7\u00e3o de est\u00e1tuas amaz\u00f4nicas foi um ato racista, afirma editorial\"}]},{\"@type\":\"Person\",\"@id\":\"https:\/\/franciscanos.org.br\/noticias\/#\/schema\/person\/b5c8cba458c330ccff548b056e95a5d4\",\"name\":\"moacir\",\"image\":{\"@type\":\"ImageObject\",\"inLanguage\":\"pt-BR\",\"@id\":\"https:\/\/franciscanos.org.br\/noticias\/#\/schema\/person\/image\/\",\"url\":\"https:\/\/secure.gravatar.com\/avatar\/d08aa2ce4c8dd416d4479aa8536fcf64?s=96&d=mm&r=g\",\"contentUrl\":\"https:\/\/secure.gravatar.com\/avatar\/d08aa2ce4c8dd416d4479aa8536fcf64?s=96&d=mm&r=g\",\"caption\":\"moacir\"},\"url\":\"https:\/\/franciscanos.org.br\/noticias\/author\/moacir\"}]}<\/script>\n<!-- \/ Yoast SEO plugin. -->","yoast_head_json":{"title":"Profana\u00e7\u00e3o de est\u00e1tuas amaz\u00f4nicas foi um ato racista, afirma editorial - Not\u00edcias - Franciscanos","robots":{"index":"index","follow":"follow","max-snippet":"max-snippet:-1","max-image-preview":"max-image-preview:large","max-video-preview":"max-video-preview:-1"},"canonical":"https:\/\/franciscanos.org.br\/noticias\/profanacao-de-estatuas-amazonicas-foi-um-ato-racista-afirma-editorial.html","og_locale":"pt_BR","og_type":"article","og_title":"Profana\u00e7\u00e3o de est\u00e1tuas amaz\u00f4nicas foi um ato racista, afirma editorial - Not\u00edcias - Franciscanos","og_description":"Editorial de National Catholic Reporter","og_url":"https:\/\/franciscanos.org.br\/noticias\/profanacao-de-estatuas-amazonicas-foi-um-ato-racista-afirma-editorial.html","og_site_name":"Not\u00edcias - Franciscanos","article_published_time":"2019-10-24T11:38:55+00:00","article_modified_time":"2020-06-05T22:29:17+00:00","og_image":[{"width":800,"height":599,"url":"https:\/\/franciscanos.org.br\/noticias\/wp-content\/uploads\/2019\/10\/pachamama_p-1.png","type":"image\/png"}],"author":"moacir","twitter_card":"summary_large_image","twitter_misc":{"Escrito por":"moacir","Est. tempo de leitura":"5 minutos"},"schema":{"@context":"https:\/\/schema.org","@graph":[{"@type":"WebSite","@id":"https:\/\/franciscanos.org.br\/noticias\/#website","url":"https:\/\/franciscanos.org.br\/noticias\/","name":"Not\u00edcias - Franciscanos","description":"Prov\u00edncia Franciscana da Imaculada Concei\u00e7\u00e3o do Brasil - Ordem dos Frades Menores - OFM","potentialAction":[{"@type":"SearchAction","target":{"@type":"EntryPoint","urlTemplate":"https:\/\/franciscanos.org.br\/noticias\/?s={search_term_string}"},"query-input":"required name=search_term_string"}],"inLanguage":"pt-BR"},{"@type":"ImageObject","inLanguage":"pt-BR","@id":"https:\/\/franciscanos.org.br\/noticias\/profanacao-de-estatuas-amazonicas-foi-um-ato-racista-afirma-editorial.html#primaryimage","url":"https:\/\/franciscanos.org.br\/noticias\/wp-content\/uploads\/2019\/10\/pachamama_p-1.png","contentUrl":"https:\/\/franciscanos.org.br\/noticias\/wp-content\/uploads\/2019\/10\/pachamama_p-1.png","width":800,"height":599},{"@type":"WebPage","@id":"https:\/\/franciscanos.org.br\/noticias\/profanacao-de-estatuas-amazonicas-foi-um-ato-racista-afirma-editorial.html#webpage","url":"https:\/\/franciscanos.org.br\/noticias\/profanacao-de-estatuas-amazonicas-foi-um-ato-racista-afirma-editorial.html","name":"Profana\u00e7\u00e3o de est\u00e1tuas amaz\u00f4nicas foi um ato racista, afirma editorial - Not\u00edcias - Franciscanos","isPartOf":{"@id":"https:\/\/franciscanos.org.br\/noticias\/#website"},"primaryImageOfPage":{"@id":"https:\/\/franciscanos.org.br\/noticias\/profanacao-de-estatuas-amazonicas-foi-um-ato-racista-afirma-editorial.html#primaryimage"},"datePublished":"2019-10-24T11:38:55+00:00","dateModified":"2020-06-05T22:29:17+00:00","author":{"@id":"https:\/\/franciscanos.org.br\/noticias\/#\/schema\/person\/b5c8cba458c330ccff548b056e95a5d4"},"breadcrumb":{"@id":"https:\/\/franciscanos.org.br\/noticias\/profanacao-de-estatuas-amazonicas-foi-um-ato-racista-afirma-editorial.html#breadcrumb"},"inLanguage":"pt-BR","potentialAction":[{"@type":"ReadAction","target":["https:\/\/franciscanos.org.br\/noticias\/profanacao-de-estatuas-amazonicas-foi-um-ato-racista-afirma-editorial.html"]}]},{"@type":"BreadcrumbList","@id":"https:\/\/franciscanos.org.br\/noticias\/profanacao-de-estatuas-amazonicas-foi-um-ato-racista-afirma-editorial.html#breadcrumb","itemListElement":[{"@type":"ListItem","position":1,"name":"Home","item":"https:\/\/franciscanos.org.br\/noticias"},{"@type":"ListItem","position":2,"name":"Profana\u00e7\u00e3o de est\u00e1tuas amaz\u00f4nicas foi um ato racista, afirma editorial"}]},{"@type":"Person","@id":"https:\/\/franciscanos.org.br\/noticias\/#\/schema\/person\/b5c8cba458c330ccff548b056e95a5d4","name":"moacir","image":{"@type":"ImageObject","inLanguage":"pt-BR","@id":"https:\/\/franciscanos.org.br\/noticias\/#\/schema\/person\/image\/","url":"https:\/\/secure.gravatar.com\/avatar\/d08aa2ce4c8dd416d4479aa8536fcf64?s=96&d=mm&r=g","contentUrl":"https:\/\/secure.gravatar.com\/avatar\/d08aa2ce4c8dd416d4479aa8536fcf64?s=96&d=mm&r=g","caption":"moacir"},"url":"https:\/\/franciscanos.org.br\/noticias\/author\/moacir"}]}},"_links":{"self":[{"href":"https:\/\/franciscanos.org.br\/noticias\/wp-json\/wp\/v2\/posts\/212711"}],"collection":[{"href":"https:\/\/franciscanos.org.br\/noticias\/wp-json\/wp\/v2\/posts"}],"about":[{"href":"https:\/\/franciscanos.org.br\/noticias\/wp-json\/wp\/v2\/types\/post"}],"author":[{"embeddable":true,"href":"https:\/\/franciscanos.org.br\/noticias\/wp-json\/wp\/v2\/users\/3"}],"replies":[{"embeddable":true,"href":"https:\/\/franciscanos.org.br\/noticias\/wp-json\/wp\/v2\/comments?post=212711"}],"version-history":[{"count":1,"href":"https:\/\/franciscanos.org.br\/noticias\/wp-json\/wp\/v2\/posts\/212711\/revisions"}],"predecessor-version":[{"id":224372,"href":"https:\/\/franciscanos.org.br\/noticias\/wp-json\/wp\/v2\/posts\/212711\/revisions\/224372"}],"wp:featuredmedia":[{"embeddable":true,"href":"https:\/\/franciscanos.org.br\/noticias\/wp-json\/wp\/v2\/media\/224371"}],"wp:attachment":[{"href":"https:\/\/franciscanos.org.br\/noticias\/wp-json\/wp\/v2\/media?parent=212711"}],"wp:term":[{"taxonomy":"category","embeddable":true,"href":"https:\/\/franciscanos.org.br\/noticias\/wp-json\/wp\/v2\/categories?post=212711"},{"taxonomy":"post_tag","embeddable":true,"href":"https:\/\/franciscanos.org.br\/noticias\/wp-json\/wp\/v2\/tags?post=212711"}],"curies":[{"name":"wp","href":"https:\/\/api.w.org\/{rel}","templated":true}]}}