{"id":212702,"date":"2019-10-24T06:47:38","date_gmt":"2019-10-24T09:47:38","guid":{"rendered":"https:\/\/franciscanos.org.br\/noticias\/?p=212702"},"modified":"2020-06-05T18:16:13","modified_gmt":"2020-06-05T21:16:13","slug":"papa-as-razoes-crista-para-o-cuidado-da-criacao","status":"publish","type":"post","link":"https:\/\/franciscanos.org.br\/noticias\/papa-as-razoes-crista-para-o-cuidado-da-criacao.html","title":{"rendered":"Papa: as raz\u00f5es crist\u00e3 para o cuidado da cria\u00e7\u00e3o"},"content":{"rendered":"<p><img loading=\"lazy\" class=\"alignnone size-full wp-image-212703\" src=\"https:\/\/franciscanos.org.br\/noticias\/wp-content\/uploads\/2019\/10\/papa_2410.jpg\" alt=\"\" width=\"890\" height=\"501\" srcset=\"https:\/\/franciscanos.org.br\/noticias\/wp-content\/uploads\/2019\/10\/papa_2410.jpg 890w, https:\/\/franciscanos.org.br\/noticias\/wp-content\/uploads\/2019\/10\/papa_2410-450x253.jpg 450w, https:\/\/franciscanos.org.br\/noticias\/wp-content\/uploads\/2019\/10\/papa_2410-768x432.jpg 768w, https:\/\/franciscanos.org.br\/noticias\/wp-content\/uploads\/2019\/10\/papa_2410-150x84.jpg 150w\" sizes=\"(max-width: 890px) 100vw, 890px\" \/><\/p>\n<p><strong>Cidade do Vaticano<\/strong> &#8211; Em coincid\u00eancia com os \u00faltimos dias do S\u00ednodo para a Amaz\u00f4nia e h\u00e1 quatro anos da <em>Laudato Si\u2019<\/em>, foi publicado um livro que re\u00fane textos e discursos do Papa Francisco sobre o meio ambiente, al\u00e9m de um escrito in\u00e9dito, com o objetivo de explicar a vis\u00e3o crist\u00e3 da ecologia<\/p>\n<p>O livro <em>\u201cNostra Madre Terra. Una lettura cristiana della sfida dell&#8217;ambiente&#8221;<\/em>, publicado pela LEV, com textos de documentos do Papa Francisco sobre o meio ambiente, entre os quais um in\u00e9dito (j\u00e1 publicado pelo <em>Vatican News<\/em> em 16 de outubro) e com o pref\u00e1cio do Patriarca Ecum\u00eanico Bartolomeu I. O Patriarca recorda as etapas da colabora\u00e7\u00e3o com o Santo Padre, principalmente nas mensagens por ocasi\u00e3o do Dia Mundial de Ora\u00e7\u00e3o pelo Cuidado da Cria\u00e7\u00e3o, institu\u00eddo em 2015, que une a Igreja Cat\u00f3lica e a Ortodoxa nas comuns \u201cpreocupa\u00e7\u00f5es pelo futuro da cria\u00e7\u00e3o\u201d.<\/p>\n<p><strong>Unidade da fam\u00edlia humana<\/strong><br \/>\nNo primeiro cap\u00edtulo, \u201cVis\u00e3o \u00edntegra\u201d, foram selecionados alguns textos, principalmente trechos da <em>Laudato Si\u2019<\/em>, que mostram a necessidade de proteger a nossa casa comum atrav\u00e9s da uni\u00e3o de \u201ctoda a fam\u00edlia humana na busca de um desenvolvimento sustent\u00e1vel e integral\u201d. Esta premissa \u00e9 desenvolvida no cap\u00edtulo \u201cDe um desafio atual a uma oportunidade global\u201d por meio da an\u00e1lise de alguns trechos da Enc\u00edclica do Papa Francisco sobre a crise ambiental dos nossos dias, onde polui\u00e7\u00e3o, aquecimento global, mudan\u00e7as clim\u00e1ticas, perda de biodiversidades s\u00e3o o efeito de uma explora\u00e7\u00e3o incontrolada destinada a crescer rapidamente se n\u00e3o forem tomadas medidas imediatas para uma mudan\u00e7a de dire\u00e7\u00e3o. \u00c9 necess\u00e1ria a convers\u00e3o ambiental \u2013 observa o Papa \u2013 poss\u00edvel atrav\u00e9s da promo\u00e7\u00e3o de uma verdadeira educa\u00e7\u00e3o ecol\u00f3gica que crie, principalmente nos jovens, uma conscientiza\u00e7\u00e3o e portanto uma consci\u00eancia renovada.<\/p>\n<p><strong>Uma leitura espiritual da ecologia<\/strong><br \/>\nNo escrito in\u00e9dito que conclui o livro <em>\u201cNostra Madre Terra\u201d<\/em>, Papa Francisco oferece a todos n\u00f3s uma vis\u00e3o mais ampla de um assunto que n\u00e3o \u00e9 simples preocupa\u00e7\u00e3o para a salvaguarda do meio ambiente. Mesmo compartilhando muitos aspectos, n\u00e3o \u00e9 compar\u00e1vel a uma vis\u00e3o leiga da ecologia. De fato, desenvolve a chamada teologia da ecologia em um discurso profundamente espiritual.<\/p>\n<p><strong>O amor de Deus no centro de tudo<\/strong><br \/>\nA cria\u00e7\u00e3o \u00e9 fruto do amor de Deus. O amor de Deus para com cada uma das suas criaturas e principalmente pelo homem ao qual deu o dom da cria\u00e7\u00e3o, lugar em que \u201csomos convidados a descobrir uma presen\u00e7a. Mas isso significa que \u00e9 a capacidade de comunh\u00e3o do homem a condicionar o estado da cria\u00e7\u00e3o (\u2026) Portanto \u00e9 o destino do homem que determina o destino do universo\u201d, escreve Papa Francisco. A conex\u00e3o entre homem e cria\u00e7\u00e3o vive no amor e se este se acaba corrompe-se e n\u00e3o reconhece o dom que lhe foi dado. A explora\u00e7\u00e3o dos recursos feita de modo irrespons\u00e1vel para tomar posse de riquezas e poder, concentrando nas m\u00e3os de poucos, cria um desequil\u00edbrio destinado a destruir o mundo e o pr\u00f3prio homem.<\/p>\n<p><strong>Recome\u00e7ar do perd\u00e3o e do Esp\u00edrito Santo<\/strong><br \/>\nN\u00e3o \u00e9 suficiente uma revolu\u00e7\u00e3o tecnol\u00f3gica e compromisso individual. A tomada de consci\u00eancia passa principalmente atrav\u00e9s de um \u201caut\u00eantico esp\u00edrito de comunh\u00e3o\u201d. Deve-se recome\u00e7ar do perd\u00e3o. Pedir perd\u00e3o aos pobres, aos exclu\u00eddos, antes de tudo, para poder pedir perd\u00e3o tamb\u00e9m \u201c\u00e0 terra, ao mar, \u00e0 ar, aos animais\u2026\u201d. Para o Papa Francisco pedir perd\u00e3o significa rever totalmente o pr\u00f3prio modo de ser e de pensar, significa renovar-se profundamente. E o perd\u00e3o s\u00f3 \u00e9 poss\u00edvel no Esp\u00edrito Santo. \u00c9 uma gra\u00e7a a ser implorada com humildade ao Senhor. O perd\u00e3o \u00e9 se tornar ativos, empreender um caminho juntos e nunca na solid\u00e3o.<\/p>\n<hr \/>\n<p><em>Fonte: Vatican News<\/em><\/p>\n","protected":false},"excerpt":{"rendered":"<p>S\u00ednodo para a Amaz\u00f4nia<\/p>\n","protected":false},"author":3,"featured_media":212704,"comment_status":"open","ping_status":"open","sticky":false,"template":"","format":"standard","meta":[],"categories":[1428],"tags":[1535],"acf":[],"yoast_head":"<!-- This site is optimized with the Yoast SEO plugin v19.2 - https:\/\/yoast.com\/wordpress\/plugins\/seo\/ -->\n<title>Papa: as raz\u00f5es crist\u00e3 para o cuidado da cria\u00e7\u00e3o - Not\u00edcias - Franciscanos<\/title>\n<meta name=\"robots\" content=\"index, follow, max-snippet:-1, max-image-preview:large, max-video-preview:-1\" \/>\n<link rel=\"canonical\" href=\"https:\/\/franciscanos.org.br\/noticias\/papa-as-razoes-crista-para-o-cuidado-da-criacao.html\" \/>\n<meta property=\"og:locale\" content=\"pt_BR\" \/>\n<meta property=\"og:type\" content=\"article\" \/>\n<meta property=\"og:title\" content=\"Papa: as raz\u00f5es crist\u00e3 para o cuidado da cria\u00e7\u00e3o - Not\u00edcias - Franciscanos\" \/>\n<meta property=\"og:description\" content=\"S\u00ednodo para a Amaz\u00f4nia\" \/>\n<meta property=\"og:url\" content=\"https:\/\/franciscanos.org.br\/noticias\/papa-as-razoes-crista-para-o-cuidado-da-criacao.html\" \/>\n<meta property=\"og:site_name\" content=\"Not\u00edcias - Franciscanos\" \/>\n<meta property=\"article:published_time\" content=\"2019-10-24T09:47:38+00:00\" \/>\n<meta property=\"article:modified_time\" content=\"2020-06-05T21:16:13+00:00\" \/>\n<meta property=\"og:image\" content=\"https:\/\/franciscanos.org.br\/noticias\/wp-content\/uploads\/2019\/10\/papa_2410d.jpg\" \/>\n\t<meta property=\"og:image:width\" content=\"273\" \/>\n\t<meta property=\"og:image:height\" content=\"181\" \/>\n\t<meta property=\"og:image:type\" content=\"image\/jpeg\" \/>\n<meta name=\"author\" content=\"moacir\" \/>\n<meta name=\"twitter:card\" content=\"summary_large_image\" \/>\n<meta name=\"twitter:label1\" content=\"Escrito por\" \/>\n\t<meta name=\"twitter:data1\" content=\"moacir\" \/>\n\t<meta name=\"twitter:label2\" content=\"Est. tempo de leitura\" \/>\n\t<meta name=\"twitter:data2\" content=\"3 minutos\" \/>\n<script type=\"application\/ld+json\" class=\"yoast-schema-graph\">{\"@context\":\"https:\/\/schema.org\",\"@graph\":[{\"@type\":\"WebSite\",\"@id\":\"https:\/\/franciscanos.org.br\/noticias\/#website\",\"url\":\"https:\/\/franciscanos.org.br\/noticias\/\",\"name\":\"Not\u00edcias - Franciscanos\",\"description\":\"Prov\u00edncia Franciscana da Imaculada Concei\u00e7\u00e3o do Brasil - Ordem dos Frades Menores - OFM\",\"potentialAction\":[{\"@type\":\"SearchAction\",\"target\":{\"@type\":\"EntryPoint\",\"urlTemplate\":\"https:\/\/franciscanos.org.br\/noticias\/?s={search_term_string}\"},\"query-input\":\"required name=search_term_string\"}],\"inLanguage\":\"pt-BR\"},{\"@type\":\"ImageObject\",\"inLanguage\":\"pt-BR\",\"@id\":\"https:\/\/franciscanos.org.br\/noticias\/papa-as-razoes-crista-para-o-cuidado-da-criacao.html#primaryimage\",\"url\":\"https:\/\/franciscanos.org.br\/noticias\/wp-content\/uploads\/2019\/10\/papa_2410d.jpg\",\"contentUrl\":\"https:\/\/franciscanos.org.br\/noticias\/wp-content\/uploads\/2019\/10\/papa_2410d.jpg\",\"width\":273,\"height\":181},{\"@type\":\"WebPage\",\"@id\":\"https:\/\/franciscanos.org.br\/noticias\/papa-as-razoes-crista-para-o-cuidado-da-criacao.html#webpage\",\"url\":\"https:\/\/franciscanos.org.br\/noticias\/papa-as-razoes-crista-para-o-cuidado-da-criacao.html\",\"name\":\"Papa: as raz\u00f5es crist\u00e3 para o cuidado da cria\u00e7\u00e3o - Not\u00edcias - Franciscanos\",\"isPartOf\":{\"@id\":\"https:\/\/franciscanos.org.br\/noticias\/#website\"},\"primaryImageOfPage\":{\"@id\":\"https:\/\/franciscanos.org.br\/noticias\/papa-as-razoes-crista-para-o-cuidado-da-criacao.html#primaryimage\"},\"datePublished\":\"2019-10-24T09:47:38+00:00\",\"dateModified\":\"2020-06-05T21:16:13+00:00\",\"author\":{\"@id\":\"https:\/\/franciscanos.org.br\/noticias\/#\/schema\/person\/b5c8cba458c330ccff548b056e95a5d4\"},\"breadcrumb\":{\"@id\":\"https:\/\/franciscanos.org.br\/noticias\/papa-as-razoes-crista-para-o-cuidado-da-criacao.html#breadcrumb\"},\"inLanguage\":\"pt-BR\",\"potentialAction\":[{\"@type\":\"ReadAction\",\"target\":[\"https:\/\/franciscanos.org.br\/noticias\/papa-as-razoes-crista-para-o-cuidado-da-criacao.html\"]}]},{\"@type\":\"BreadcrumbList\",\"@id\":\"https:\/\/franciscanos.org.br\/noticias\/papa-as-razoes-crista-para-o-cuidado-da-criacao.html#breadcrumb\",\"itemListElement\":[{\"@type\":\"ListItem\",\"position\":1,\"name\":\"Home\",\"item\":\"https:\/\/franciscanos.org.br\/noticias\"},{\"@type\":\"ListItem\",\"position\":2,\"name\":\"Papa: as raz\u00f5es crist\u00e3 para o cuidado da cria\u00e7\u00e3o\"}]},{\"@type\":\"Person\",\"@id\":\"https:\/\/franciscanos.org.br\/noticias\/#\/schema\/person\/b5c8cba458c330ccff548b056e95a5d4\",\"name\":\"moacir\",\"image\":{\"@type\":\"ImageObject\",\"inLanguage\":\"pt-BR\",\"@id\":\"https:\/\/franciscanos.org.br\/noticias\/#\/schema\/person\/image\/\",\"url\":\"https:\/\/secure.gravatar.com\/avatar\/d08aa2ce4c8dd416d4479aa8536fcf64?s=96&d=mm&r=g\",\"contentUrl\":\"https:\/\/secure.gravatar.com\/avatar\/d08aa2ce4c8dd416d4479aa8536fcf64?s=96&d=mm&r=g\",\"caption\":\"moacir\"},\"url\":\"https:\/\/franciscanos.org.br\/noticias\/author\/moacir\"}]}<\/script>\n<!-- \/ Yoast SEO plugin. -->","yoast_head_json":{"title":"Papa: as raz\u00f5es crist\u00e3 para o cuidado da cria\u00e7\u00e3o - Not\u00edcias - Franciscanos","robots":{"index":"index","follow":"follow","max-snippet":"max-snippet:-1","max-image-preview":"max-image-preview:large","max-video-preview":"max-video-preview:-1"},"canonical":"https:\/\/franciscanos.org.br\/noticias\/papa-as-razoes-crista-para-o-cuidado-da-criacao.html","og_locale":"pt_BR","og_type":"article","og_title":"Papa: as raz\u00f5es crist\u00e3 para o cuidado da cria\u00e7\u00e3o - Not\u00edcias - Franciscanos","og_description":"S\u00ednodo para a Amaz\u00f4nia","og_url":"https:\/\/franciscanos.org.br\/noticias\/papa-as-razoes-crista-para-o-cuidado-da-criacao.html","og_site_name":"Not\u00edcias - Franciscanos","article_published_time":"2019-10-24T09:47:38+00:00","article_modified_time":"2020-06-05T21:16:13+00:00","og_image":[{"width":273,"height":181,"url":"https:\/\/franciscanos.org.br\/noticias\/wp-content\/uploads\/2019\/10\/papa_2410d.jpg","type":"image\/jpeg"}],"author":"moacir","twitter_card":"summary_large_image","twitter_misc":{"Escrito por":"moacir","Est. tempo de leitura":"3 minutos"},"schema":{"@context":"https:\/\/schema.org","@graph":[{"@type":"WebSite","@id":"https:\/\/franciscanos.org.br\/noticias\/#website","url":"https:\/\/franciscanos.org.br\/noticias\/","name":"Not\u00edcias - Franciscanos","description":"Prov\u00edncia Franciscana da Imaculada Concei\u00e7\u00e3o do Brasil - Ordem dos Frades Menores - OFM","potentialAction":[{"@type":"SearchAction","target":{"@type":"EntryPoint","urlTemplate":"https:\/\/franciscanos.org.br\/noticias\/?s={search_term_string}"},"query-input":"required name=search_term_string"}],"inLanguage":"pt-BR"},{"@type":"ImageObject","inLanguage":"pt-BR","@id":"https:\/\/franciscanos.org.br\/noticias\/papa-as-razoes-crista-para-o-cuidado-da-criacao.html#primaryimage","url":"https:\/\/franciscanos.org.br\/noticias\/wp-content\/uploads\/2019\/10\/papa_2410d.jpg","contentUrl":"https:\/\/franciscanos.org.br\/noticias\/wp-content\/uploads\/2019\/10\/papa_2410d.jpg","width":273,"height":181},{"@type":"WebPage","@id":"https:\/\/franciscanos.org.br\/noticias\/papa-as-razoes-crista-para-o-cuidado-da-criacao.html#webpage","url":"https:\/\/franciscanos.org.br\/noticias\/papa-as-razoes-crista-para-o-cuidado-da-criacao.html","name":"Papa: as raz\u00f5es crist\u00e3 para o cuidado da cria\u00e7\u00e3o - Not\u00edcias - Franciscanos","isPartOf":{"@id":"https:\/\/franciscanos.org.br\/noticias\/#website"},"primaryImageOfPage":{"@id":"https:\/\/franciscanos.org.br\/noticias\/papa-as-razoes-crista-para-o-cuidado-da-criacao.html#primaryimage"},"datePublished":"2019-10-24T09:47:38+00:00","dateModified":"2020-06-05T21:16:13+00:00","author":{"@id":"https:\/\/franciscanos.org.br\/noticias\/#\/schema\/person\/b5c8cba458c330ccff548b056e95a5d4"},"breadcrumb":{"@id":"https:\/\/franciscanos.org.br\/noticias\/papa-as-razoes-crista-para-o-cuidado-da-criacao.html#breadcrumb"},"inLanguage":"pt-BR","potentialAction":[{"@type":"ReadAction","target":["https:\/\/franciscanos.org.br\/noticias\/papa-as-razoes-crista-para-o-cuidado-da-criacao.html"]}]},{"@type":"BreadcrumbList","@id":"https:\/\/franciscanos.org.br\/noticias\/papa-as-razoes-crista-para-o-cuidado-da-criacao.html#breadcrumb","itemListElement":[{"@type":"ListItem","position":1,"name":"Home","item":"https:\/\/franciscanos.org.br\/noticias"},{"@type":"ListItem","position":2,"name":"Papa: as raz\u00f5es crist\u00e3 para o cuidado da cria\u00e7\u00e3o"}]},{"@type":"Person","@id":"https:\/\/franciscanos.org.br\/noticias\/#\/schema\/person\/b5c8cba458c330ccff548b056e95a5d4","name":"moacir","image":{"@type":"ImageObject","inLanguage":"pt-BR","@id":"https:\/\/franciscanos.org.br\/noticias\/#\/schema\/person\/image\/","url":"https:\/\/secure.gravatar.com\/avatar\/d08aa2ce4c8dd416d4479aa8536fcf64?s=96&d=mm&r=g","contentUrl":"https:\/\/secure.gravatar.com\/avatar\/d08aa2ce4c8dd416d4479aa8536fcf64?s=96&d=mm&r=g","caption":"moacir"},"url":"https:\/\/franciscanos.org.br\/noticias\/author\/moacir"}]}},"_links":{"self":[{"href":"https:\/\/franciscanos.org.br\/noticias\/wp-json\/wp\/v2\/posts\/212702"}],"collection":[{"href":"https:\/\/franciscanos.org.br\/noticias\/wp-json\/wp\/v2\/posts"}],"about":[{"href":"https:\/\/franciscanos.org.br\/noticias\/wp-json\/wp\/v2\/types\/post"}],"author":[{"embeddable":true,"href":"https:\/\/franciscanos.org.br\/noticias\/wp-json\/wp\/v2\/users\/3"}],"replies":[{"embeddable":true,"href":"https:\/\/franciscanos.org.br\/noticias\/wp-json\/wp\/v2\/comments?post=212702"}],"version-history":[{"count":1,"href":"https:\/\/franciscanos.org.br\/noticias\/wp-json\/wp\/v2\/posts\/212702\/revisions"}],"predecessor-version":[{"id":224348,"href":"https:\/\/franciscanos.org.br\/noticias\/wp-json\/wp\/v2\/posts\/212702\/revisions\/224348"}],"wp:featuredmedia":[{"embeddable":true,"href":"https:\/\/franciscanos.org.br\/noticias\/wp-json\/wp\/v2\/media\/212704"}],"wp:attachment":[{"href":"https:\/\/franciscanos.org.br\/noticias\/wp-json\/wp\/v2\/media?parent=212702"}],"wp:term":[{"taxonomy":"category","embeddable":true,"href":"https:\/\/franciscanos.org.br\/noticias\/wp-json\/wp\/v2\/categories?post=212702"},{"taxonomy":"post_tag","embeddable":true,"href":"https:\/\/franciscanos.org.br\/noticias\/wp-json\/wp\/v2\/tags?post=212702"}],"curies":[{"name":"wp","href":"https:\/\/api.w.org\/{rel}","templated":true}]}}