{"id":212617,"date":"2019-10-21T11:21:54","date_gmt":"2019-10-21T14:21:54","guid":{"rendered":"https:\/\/franciscanos.org.br\/noticias\/?p=212617"},"modified":"2019-10-21T11:21:54","modified_gmt":"2019-10-21T14:21:54","slug":"ministro-geral-escreve-sobre-sua-lenta-recuperacao","status":"publish","type":"post","link":"https:\/\/franciscanos.org.br\/noticias\/ministro-geral-escreve-sobre-sua-lenta-recuperacao.html","title":{"rendered":"Ministro Geral escreve sobre sua lenta recupera\u00e7\u00e3o"},"content":{"rendered":"<p><img loading=\"lazy\" class=\"alignnone wp-image-212618 size-full\" src=\"https:\/\/franciscanos.org.br\/noticias\/wp-content\/uploads\/2019\/10\/ministro_2110.jpg\" alt=\"\" width=\"890\" height=\"368\" srcset=\"https:\/\/franciscanos.org.br\/noticias\/wp-content\/uploads\/2019\/10\/ministro_2110.jpg 890w, https:\/\/franciscanos.org.br\/noticias\/wp-content\/uploads\/2019\/10\/ministro_2110-450x186.jpg 450w, https:\/\/franciscanos.org.br\/noticias\/wp-content\/uploads\/2019\/10\/ministro_2110-768x318.jpg 768w, https:\/\/franciscanos.org.br\/noticias\/wp-content\/uploads\/2019\/10\/ministro_2110-150x62.jpg 150w\" sizes=\"(max-width: 890px) 100vw, 890px\" \/><\/p>\n<p><strong>O Ministro Geral, Frei Michael Perry, que sofreu um acidente de bicicleta no dia 15 de agosto, d\u00e1 not\u00edcias sobre sua lenta recupera\u00e7\u00e3o e pede ora\u00e7\u00f5es.<\/strong><\/p>\n<p><em>Meus queridos Irm\u00e3os da Ordem,<\/em><\/p>\n<p><em>Que o Senhor te d\u00ea paz!<\/em><\/p>\n<p><em>\u00c9 com satisfa\u00e7\u00e3o que, mais uma vez, tenho a oportunidade de escrever para fornecer uma atualiza\u00e7\u00e3o do meu processo de reabilita\u00e7\u00e3o. Em 15 de outubro, visitei o cirurgi\u00e3o ortop\u00e9dico que realizou a opera\u00e7\u00e3o inicial para reconstruir parte da minha pelve (bacia). De acordo com os raios X, o osso est\u00e1 lentamente se recompondo. Gra\u00e7as \u00e0s suas ora\u00e7\u00f5es e apoio, a um programa de repouso para n\u00e3o fazer for\u00e7a ou peso na perna esquerda e, \u00e9 claro, aos 31 parafusos e 2 placas que ajudam a manter tudo unido. Devo continuar evitando peso na perna esquerda pelo menos at\u00e9 o final de novembro. Se tudo correr bem, devo conseguir aumentar lentamente o peso na perna esquerda at\u00e9 o m\u00eas de dezembro. Continuo fazendo fisioterapia tr\u00eas vezes por semana para trabalhar a for\u00e7a muscular e flexibilidade.<\/em><\/p>\n<p><em>Uma preocupa\u00e7\u00e3o permanece: se existe cartilagem suficiente na articula\u00e7\u00e3o do quadril esquerdo para permitir o livre movimento da cabe\u00e7a do f\u00eamur na articula\u00e7\u00e3o p\u00e9lvica. N\u00e3o h\u00e1 testes para determinar isso. Isso ser\u00e1 revelado quando colocar\u00a0 peso crescente na perna esquerda para recuperar lentamente a capacidade de andar sem a ajuda de um andador ou muleta. Existe a possibilidade de que, em algum momento, eu precise de uma segunda cirurgia para fazer o que \u00e9 chamado de substitui\u00e7\u00e3o total do quadril caso a cartilagem tenha sido severamente comprometida. Por favor, mantenha essa inten\u00e7\u00e3o especial em suas ora\u00e7\u00f5es.<\/em><\/p>\n<p><em>Durante esse per\u00edodo de convalescen\u00e7a, recebi muitas mensagens de apoio e carinho de voc\u00eas, meus queridos irm\u00e3os, da Primeira Ordem, de nossas queridas Pobres Senhoras da Segunda Ordem e de membros da Ordem dos Franciscanos Seculares. Sou muito grato a cada um de voc\u00eas e a outras pessoas que expressaram preocupa\u00e7\u00e3o e ofereceram apoio espiritual para acompanhar minha reabilita\u00e7\u00e3o.<\/em><\/p>\n<p><em>Ao seguirmos o S\u00ednodo Especial dos Bispos para a Amaz\u00f4nia, lembrem-se de manter as pessoas da regi\u00e3o da grande bacia amaz\u00f4nica em nossas ora\u00e7\u00f5es. Enquanto a Igreja discute quest\u00f5es vitais para a futura sobreviv\u00eancia dos povos ind\u00edgenas, o meio ambiente na regi\u00e3o e as implica\u00e7\u00f5es globais de n\u00e3o se cuid\u00e1-lo e proteg\u00ea-lo, assim como o futuro da evangeliza\u00e7\u00e3o e da miss\u00e3o da Igreja, os detratores continuam a desafiar a ortodoxia do Papa. Francisco, a Igreja local nos nove pa\u00edses e a Igreja do povo de Deus que, apesar de todos os obst\u00e1culos que enfrentam, permanece fiel aos ensinamentos de Jesus Cristo que nos foram entregues pelos ap\u00f3stolos. Oramos para que Deus, que \u00e9 todo misericordioso e gracioso, ajude todos os que professam a f\u00e9 em Jesus Cristo, que s\u00e3o membros da Igreja, e outros crist\u00e3os a passar de uma mera profiss\u00e3o verbal de nossa f\u00e9 para realmente coloc\u00e1-la em pr\u00e1tica em nossas vidas. A enc\u00edclica do Papa Francisco sobre ecologia integral, fundamentada em uma vis\u00e3o b\u00edblica e teol\u00f3gica consistente com os ensinamentos da Igreja, continua a inspirar, mesmo quando desafia. Isso \u00e9 especialmente verdadeiro para aqueles que professam f\u00e9 em Jesus Cristo e seguem o exemplo de S\u00e3o Francisco de Assis, que reconheceu a interconex\u00e3o de todas as coisas que come\u00e7am e s\u00e3o sustentadas por Deus, que \u00e9 Pai, Filho e Esp\u00edrito Santo, uma rela\u00e7\u00e3o de Trindade expressa, de acordo com nosso pr\u00f3prio S\u00e3o Boaventura, no e atrav\u00e9s do universo criado, continua a inspirar, mesmo que desafie.<\/em><\/p>\n<p><em>Oremos tamb\u00e9m por nossos membros franciscanos, pela Igreja e pelo povo de Deus em pa\u00edses onde a agita\u00e7\u00e3o e o conflito civil dividem as pessoas, resultando na destrui\u00e7\u00e3o da vida e da propriedade. Lembremos de maneira especial o Haiti, Peru, Equador, Venezuela, Sud\u00e3o do Sul, Egito, Sud\u00e3o, Benin, a Regi\u00e3o Administrativa Especial de Hong Kong, S\u00edria e outras partes do mundo que precisam de nossa ora\u00e7\u00e3o e solidariedade.<\/em><\/p>\n<p><em>Que Deus continue aben\u00e7oando cada um de voc\u00eas, meus queridos Irm\u00e3os da Ordem, e todos os membros da Fam\u00edlia Franciscana. Oremos uns pelos outros e, juntos,\u00a0 esforcemo-nos em colocar na pr\u00e1tica nossa f\u00e9. Desejo expressar mais uma vez minha mais profunda gratid\u00e3o ao irm\u00e3o Julio Bunader, Vig\u00e1rio Geral que atua em meu lugar, aos membros do Definit\u00f3rio Geral, ao secret\u00e1rio geral e a todos os ministros (provinciais, Cust\u00f3dios, presidentes) que diariamente d\u00e3o a vida por seus irm\u00e3os.<\/em><\/p>\n<p><em>Desejo a voc\u00ea todas as b\u00ean\u00e7\u00e3os<\/em> espirituais de Deus!<\/p>\n<p style=\"padding-left: 40px;\"><strong>Frei Michael Perry<\/strong><\/p>\n<p style=\"padding-left: 40px;\"><em>Chicago, 18 de outubro de 2019<\/em><\/p>\n","protected":false},"excerpt":{"rendered":"<p>Ordem dos Frades Menores<\/p>\n","protected":false},"author":3,"featured_media":212619,"comment_status":"open","ping_status":"open","sticky":false,"template":"","format":"standard","meta":[],"categories":[1],"tags":[723],"acf":[],"yoast_head":"<!-- This site is optimized with the Yoast SEO plugin v19.2 - https:\/\/yoast.com\/wordpress\/plugins\/seo\/ -->\n<title>Ministro Geral escreve sobre sua lenta recupera\u00e7\u00e3o - Not\u00edcias - Franciscanos<\/title>\n<meta name=\"robots\" content=\"index, follow, max-snippet:-1, max-image-preview:large, max-video-preview:-1\" \/>\n<link rel=\"canonical\" href=\"https:\/\/franciscanos.org.br\/noticias\/ministro-geral-escreve-sobre-sua-lenta-recuperacao.html\" \/>\n<meta property=\"og:locale\" content=\"pt_BR\" \/>\n<meta property=\"og:type\" content=\"article\" \/>\n<meta property=\"og:title\" content=\"Ministro Geral escreve sobre sua lenta recupera\u00e7\u00e3o - Not\u00edcias - Franciscanos\" \/>\n<meta property=\"og:description\" content=\"Ordem dos Frades Menores\" \/>\n<meta property=\"og:url\" content=\"https:\/\/franciscanos.org.br\/noticias\/ministro-geral-escreve-sobre-sua-lenta-recuperacao.html\" \/>\n<meta property=\"og:site_name\" content=\"Not\u00edcias - Franciscanos\" \/>\n<meta property=\"article:published_time\" content=\"2019-10-21T14:21:54+00:00\" \/>\n<meta property=\"og:image\" content=\"https:\/\/franciscanos.org.br\/noticias\/wp-content\/uploads\/2019\/10\/ministro_2110d.jpg\" \/>\n\t<meta property=\"og:image:width\" content=\"273\" \/>\n\t<meta property=\"og:image:height\" content=\"181\" \/>\n\t<meta property=\"og:image:type\" content=\"image\/jpeg\" \/>\n<meta name=\"author\" content=\"moacir\" \/>\n<meta name=\"twitter:card\" content=\"summary_large_image\" \/>\n<meta name=\"twitter:label1\" content=\"Escrito por\" \/>\n\t<meta name=\"twitter:data1\" content=\"moacir\" \/>\n\t<meta name=\"twitter:label2\" content=\"Est. tempo de leitura\" \/>\n\t<meta name=\"twitter:data2\" content=\"4 minutos\" \/>\n<script type=\"application\/ld+json\" class=\"yoast-schema-graph\">{\"@context\":\"https:\/\/schema.org\",\"@graph\":[{\"@type\":\"WebSite\",\"@id\":\"https:\/\/franciscanos.org.br\/noticias\/#website\",\"url\":\"https:\/\/franciscanos.org.br\/noticias\/\",\"name\":\"Not\u00edcias - Franciscanos\",\"description\":\"Prov\u00edncia Franciscana da Imaculada Concei\u00e7\u00e3o do Brasil - Ordem dos Frades Menores - OFM\",\"potentialAction\":[{\"@type\":\"SearchAction\",\"target\":{\"@type\":\"EntryPoint\",\"urlTemplate\":\"https:\/\/franciscanos.org.br\/noticias\/?s={search_term_string}\"},\"query-input\":\"required name=search_term_string\"}],\"inLanguage\":\"pt-BR\"},{\"@type\":\"ImageObject\",\"inLanguage\":\"pt-BR\",\"@id\":\"https:\/\/franciscanos.org.br\/noticias\/ministro-geral-escreve-sobre-sua-lenta-recuperacao.html#primaryimage\",\"url\":\"https:\/\/franciscanos.org.br\/noticias\/wp-content\/uploads\/2019\/10\/ministro_2110d.jpg\",\"contentUrl\":\"https:\/\/franciscanos.org.br\/noticias\/wp-content\/uploads\/2019\/10\/ministro_2110d.jpg\",\"width\":273,\"height\":181},{\"@type\":\"WebPage\",\"@id\":\"https:\/\/franciscanos.org.br\/noticias\/ministro-geral-escreve-sobre-sua-lenta-recuperacao.html#webpage\",\"url\":\"https:\/\/franciscanos.org.br\/noticias\/ministro-geral-escreve-sobre-sua-lenta-recuperacao.html\",\"name\":\"Ministro Geral escreve sobre sua lenta recupera\u00e7\u00e3o - Not\u00edcias - Franciscanos\",\"isPartOf\":{\"@id\":\"https:\/\/franciscanos.org.br\/noticias\/#website\"},\"primaryImageOfPage\":{\"@id\":\"https:\/\/franciscanos.org.br\/noticias\/ministro-geral-escreve-sobre-sua-lenta-recuperacao.html#primaryimage\"},\"datePublished\":\"2019-10-21T14:21:54+00:00\",\"dateModified\":\"2019-10-21T14:21:54+00:00\",\"author\":{\"@id\":\"https:\/\/franciscanos.org.br\/noticias\/#\/schema\/person\/b5c8cba458c330ccff548b056e95a5d4\"},\"breadcrumb\":{\"@id\":\"https:\/\/franciscanos.org.br\/noticias\/ministro-geral-escreve-sobre-sua-lenta-recuperacao.html#breadcrumb\"},\"inLanguage\":\"pt-BR\",\"potentialAction\":[{\"@type\":\"ReadAction\",\"target\":[\"https:\/\/franciscanos.org.br\/noticias\/ministro-geral-escreve-sobre-sua-lenta-recuperacao.html\"]}]},{\"@type\":\"BreadcrumbList\",\"@id\":\"https:\/\/franciscanos.org.br\/noticias\/ministro-geral-escreve-sobre-sua-lenta-recuperacao.html#breadcrumb\",\"itemListElement\":[{\"@type\":\"ListItem\",\"position\":1,\"name\":\"Home\",\"item\":\"https:\/\/franciscanos.org.br\/noticias\"},{\"@type\":\"ListItem\",\"position\":2,\"name\":\"Ministro Geral escreve sobre sua lenta recupera\u00e7\u00e3o\"}]},{\"@type\":\"Person\",\"@id\":\"https:\/\/franciscanos.org.br\/noticias\/#\/schema\/person\/b5c8cba458c330ccff548b056e95a5d4\",\"name\":\"moacir\",\"image\":{\"@type\":\"ImageObject\",\"inLanguage\":\"pt-BR\",\"@id\":\"https:\/\/franciscanos.org.br\/noticias\/#\/schema\/person\/image\/\",\"url\":\"https:\/\/secure.gravatar.com\/avatar\/d08aa2ce4c8dd416d4479aa8536fcf64?s=96&d=mm&r=g\",\"contentUrl\":\"https:\/\/secure.gravatar.com\/avatar\/d08aa2ce4c8dd416d4479aa8536fcf64?s=96&d=mm&r=g\",\"caption\":\"moacir\"},\"url\":\"https:\/\/franciscanos.org.br\/noticias\/author\/moacir\"}]}<\/script>\n<!-- \/ Yoast SEO plugin. -->","yoast_head_json":{"title":"Ministro Geral escreve sobre sua lenta recupera\u00e7\u00e3o - Not\u00edcias - Franciscanos","robots":{"index":"index","follow":"follow","max-snippet":"max-snippet:-1","max-image-preview":"max-image-preview:large","max-video-preview":"max-video-preview:-1"},"canonical":"https:\/\/franciscanos.org.br\/noticias\/ministro-geral-escreve-sobre-sua-lenta-recuperacao.html","og_locale":"pt_BR","og_type":"article","og_title":"Ministro Geral escreve sobre sua lenta recupera\u00e7\u00e3o - Not\u00edcias - Franciscanos","og_description":"Ordem dos Frades Menores","og_url":"https:\/\/franciscanos.org.br\/noticias\/ministro-geral-escreve-sobre-sua-lenta-recuperacao.html","og_site_name":"Not\u00edcias - Franciscanos","article_published_time":"2019-10-21T14:21:54+00:00","og_image":[{"width":273,"height":181,"url":"https:\/\/franciscanos.org.br\/noticias\/wp-content\/uploads\/2019\/10\/ministro_2110d.jpg","type":"image\/jpeg"}],"author":"moacir","twitter_card":"summary_large_image","twitter_misc":{"Escrito por":"moacir","Est. tempo de leitura":"4 minutos"},"schema":{"@context":"https:\/\/schema.org","@graph":[{"@type":"WebSite","@id":"https:\/\/franciscanos.org.br\/noticias\/#website","url":"https:\/\/franciscanos.org.br\/noticias\/","name":"Not\u00edcias - Franciscanos","description":"Prov\u00edncia Franciscana da Imaculada Concei\u00e7\u00e3o do Brasil - Ordem dos Frades Menores - OFM","potentialAction":[{"@type":"SearchAction","target":{"@type":"EntryPoint","urlTemplate":"https:\/\/franciscanos.org.br\/noticias\/?s={search_term_string}"},"query-input":"required name=search_term_string"}],"inLanguage":"pt-BR"},{"@type":"ImageObject","inLanguage":"pt-BR","@id":"https:\/\/franciscanos.org.br\/noticias\/ministro-geral-escreve-sobre-sua-lenta-recuperacao.html#primaryimage","url":"https:\/\/franciscanos.org.br\/noticias\/wp-content\/uploads\/2019\/10\/ministro_2110d.jpg","contentUrl":"https:\/\/franciscanos.org.br\/noticias\/wp-content\/uploads\/2019\/10\/ministro_2110d.jpg","width":273,"height":181},{"@type":"WebPage","@id":"https:\/\/franciscanos.org.br\/noticias\/ministro-geral-escreve-sobre-sua-lenta-recuperacao.html#webpage","url":"https:\/\/franciscanos.org.br\/noticias\/ministro-geral-escreve-sobre-sua-lenta-recuperacao.html","name":"Ministro Geral escreve sobre sua lenta recupera\u00e7\u00e3o - Not\u00edcias - Franciscanos","isPartOf":{"@id":"https:\/\/franciscanos.org.br\/noticias\/#website"},"primaryImageOfPage":{"@id":"https:\/\/franciscanos.org.br\/noticias\/ministro-geral-escreve-sobre-sua-lenta-recuperacao.html#primaryimage"},"datePublished":"2019-10-21T14:21:54+00:00","dateModified":"2019-10-21T14:21:54+00:00","author":{"@id":"https:\/\/franciscanos.org.br\/noticias\/#\/schema\/person\/b5c8cba458c330ccff548b056e95a5d4"},"breadcrumb":{"@id":"https:\/\/franciscanos.org.br\/noticias\/ministro-geral-escreve-sobre-sua-lenta-recuperacao.html#breadcrumb"},"inLanguage":"pt-BR","potentialAction":[{"@type":"ReadAction","target":["https:\/\/franciscanos.org.br\/noticias\/ministro-geral-escreve-sobre-sua-lenta-recuperacao.html"]}]},{"@type":"BreadcrumbList","@id":"https:\/\/franciscanos.org.br\/noticias\/ministro-geral-escreve-sobre-sua-lenta-recuperacao.html#breadcrumb","itemListElement":[{"@type":"ListItem","position":1,"name":"Home","item":"https:\/\/franciscanos.org.br\/noticias"},{"@type":"ListItem","position":2,"name":"Ministro Geral escreve sobre sua lenta recupera\u00e7\u00e3o"}]},{"@type":"Person","@id":"https:\/\/franciscanos.org.br\/noticias\/#\/schema\/person\/b5c8cba458c330ccff548b056e95a5d4","name":"moacir","image":{"@type":"ImageObject","inLanguage":"pt-BR","@id":"https:\/\/franciscanos.org.br\/noticias\/#\/schema\/person\/image\/","url":"https:\/\/secure.gravatar.com\/avatar\/d08aa2ce4c8dd416d4479aa8536fcf64?s=96&d=mm&r=g","contentUrl":"https:\/\/secure.gravatar.com\/avatar\/d08aa2ce4c8dd416d4479aa8536fcf64?s=96&d=mm&r=g","caption":"moacir"},"url":"https:\/\/franciscanos.org.br\/noticias\/author\/moacir"}]}},"_links":{"self":[{"href":"https:\/\/franciscanos.org.br\/noticias\/wp-json\/wp\/v2\/posts\/212617"}],"collection":[{"href":"https:\/\/franciscanos.org.br\/noticias\/wp-json\/wp\/v2\/posts"}],"about":[{"href":"https:\/\/franciscanos.org.br\/noticias\/wp-json\/wp\/v2\/types\/post"}],"author":[{"embeddable":true,"href":"https:\/\/franciscanos.org.br\/noticias\/wp-json\/wp\/v2\/users\/3"}],"replies":[{"embeddable":true,"href":"https:\/\/franciscanos.org.br\/noticias\/wp-json\/wp\/v2\/comments?post=212617"}],"version-history":[{"count":0,"href":"https:\/\/franciscanos.org.br\/noticias\/wp-json\/wp\/v2\/posts\/212617\/revisions"}],"wp:featuredmedia":[{"embeddable":true,"href":"https:\/\/franciscanos.org.br\/noticias\/wp-json\/wp\/v2\/media\/212619"}],"wp:attachment":[{"href":"https:\/\/franciscanos.org.br\/noticias\/wp-json\/wp\/v2\/media?parent=212617"}],"wp:term":[{"taxonomy":"category","embeddable":true,"href":"https:\/\/franciscanos.org.br\/noticias\/wp-json\/wp\/v2\/categories?post=212617"},{"taxonomy":"post_tag","embeddable":true,"href":"https:\/\/franciscanos.org.br\/noticias\/wp-json\/wp\/v2\/tags?post=212617"}],"curies":[{"name":"wp","href":"https:\/\/api.w.org\/{rel}","templated":true}]}}