{"id":212528,"date":"2019-10-18T13:48:43","date_gmt":"2019-10-18T16:48:43","guid":{"rendered":"https:\/\/franciscanos.org.br\/noticias\/?p=212528"},"modified":"2019-10-18T13:50:13","modified_gmt":"2019-10-18T16:50:13","slug":"sinodo-entre-as-propostas-a-de-um-rito-amazonico","status":"publish","type":"post","link":"https:\/\/franciscanos.org.br\/noticias\/sinodo-entre-as-propostas-a-de-um-rito-amazonico.html","title":{"rendered":"S\u00ednodo: entre as propostas, a de um rito amaz\u00f4nico"},"content":{"rendered":"<p><img loading=\"lazy\" class=\"alignnone size-full wp-image-212529\" src=\"https:\/\/franciscanos.org.br\/noticias\/wp-content\/uploads\/2019\/10\/sinodo_181019.jpg\" alt=\"\" width=\"890\" height=\"476\" srcset=\"https:\/\/franciscanos.org.br\/noticias\/wp-content\/uploads\/2019\/10\/sinodo_181019.jpg 890w, https:\/\/franciscanos.org.br\/noticias\/wp-content\/uploads\/2019\/10\/sinodo_181019-450x241.jpg 450w, https:\/\/franciscanos.org.br\/noticias\/wp-content\/uploads\/2019\/10\/sinodo_181019-768x411.jpg 768w, https:\/\/franciscanos.org.br\/noticias\/wp-content\/uploads\/2019\/10\/sinodo_181019-150x80.jpg 150w\" sizes=\"(max-width: 890px) 100vw, 890px\" \/><\/p>\n<p><strong>Cidade do Vaticano<\/strong> &#8211; Os relat\u00f3rios dos C\u00edrculos Menores n\u00e3o s\u00e3o textos definitivos, mas s\u00e3o um primeiro passo de um tecido nascido da escuta e orientado pelo discernimento. Em alguns grupos, o debate e o confronto est\u00e3o abertos. As posi\u00e7\u00f5es dos padres sinodais nem sempre coincidem, mas cada um oferece a sua pr\u00f3pria contribui\u00e7\u00e3o. Com essa premissa, o padre Giacomo Costa, secret\u00e1rio da Comiss\u00e3o de Informa\u00e7\u00e3o, abriu a coletiva para a apresenta\u00e7\u00e3o dos relat\u00f3rios dos C\u00edrculos Menores na Sala de Imprensa da Santa S\u00e9.<\/p>\n<p><strong>Renova\u00e7\u00e3o e fortalecimento da vida consagrada<\/strong><br \/>\nO S\u00ednodo sobre a Regi\u00e3o Pan-amaz\u00f4nica \u00e9 tamb\u00e9m uma exorta\u00e7\u00e3o. Irm\u00e3 Daniela Adriana Cannavina, secret\u00e1ria geral da Clar (Col\u00f4mbia) reiterou que o convite \u00e9 pensar na Amaz\u00f4nia e abrir novos caminhos para a Igreja. \u00c9 necess\u00e1rio torn\u00e1-los poss\u00edveis e pratic\u00e1veis, indo al\u00e9m dos medos. Ir. Daniela Adriana Cannavina lembrou tamb\u00e9m que durante o trabalho sinodal foi dado espa\u00e7o \u00e0s contribui\u00e7\u00f5es das mulheres. Referindo-se \u00e0 vida consagrada, indicou uma prioridade: a de continuar a promover uma vida centrada no Evangelho. Devemos resistir \u00e0 indiferen\u00e7a, acrescentou, porque a vida consagrada \u00e9 um \u00edcone da aceita\u00e7\u00e3o da vida. Ela tamb\u00e9m indicou quatro chaves fundamentais. A primeira \u00e9 a da inculturalidade. A segunda \u00e9 a itiner\u00e2ncia que assegura a presen\u00e7a de uma Igreja em sa\u00edda. As outras duas chaves para abrir novos caminhos s\u00e3o o fortalecimento da presen\u00e7a mission\u00e1ria, a partir dos carismas, e a promo\u00e7\u00e3o do di\u00e1logo entre pastores e leigos em um ambiente de co-responsabilidade.<\/p>\n<p><strong>Universalidade e complementaridade<\/strong><br \/>\nA experi\u00eancia do caminho sinodal \u00e9 \u00fanica. Cada S\u00ednodo \u00e9 uma emo\u00e7\u00e3o intelectual cada vez mais profunda. Dom Rino Fisichella, Presidente do Pontif\u00edcio Conselho para a Promo\u00e7\u00e3o da Nova Evangeliza\u00e7\u00e3o, sublinhou que o S\u00ednodo nos exorta a refletir tamb\u00e9m sobre o significado da universalidade da Igreja. A Igreja, disse ele, \u00e9 uma s\u00f3, mas \u00e9 composta por muitos povos, um diferente do outro. Todos os povos devem ser respeitados e isto, explicou dom Fisichella, implica tamb\u00e9m o reconhecimento da complementaridade: cada povo, cada cultura e cada tradi\u00e7\u00e3o t\u00eam algo a dizer para que o patrim\u00f4nio comum possa ser compreendido e iluminado. Cada cultura da Amaz\u00f4nia, acrescentou, expressa algum elemento que nos permite compreender a grandeza da f\u00e9 crist\u00e3.<\/p>\n<p><strong>Rito amaz\u00f4nico<\/strong><br \/>\nDom Rino Fisichella lembrou tamb\u00e9m que foi feita uma proposta para seguir o caminho de um &#8220;rito amaz\u00f4nico&#8221; que permita desenvolver sob o aspecto espiritual, teol\u00f3gico, lit\u00fargico e disciplinar, a singular riqueza da Igreja Cat\u00f3lica na Amaz\u00f4nia. Os ritos, explicou o presidente do Pontif\u00edcio Conselho para a Promo\u00e7\u00e3o da Nova Evangeliza\u00e7\u00e3o, s\u00e3o a express\u00e3o da evangeliza\u00e7\u00e3o: quando o an\u00fancio do Evangelho atinge uma cultura, \u00e9 inculturado atrav\u00e9s das formas mais coerentes para expressar o mist\u00e9rio. Na \u00e9poca contempor\u00e2nea, um rito, limitado apenas \u00e0 liturgia, foi concedido para o caminho neocatecumenal. No caso do rito amaz\u00f4nico, especificou dom Fisichella, &#8220;estamos diante de uma proposta que diz respeito ao rito em sua totalidade&#8221;.<\/p>\n<p><strong>Abrir novos caminhos<\/strong><br \/>\nEste S\u00ednodo \u00e9 uma oportunidade que temos para nos colocarmos em contato com a vida, com o ambiente, mas sobretudo com a vida das comunidades. Dom M\u00e1rio Ant\u00f4nio da Silva, bispo de Roraima (Brasil), ressaltou que a assembl\u00e9ia sinodal \u00e9 uma oportunidade para escutar a voz da Amaz\u00f4nia. \u00c9 uma oportunidade para reconhecer os caminhos j\u00e1 tra\u00e7ados pelos m\u00e1rtires e abrir novos caminhos para a Igreja e para uma ecologia integral. Recordando a realidade da sua diocese, identificou a migra\u00e7\u00e3o como um dos principais desafios. H\u00e1 uma crise humanit\u00e1ria e o Papa Francisco, explicou, nos convida a sermos capazes, como Igreja, de acolher, proteger, promover e integrar os migrantes. Tamb\u00e9m s\u00e3o necess\u00e1rios novos colaboradores para chegar at\u00e9 mesmo \u00e0s pequenas comunidades, longe das pequenas cidades. Entre as propostas h\u00e1 tamb\u00e9m a dos &#8220;viri probati&#8221;, isto \u00e9, a ordena\u00e7\u00e3o de adultos casados. O celibato, disse o prelado, \u00e9 um dom da Igreja e deve ser considerado como algo muito precioso. Dom M\u00e1rio Ant\u00f4nio da Silva recordou ent\u00e3o que o Papa Francisco nos pede que prestemos aten\u00e7\u00e3o a toda a Cria\u00e7\u00e3o. A ecologia integral, acrescentou, leva-nos a pensar tamb\u00e9m nas gera\u00e7\u00f5es futuras.<\/p>\n<p><strong>Ver a realidade com o olhar de Deus<\/strong><br \/>\nA coletiva de imprensa tamb\u00e9m teve um momento de sil\u00eancio e reflex\u00e3o que durou 30 segundos. A propor esse momento de sil\u00eancio foi Mauricio Lopez, secret\u00e1rio da Rede Eclesial Panamaz\u00f4nica (Repam), depois de fazer a pergunta: qual \u00e9 o olhar de Deus sobre a realidade amaz\u00f4nica? \u00c9 necess\u00e1rio observar a realidade, disse ele, com o olhar de Deus. Quero voltar ao lugar onde trabalhamos todos os dias e dizer ao povo da Amaz\u00f4nia, destacou Mauricio Lopez, que honramos suas vidas. Quero dizer, as vozes de voc\u00eas foram ouvidas. As periferias, acrescentou, n\u00e3o querem roubar o lugar do centro: trata-se de iluminar o centro a partir das periferias. E n\u00e3o se deve perder de vista o que \u00e9 realmente importante: as pessoas. Seguindo o itiner\u00e1rio proposto pelo Papa Francisco, disse Mauricio L\u00f3pez, devemos promover uma aut\u00eantica convers\u00e3o pastoral, ecol\u00f3gica e sinodal, a convers\u00e3o ecol\u00f3gica.<\/p>\n<p><strong>Pecados ecol\u00f3gicos<\/strong><br \/>\nEm resposta \u00e0s perguntas dos jornalistas, os participantes da coletiva de imprensa focaram sobre o tema dos pecados ecol\u00f3gicos. Irm\u00e3 Daniela Adriana Cannavina disse que a exclus\u00e3o dos irm\u00e3os ind\u00edgenas, a pobreza por causa das atividades de minera\u00e7\u00e3o, s\u00e3o pecados. Tudo isso, disse ela, que aproxima a vida \u00e0 morte \u00e9 pecado. Dom Rino Fisichella explicou que o pecado \u00e9 o fechamento do homem em si mesmo: quem vive neste fechamento corre o risco de morrer de asfixia. O pecado fundamental \u00e9 o comportamento do homem que se fecha diante de Deus. A cria\u00e7\u00e3o, observou dom Fisichella, \u00e9 uma manifesta\u00e7\u00e3o de Deus. Quando algu\u00e9m n\u00e3o reconhece Deus na cria\u00e7\u00e3o, disse, n\u00e3o h\u00e1 desculpa e se cai numa dimens\u00e3o de pecado. Dom M\u00e1rio Ant\u00f4nio da Silva pediu uma convers\u00e3o sincera: tudo isso, explicou ele, que nos leva ao uso necess\u00e1rio e sensato dos bens da Cria\u00e7\u00e3o \u00e9 virtuoso. Tudo o que, pelo contr\u00e1rio, nos leva a utilizar os bens da cria\u00e7\u00e3o para o lucro n\u00e3o s\u00f3 &#8220;fede&#8221;, mas traz consigo a injusti\u00e7a.<\/p>\n<p><strong>Fundos e solidariedade<\/strong><br \/>\nUma jornalista recordou que a Funda\u00e7\u00e3o Ford, que n\u00e3o \u00e9 contr\u00e1ria ao aborto, conseguiu fundos para a Rede Eclesial Panamaz\u00f4nica (Repam). Dom M\u00e1rio Ant\u00f4nio da Silva lembrou que a Igreja defende a vida desde a concep\u00e7\u00e3o at\u00e9 o fim natural. Os fundos, disse ele, devem ser utilizados para promover a vida das crian\u00e7as, das mulheres e das fam\u00edlias. A Repam, sublinhou o prelado, usa as doa\u00e7\u00f5es feitas por funda\u00e7\u00f5es para promover a vida. O Prefeito do Dicast\u00e9rio da Comunica\u00e7\u00e3o, Paolo Ruffini, disse que considera uma coisa boa que o dinheiro seja usado para promover obras de caridade.<\/p>\n<p><strong>S\u00ednodo: trabalhos em andamento<\/strong><br \/>\nA coletiva de imprensa terminou com um breve retrato da situa\u00e7\u00e3o atual dos trabalhos sinodais. As propostas feitas at\u00e9 agora, disse finalmente dom M\u00e1rio Ant\u00f4nio da Silva, s\u00e3o at\u00e9 o momento discuss\u00f5es que est\u00e3o em andamento. Esta \u00e9 ainda uma fase de coleta das propostas que ser\u00e3o depois confiadas ao discernimento. A pr\u00f3xima fase, concluiu, ser\u00e1 a do documento final a ser confiado ao Papa e ao seu discernimento.<\/p>\n","protected":false},"excerpt":{"rendered":"<p>S\u00ednodo para a Amaz\u00f4nia<\/p>\n","protected":false},"author":3,"featured_media":212532,"comment_status":"open","ping_status":"open","sticky":false,"template":"","format":"standard","meta":[],"categories":[1428],"tags":[1535],"acf":[],"yoast_head":"<!-- This site is optimized with the Yoast SEO plugin v19.2 - https:\/\/yoast.com\/wordpress\/plugins\/seo\/ -->\n<title>S\u00ednodo: entre as propostas, a de um rito amaz\u00f4nico - Not\u00edcias - Franciscanos<\/title>\n<meta name=\"robots\" content=\"index, follow, max-snippet:-1, max-image-preview:large, max-video-preview:-1\" \/>\n<link rel=\"canonical\" href=\"https:\/\/franciscanos.org.br\/noticias\/sinodo-entre-as-propostas-a-de-um-rito-amazonico.html\" \/>\n<meta property=\"og:locale\" content=\"pt_BR\" \/>\n<meta property=\"og:type\" content=\"article\" \/>\n<meta property=\"og:title\" content=\"S\u00ednodo: entre as propostas, a de um rito amaz\u00f4nico - Not\u00edcias - Franciscanos\" \/>\n<meta property=\"og:description\" content=\"S\u00ednodo para a Amaz\u00f4nia\" \/>\n<meta property=\"og:url\" content=\"https:\/\/franciscanos.org.br\/noticias\/sinodo-entre-as-propostas-a-de-um-rito-amazonico.html\" \/>\n<meta property=\"og:site_name\" content=\"Not\u00edcias - Franciscanos\" \/>\n<meta property=\"article:published_time\" content=\"2019-10-18T16:48:43+00:00\" \/>\n<meta property=\"article:modified_time\" content=\"2019-10-18T16:50:13+00:00\" \/>\n<meta property=\"og:image\" content=\"https:\/\/franciscanos.org.br\/noticias\/wp-content\/uploads\/2019\/10\/sinodo_181019d.jpg\" \/>\n\t<meta property=\"og:image:width\" content=\"273\" \/>\n\t<meta property=\"og:image:height\" content=\"181\" \/>\n\t<meta property=\"og:image:type\" content=\"image\/jpeg\" \/>\n<meta name=\"author\" content=\"moacir\" \/>\n<meta name=\"twitter:card\" content=\"summary_large_image\" \/>\n<meta name=\"twitter:label1\" content=\"Escrito por\" \/>\n\t<meta name=\"twitter:data1\" content=\"moacir\" \/>\n\t<meta name=\"twitter:label2\" content=\"Est. tempo de leitura\" \/>\n\t<meta name=\"twitter:data2\" content=\"6 minutos\" \/>\n<script type=\"application\/ld+json\" class=\"yoast-schema-graph\">{\"@context\":\"https:\/\/schema.org\",\"@graph\":[{\"@type\":\"WebSite\",\"@id\":\"https:\/\/franciscanos.org.br\/noticias\/#website\",\"url\":\"https:\/\/franciscanos.org.br\/noticias\/\",\"name\":\"Not\u00edcias - Franciscanos\",\"description\":\"Prov\u00edncia Franciscana da Imaculada Concei\u00e7\u00e3o do Brasil - Ordem dos Frades Menores - OFM\",\"potentialAction\":[{\"@type\":\"SearchAction\",\"target\":{\"@type\":\"EntryPoint\",\"urlTemplate\":\"https:\/\/franciscanos.org.br\/noticias\/?s={search_term_string}\"},\"query-input\":\"required name=search_term_string\"}],\"inLanguage\":\"pt-BR\"},{\"@type\":\"ImageObject\",\"inLanguage\":\"pt-BR\",\"@id\":\"https:\/\/franciscanos.org.br\/noticias\/sinodo-entre-as-propostas-a-de-um-rito-amazonico.html#primaryimage\",\"url\":\"https:\/\/franciscanos.org.br\/noticias\/wp-content\/uploads\/2019\/10\/sinodo_181019d.jpg\",\"contentUrl\":\"https:\/\/franciscanos.org.br\/noticias\/wp-content\/uploads\/2019\/10\/sinodo_181019d.jpg\",\"width\":273,\"height\":181},{\"@type\":\"WebPage\",\"@id\":\"https:\/\/franciscanos.org.br\/noticias\/sinodo-entre-as-propostas-a-de-um-rito-amazonico.html#webpage\",\"url\":\"https:\/\/franciscanos.org.br\/noticias\/sinodo-entre-as-propostas-a-de-um-rito-amazonico.html\",\"name\":\"S\u00ednodo: entre as propostas, a de um rito amaz\u00f4nico - Not\u00edcias - Franciscanos\",\"isPartOf\":{\"@id\":\"https:\/\/franciscanos.org.br\/noticias\/#website\"},\"primaryImageOfPage\":{\"@id\":\"https:\/\/franciscanos.org.br\/noticias\/sinodo-entre-as-propostas-a-de-um-rito-amazonico.html#primaryimage\"},\"datePublished\":\"2019-10-18T16:48:43+00:00\",\"dateModified\":\"2019-10-18T16:50:13+00:00\",\"author\":{\"@id\":\"https:\/\/franciscanos.org.br\/noticias\/#\/schema\/person\/b5c8cba458c330ccff548b056e95a5d4\"},\"breadcrumb\":{\"@id\":\"https:\/\/franciscanos.org.br\/noticias\/sinodo-entre-as-propostas-a-de-um-rito-amazonico.html#breadcrumb\"},\"inLanguage\":\"pt-BR\",\"potentialAction\":[{\"@type\":\"ReadAction\",\"target\":[\"https:\/\/franciscanos.org.br\/noticias\/sinodo-entre-as-propostas-a-de-um-rito-amazonico.html\"]}]},{\"@type\":\"BreadcrumbList\",\"@id\":\"https:\/\/franciscanos.org.br\/noticias\/sinodo-entre-as-propostas-a-de-um-rito-amazonico.html#breadcrumb\",\"itemListElement\":[{\"@type\":\"ListItem\",\"position\":1,\"name\":\"Home\",\"item\":\"https:\/\/franciscanos.org.br\/noticias\"},{\"@type\":\"ListItem\",\"position\":2,\"name\":\"S\u00ednodo: entre as propostas, a de um rito amaz\u00f4nico\"}]},{\"@type\":\"Person\",\"@id\":\"https:\/\/franciscanos.org.br\/noticias\/#\/schema\/person\/b5c8cba458c330ccff548b056e95a5d4\",\"name\":\"moacir\",\"image\":{\"@type\":\"ImageObject\",\"inLanguage\":\"pt-BR\",\"@id\":\"https:\/\/franciscanos.org.br\/noticias\/#\/schema\/person\/image\/\",\"url\":\"https:\/\/secure.gravatar.com\/avatar\/d08aa2ce4c8dd416d4479aa8536fcf64?s=96&d=mm&r=g\",\"contentUrl\":\"https:\/\/secure.gravatar.com\/avatar\/d08aa2ce4c8dd416d4479aa8536fcf64?s=96&d=mm&r=g\",\"caption\":\"moacir\"},\"url\":\"https:\/\/franciscanos.org.br\/noticias\/author\/moacir\"}]}<\/script>\n<!-- \/ Yoast SEO plugin. -->","yoast_head_json":{"title":"S\u00ednodo: entre as propostas, a de um rito amaz\u00f4nico - Not\u00edcias - Franciscanos","robots":{"index":"index","follow":"follow","max-snippet":"max-snippet:-1","max-image-preview":"max-image-preview:large","max-video-preview":"max-video-preview:-1"},"canonical":"https:\/\/franciscanos.org.br\/noticias\/sinodo-entre-as-propostas-a-de-um-rito-amazonico.html","og_locale":"pt_BR","og_type":"article","og_title":"S\u00ednodo: entre as propostas, a de um rito amaz\u00f4nico - Not\u00edcias - Franciscanos","og_description":"S\u00ednodo para a Amaz\u00f4nia","og_url":"https:\/\/franciscanos.org.br\/noticias\/sinodo-entre-as-propostas-a-de-um-rito-amazonico.html","og_site_name":"Not\u00edcias - Franciscanos","article_published_time":"2019-10-18T16:48:43+00:00","article_modified_time":"2019-10-18T16:50:13+00:00","og_image":[{"width":273,"height":181,"url":"https:\/\/franciscanos.org.br\/noticias\/wp-content\/uploads\/2019\/10\/sinodo_181019d.jpg","type":"image\/jpeg"}],"author":"moacir","twitter_card":"summary_large_image","twitter_misc":{"Escrito por":"moacir","Est. tempo de leitura":"6 minutos"},"schema":{"@context":"https:\/\/schema.org","@graph":[{"@type":"WebSite","@id":"https:\/\/franciscanos.org.br\/noticias\/#website","url":"https:\/\/franciscanos.org.br\/noticias\/","name":"Not\u00edcias - Franciscanos","description":"Prov\u00edncia Franciscana da Imaculada Concei\u00e7\u00e3o do Brasil - Ordem dos Frades Menores - OFM","potentialAction":[{"@type":"SearchAction","target":{"@type":"EntryPoint","urlTemplate":"https:\/\/franciscanos.org.br\/noticias\/?s={search_term_string}"},"query-input":"required name=search_term_string"}],"inLanguage":"pt-BR"},{"@type":"ImageObject","inLanguage":"pt-BR","@id":"https:\/\/franciscanos.org.br\/noticias\/sinodo-entre-as-propostas-a-de-um-rito-amazonico.html#primaryimage","url":"https:\/\/franciscanos.org.br\/noticias\/wp-content\/uploads\/2019\/10\/sinodo_181019d.jpg","contentUrl":"https:\/\/franciscanos.org.br\/noticias\/wp-content\/uploads\/2019\/10\/sinodo_181019d.jpg","width":273,"height":181},{"@type":"WebPage","@id":"https:\/\/franciscanos.org.br\/noticias\/sinodo-entre-as-propostas-a-de-um-rito-amazonico.html#webpage","url":"https:\/\/franciscanos.org.br\/noticias\/sinodo-entre-as-propostas-a-de-um-rito-amazonico.html","name":"S\u00ednodo: entre as propostas, a de um rito amaz\u00f4nico - Not\u00edcias - Franciscanos","isPartOf":{"@id":"https:\/\/franciscanos.org.br\/noticias\/#website"},"primaryImageOfPage":{"@id":"https:\/\/franciscanos.org.br\/noticias\/sinodo-entre-as-propostas-a-de-um-rito-amazonico.html#primaryimage"},"datePublished":"2019-10-18T16:48:43+00:00","dateModified":"2019-10-18T16:50:13+00:00","author":{"@id":"https:\/\/franciscanos.org.br\/noticias\/#\/schema\/person\/b5c8cba458c330ccff548b056e95a5d4"},"breadcrumb":{"@id":"https:\/\/franciscanos.org.br\/noticias\/sinodo-entre-as-propostas-a-de-um-rito-amazonico.html#breadcrumb"},"inLanguage":"pt-BR","potentialAction":[{"@type":"ReadAction","target":["https:\/\/franciscanos.org.br\/noticias\/sinodo-entre-as-propostas-a-de-um-rito-amazonico.html"]}]},{"@type":"BreadcrumbList","@id":"https:\/\/franciscanos.org.br\/noticias\/sinodo-entre-as-propostas-a-de-um-rito-amazonico.html#breadcrumb","itemListElement":[{"@type":"ListItem","position":1,"name":"Home","item":"https:\/\/franciscanos.org.br\/noticias"},{"@type":"ListItem","position":2,"name":"S\u00ednodo: entre as propostas, a de um rito amaz\u00f4nico"}]},{"@type":"Person","@id":"https:\/\/franciscanos.org.br\/noticias\/#\/schema\/person\/b5c8cba458c330ccff548b056e95a5d4","name":"moacir","image":{"@type":"ImageObject","inLanguage":"pt-BR","@id":"https:\/\/franciscanos.org.br\/noticias\/#\/schema\/person\/image\/","url":"https:\/\/secure.gravatar.com\/avatar\/d08aa2ce4c8dd416d4479aa8536fcf64?s=96&d=mm&r=g","contentUrl":"https:\/\/secure.gravatar.com\/avatar\/d08aa2ce4c8dd416d4479aa8536fcf64?s=96&d=mm&r=g","caption":"moacir"},"url":"https:\/\/franciscanos.org.br\/noticias\/author\/moacir"}]}},"_links":{"self":[{"href":"https:\/\/franciscanos.org.br\/noticias\/wp-json\/wp\/v2\/posts\/212528"}],"collection":[{"href":"https:\/\/franciscanos.org.br\/noticias\/wp-json\/wp\/v2\/posts"}],"about":[{"href":"https:\/\/franciscanos.org.br\/noticias\/wp-json\/wp\/v2\/types\/post"}],"author":[{"embeddable":true,"href":"https:\/\/franciscanos.org.br\/noticias\/wp-json\/wp\/v2\/users\/3"}],"replies":[{"embeddable":true,"href":"https:\/\/franciscanos.org.br\/noticias\/wp-json\/wp\/v2\/comments?post=212528"}],"version-history":[{"count":0,"href":"https:\/\/franciscanos.org.br\/noticias\/wp-json\/wp\/v2\/posts\/212528\/revisions"}],"wp:featuredmedia":[{"embeddable":true,"href":"https:\/\/franciscanos.org.br\/noticias\/wp-json\/wp\/v2\/media\/212532"}],"wp:attachment":[{"href":"https:\/\/franciscanos.org.br\/noticias\/wp-json\/wp\/v2\/media?parent=212528"}],"wp:term":[{"taxonomy":"category","embeddable":true,"href":"https:\/\/franciscanos.org.br\/noticias\/wp-json\/wp\/v2\/categories?post=212528"},{"taxonomy":"post_tag","embeddable":true,"href":"https:\/\/franciscanos.org.br\/noticias\/wp-json\/wp\/v2\/tags?post=212528"}],"curies":[{"name":"wp","href":"https:\/\/api.w.org\/{rel}","templated":true}]}}