{"id":212454,"date":"2019-10-14T12:37:56","date_gmt":"2019-10-14T15:37:56","guid":{"rendered":"https:\/\/franciscanos.org.br\/noticias\/?p=212454"},"modified":"2019-10-14T13:45:44","modified_gmt":"2019-10-14T16:45:44","slug":"provincia-divulga-nota-pelo-falecimento-de-dom-frei-elias-manning","status":"publish","type":"post","link":"https:\/\/franciscanos.org.br\/noticias\/provincia-divulga-nota-pelo-falecimento-de-dom-frei-elias-manning.html","title":{"rendered":"Prov\u00edncia divulga nota pelo falecimento de Dom Frei Elias Manning"},"content":{"rendered":"<p><img loading=\"lazy\" class=\"size-medium wp-image-212455 alignright\" src=\"https:\/\/franciscanos.org.br\/noticias\/wp-content\/uploads\/2019\/10\/elias_1410-338x450.jpg\" alt=\"\" width=\"338\" height=\"450\" srcset=\"https:\/\/franciscanos.org.br\/noticias\/wp-content\/uploads\/2019\/10\/elias_1410-338x450.jpg 338w, https:\/\/franciscanos.org.br\/noticias\/wp-content\/uploads\/2019\/10\/elias_1410-150x200.jpg 150w, https:\/\/franciscanos.org.br\/noticias\/wp-content\/uploads\/2019\/10\/elias_1410.jpg 450w\" sizes=\"(max-width: 338px) 100vw, 338px\" \/>&#8220;No dia em que Brasil celebra e honra o amor solid\u00e1rio aos pequenos elevado aos altares na figura de Santa Dulce dos Pobres, tamb\u00e9m queremos render gl\u00f3rias a Autor da vida que recebe em seu seio amoroso este dedicado pastor e irm\u00e3o menor. Descanse em Paz, Dom Frei Elias James Manning, OFMConv&#8221;. Assim o Ministro Provincial, Frei C\u00e9sar K\u00fclkamp, em nome dos Frades da Prov\u00edncia da Imaculada Concei\u00e7\u00e3o, expressou sua solidariedade pelo falecimento do bispo em\u00e9rito da diocese de Valen\u00e7a, no Sul do Rio de Janeiro, Dom Elias James Manning, que morreu na noite de domingo (13), aos 81 anos de idade. Ele estava internado h\u00e1 10 dias na Unidade de Terapia Intensiva do Hospital Universit\u00e1rio de Vassouras, cidade vizinha. Segundo nota enviada pela diocese, a causa da morte foi um acidente vascular cerebral isqu\u00eamico (AVC), popularmente conhecido como derrame.<\/p>\n<p>____________________________________________________________<\/p>\n<p><strong>\u00cdNTEGRA DA MENSAGEM<\/strong><\/p>\n<p>S\u00e3o Paulo, 14 de outubro de 2019<\/p>\n<p><em>\u201cTu \u00e9s o sumo Bem!\u201d<\/em><br \/>\nPor ocasi\u00e3o do passamento de nosso confrade e bispo Dom Frei Elias James Manning, OFMConv, em nome dos frades da Prov\u00edncia Franciscana da Imaculada Concei\u00e7\u00e3o do Brasil (OFM), desejo oferecer meu abra\u00e7o fraterno aos irm\u00e3os da Ordem dos Frades Menores Conventuais (OFMConv), assim como ao bispo, ao clero e ao Povo de Deus da Diocese de Valen\u00e7a, RJ. Nossa Prov\u00edncia nutre grande admira\u00e7\u00e3o e gratid\u00e3o por Dom Elias, homem de Deus que em seu minist\u00e9rio mission\u00e1rio-franciscano-episcopal sempre se revelou um pastor de alma generosa e disposi\u00e7\u00e3o solid\u00e1ria para trabalhar pela constru\u00e7\u00e3o do Reino. Mostrou-se grande amigo e incentivador de nossos confrades durante o tempo em que esteve \u00e0 frente do pastoreio na Diocese de Valen\u00e7a, RJ, exercendo sua autoridade na din\u00e2mica do lava-p\u00e9s. De temperamento d\u00f3cil, conciliador e amig\u00e1vel, foi grande testemunho do modo franciscano de evangelizar. Tendo cumprido sua miss\u00e3o entre n\u00f3s, agora \u00e9 recebido pelo \u201cSumo Bem\u201d, exaltado em seu lema episcopal e, com toda certeza, carregado com ternura e f\u00e9 no seu cora\u00e7\u00e3o. No dia em que Brasil celebra e honra o amor solid\u00e1rio aos pequenos elevado aos altares na figura de Santa Dulce dos Pobres, tamb\u00e9m queremos render gl\u00f3rias ao Autor da vida que recebe em seu seio amoroso este dedicado pastor e irm\u00e3o menor. Descanse em Paz, Dom Frei Elias James Manning, OFMConv.<\/p>\n<p style=\"padding-left: 40px;\"><strong>Frei C\u00e9sar K\u00fclkamp, OFM<\/strong><br \/>\nMinistro Provincial<\/p>\n","protected":false},"excerpt":{"rendered":"<p>Luto na Fam\u00edlia Franciscana do Brasil<\/p>\n","protected":false},"author":3,"featured_media":212456,"comment_status":"open","ping_status":"open","sticky":false,"template":"","format":"standard","meta":[],"categories":[1],"tags":[1160],"acf":[],"yoast_head":"<!-- This site is optimized with the Yoast SEO plugin v19.2 - https:\/\/yoast.com\/wordpress\/plugins\/seo\/ -->\n<title>Prov\u00edncia divulga nota pelo falecimento de Dom Frei Elias Manning - Not\u00edcias - Franciscanos<\/title>\n<meta name=\"robots\" content=\"index, follow, max-snippet:-1, max-image-preview:large, max-video-preview:-1\" \/>\n<link rel=\"canonical\" href=\"https:\/\/franciscanos.org.br\/noticias\/provincia-divulga-nota-pelo-falecimento-de-dom-frei-elias-manning.html\" \/>\n<meta property=\"og:locale\" content=\"pt_BR\" \/>\n<meta property=\"og:type\" content=\"article\" \/>\n<meta property=\"og:title\" content=\"Prov\u00edncia divulga nota pelo falecimento de Dom Frei Elias Manning - Not\u00edcias - Franciscanos\" \/>\n<meta property=\"og:description\" content=\"Luto na Fam\u00edlia Franciscana do Brasil\" \/>\n<meta property=\"og:url\" content=\"https:\/\/franciscanos.org.br\/noticias\/provincia-divulga-nota-pelo-falecimento-de-dom-frei-elias-manning.html\" \/>\n<meta property=\"og:site_name\" content=\"Not\u00edcias - Franciscanos\" \/>\n<meta property=\"article:published_time\" content=\"2019-10-14T15:37:56+00:00\" \/>\n<meta property=\"article:modified_time\" content=\"2019-10-14T16:45:44+00:00\" \/>\n<meta property=\"og:image\" content=\"https:\/\/franciscanos.org.br\/noticias\/wp-content\/uploads\/2019\/10\/elias_1410d.jpg\" \/>\n\t<meta property=\"og:image:width\" content=\"273\" \/>\n\t<meta property=\"og:image:height\" content=\"181\" \/>\n\t<meta property=\"og:image:type\" content=\"image\/jpeg\" \/>\n<meta name=\"author\" content=\"moacir\" \/>\n<meta name=\"twitter:card\" content=\"summary_large_image\" \/>\n<meta name=\"twitter:label1\" content=\"Escrito por\" \/>\n\t<meta name=\"twitter:data1\" content=\"moacir\" \/>\n\t<meta name=\"twitter:label2\" content=\"Est. tempo de leitura\" \/>\n\t<meta name=\"twitter:data2\" content=\"2 minutos\" \/>\n<script type=\"application\/ld+json\" class=\"yoast-schema-graph\">{\"@context\":\"https:\/\/schema.org\",\"@graph\":[{\"@type\":\"WebSite\",\"@id\":\"https:\/\/franciscanos.org.br\/noticias\/#website\",\"url\":\"https:\/\/franciscanos.org.br\/noticias\/\",\"name\":\"Not\u00edcias - Franciscanos\",\"description\":\"Prov\u00edncia Franciscana da Imaculada Concei\u00e7\u00e3o do Brasil - Ordem dos Frades Menores - OFM\",\"potentialAction\":[{\"@type\":\"SearchAction\",\"target\":{\"@type\":\"EntryPoint\",\"urlTemplate\":\"https:\/\/franciscanos.org.br\/noticias\/?s={search_term_string}\"},\"query-input\":\"required name=search_term_string\"}],\"inLanguage\":\"pt-BR\"},{\"@type\":\"ImageObject\",\"inLanguage\":\"pt-BR\",\"@id\":\"https:\/\/franciscanos.org.br\/noticias\/provincia-divulga-nota-pelo-falecimento-de-dom-frei-elias-manning.html#primaryimage\",\"url\":\"https:\/\/franciscanos.org.br\/noticias\/wp-content\/uploads\/2019\/10\/elias_1410d.jpg\",\"contentUrl\":\"https:\/\/franciscanos.org.br\/noticias\/wp-content\/uploads\/2019\/10\/elias_1410d.jpg\",\"width\":273,\"height\":181},{\"@type\":\"WebPage\",\"@id\":\"https:\/\/franciscanos.org.br\/noticias\/provincia-divulga-nota-pelo-falecimento-de-dom-frei-elias-manning.html#webpage\",\"url\":\"https:\/\/franciscanos.org.br\/noticias\/provincia-divulga-nota-pelo-falecimento-de-dom-frei-elias-manning.html\",\"name\":\"Prov\u00edncia divulga nota pelo falecimento de Dom Frei Elias Manning - Not\u00edcias - Franciscanos\",\"isPartOf\":{\"@id\":\"https:\/\/franciscanos.org.br\/noticias\/#website\"},\"primaryImageOfPage\":{\"@id\":\"https:\/\/franciscanos.org.br\/noticias\/provincia-divulga-nota-pelo-falecimento-de-dom-frei-elias-manning.html#primaryimage\"},\"datePublished\":\"2019-10-14T15:37:56+00:00\",\"dateModified\":\"2019-10-14T16:45:44+00:00\",\"author\":{\"@id\":\"https:\/\/franciscanos.org.br\/noticias\/#\/schema\/person\/b5c8cba458c330ccff548b056e95a5d4\"},\"breadcrumb\":{\"@id\":\"https:\/\/franciscanos.org.br\/noticias\/provincia-divulga-nota-pelo-falecimento-de-dom-frei-elias-manning.html#breadcrumb\"},\"inLanguage\":\"pt-BR\",\"potentialAction\":[{\"@type\":\"ReadAction\",\"target\":[\"https:\/\/franciscanos.org.br\/noticias\/provincia-divulga-nota-pelo-falecimento-de-dom-frei-elias-manning.html\"]}]},{\"@type\":\"BreadcrumbList\",\"@id\":\"https:\/\/franciscanos.org.br\/noticias\/provincia-divulga-nota-pelo-falecimento-de-dom-frei-elias-manning.html#breadcrumb\",\"itemListElement\":[{\"@type\":\"ListItem\",\"position\":1,\"name\":\"Home\",\"item\":\"https:\/\/franciscanos.org.br\/noticias\"},{\"@type\":\"ListItem\",\"position\":2,\"name\":\"Prov\u00edncia divulga nota pelo falecimento de Dom Frei Elias Manning\"}]},{\"@type\":\"Person\",\"@id\":\"https:\/\/franciscanos.org.br\/noticias\/#\/schema\/person\/b5c8cba458c330ccff548b056e95a5d4\",\"name\":\"moacir\",\"image\":{\"@type\":\"ImageObject\",\"inLanguage\":\"pt-BR\",\"@id\":\"https:\/\/franciscanos.org.br\/noticias\/#\/schema\/person\/image\/\",\"url\":\"https:\/\/secure.gravatar.com\/avatar\/d08aa2ce4c8dd416d4479aa8536fcf64?s=96&d=mm&r=g\",\"contentUrl\":\"https:\/\/secure.gravatar.com\/avatar\/d08aa2ce4c8dd416d4479aa8536fcf64?s=96&d=mm&r=g\",\"caption\":\"moacir\"},\"url\":\"https:\/\/franciscanos.org.br\/noticias\/author\/moacir\"}]}<\/script>\n<!-- \/ Yoast SEO plugin. -->","yoast_head_json":{"title":"Prov\u00edncia divulga nota pelo falecimento de Dom Frei Elias Manning - Not\u00edcias - Franciscanos","robots":{"index":"index","follow":"follow","max-snippet":"max-snippet:-1","max-image-preview":"max-image-preview:large","max-video-preview":"max-video-preview:-1"},"canonical":"https:\/\/franciscanos.org.br\/noticias\/provincia-divulga-nota-pelo-falecimento-de-dom-frei-elias-manning.html","og_locale":"pt_BR","og_type":"article","og_title":"Prov\u00edncia divulga nota pelo falecimento de Dom Frei Elias Manning - Not\u00edcias - Franciscanos","og_description":"Luto na Fam\u00edlia Franciscana do Brasil","og_url":"https:\/\/franciscanos.org.br\/noticias\/provincia-divulga-nota-pelo-falecimento-de-dom-frei-elias-manning.html","og_site_name":"Not\u00edcias - Franciscanos","article_published_time":"2019-10-14T15:37:56+00:00","article_modified_time":"2019-10-14T16:45:44+00:00","og_image":[{"width":273,"height":181,"url":"https:\/\/franciscanos.org.br\/noticias\/wp-content\/uploads\/2019\/10\/elias_1410d.jpg","type":"image\/jpeg"}],"author":"moacir","twitter_card":"summary_large_image","twitter_misc":{"Escrito por":"moacir","Est. tempo de leitura":"2 minutos"},"schema":{"@context":"https:\/\/schema.org","@graph":[{"@type":"WebSite","@id":"https:\/\/franciscanos.org.br\/noticias\/#website","url":"https:\/\/franciscanos.org.br\/noticias\/","name":"Not\u00edcias - Franciscanos","description":"Prov\u00edncia Franciscana da Imaculada Concei\u00e7\u00e3o do Brasil - Ordem dos Frades Menores - OFM","potentialAction":[{"@type":"SearchAction","target":{"@type":"EntryPoint","urlTemplate":"https:\/\/franciscanos.org.br\/noticias\/?s={search_term_string}"},"query-input":"required name=search_term_string"}],"inLanguage":"pt-BR"},{"@type":"ImageObject","inLanguage":"pt-BR","@id":"https:\/\/franciscanos.org.br\/noticias\/provincia-divulga-nota-pelo-falecimento-de-dom-frei-elias-manning.html#primaryimage","url":"https:\/\/franciscanos.org.br\/noticias\/wp-content\/uploads\/2019\/10\/elias_1410d.jpg","contentUrl":"https:\/\/franciscanos.org.br\/noticias\/wp-content\/uploads\/2019\/10\/elias_1410d.jpg","width":273,"height":181},{"@type":"WebPage","@id":"https:\/\/franciscanos.org.br\/noticias\/provincia-divulga-nota-pelo-falecimento-de-dom-frei-elias-manning.html#webpage","url":"https:\/\/franciscanos.org.br\/noticias\/provincia-divulga-nota-pelo-falecimento-de-dom-frei-elias-manning.html","name":"Prov\u00edncia divulga nota pelo falecimento de Dom Frei Elias Manning - Not\u00edcias - Franciscanos","isPartOf":{"@id":"https:\/\/franciscanos.org.br\/noticias\/#website"},"primaryImageOfPage":{"@id":"https:\/\/franciscanos.org.br\/noticias\/provincia-divulga-nota-pelo-falecimento-de-dom-frei-elias-manning.html#primaryimage"},"datePublished":"2019-10-14T15:37:56+00:00","dateModified":"2019-10-14T16:45:44+00:00","author":{"@id":"https:\/\/franciscanos.org.br\/noticias\/#\/schema\/person\/b5c8cba458c330ccff548b056e95a5d4"},"breadcrumb":{"@id":"https:\/\/franciscanos.org.br\/noticias\/provincia-divulga-nota-pelo-falecimento-de-dom-frei-elias-manning.html#breadcrumb"},"inLanguage":"pt-BR","potentialAction":[{"@type":"ReadAction","target":["https:\/\/franciscanos.org.br\/noticias\/provincia-divulga-nota-pelo-falecimento-de-dom-frei-elias-manning.html"]}]},{"@type":"BreadcrumbList","@id":"https:\/\/franciscanos.org.br\/noticias\/provincia-divulga-nota-pelo-falecimento-de-dom-frei-elias-manning.html#breadcrumb","itemListElement":[{"@type":"ListItem","position":1,"name":"Home","item":"https:\/\/franciscanos.org.br\/noticias"},{"@type":"ListItem","position":2,"name":"Prov\u00edncia divulga nota pelo falecimento de Dom Frei Elias Manning"}]},{"@type":"Person","@id":"https:\/\/franciscanos.org.br\/noticias\/#\/schema\/person\/b5c8cba458c330ccff548b056e95a5d4","name":"moacir","image":{"@type":"ImageObject","inLanguage":"pt-BR","@id":"https:\/\/franciscanos.org.br\/noticias\/#\/schema\/person\/image\/","url":"https:\/\/secure.gravatar.com\/avatar\/d08aa2ce4c8dd416d4479aa8536fcf64?s=96&d=mm&r=g","contentUrl":"https:\/\/secure.gravatar.com\/avatar\/d08aa2ce4c8dd416d4479aa8536fcf64?s=96&d=mm&r=g","caption":"moacir"},"url":"https:\/\/franciscanos.org.br\/noticias\/author\/moacir"}]}},"_links":{"self":[{"href":"https:\/\/franciscanos.org.br\/noticias\/wp-json\/wp\/v2\/posts\/212454"}],"collection":[{"href":"https:\/\/franciscanos.org.br\/noticias\/wp-json\/wp\/v2\/posts"}],"about":[{"href":"https:\/\/franciscanos.org.br\/noticias\/wp-json\/wp\/v2\/types\/post"}],"author":[{"embeddable":true,"href":"https:\/\/franciscanos.org.br\/noticias\/wp-json\/wp\/v2\/users\/3"}],"replies":[{"embeddable":true,"href":"https:\/\/franciscanos.org.br\/noticias\/wp-json\/wp\/v2\/comments?post=212454"}],"version-history":[{"count":0,"href":"https:\/\/franciscanos.org.br\/noticias\/wp-json\/wp\/v2\/posts\/212454\/revisions"}],"wp:featuredmedia":[{"embeddable":true,"href":"https:\/\/franciscanos.org.br\/noticias\/wp-json\/wp\/v2\/media\/212456"}],"wp:attachment":[{"href":"https:\/\/franciscanos.org.br\/noticias\/wp-json\/wp\/v2\/media?parent=212454"}],"wp:term":[{"taxonomy":"category","embeddable":true,"href":"https:\/\/franciscanos.org.br\/noticias\/wp-json\/wp\/v2\/categories?post=212454"},{"taxonomy":"post_tag","embeddable":true,"href":"https:\/\/franciscanos.org.br\/noticias\/wp-json\/wp\/v2\/tags?post=212454"}],"curies":[{"name":"wp","href":"https:\/\/api.w.org\/{rel}","templated":true}]}}