{"id":212450,"date":"2019-10-14T08:20:39","date_gmt":"2019-10-14T11:20:39","guid":{"rendered":"https:\/\/franciscanos.org.br\/noticias\/?p=212450"},"modified":"2019-10-14T08:20:39","modified_gmt":"2019-10-14T11:20:39","slug":"cnbb-celebra-hoje-67-anos","status":"publish","type":"post","link":"https:\/\/franciscanos.org.br\/noticias\/cnbb-celebra-hoje-67-anos.html","title":{"rendered":"CNBB celebra hoje 67 anos"},"content":{"rendered":"<p><img loading=\"lazy\" class=\"alignnone wp-image-212451 size-full\" src=\"https:\/\/franciscanos.org.br\/noticias\/wp-content\/uploads\/2019\/10\/cnbb.jpg\" alt=\"\" width=\"890\" height=\"565\" srcset=\"https:\/\/franciscanos.org.br\/noticias\/wp-content\/uploads\/2019\/10\/cnbb.jpg 890w, https:\/\/franciscanos.org.br\/noticias\/wp-content\/uploads\/2019\/10\/cnbb-450x286.jpg 450w, https:\/\/franciscanos.org.br\/noticias\/wp-content\/uploads\/2019\/10\/cnbb-768x488.jpg 768w, https:\/\/franciscanos.org.br\/noticias\/wp-content\/uploads\/2019\/10\/cnbb-150x95.jpg 150w\" sizes=\"(max-width: 890px) 100vw, 890px\" \/><\/p>\n<p>Do Vaticano, de onde participa do S\u00ednodo para a Pan-Amaz\u00f4nia, o arcebispo de Belo Horizonte (MG) e presidente da Confer\u00eancia Nacional dos Bispos do Brasil (CNBB), dom Walmor Oliveira de Azevedo enviou mensagem por ocasi\u00e3o do anivers\u00e1rio de 67 anos da entidade, celebrado neste 14 de outubro.<\/p>\n<p><strong>Veja a \u00edntegra da mensagem do presidente:<\/strong><br \/>\n\u201cA CNBB em seus 67 anos de hist\u00f3ria \u00e9 uma d\u00e1diva para a Igreja e para a sociedade. Uma d\u00e1diva para a Igreja porque \u00e9 lugar de comunh\u00e3o, fortalecendo a n\u00f3s, os bispos, servidores do povo de Deus e frequentemente fortalecendo cada diocese, cada par\u00f3quia e cada comunidade. Uma d\u00e1diva para Igreja porque trata-se exatamente do compromisso de anunciar o Evangelho. Uma d\u00e1diva para a sociedade porque este Evangelho desdobrado como luz para nosso caminho e l\u00e2mpada para nossos p\u00e9s ajuda a sociedade a reencontrar rumos particularmente neste tempo. Louvado seja Deus pelos 67 anos da CNBB. Juntos caminhemos como Igreja Mission\u00e1ria\u201d.<\/p>\n<p><strong>Mem\u00f3ria e papel<\/strong><\/p>\n<p>Como parte das comemora\u00e7\u00f5es de seu anivers\u00e1rio de 67 anos, nesta segunda-feira, 14 de outubro, a CNBB recebe as rel\u00edquias de Santa Dulce dos Pobres. Para celebrar a data, a CNBB, institui\u00e7\u00e3o fundada em 1952, no Rio de Janeiro, preparou uma programa\u00e7\u00e3o especial focada na mem\u00f3ria de Santa Dulce dos Pobres, canonizada no domingo, 13 de outubro no Vaticano. A programa\u00e7\u00e3o come\u00e7a \u00e0s 8h30, com uma missa solene, presidida pelo bispo auxiliar do Rio de Janeiro (RJ) e secret\u00e1rio-geral da Confer\u00eancia, dom Joel Portella Amado. As rel\u00edquias de irm\u00e3 Dulce, que pertencem \u00e0 par\u00f3quia S\u00e3o Francisco de Assis, da Ceil\u00e2ndia Sul, ser\u00e3o entronizadas na celebra\u00e7\u00e3o.<\/p>\n<p>A CNBB \u00e9 a institui\u00e7\u00e3o permanente que congrega os bispos da Igreja Cat\u00f3lica no pa\u00eds. Atualmente, s\u00e3o 493 bispos, sendo 320 na ativa e 173 bispos em\u00e9ritos. Destes, 77 s\u00e3o arcebispos e 9 cardeais. Foi instalada em 1952, no pal\u00e1cio S\u00e3o Joaquim, sede da arquidiocese do Rio de Janeiro (RJ). A CNBB funcionou na capital carioca at\u00e9 1977, quando foi transferida para Bras\u00edlia (DF). Dom H\u00e9lder C\u00e2mara, \u00e0 \u00e9poca bispo auxiliar do Rio de Janeiro, foi o seu primeiro secret\u00e1rio-geral e um dos principais idealizadores e articuladores. No programa Mem\u00f3ria Viva de 1983, exibido pela TV da universidade federal do Rio Grande do Norte, dom Helder conta que come\u00e7ou a articular a Confer\u00eancia dos Bispos quando ainda era padre.<\/p>\n<p>A cada quatro anos a CNBB, em sua Assembleia Geral, que re\u00fane os bispos de todo o pa\u00eds, elabora as Diretrizes Gerais da A\u00e7\u00e3o Evangelizadora da Igreja (DGAE). Para o quadri\u00eanio 2019-2023, as diretrizes da CNBB foram estruturadas a partir da concep\u00e7\u00e3o da Igreja como \u201cComunidade Eclesial Mission\u00e1ria\u201d, apresentada com a imagem da \u201ccasa\u201d, sustentada por quatro pilares: Palavra, P\u00e3o, Caridade e A\u00e7\u00e3o Mission\u00e1ria.<\/p>\n<p>Eleita em sua 57\u00aa Assembleia Geral realizada em Aparecida (SP) em maio deste ano, a atual presid\u00eancia conta com a seguinte composi\u00e7\u00e3o: Presidente: dom Walmor Oliveira de Azevedo, arcebispo de Belo Horizonte (MG); 1\u00ba vice-presidente: Dom Jaime Spengler, arcebispo de Porto Alegre (RS); 2\u00ba vice-presidente: dom M\u00e1rio Ant\u00f4nio da Silva, bispo de Roraima (RR); Secret\u00e1rio-geral: dom Joel Portella Amado, bispo auxiliar do Rio de Janeiro \u2013 RJ.<\/p>\n","protected":false},"excerpt":{"rendered":"<p>Anivers\u00e1rio da CNBB<\/p>\n","protected":false},"author":3,"featured_media":212452,"comment_status":"open","ping_status":"open","sticky":false,"template":"","format":"standard","meta":[],"categories":[1],"tags":[29],"acf":[],"yoast_head":"<!-- This site is optimized with the Yoast SEO plugin v19.2 - https:\/\/yoast.com\/wordpress\/plugins\/seo\/ -->\n<title>CNBB celebra hoje 67 anos - Not\u00edcias - Franciscanos<\/title>\n<meta name=\"robots\" content=\"index, follow, max-snippet:-1, max-image-preview:large, max-video-preview:-1\" \/>\n<link rel=\"canonical\" href=\"https:\/\/franciscanos.org.br\/noticias\/cnbb-celebra-hoje-67-anos.html\" \/>\n<meta property=\"og:locale\" content=\"pt_BR\" \/>\n<meta property=\"og:type\" content=\"article\" \/>\n<meta property=\"og:title\" content=\"CNBB celebra hoje 67 anos - Not\u00edcias - Franciscanos\" \/>\n<meta property=\"og:description\" content=\"Anivers\u00e1rio da CNBB\" \/>\n<meta property=\"og:url\" content=\"https:\/\/franciscanos.org.br\/noticias\/cnbb-celebra-hoje-67-anos.html\" \/>\n<meta property=\"og:site_name\" content=\"Not\u00edcias - Franciscanos\" \/>\n<meta property=\"article:published_time\" content=\"2019-10-14T11:20:39+00:00\" \/>\n<meta property=\"og:image\" content=\"https:\/\/franciscanos.org.br\/noticias\/wp-content\/uploads\/2019\/10\/cnbb_d.jpg\" \/>\n\t<meta property=\"og:image:width\" content=\"273\" \/>\n\t<meta property=\"og:image:height\" content=\"181\" \/>\n\t<meta property=\"og:image:type\" content=\"image\/jpeg\" \/>\n<meta name=\"author\" content=\"moacir\" \/>\n<meta name=\"twitter:card\" content=\"summary_large_image\" \/>\n<meta name=\"twitter:label1\" content=\"Escrito por\" \/>\n\t<meta name=\"twitter:data1\" content=\"moacir\" \/>\n\t<meta name=\"twitter:label2\" content=\"Est. tempo de leitura\" \/>\n\t<meta name=\"twitter:data2\" content=\"3 minutos\" \/>\n<script type=\"application\/ld+json\" class=\"yoast-schema-graph\">{\"@context\":\"https:\/\/schema.org\",\"@graph\":[{\"@type\":\"WebSite\",\"@id\":\"https:\/\/franciscanos.org.br\/noticias\/#website\",\"url\":\"https:\/\/franciscanos.org.br\/noticias\/\",\"name\":\"Not\u00edcias - Franciscanos\",\"description\":\"Prov\u00edncia Franciscana da Imaculada Concei\u00e7\u00e3o do Brasil - Ordem dos Frades Menores - OFM\",\"potentialAction\":[{\"@type\":\"SearchAction\",\"target\":{\"@type\":\"EntryPoint\",\"urlTemplate\":\"https:\/\/franciscanos.org.br\/noticias\/?s={search_term_string}\"},\"query-input\":\"required name=search_term_string\"}],\"inLanguage\":\"pt-BR\"},{\"@type\":\"ImageObject\",\"inLanguage\":\"pt-BR\",\"@id\":\"https:\/\/franciscanos.org.br\/noticias\/cnbb-celebra-hoje-67-anos.html#primaryimage\",\"url\":\"https:\/\/franciscanos.org.br\/noticias\/wp-content\/uploads\/2019\/10\/cnbb_d.jpg\",\"contentUrl\":\"https:\/\/franciscanos.org.br\/noticias\/wp-content\/uploads\/2019\/10\/cnbb_d.jpg\",\"width\":273,\"height\":181},{\"@type\":\"WebPage\",\"@id\":\"https:\/\/franciscanos.org.br\/noticias\/cnbb-celebra-hoje-67-anos.html#webpage\",\"url\":\"https:\/\/franciscanos.org.br\/noticias\/cnbb-celebra-hoje-67-anos.html\",\"name\":\"CNBB celebra hoje 67 anos - Not\u00edcias - Franciscanos\",\"isPartOf\":{\"@id\":\"https:\/\/franciscanos.org.br\/noticias\/#website\"},\"primaryImageOfPage\":{\"@id\":\"https:\/\/franciscanos.org.br\/noticias\/cnbb-celebra-hoje-67-anos.html#primaryimage\"},\"datePublished\":\"2019-10-14T11:20:39+00:00\",\"dateModified\":\"2019-10-14T11:20:39+00:00\",\"author\":{\"@id\":\"https:\/\/franciscanos.org.br\/noticias\/#\/schema\/person\/b5c8cba458c330ccff548b056e95a5d4\"},\"breadcrumb\":{\"@id\":\"https:\/\/franciscanos.org.br\/noticias\/cnbb-celebra-hoje-67-anos.html#breadcrumb\"},\"inLanguage\":\"pt-BR\",\"potentialAction\":[{\"@type\":\"ReadAction\",\"target\":[\"https:\/\/franciscanos.org.br\/noticias\/cnbb-celebra-hoje-67-anos.html\"]}]},{\"@type\":\"BreadcrumbList\",\"@id\":\"https:\/\/franciscanos.org.br\/noticias\/cnbb-celebra-hoje-67-anos.html#breadcrumb\",\"itemListElement\":[{\"@type\":\"ListItem\",\"position\":1,\"name\":\"Home\",\"item\":\"https:\/\/franciscanos.org.br\/noticias\"},{\"@type\":\"ListItem\",\"position\":2,\"name\":\"CNBB celebra hoje 67 anos\"}]},{\"@type\":\"Person\",\"@id\":\"https:\/\/franciscanos.org.br\/noticias\/#\/schema\/person\/b5c8cba458c330ccff548b056e95a5d4\",\"name\":\"moacir\",\"image\":{\"@type\":\"ImageObject\",\"inLanguage\":\"pt-BR\",\"@id\":\"https:\/\/franciscanos.org.br\/noticias\/#\/schema\/person\/image\/\",\"url\":\"https:\/\/secure.gravatar.com\/avatar\/d08aa2ce4c8dd416d4479aa8536fcf64?s=96&d=mm&r=g\",\"contentUrl\":\"https:\/\/secure.gravatar.com\/avatar\/d08aa2ce4c8dd416d4479aa8536fcf64?s=96&d=mm&r=g\",\"caption\":\"moacir\"},\"url\":\"https:\/\/franciscanos.org.br\/noticias\/author\/moacir\"}]}<\/script>\n<!-- \/ Yoast SEO plugin. -->","yoast_head_json":{"title":"CNBB celebra hoje 67 anos - Not\u00edcias - Franciscanos","robots":{"index":"index","follow":"follow","max-snippet":"max-snippet:-1","max-image-preview":"max-image-preview:large","max-video-preview":"max-video-preview:-1"},"canonical":"https:\/\/franciscanos.org.br\/noticias\/cnbb-celebra-hoje-67-anos.html","og_locale":"pt_BR","og_type":"article","og_title":"CNBB celebra hoje 67 anos - Not\u00edcias - Franciscanos","og_description":"Anivers\u00e1rio da CNBB","og_url":"https:\/\/franciscanos.org.br\/noticias\/cnbb-celebra-hoje-67-anos.html","og_site_name":"Not\u00edcias - Franciscanos","article_published_time":"2019-10-14T11:20:39+00:00","og_image":[{"width":273,"height":181,"url":"https:\/\/franciscanos.org.br\/noticias\/wp-content\/uploads\/2019\/10\/cnbb_d.jpg","type":"image\/jpeg"}],"author":"moacir","twitter_card":"summary_large_image","twitter_misc":{"Escrito por":"moacir","Est. tempo de leitura":"3 minutos"},"schema":{"@context":"https:\/\/schema.org","@graph":[{"@type":"WebSite","@id":"https:\/\/franciscanos.org.br\/noticias\/#website","url":"https:\/\/franciscanos.org.br\/noticias\/","name":"Not\u00edcias - Franciscanos","description":"Prov\u00edncia Franciscana da Imaculada Concei\u00e7\u00e3o do Brasil - Ordem dos Frades Menores - OFM","potentialAction":[{"@type":"SearchAction","target":{"@type":"EntryPoint","urlTemplate":"https:\/\/franciscanos.org.br\/noticias\/?s={search_term_string}"},"query-input":"required name=search_term_string"}],"inLanguage":"pt-BR"},{"@type":"ImageObject","inLanguage":"pt-BR","@id":"https:\/\/franciscanos.org.br\/noticias\/cnbb-celebra-hoje-67-anos.html#primaryimage","url":"https:\/\/franciscanos.org.br\/noticias\/wp-content\/uploads\/2019\/10\/cnbb_d.jpg","contentUrl":"https:\/\/franciscanos.org.br\/noticias\/wp-content\/uploads\/2019\/10\/cnbb_d.jpg","width":273,"height":181},{"@type":"WebPage","@id":"https:\/\/franciscanos.org.br\/noticias\/cnbb-celebra-hoje-67-anos.html#webpage","url":"https:\/\/franciscanos.org.br\/noticias\/cnbb-celebra-hoje-67-anos.html","name":"CNBB celebra hoje 67 anos - Not\u00edcias - Franciscanos","isPartOf":{"@id":"https:\/\/franciscanos.org.br\/noticias\/#website"},"primaryImageOfPage":{"@id":"https:\/\/franciscanos.org.br\/noticias\/cnbb-celebra-hoje-67-anos.html#primaryimage"},"datePublished":"2019-10-14T11:20:39+00:00","dateModified":"2019-10-14T11:20:39+00:00","author":{"@id":"https:\/\/franciscanos.org.br\/noticias\/#\/schema\/person\/b5c8cba458c330ccff548b056e95a5d4"},"breadcrumb":{"@id":"https:\/\/franciscanos.org.br\/noticias\/cnbb-celebra-hoje-67-anos.html#breadcrumb"},"inLanguage":"pt-BR","potentialAction":[{"@type":"ReadAction","target":["https:\/\/franciscanos.org.br\/noticias\/cnbb-celebra-hoje-67-anos.html"]}]},{"@type":"BreadcrumbList","@id":"https:\/\/franciscanos.org.br\/noticias\/cnbb-celebra-hoje-67-anos.html#breadcrumb","itemListElement":[{"@type":"ListItem","position":1,"name":"Home","item":"https:\/\/franciscanos.org.br\/noticias"},{"@type":"ListItem","position":2,"name":"CNBB celebra hoje 67 anos"}]},{"@type":"Person","@id":"https:\/\/franciscanos.org.br\/noticias\/#\/schema\/person\/b5c8cba458c330ccff548b056e95a5d4","name":"moacir","image":{"@type":"ImageObject","inLanguage":"pt-BR","@id":"https:\/\/franciscanos.org.br\/noticias\/#\/schema\/person\/image\/","url":"https:\/\/secure.gravatar.com\/avatar\/d08aa2ce4c8dd416d4479aa8536fcf64?s=96&d=mm&r=g","contentUrl":"https:\/\/secure.gravatar.com\/avatar\/d08aa2ce4c8dd416d4479aa8536fcf64?s=96&d=mm&r=g","caption":"moacir"},"url":"https:\/\/franciscanos.org.br\/noticias\/author\/moacir"}]}},"_links":{"self":[{"href":"https:\/\/franciscanos.org.br\/noticias\/wp-json\/wp\/v2\/posts\/212450"}],"collection":[{"href":"https:\/\/franciscanos.org.br\/noticias\/wp-json\/wp\/v2\/posts"}],"about":[{"href":"https:\/\/franciscanos.org.br\/noticias\/wp-json\/wp\/v2\/types\/post"}],"author":[{"embeddable":true,"href":"https:\/\/franciscanos.org.br\/noticias\/wp-json\/wp\/v2\/users\/3"}],"replies":[{"embeddable":true,"href":"https:\/\/franciscanos.org.br\/noticias\/wp-json\/wp\/v2\/comments?post=212450"}],"version-history":[{"count":0,"href":"https:\/\/franciscanos.org.br\/noticias\/wp-json\/wp\/v2\/posts\/212450\/revisions"}],"wp:featuredmedia":[{"embeddable":true,"href":"https:\/\/franciscanos.org.br\/noticias\/wp-json\/wp\/v2\/media\/212452"}],"wp:attachment":[{"href":"https:\/\/franciscanos.org.br\/noticias\/wp-json\/wp\/v2\/media?parent=212450"}],"wp:term":[{"taxonomy":"category","embeddable":true,"href":"https:\/\/franciscanos.org.br\/noticias\/wp-json\/wp\/v2\/categories?post=212450"},{"taxonomy":"post_tag","embeddable":true,"href":"https:\/\/franciscanos.org.br\/noticias\/wp-json\/wp\/v2\/tags?post=212450"}],"curies":[{"name":"wp","href":"https:\/\/api.w.org\/{rel}","templated":true}]}}