{"id":212383,"date":"2019-10-11T07:45:44","date_gmt":"2019-10-11T10:45:44","guid":{"rendered":"https:\/\/franciscanos.org.br\/noticias\/?p=212383"},"modified":"2020-06-05T16:14:55","modified_gmt":"2020-06-05T19:14:55","slug":"a-igreja-com-rosto-indigena-parte-dos-ministros-da-palavra","status":"publish","type":"post","link":"https:\/\/franciscanos.org.br\/noticias\/a-igreja-com-rosto-indigena-parte-dos-ministros-da-palavra.html","title":{"rendered":"A Igreja com rosto ind\u00edgena parte dos ministros da Palavra"},"content":{"rendered":"<p>&nbsp;<\/p>\n<p><img loading=\"lazy\" class=\"alignnone wp-image-224333 size-full\" src=\"https:\/\/franciscanos.org.br\/noticias\/wp-content\/uploads\/2019\/10\/sinodo_05-1.jpg\" alt=\"\" width=\"1000\" height=\"563\" srcset=\"https:\/\/franciscanos.org.br\/noticias\/wp-content\/uploads\/2019\/10\/sinodo_05-1.jpg 1000w, https:\/\/franciscanos.org.br\/noticias\/wp-content\/uploads\/2019\/10\/sinodo_05-1-450x253.jpg 450w, https:\/\/franciscanos.org.br\/noticias\/wp-content\/uploads\/2019\/10\/sinodo_05-1-768x432.jpg 768w, https:\/\/franciscanos.org.br\/noticias\/wp-content\/uploads\/2019\/10\/sinodo_05-1-150x84.jpg 150w\" sizes=\"(max-width: 1000px) 100vw, 1000px\" \/><\/p>\n<p><strong>Cidade do Vaticano<\/strong> &#8211; A Igreja com rosto ind\u00edgena foi protagonista da quarta coletiva para os jornalistas na Sala de Imprensa da Santa S\u00e9, realizada ap\u00f3s a primeira manh\u00e3 de trabalhos em c\u00edrculos menores esta quinta-feira (10\/10) para os participantes do S\u00ednodo dos Bispos dedicado \u00e0 Regi\u00e3o Pan-Amaz\u00f4nica, sobre os quais falaram dois bispos: dom Frei Wilmar Santin, da Prelazia de Itaituba \u2013 PA, e dom Medardo de Jes\u00fas Henao Del R\u00edo, vig\u00e1rio apost\u00f3lico de Mit\u00fa, na Col\u00f4mbia.<\/p>\n<p>O carmelita, dom Frei Wilmar Santin, que desde dezembro de 2010 \u00e9 pastor entre ind\u00edgenas Mundurukus, mais de onze mil pessoas numa Prelazia de 175 mil Km quadrados, que ocupa boa parte do Estado do Par\u00e1, recordou o que lhe disse o presidente da Repam \u2013 Rede Eclesial Pan-Amaz\u00f4nica \u2013 cardeal Claudio Hummes. \u201cO Papa Francisco tem um sonho: ver em cada aldeia amaz\u00f4nica um sacerdote ind\u00edgena\u201d, e diante das dificuldades, contou dom Frei Wilmar, pediu para que \u201ccome\u00e7asse com aquilo que a Igreja j\u00e1 permite: o diaconato permanente\u201d.<\/p>\n<p><strong>Dom Wilmar: j\u00e1 temos 48 ministros da Palavra mundurukus<\/strong><br \/>\n\u201cFizemos um plano \u2013 disse o bispo da Itaituba \u2013 e nos demos conta de que era melhor come\u00e7ar a criar ministros da Palavra, antes dos ministros da Eucaristia. Porque em nosso clima \u00famido equatorial a h\u00f3stia consagrada n\u00e3o pode se conservar por muito tempo.\u201d<\/p>\n<p>Assim, em 2017 foram institu\u00eddos os primeiros 24 ministros da Palavra mundurukus, 20 homens e 4 mulheres, \u201cque come\u00e7aram a celebrar em suas l\u00ednguas e a pregar a Palavra de Deus\u201d.<\/p>\n<p>E este ano, anunciou o religioso, &#8220;institu\u00edmos outros 24, 19 homens e 5 mulheres, de modo que hoje s\u00e3o 48 ministros da Palavra mundurukus que podem dizer, como os povos que ouviram os disc\u00edpulos ap\u00f3s o Pentecostes: \u2018N\u00f3s os ouvimos falar das grandes coisas de Deus em nossas l\u00ednguas\u2019\u201d.<\/p>\n<p>Proximamente, \u201cinstituiremos ministros do Batismo e do Matrim\u00f4nio, porque os mundurukus, que em grande parte s\u00e3o batizados, fazem quest\u00e3o de batizar seus filhos e de se casar na Igreja, e procuraremos ter estes ministros em cada aldeia. Depois veremos quando ser\u00e1 poss\u00edvel ordenar di\u00e1conos ind\u00edgenas\u201d.<\/p>\n<p><img loading=\"lazy\" class=\"alignnone size-full wp-image-212386\" src=\"https:\/\/franciscanos.org.br\/noticias\/wp-content\/uploads\/2019\/10\/sinodo_1110.jpg\" alt=\"\" width=\"890\" height=\"501\" srcset=\"https:\/\/franciscanos.org.br\/noticias\/wp-content\/uploads\/2019\/10\/sinodo_1110.jpg 890w, https:\/\/franciscanos.org.br\/noticias\/wp-content\/uploads\/2019\/10\/sinodo_1110-450x253.jpg 450w, https:\/\/franciscanos.org.br\/noticias\/wp-content\/uploads\/2019\/10\/sinodo_1110-768x432.jpg 768w, https:\/\/franciscanos.org.br\/noticias\/wp-content\/uploads\/2019\/10\/sinodo_1110-150x84.jpg 150w\" sizes=\"(max-width: 890px) 100vw, 890px\" \/><\/p>\n<p><strong>Dom Del R\u00edo conta a ordena\u00e7\u00e3o de um di\u00e1cono ind\u00edgena<\/strong><br \/>\nPor sua vez, dom Medardo de Jes\u00fas Henao Del R\u00edo, mission\u00e1rio xaveriano de Yarumal, contou j\u00e1 ter ordenado um di\u00e1cono ind\u00edgena, de um dos 27 grupos presentes em sua diocese, num territ\u00f3rio de 57 mil Km quadrados, com uma popula\u00e7\u00e3o de 44 mil habitantes.<\/p>\n<p>O di\u00e1cono \u201cfoi ordenado no rito romano e no rito ind\u00edgena, certamente, n\u00e3o ordenado um bruxo \u2013 explicou. Entramos no contexto da cosmogonia dos ind\u00edgenas e nela levamos o Evangelho, mediante o rito de ordena\u00e7\u00e3o do di\u00e1cono\u201d.<\/p>\n<p>Os chefes ind\u00edgenas, contou dom Del R\u00edo, \u201ccolocaram uma coroa na cabe\u00e7a do di\u00e1cono, s\u00edmbolo de um homem que adquire sabedoria no seio da comunidade e que guiar\u00e1 a comunidade. N\u00e3o foi feito nenhum rito, \u00e9 somente um sinal distintivo\u201d.<\/p>\n<p>\u201cEm seguida, o di\u00e1cono atravessou toda a igreja levando o Livro dos Evangelhos, que \u00e9 a m\u00e1xima sabedoria, e dan\u00e7ando. A comunidade o aplaudiu e o rito de ordena\u00e7\u00e3o se concluiu com o abra\u00e7o da paz\u201d, precisou ainda.<\/p>\n<p>\u201cN\u00e3o foi uma mistura, mas assimilar alguns valores das comunidades ind\u00edgenas que s\u00e3o coerentes com valores crist\u00e3os. Certamente n\u00e3o podemos sacralizar tudo aquilo que \u00e9 ind\u00edgena, mas tamb\u00e9m n\u00e3o podemos \u2018satanizar\u2019. \u00c9 preciso estudar todos os ritos deles, o que aquilo significa para eles e o que est\u00e1 em comunh\u00e3o com o servi\u00e7o \u00e0 Igreja\u201d, acrescentou.<\/p>\n<p>O di\u00e1cono \u00e9 um servidor da comunidade, concluiu o bispo colombiano, \u201ce este minist\u00e9rio que est\u00e1 muito em conson\u00e2ncia com a tradi\u00e7\u00e3o ind\u00edgena. N\u00e3o acolhemos tudo aquilo que \u00e9 ind\u00edgena para assimil\u00e1-lo ao crist\u00e3o, mas elementos, situa\u00e7\u00f5es e celebra\u00e7\u00f5es que t\u00eam \u2018sementes do Verbo\u2019, sementes de Deus\u2019, como diria Santo Irineu\u201d.<\/p>\n<hr \/>\n<p><img loading=\"lazy\" class=\"alignnone size-full wp-image-212387\" src=\"https:\/\/franciscanos.org.br\/noticias\/wp-content\/uploads\/2019\/10\/sinodo_1110_2.jpg\" alt=\"\" width=\"890\" height=\"501\" srcset=\"https:\/\/franciscanos.org.br\/noticias\/wp-content\/uploads\/2019\/10\/sinodo_1110_2.jpg 890w, https:\/\/franciscanos.org.br\/noticias\/wp-content\/uploads\/2019\/10\/sinodo_1110_2-450x253.jpg 450w, https:\/\/franciscanos.org.br\/noticias\/wp-content\/uploads\/2019\/10\/sinodo_1110_2-768x432.jpg 768w, https:\/\/franciscanos.org.br\/noticias\/wp-content\/uploads\/2019\/10\/sinodo_1110_2-150x84.jpg 150w\" sizes=\"(max-width: 890px) 100vw, 890px\" \/><\/p>\n<p><strong>Spadaro: a voz prof\u00e9tica da Igreja na Amaz\u00f4nia<\/strong><\/p>\n<p><em>Ao falar sobre os primeiros dias do S\u00ednodo para a Amaz\u00f4nia ao qual participa como membro nomeado pelo Papa Francisco, padre Ant\u00f4nio Spadaro \u00e9 claro: \u201cEst\u00e1 andando muito bem, principalmente porque percebe-se uma grande energia. Parece-me que isso seja a chave deste encontro, uma energia capaz de exprimir a riqueza dos territ\u00f3rios de proveni\u00eancia dos Pastores, uma energia manifestada de muitas maneiras, at\u00e9 mesmo com o canto!\u201d. Padre Spadaro det\u00eam-se em particular no \u201cgrande desejo de an\u00fancio da Palavra de Deus e de quest\u00f5es sobre perguntas verdadeiras, sobre como viver a Igreja em seus territ\u00f3rios\u201d.<\/em><\/p>\n<p><strong>Spadaro<\/strong>: \u201cProfecia\u201d \u00e9 a palavra chave deste S\u00ednodo. H\u00e1 necessidade de entender como a Igreja e como o Evangelho, que a Igreja testemunha, possam mudar a realidade, como possam influenciar tamb\u00e9m na vida social, pol\u00edtica, ecol\u00f3gica dos territ\u00f3rios. O Evangelho como palavra viva, n\u00e3o como palavra morta.<\/p>\n<p><em>O Evangelho como palavra viva capaz de chegar ao cora\u00e7\u00e3o das pessoas. Neste sentido falou-se tamb\u00e9m da import\u00e2ncia da Eucaristia, ou sejam da necessidade de chegar aos territ\u00f3rios com grandes dimens\u00f5es\u2026<\/em><\/p>\n<p><strong>Spadaro:<\/strong> H\u00e1 uma exig\u00eancia pastoral profunda que se manifesta nas palavras dos bispos que algumas vezes falam de suas experi\u00eancias: \u00e9 como se na It\u00e1lia tivesse, por exemplo, 60 padres, proporcionalmente ao seu territ\u00f3rio. Precisa-se proclamar a Palavra de Deus, mas tamb\u00e9m viver a Eucaristia, portanto n\u00e3o s\u00f3 momentos juntos de ora\u00e7\u00e3o, mas tamb\u00e9m, momentos juntos de celebra\u00e7\u00e3o dos Sacramentos.<\/p>\n<p><em>O que o senhor nos diz sobre a ecologia integral?<\/em><\/p>\n<p><strong>Spadaro:<\/strong> A ecologia integral \u00e9 uma ideia que une a vida, a nossa religiosidade, o nosso modo de viver ordinariamente o territ\u00f3rio, que n\u00e3o \u00e9 simplesmente alguma coisa material, ent\u00e3o ecologia integral significa uma vis\u00e3o que \u00e9 tipicamente cat\u00f3lica que une o homem, a terra, Deus. Esse \u00e9 um grande apelo que se destaca desde a proclama\u00e7\u00e3o deste S\u00ednodo, porque nos ajuda a entender como tudo est\u00e1 relacionado.<\/p>\n<p><em>O que est\u00e3o manifestando os representantes das popula\u00e7\u00f5es ind\u00edgenas presentes neste S\u00ednodo?<\/em><\/p>\n<p><strong>Spadaro:<\/strong> Uma presen\u00e7a viva, um testemunho da sua experi\u00eancia. Devemos ouvir. Este \u00e9 um outro tema importante do S\u00ednodo: a escuta.<\/p>\n<hr \/>\n<p><em>Fonte: Vatican News<\/em><\/p>\n","protected":false},"excerpt":{"rendered":"<p>S\u00ednodo para a Amaz\u00f4nia<\/p>\n","protected":false},"author":3,"featured_media":224335,"comment_status":"open","ping_status":"open","sticky":false,"template":"","format":"standard","meta":[],"categories":[1428],"tags":[1535],"acf":[],"yoast_head":"<!-- This site is optimized with the Yoast SEO plugin v19.2 - https:\/\/yoast.com\/wordpress\/plugins\/seo\/ -->\n<title>A Igreja com rosto ind\u00edgena parte dos ministros da Palavra - Not\u00edcias - Franciscanos<\/title>\n<meta name=\"robots\" content=\"index, follow, max-snippet:-1, max-image-preview:large, max-video-preview:-1\" \/>\n<link rel=\"canonical\" href=\"https:\/\/franciscanos.org.br\/noticias\/a-igreja-com-rosto-indigena-parte-dos-ministros-da-palavra.html\" \/>\n<meta property=\"og:locale\" content=\"pt_BR\" \/>\n<meta property=\"og:type\" content=\"article\" \/>\n<meta property=\"og:title\" content=\"A Igreja com rosto ind\u00edgena parte dos ministros da Palavra - Not\u00edcias - Franciscanos\" \/>\n<meta property=\"og:description\" content=\"S\u00ednodo para a Amaz\u00f4nia\" \/>\n<meta property=\"og:url\" content=\"https:\/\/franciscanos.org.br\/noticias\/a-igreja-com-rosto-indigena-parte-dos-ministros-da-palavra.html\" \/>\n<meta property=\"og:site_name\" content=\"Not\u00edcias - Franciscanos\" \/>\n<meta property=\"article:published_time\" content=\"2019-10-11T10:45:44+00:00\" \/>\n<meta property=\"article:modified_time\" content=\"2020-06-05T19:14:55+00:00\" \/>\n<meta property=\"og:image\" content=\"https:\/\/franciscanos.org.br\/noticias\/wp-content\/uploads\/2019\/10\/sinodo_05d.jpg\" \/>\n\t<meta property=\"og:image:width\" content=\"800\" \/>\n\t<meta property=\"og:image:height\" content=\"601\" \/>\n\t<meta property=\"og:image:type\" content=\"image\/jpeg\" \/>\n<meta name=\"author\" content=\"moacir\" \/>\n<meta name=\"twitter:card\" content=\"summary_large_image\" \/>\n<meta name=\"twitter:label1\" content=\"Escrito por\" \/>\n\t<meta name=\"twitter:data1\" content=\"moacir\" \/>\n\t<meta name=\"twitter:label2\" content=\"Est. tempo de leitura\" \/>\n\t<meta name=\"twitter:data2\" content=\"5 minutos\" \/>\n<script type=\"application\/ld+json\" class=\"yoast-schema-graph\">{\"@context\":\"https:\/\/schema.org\",\"@graph\":[{\"@type\":\"WebSite\",\"@id\":\"https:\/\/franciscanos.org.br\/noticias\/#website\",\"url\":\"https:\/\/franciscanos.org.br\/noticias\/\",\"name\":\"Not\u00edcias - Franciscanos\",\"description\":\"Prov\u00edncia Franciscana da Imaculada Concei\u00e7\u00e3o do Brasil - Ordem dos Frades Menores - OFM\",\"potentialAction\":[{\"@type\":\"SearchAction\",\"target\":{\"@type\":\"EntryPoint\",\"urlTemplate\":\"https:\/\/franciscanos.org.br\/noticias\/?s={search_term_string}\"},\"query-input\":\"required name=search_term_string\"}],\"inLanguage\":\"pt-BR\"},{\"@type\":\"ImageObject\",\"inLanguage\":\"pt-BR\",\"@id\":\"https:\/\/franciscanos.org.br\/noticias\/a-igreja-com-rosto-indigena-parte-dos-ministros-da-palavra.html#primaryimage\",\"url\":\"https:\/\/franciscanos.org.br\/noticias\/wp-content\/uploads\/2019\/10\/sinodo_05d.jpg\",\"contentUrl\":\"https:\/\/franciscanos.org.br\/noticias\/wp-content\/uploads\/2019\/10\/sinodo_05d.jpg\",\"width\":800,\"height\":601},{\"@type\":\"WebPage\",\"@id\":\"https:\/\/franciscanos.org.br\/noticias\/a-igreja-com-rosto-indigena-parte-dos-ministros-da-palavra.html#webpage\",\"url\":\"https:\/\/franciscanos.org.br\/noticias\/a-igreja-com-rosto-indigena-parte-dos-ministros-da-palavra.html\",\"name\":\"A Igreja com rosto ind\u00edgena parte dos ministros da Palavra - Not\u00edcias - Franciscanos\",\"isPartOf\":{\"@id\":\"https:\/\/franciscanos.org.br\/noticias\/#website\"},\"primaryImageOfPage\":{\"@id\":\"https:\/\/franciscanos.org.br\/noticias\/a-igreja-com-rosto-indigena-parte-dos-ministros-da-palavra.html#primaryimage\"},\"datePublished\":\"2019-10-11T10:45:44+00:00\",\"dateModified\":\"2020-06-05T19:14:55+00:00\",\"author\":{\"@id\":\"https:\/\/franciscanos.org.br\/noticias\/#\/schema\/person\/b5c8cba458c330ccff548b056e95a5d4\"},\"breadcrumb\":{\"@id\":\"https:\/\/franciscanos.org.br\/noticias\/a-igreja-com-rosto-indigena-parte-dos-ministros-da-palavra.html#breadcrumb\"},\"inLanguage\":\"pt-BR\",\"potentialAction\":[{\"@type\":\"ReadAction\",\"target\":[\"https:\/\/franciscanos.org.br\/noticias\/a-igreja-com-rosto-indigena-parte-dos-ministros-da-palavra.html\"]}]},{\"@type\":\"BreadcrumbList\",\"@id\":\"https:\/\/franciscanos.org.br\/noticias\/a-igreja-com-rosto-indigena-parte-dos-ministros-da-palavra.html#breadcrumb\",\"itemListElement\":[{\"@type\":\"ListItem\",\"position\":1,\"name\":\"Home\",\"item\":\"https:\/\/franciscanos.org.br\/noticias\"},{\"@type\":\"ListItem\",\"position\":2,\"name\":\"A Igreja com rosto ind\u00edgena parte dos ministros da Palavra\"}]},{\"@type\":\"Person\",\"@id\":\"https:\/\/franciscanos.org.br\/noticias\/#\/schema\/person\/b5c8cba458c330ccff548b056e95a5d4\",\"name\":\"moacir\",\"image\":{\"@type\":\"ImageObject\",\"inLanguage\":\"pt-BR\",\"@id\":\"https:\/\/franciscanos.org.br\/noticias\/#\/schema\/person\/image\/\",\"url\":\"https:\/\/secure.gravatar.com\/avatar\/d08aa2ce4c8dd416d4479aa8536fcf64?s=96&d=mm&r=g\",\"contentUrl\":\"https:\/\/secure.gravatar.com\/avatar\/d08aa2ce4c8dd416d4479aa8536fcf64?s=96&d=mm&r=g\",\"caption\":\"moacir\"},\"url\":\"https:\/\/franciscanos.org.br\/noticias\/author\/moacir\"}]}<\/script>\n<!-- \/ Yoast SEO plugin. -->","yoast_head_json":{"title":"A Igreja com rosto ind\u00edgena parte dos ministros da Palavra - Not\u00edcias - Franciscanos","robots":{"index":"index","follow":"follow","max-snippet":"max-snippet:-1","max-image-preview":"max-image-preview:large","max-video-preview":"max-video-preview:-1"},"canonical":"https:\/\/franciscanos.org.br\/noticias\/a-igreja-com-rosto-indigena-parte-dos-ministros-da-palavra.html","og_locale":"pt_BR","og_type":"article","og_title":"A Igreja com rosto ind\u00edgena parte dos ministros da Palavra - Not\u00edcias - Franciscanos","og_description":"S\u00ednodo para a Amaz\u00f4nia","og_url":"https:\/\/franciscanos.org.br\/noticias\/a-igreja-com-rosto-indigena-parte-dos-ministros-da-palavra.html","og_site_name":"Not\u00edcias - Franciscanos","article_published_time":"2019-10-11T10:45:44+00:00","article_modified_time":"2020-06-05T19:14:55+00:00","og_image":[{"width":800,"height":601,"url":"https:\/\/franciscanos.org.br\/noticias\/wp-content\/uploads\/2019\/10\/sinodo_05d.jpg","type":"image\/jpeg"}],"author":"moacir","twitter_card":"summary_large_image","twitter_misc":{"Escrito por":"moacir","Est. tempo de leitura":"5 minutos"},"schema":{"@context":"https:\/\/schema.org","@graph":[{"@type":"WebSite","@id":"https:\/\/franciscanos.org.br\/noticias\/#website","url":"https:\/\/franciscanos.org.br\/noticias\/","name":"Not\u00edcias - Franciscanos","description":"Prov\u00edncia Franciscana da Imaculada Concei\u00e7\u00e3o do Brasil - Ordem dos Frades Menores - OFM","potentialAction":[{"@type":"SearchAction","target":{"@type":"EntryPoint","urlTemplate":"https:\/\/franciscanos.org.br\/noticias\/?s={search_term_string}"},"query-input":"required name=search_term_string"}],"inLanguage":"pt-BR"},{"@type":"ImageObject","inLanguage":"pt-BR","@id":"https:\/\/franciscanos.org.br\/noticias\/a-igreja-com-rosto-indigena-parte-dos-ministros-da-palavra.html#primaryimage","url":"https:\/\/franciscanos.org.br\/noticias\/wp-content\/uploads\/2019\/10\/sinodo_05d.jpg","contentUrl":"https:\/\/franciscanos.org.br\/noticias\/wp-content\/uploads\/2019\/10\/sinodo_05d.jpg","width":800,"height":601},{"@type":"WebPage","@id":"https:\/\/franciscanos.org.br\/noticias\/a-igreja-com-rosto-indigena-parte-dos-ministros-da-palavra.html#webpage","url":"https:\/\/franciscanos.org.br\/noticias\/a-igreja-com-rosto-indigena-parte-dos-ministros-da-palavra.html","name":"A Igreja com rosto ind\u00edgena parte dos ministros da Palavra - Not\u00edcias - Franciscanos","isPartOf":{"@id":"https:\/\/franciscanos.org.br\/noticias\/#website"},"primaryImageOfPage":{"@id":"https:\/\/franciscanos.org.br\/noticias\/a-igreja-com-rosto-indigena-parte-dos-ministros-da-palavra.html#primaryimage"},"datePublished":"2019-10-11T10:45:44+00:00","dateModified":"2020-06-05T19:14:55+00:00","author":{"@id":"https:\/\/franciscanos.org.br\/noticias\/#\/schema\/person\/b5c8cba458c330ccff548b056e95a5d4"},"breadcrumb":{"@id":"https:\/\/franciscanos.org.br\/noticias\/a-igreja-com-rosto-indigena-parte-dos-ministros-da-palavra.html#breadcrumb"},"inLanguage":"pt-BR","potentialAction":[{"@type":"ReadAction","target":["https:\/\/franciscanos.org.br\/noticias\/a-igreja-com-rosto-indigena-parte-dos-ministros-da-palavra.html"]}]},{"@type":"BreadcrumbList","@id":"https:\/\/franciscanos.org.br\/noticias\/a-igreja-com-rosto-indigena-parte-dos-ministros-da-palavra.html#breadcrumb","itemListElement":[{"@type":"ListItem","position":1,"name":"Home","item":"https:\/\/franciscanos.org.br\/noticias"},{"@type":"ListItem","position":2,"name":"A Igreja com rosto ind\u00edgena parte dos ministros da Palavra"}]},{"@type":"Person","@id":"https:\/\/franciscanos.org.br\/noticias\/#\/schema\/person\/b5c8cba458c330ccff548b056e95a5d4","name":"moacir","image":{"@type":"ImageObject","inLanguage":"pt-BR","@id":"https:\/\/franciscanos.org.br\/noticias\/#\/schema\/person\/image\/","url":"https:\/\/secure.gravatar.com\/avatar\/d08aa2ce4c8dd416d4479aa8536fcf64?s=96&d=mm&r=g","contentUrl":"https:\/\/secure.gravatar.com\/avatar\/d08aa2ce4c8dd416d4479aa8536fcf64?s=96&d=mm&r=g","caption":"moacir"},"url":"https:\/\/franciscanos.org.br\/noticias\/author\/moacir"}]}},"_links":{"self":[{"href":"https:\/\/franciscanos.org.br\/noticias\/wp-json\/wp\/v2\/posts\/212383"}],"collection":[{"href":"https:\/\/franciscanos.org.br\/noticias\/wp-json\/wp\/v2\/posts"}],"about":[{"href":"https:\/\/franciscanos.org.br\/noticias\/wp-json\/wp\/v2\/types\/post"}],"author":[{"embeddable":true,"href":"https:\/\/franciscanos.org.br\/noticias\/wp-json\/wp\/v2\/users\/3"}],"replies":[{"embeddable":true,"href":"https:\/\/franciscanos.org.br\/noticias\/wp-json\/wp\/v2\/comments?post=212383"}],"version-history":[{"count":2,"href":"https:\/\/franciscanos.org.br\/noticias\/wp-json\/wp\/v2\/posts\/212383\/revisions"}],"predecessor-version":[{"id":224336,"href":"https:\/\/franciscanos.org.br\/noticias\/wp-json\/wp\/v2\/posts\/212383\/revisions\/224336"}],"wp:featuredmedia":[{"embeddable":true,"href":"https:\/\/franciscanos.org.br\/noticias\/wp-json\/wp\/v2\/media\/224335"}],"wp:attachment":[{"href":"https:\/\/franciscanos.org.br\/noticias\/wp-json\/wp\/v2\/media?parent=212383"}],"wp:term":[{"taxonomy":"category","embeddable":true,"href":"https:\/\/franciscanos.org.br\/noticias\/wp-json\/wp\/v2\/categories?post=212383"},{"taxonomy":"post_tag","embeddable":true,"href":"https:\/\/franciscanos.org.br\/noticias\/wp-json\/wp\/v2\/tags?post=212383"}],"curies":[{"name":"wp","href":"https:\/\/api.w.org\/{rel}","templated":true}]}}