{"id":212368,"date":"2019-10-10T09:11:33","date_gmt":"2019-10-10T12:11:33","guid":{"rendered":"https:\/\/franciscanos.org.br\/noticias\/?p=212368"},"modified":"2019-10-10T09:14:02","modified_gmt":"2019-10-10T12:14:02","slug":"irma-dulce-sera-canonizada-em-meio-ao-sinodo-da-amazonia","status":"publish","type":"post","link":"https:\/\/franciscanos.org.br\/noticias\/irma-dulce-sera-canonizada-em-meio-ao-sinodo-da-amazonia.html","title":{"rendered":"Irm\u00e3 Dulce ser\u00e1 canonizada em meio ao S\u00ednodo para a Amaz\u00f4nia"},"content":{"rendered":"<p><img loading=\"lazy\" class=\"alignnone size-full wp-image-212369\" src=\"https:\/\/franciscanos.org.br\/noticias\/wp-content\/uploads\/2019\/10\/dulce.jpg\" alt=\"\" width=\"890\" height=\"616\" srcset=\"https:\/\/franciscanos.org.br\/noticias\/wp-content\/uploads\/2019\/10\/dulce.jpg 890w, https:\/\/franciscanos.org.br\/noticias\/wp-content\/uploads\/2019\/10\/dulce-450x311.jpg 450w, https:\/\/franciscanos.org.br\/noticias\/wp-content\/uploads\/2019\/10\/dulce-768x532.jpg 768w, https:\/\/franciscanos.org.br\/noticias\/wp-content\/uploads\/2019\/10\/dulce-150x104.jpg 150w, https:\/\/franciscanos.org.br\/noticias\/wp-content\/uploads\/2019\/10\/dulce-320x220.jpg 320w\" sizes=\"(max-width: 890px) 100vw, 890px\" \/><\/p>\n<p>Em meio ao S\u00ednodo dos Bispos sobre a Amaz\u00f4nia, em andamento no Vaticano, o Papa Francisco canonizar\u00e1 Irm\u00e3 Dulce dos Pobres, conhecida como \u201cO Anjo Bom da Bahia\u201d, a primeira santa genuinamente brasileira, j\u00e1 que Santa Paulina nasceu na It\u00e1lia. Com sua canoniza\u00e7\u00e3o e de outros quatro novos santos, neste domingo, 13 de outubro, Francisco atinge a marca de 892 santos em seu Pontificado.<\/p>\n<p>A vida de Irm\u00e3 Dulce, que nasceu em Salvador, foi marcada por a\u00e7\u00f5es de caridade e assist\u00eancia aos mais pobres. A voca\u00e7\u00e3o para ajudar o pr\u00f3ximo se manifestou bem cedo, quando ela ainda era crian\u00e7a. Em Salvador, sua terra natal, a festa est\u00e1 marcada para o dia 20, domingo seguinte, em que estar\u00e3o presentes muitos dos que conviveram com a Santa. O presidente Jair Bolsonaro cancelou sua participa\u00e7\u00e3o na primeira celebra\u00e7\u00e3o no Brasil na Arena Fonte Nova.<\/p>\n<p>A baiana Maria Rita de Souza Brito Lopes Pontes nasceu em 26 de maio de 1914, em Salvador. Religiosa da Congrega\u00e7\u00e3o das Irm\u00e3s Mission\u00e1rias da Imaculada Concei\u00e7\u00e3o da M\u00e3e de Deus, Irm\u00e3 Dulce morreu em 13 de mar\u00e7o de 1992. A religiosa foi beatificada em 22 de maio de 2011, em cerim\u00f4nia no Parque de Exposi\u00e7\u00f5es.<\/p>\n<p>A cura conseguida pelo baiano que mora em Recife, Jos\u00e9 Maur\u00edcio, levou Irm\u00e3 Dulce \u00e0 gl\u00f3ria dos altares. Atrav\u00e9s das ora\u00e7\u00f5es \u00e0 Beata Dulce, Jos\u00e9 voltou a ver.<\/p>\n<p><strong>O IN\u00cdCIO DO PROCESSO<\/strong><br \/>\nA Canoniza\u00e7\u00e3o de Irm\u00e3 Dulce come\u00e7ou em janeiro de 2000. Com o in\u00edcio do processo, seus restos mortais, que desde 1992 estavam na Igreja da Concei\u00e7\u00e3o da Praia, foram ent\u00e3o transferidos para a Capela do Convento Santo Ant\u00f4nio, na sede das Obras Sociais Irm\u00e3 Dulce (Osid), tamb\u00e9m em Salvador.<\/p>\n<p>J\u00e1 em abril de 2009, o Papa Bento XVI reconheceu as virtudes her\u00f3icas da Serva de Deus, autorizando oficialmente a concess\u00e3o do t\u00edtulo de Vener\u00e1vel \u00e0 freira baiana. O t\u00edtulo foi o reconhecimento de que Irm\u00e3 Dulce viveu, em grau her\u00f3ico, as virtudes crist\u00e3s da f\u00e9, esperan\u00e7a e caridade.<\/p>\n<p>O voto favor\u00e1vel e un\u00e2nime da Congrega\u00e7\u00e3o para a Causa dos Santos, que levou ao t\u00edtulo de Vener\u00e1vel, havia sido concedido em 2008 e anunciado em janeiro de 2009 pelo col\u00e9gio de cardeais, bispos e te\u00f3logos ap\u00f3s a an\u00e1lise da Positio \u2013 documento can\u00f4nico misto de relato biogr\u00e1fico e das virtudes e resumo dos testemunhos do processo. Os te\u00f3logos que estudaram a vida e as obras de Irm\u00e3 Dulce a definiram como a \u201cMadre Teresa do Brasil\u201d, pelas semelhan\u00e7as do seu testemunho crist\u00e3o com a santa de Calcut\u00e1, sendo \u201cum conforto para os pobres e um exame de consci\u00eancia para os ricos\u201d.<\/p>\n<p>O t\u00edtulo de Bem-Aventurada Dulce dos Pobres foi concedido depois que foi reconhecido como milagre a salva\u00e7\u00e3o, pela intercess\u00e3o de Irm\u00e3 Dulce, da sergipana Cl\u00e1udia Cristiane Santos. Em janeiro de 2001, ela sofreu durante 18 horas com sangramentos ap\u00f3s o parto do seu filho, Gabriel, na Casa de Sa\u00fade e Maternidade S\u00e3o Jos\u00e9, na cidade de Itabaiana. Ap\u00f3s o padre Jos\u00e9 Alm\u00ed de Menezes pedir a intercess\u00e3o de Irm\u00e3 Dulce, Cl\u00e1udia se viu curada instantaneamente.<\/p>\n<p><img loading=\"lazy\" class=\"alignnone size-full wp-image-212370\" src=\"https:\/\/franciscanos.org.br\/noticias\/wp-content\/uploads\/2019\/10\/dulce_02.jpg\" alt=\"\" width=\"890\" height=\"501\" srcset=\"https:\/\/franciscanos.org.br\/noticias\/wp-content\/uploads\/2019\/10\/dulce_02.jpg 890w, https:\/\/franciscanos.org.br\/noticias\/wp-content\/uploads\/2019\/10\/dulce_02-450x253.jpg 450w, https:\/\/franciscanos.org.br\/noticias\/wp-content\/uploads\/2019\/10\/dulce_02-768x432.jpg 768w, https:\/\/franciscanos.org.br\/noticias\/wp-content\/uploads\/2019\/10\/dulce_02-150x84.jpg 150w\" sizes=\"(max-width: 890px) 100vw, 890px\" \/><\/p>\n<p><strong>AMOR AOS POBRES DESDE PEQUENA<\/strong><\/p>\n<p>Aos sete anos, em 1921, perdeu sua m\u00e3e. No ano seguinte, junto com seus irm\u00e3os Augusto e Dulce, faz a primeira comunh\u00e3o na Igreja de Santo Ant\u00f4nio Al\u00e9m do Carmo.<\/p>\n<p>A voca\u00e7\u00e3o para trabalhar em benef\u00edcio da popula\u00e7\u00e3o carente teve a influ\u00eancia direta da fam\u00edlia, uma heran\u00e7a do pai que ela levou adiante, com o apoio decisivo da irm\u00e3, Dulcinha. Aos 13 anos, a menina passou a acolher mendigos e doentes em sua casa, transformando a resid\u00eancia da fam\u00edlia \u2013 na Rua da Independ\u00eancia, 61, no bairro de Nazar\u00e9 \u2013 num centro de atendimento. A casa ficou conhecida como \u2018A Portaria de S\u00e3o Francisco\u2019, tal era o n\u00famero de carentes que se aglomeravam \u00e0 sua porta. Tamb\u00e9m foi nessa \u00e9poca que ela manifestou pela primeira vez, ap\u00f3s visitar com uma tia \u00e1reas onde habitavam pessoas pobres, o desejo de se dedicar \u00e0 vida religiosa.<\/p>\n<p>Foi a segunda filha do dentista Augusto Lopes Pontes, professor da Faculdade de Odontologia, e de Dulce Maria de Souza Brito Lopes Pontes. Em 8 de fevereiro de 1933, logo ap\u00f3s a sua formatura como professora, Maria Rita entrou para a Congrega\u00e7\u00e3o das Irm\u00e3s Mission\u00e1rias da Imaculada Concei\u00e7\u00e3o da M\u00e3e de Deus, na cidade de S\u00e3o Crist\u00f3v\u00e3o, no estado de Sergipe. Em 13 de agosto de 1933, recebeu o h\u00e1bito de freira das Irm\u00e3s Mission\u00e1rias e adotou, em homenagem \u00e0 sua m\u00e3e, o nome de Irm\u00e3 Dulce.<\/p>\n<p>A primeira miss\u00e3o de Irm\u00e3 Dulce como freira foi ensinar em um col\u00e9gio mantido pela sua congrega\u00e7\u00e3o, no bairro da Massaranduba, na Cidade Baixa, em Salvador. Mas o seu pensamento estava voltado mesmo para o trabalho com os pequeninos.<\/p>\n<p>J\u00e1 em 1935, dava assist\u00eancia \u00e0 comunidade pobre de Alagados, conjunto de palafitas no bairro de Itapagipe. Nessa mesma \u00e9poca, come\u00e7ou a atender tamb\u00e9m os oper\u00e1rios do bairro, criando um posto m\u00e9dico e fundando, em 1936, a Uni\u00e3o Oper\u00e1ria S\u00e3o Francisco \u2013 primeira organiza\u00e7\u00e3o oper\u00e1ria cat\u00f3lica do estado, que depois deu origem ao C\u00edrculo Oper\u00e1rio da Bahia. Em 1937, fundou, juntamente com Frei Hildebrando Kruthaup, o C\u00edrculo Oper\u00e1rio da Bahia, mantido com a arrecada\u00e7\u00e3o de tr\u00eas cinemas que ambos haviam constru\u00eddo atrav\u00e9s de doa\u00e7\u00f5es.<\/p>\n<p>Em maio de 1939, Irm\u00e3 Dulce inaugurou o Col\u00e9gio Santo Ant\u00f4nio, escola p\u00fablica voltada para oper\u00e1rios e filhos de oper\u00e1rios, no bairro da Massaranduba.<\/p>\n<p><strong>O GALINHEIRO VIRA HOSPITAL<\/strong><\/p>\n<p>Em 1939, Irm\u00e3 Dulce invadiu cinco casas na Ilha dos Ratos, para abrigar doentes que recolhia nas ruas de Salvador. Foi expulsa do lugar, e peregrinou por quase uma d\u00e9cada, levando os seus doentes por v\u00e1rios locais da cidade. Por fim, em 1949, Irm\u00e3 Dulce ocupou um galinheiro ao lado do Convento Santo Ant\u00f4nio, ap\u00f3s autoriza\u00e7\u00e3o da sua superiora, com os primeiros 70 doentes.<\/p>\n<p>A iniciativa deu origem \u00e0 tradi\u00e7\u00e3o propagada h\u00e1 d\u00e9cadas pelo povo baiano de que a freira construiu o maior hospital da Bahia a partir de um simples galinheiro. J\u00e1 em 1959, foi instalada oficialmente a Associa\u00e7\u00e3o Obras Sociais Irm\u00e3 Dulce e, no ano seguinte, foi inaugurado o Albergue Santo Ant\u00f4nio.<\/p>\n<p>O incentivo para construir a sua obra, Irm\u00e3 Dulce teve do povo baiano, de brasileiros de diversos estados e de personalidades internacionais. Em 1988, ela foi indicada pelo ent\u00e3o presidente da Rep\u00fablica, Jos\u00e9 Sarney, com o apoio da Rainha S\u00edlvia, da Su\u00e9cia, para o Pr\u00eamio Nobel da Paz. Oito anos antes, no dia 7 de julho de 1980, Irm\u00e3 Dulce ouvia do Papa Jo\u00e3o Paulo II, na sua primeira visita ao pa\u00eds, o incentivo para prosseguir com a sua obra.<\/p>\n<p>Irm\u00e3 Dulce e o Papa Jo\u00e3o Paulo II voltariam a se encontrar em 20 de outubro de 1991, na segunda visita do Sumo Pont\u00edfice ao Brasil. Jo\u00e3o Paulo II fez quest\u00e3o de quebrar o rigor da sua agenda e foi ao Convento Santo Ant\u00f4nio visitar a religiosa baiana, cuja sa\u00fade j\u00e1 se encontrava bastante debilitada em fun\u00e7\u00e3o de problemas respirat\u00f3rios. Cinco meses depois da visita do Papa, os baianos chorariam a morte do Anjo Bom do Brasil.<\/p>\n<p>Sua mem\u00f3ria \u00e9 feita no 13 de agosto, escolhido como o dia oficial da festa lit\u00fargica da religiosa. Foi nesta mesma data, em 1933, na Congrega\u00e7\u00e3o das Irm\u00e3s Mission\u00e1rias da Imaculada Concei\u00e7\u00e3o da M\u00e3e de Deus, em Sergipe, que ela recebia o h\u00e1bito de freira e adotava, em homenagem \u00e0 sua m\u00e3e, o nome de Irm\u00e3 Dulce.<\/p>\n","protected":false},"excerpt":{"rendered":"<p>Canoniza\u00e7\u00e3o no Vaticano<\/p>\n","protected":false},"author":3,"featured_media":212371,"comment_status":"open","ping_status":"open","sticky":false,"template":"","format":"standard","meta":[],"categories":[1],"tags":[1452],"acf":[],"yoast_head":"<!-- This site is optimized with the Yoast SEO plugin v19.2 - https:\/\/yoast.com\/wordpress\/plugins\/seo\/ -->\n<title>Irm\u00e3 Dulce ser\u00e1 canonizada em meio ao S\u00ednodo para a Amaz\u00f4nia - Not\u00edcias - Franciscanos<\/title>\n<meta name=\"robots\" content=\"index, follow, max-snippet:-1, max-image-preview:large, max-video-preview:-1\" \/>\n<link rel=\"canonical\" href=\"https:\/\/franciscanos.org.br\/noticias\/irma-dulce-sera-canonizada-em-meio-ao-sinodo-da-amazonia.html\" \/>\n<meta property=\"og:locale\" content=\"pt_BR\" \/>\n<meta property=\"og:type\" content=\"article\" \/>\n<meta property=\"og:title\" content=\"Irm\u00e3 Dulce ser\u00e1 canonizada em meio ao S\u00ednodo para a Amaz\u00f4nia - Not\u00edcias - Franciscanos\" \/>\n<meta property=\"og:description\" content=\"Canoniza\u00e7\u00e3o no Vaticano\" \/>\n<meta property=\"og:url\" content=\"https:\/\/franciscanos.org.br\/noticias\/irma-dulce-sera-canonizada-em-meio-ao-sinodo-da-amazonia.html\" \/>\n<meta property=\"og:site_name\" content=\"Not\u00edcias - Franciscanos\" \/>\n<meta property=\"article:published_time\" content=\"2019-10-10T12:11:33+00:00\" \/>\n<meta property=\"article:modified_time\" content=\"2019-10-10T12:14:02+00:00\" \/>\n<meta property=\"og:image\" content=\"https:\/\/franciscanos.org.br\/noticias\/wp-content\/uploads\/2019\/10\/dulce_d.jpg\" \/>\n\t<meta property=\"og:image:width\" content=\"273\" \/>\n\t<meta property=\"og:image:height\" content=\"181\" \/>\n\t<meta property=\"og:image:type\" content=\"image\/jpeg\" \/>\n<meta name=\"author\" content=\"moacir\" \/>\n<meta name=\"twitter:card\" content=\"summary_large_image\" \/>\n<meta name=\"twitter:label1\" content=\"Escrito por\" \/>\n\t<meta name=\"twitter:data1\" content=\"moacir\" \/>\n\t<meta name=\"twitter:label2\" content=\"Est. tempo de leitura\" \/>\n\t<meta name=\"twitter:data2\" content=\"7 minutos\" \/>\n<script type=\"application\/ld+json\" class=\"yoast-schema-graph\">{\"@context\":\"https:\/\/schema.org\",\"@graph\":[{\"@type\":\"WebSite\",\"@id\":\"https:\/\/franciscanos.org.br\/noticias\/#website\",\"url\":\"https:\/\/franciscanos.org.br\/noticias\/\",\"name\":\"Not\u00edcias - Franciscanos\",\"description\":\"Prov\u00edncia Franciscana da Imaculada Concei\u00e7\u00e3o do Brasil - Ordem dos Frades Menores - OFM\",\"potentialAction\":[{\"@type\":\"SearchAction\",\"target\":{\"@type\":\"EntryPoint\",\"urlTemplate\":\"https:\/\/franciscanos.org.br\/noticias\/?s={search_term_string}\"},\"query-input\":\"required name=search_term_string\"}],\"inLanguage\":\"pt-BR\"},{\"@type\":\"ImageObject\",\"inLanguage\":\"pt-BR\",\"@id\":\"https:\/\/franciscanos.org.br\/noticias\/irma-dulce-sera-canonizada-em-meio-ao-sinodo-da-amazonia.html#primaryimage\",\"url\":\"https:\/\/franciscanos.org.br\/noticias\/wp-content\/uploads\/2019\/10\/dulce_d.jpg\",\"contentUrl\":\"https:\/\/franciscanos.org.br\/noticias\/wp-content\/uploads\/2019\/10\/dulce_d.jpg\",\"width\":273,\"height\":181},{\"@type\":\"WebPage\",\"@id\":\"https:\/\/franciscanos.org.br\/noticias\/irma-dulce-sera-canonizada-em-meio-ao-sinodo-da-amazonia.html#webpage\",\"url\":\"https:\/\/franciscanos.org.br\/noticias\/irma-dulce-sera-canonizada-em-meio-ao-sinodo-da-amazonia.html\",\"name\":\"Irm\u00e3 Dulce ser\u00e1 canonizada em meio ao S\u00ednodo para a Amaz\u00f4nia - Not\u00edcias - Franciscanos\",\"isPartOf\":{\"@id\":\"https:\/\/franciscanos.org.br\/noticias\/#website\"},\"primaryImageOfPage\":{\"@id\":\"https:\/\/franciscanos.org.br\/noticias\/irma-dulce-sera-canonizada-em-meio-ao-sinodo-da-amazonia.html#primaryimage\"},\"datePublished\":\"2019-10-10T12:11:33+00:00\",\"dateModified\":\"2019-10-10T12:14:02+00:00\",\"author\":{\"@id\":\"https:\/\/franciscanos.org.br\/noticias\/#\/schema\/person\/b5c8cba458c330ccff548b056e95a5d4\"},\"breadcrumb\":{\"@id\":\"https:\/\/franciscanos.org.br\/noticias\/irma-dulce-sera-canonizada-em-meio-ao-sinodo-da-amazonia.html#breadcrumb\"},\"inLanguage\":\"pt-BR\",\"potentialAction\":[{\"@type\":\"ReadAction\",\"target\":[\"https:\/\/franciscanos.org.br\/noticias\/irma-dulce-sera-canonizada-em-meio-ao-sinodo-da-amazonia.html\"]}]},{\"@type\":\"BreadcrumbList\",\"@id\":\"https:\/\/franciscanos.org.br\/noticias\/irma-dulce-sera-canonizada-em-meio-ao-sinodo-da-amazonia.html#breadcrumb\",\"itemListElement\":[{\"@type\":\"ListItem\",\"position\":1,\"name\":\"Home\",\"item\":\"https:\/\/franciscanos.org.br\/noticias\"},{\"@type\":\"ListItem\",\"position\":2,\"name\":\"Irm\u00e3 Dulce ser\u00e1 canonizada em meio ao S\u00ednodo para a Amaz\u00f4nia\"}]},{\"@type\":\"Person\",\"@id\":\"https:\/\/franciscanos.org.br\/noticias\/#\/schema\/person\/b5c8cba458c330ccff548b056e95a5d4\",\"name\":\"moacir\",\"image\":{\"@type\":\"ImageObject\",\"inLanguage\":\"pt-BR\",\"@id\":\"https:\/\/franciscanos.org.br\/noticias\/#\/schema\/person\/image\/\",\"url\":\"https:\/\/secure.gravatar.com\/avatar\/d08aa2ce4c8dd416d4479aa8536fcf64?s=96&d=mm&r=g\",\"contentUrl\":\"https:\/\/secure.gravatar.com\/avatar\/d08aa2ce4c8dd416d4479aa8536fcf64?s=96&d=mm&r=g\",\"caption\":\"moacir\"},\"url\":\"https:\/\/franciscanos.org.br\/noticias\/author\/moacir\"}]}<\/script>\n<!-- \/ Yoast SEO plugin. -->","yoast_head_json":{"title":"Irm\u00e3 Dulce ser\u00e1 canonizada em meio ao S\u00ednodo para a Amaz\u00f4nia - Not\u00edcias - Franciscanos","robots":{"index":"index","follow":"follow","max-snippet":"max-snippet:-1","max-image-preview":"max-image-preview:large","max-video-preview":"max-video-preview:-1"},"canonical":"https:\/\/franciscanos.org.br\/noticias\/irma-dulce-sera-canonizada-em-meio-ao-sinodo-da-amazonia.html","og_locale":"pt_BR","og_type":"article","og_title":"Irm\u00e3 Dulce ser\u00e1 canonizada em meio ao S\u00ednodo para a Amaz\u00f4nia - Not\u00edcias - Franciscanos","og_description":"Canoniza\u00e7\u00e3o no Vaticano","og_url":"https:\/\/franciscanos.org.br\/noticias\/irma-dulce-sera-canonizada-em-meio-ao-sinodo-da-amazonia.html","og_site_name":"Not\u00edcias - Franciscanos","article_published_time":"2019-10-10T12:11:33+00:00","article_modified_time":"2019-10-10T12:14:02+00:00","og_image":[{"width":273,"height":181,"url":"https:\/\/franciscanos.org.br\/noticias\/wp-content\/uploads\/2019\/10\/dulce_d.jpg","type":"image\/jpeg"}],"author":"moacir","twitter_card":"summary_large_image","twitter_misc":{"Escrito por":"moacir","Est. tempo de leitura":"7 minutos"},"schema":{"@context":"https:\/\/schema.org","@graph":[{"@type":"WebSite","@id":"https:\/\/franciscanos.org.br\/noticias\/#website","url":"https:\/\/franciscanos.org.br\/noticias\/","name":"Not\u00edcias - Franciscanos","description":"Prov\u00edncia Franciscana da Imaculada Concei\u00e7\u00e3o do Brasil - Ordem dos Frades Menores - OFM","potentialAction":[{"@type":"SearchAction","target":{"@type":"EntryPoint","urlTemplate":"https:\/\/franciscanos.org.br\/noticias\/?s={search_term_string}"},"query-input":"required name=search_term_string"}],"inLanguage":"pt-BR"},{"@type":"ImageObject","inLanguage":"pt-BR","@id":"https:\/\/franciscanos.org.br\/noticias\/irma-dulce-sera-canonizada-em-meio-ao-sinodo-da-amazonia.html#primaryimage","url":"https:\/\/franciscanos.org.br\/noticias\/wp-content\/uploads\/2019\/10\/dulce_d.jpg","contentUrl":"https:\/\/franciscanos.org.br\/noticias\/wp-content\/uploads\/2019\/10\/dulce_d.jpg","width":273,"height":181},{"@type":"WebPage","@id":"https:\/\/franciscanos.org.br\/noticias\/irma-dulce-sera-canonizada-em-meio-ao-sinodo-da-amazonia.html#webpage","url":"https:\/\/franciscanos.org.br\/noticias\/irma-dulce-sera-canonizada-em-meio-ao-sinodo-da-amazonia.html","name":"Irm\u00e3 Dulce ser\u00e1 canonizada em meio ao S\u00ednodo para a Amaz\u00f4nia - Not\u00edcias - Franciscanos","isPartOf":{"@id":"https:\/\/franciscanos.org.br\/noticias\/#website"},"primaryImageOfPage":{"@id":"https:\/\/franciscanos.org.br\/noticias\/irma-dulce-sera-canonizada-em-meio-ao-sinodo-da-amazonia.html#primaryimage"},"datePublished":"2019-10-10T12:11:33+00:00","dateModified":"2019-10-10T12:14:02+00:00","author":{"@id":"https:\/\/franciscanos.org.br\/noticias\/#\/schema\/person\/b5c8cba458c330ccff548b056e95a5d4"},"breadcrumb":{"@id":"https:\/\/franciscanos.org.br\/noticias\/irma-dulce-sera-canonizada-em-meio-ao-sinodo-da-amazonia.html#breadcrumb"},"inLanguage":"pt-BR","potentialAction":[{"@type":"ReadAction","target":["https:\/\/franciscanos.org.br\/noticias\/irma-dulce-sera-canonizada-em-meio-ao-sinodo-da-amazonia.html"]}]},{"@type":"BreadcrumbList","@id":"https:\/\/franciscanos.org.br\/noticias\/irma-dulce-sera-canonizada-em-meio-ao-sinodo-da-amazonia.html#breadcrumb","itemListElement":[{"@type":"ListItem","position":1,"name":"Home","item":"https:\/\/franciscanos.org.br\/noticias"},{"@type":"ListItem","position":2,"name":"Irm\u00e3 Dulce ser\u00e1 canonizada em meio ao S\u00ednodo para a Amaz\u00f4nia"}]},{"@type":"Person","@id":"https:\/\/franciscanos.org.br\/noticias\/#\/schema\/person\/b5c8cba458c330ccff548b056e95a5d4","name":"moacir","image":{"@type":"ImageObject","inLanguage":"pt-BR","@id":"https:\/\/franciscanos.org.br\/noticias\/#\/schema\/person\/image\/","url":"https:\/\/secure.gravatar.com\/avatar\/d08aa2ce4c8dd416d4479aa8536fcf64?s=96&d=mm&r=g","contentUrl":"https:\/\/secure.gravatar.com\/avatar\/d08aa2ce4c8dd416d4479aa8536fcf64?s=96&d=mm&r=g","caption":"moacir"},"url":"https:\/\/franciscanos.org.br\/noticias\/author\/moacir"}]}},"_links":{"self":[{"href":"https:\/\/franciscanos.org.br\/noticias\/wp-json\/wp\/v2\/posts\/212368"}],"collection":[{"href":"https:\/\/franciscanos.org.br\/noticias\/wp-json\/wp\/v2\/posts"}],"about":[{"href":"https:\/\/franciscanos.org.br\/noticias\/wp-json\/wp\/v2\/types\/post"}],"author":[{"embeddable":true,"href":"https:\/\/franciscanos.org.br\/noticias\/wp-json\/wp\/v2\/users\/3"}],"replies":[{"embeddable":true,"href":"https:\/\/franciscanos.org.br\/noticias\/wp-json\/wp\/v2\/comments?post=212368"}],"version-history":[{"count":0,"href":"https:\/\/franciscanos.org.br\/noticias\/wp-json\/wp\/v2\/posts\/212368\/revisions"}],"wp:featuredmedia":[{"embeddable":true,"href":"https:\/\/franciscanos.org.br\/noticias\/wp-json\/wp\/v2\/media\/212371"}],"wp:attachment":[{"href":"https:\/\/franciscanos.org.br\/noticias\/wp-json\/wp\/v2\/media?parent=212368"}],"wp:term":[{"taxonomy":"category","embeddable":true,"href":"https:\/\/franciscanos.org.br\/noticias\/wp-json\/wp\/v2\/categories?post=212368"},{"taxonomy":"post_tag","embeddable":true,"href":"https:\/\/franciscanos.org.br\/noticias\/wp-json\/wp\/v2\/tags?post=212368"}],"curies":[{"name":"wp","href":"https:\/\/api.w.org\/{rel}","templated":true}]}}