{"id":212358,"date":"2019-10-10T07:30:21","date_gmt":"2019-10-10T10:30:21","guid":{"rendered":"https:\/\/franciscanos.org.br\/noticias\/?p=212358"},"modified":"2019-10-10T07:44:16","modified_gmt":"2019-10-10T10:44:16","slug":"participe-da-consulta-do-tema-e-lema-da-campanha-da-fraternidade-ecumenica-2021","status":"publish","type":"post","link":"https:\/\/franciscanos.org.br\/noticias\/participe-da-consulta-do-tema-e-lema-da-campanha-da-fraternidade-ecumenica-2021.html","title":{"rendered":"CONIC realiza consulta nacional para sugest\u00f5es do tema e lema da CF ecum\u00eanica em 2021"},"content":{"rendered":"<div><img loading=\"lazy\" class=\"alignnone size-full wp-image-212364\" src=\"https:\/\/franciscanos.org.br\/noticias\/wp-content\/uploads\/2019\/10\/cf_2016.jpg\" alt=\"\" width=\"890\" height=\"488\" srcset=\"https:\/\/franciscanos.org.br\/noticias\/wp-content\/uploads\/2019\/10\/cf_2016.jpg 890w, https:\/\/franciscanos.org.br\/noticias\/wp-content\/uploads\/2019\/10\/cf_2016-450x247.jpg 450w, https:\/\/franciscanos.org.br\/noticias\/wp-content\/uploads\/2019\/10\/cf_2016-768x421.jpg 768w, https:\/\/franciscanos.org.br\/noticias\/wp-content\/uploads\/2019\/10\/cf_2016-150x82.jpg 150w\" sizes=\"(max-width: 890px) 100vw, 890px\" \/><\/div>\n<div><\/div>\n<div>\n<p>O Conselho Nacional de Igrejas Crist\u00e3s (CONIC), do qual participa a Igreja Cat\u00f3lica Apost\u00f3lica Romana e outras cinco Igrejas, est\u00e1 realizando uma consulta nacional at\u00e9 o dia 19 de outubro deste ano para a escolha do tema e do lema da Campanha da Fraternidade Ecum\u00eanica de 2021.<\/p>\n<p>Segundo o presidente do CONIC, In\u00e1cio Lemke, pastor da Igreja Evang\u00e9lica de Confiss\u00e3o Luterana no Brasil (IECLB), uma das caracter\u00edsticas da Campanha da Fraternidade Ecum\u00eanica \u00e9 seu car\u00e1ter participativo e plural. \u201cTodas os grupos, pastorais, comunidades e pessoas de diferentes express\u00f5es de f\u00e9 identificadas com o testemunho crist\u00e3o em favor da justi\u00e7a, da miseric\u00f3rdia e do di\u00e1logo s\u00e3o convidadas a se integrar na CFE\u201d, disse.<\/p>\n<p><strong>Tema e lema<\/strong> \u2013 Para a Campanha da Fraternidade Ecum\u00eanica 2021, o CONIC est\u00e1 fazendo um levantamento de sugest\u00f5es do Tema e do Lema. Lembrando que o lema \u00e9 sempre um vers\u00edculo b\u00edblico de apoio ao tema. O CONIC informa que para participar \u00e9 muito simples. Basta encaminhar a sugest\u00e3o para o e-mail: <a href=\"mailto:comunicacao@conic.org.br\">comunicacao@conic.org.br<\/a>, com nome e sobrenome e tamb\u00e9m indicando a igreja, organismo ecum\u00eanico, grupos de base e movimento. O CONIC vai confirmar e responder a todas as inscri\u00e7\u00f5es. O prazo para o envio \u00e9 <strong>at\u00e9 dia 19 de outubro<\/strong> deste ano.<\/p>\n<p><a href=\"http:\/\/www.cnbb.org.br\/conic-realiza-consulta-nacional-para-sugestoes-do-tema-e-lema-da-cf-ecumenica-em-2021\/cartaz_cfe_2016-6cce06c9\/\"><img loading=\"lazy\" class=\"size-medium wp-image-226453 alignleft\" src=\"http:\/\/www.cnbb.org.br\/wp-content\/uploads\/sites\/32\/2019\/10\/cartaz_cfe_2016-6cce06c9-212x300.jpg\" srcset=\"http:\/\/www.cnbb.org.br\/wp-content\/uploads\/sites\/32\/2019\/10\/cartaz_cfe_2016-6cce06c9-212x300.jpg 212w, http:\/\/www.cnbb.org.br\/wp-content\/uploads\/sites\/32\/2019\/10\/cartaz_cfe_2016-6cce06c9-768x1086.jpg 768w, http:\/\/www.cnbb.org.br\/wp-content\/uploads\/sites\/32\/2019\/10\/cartaz_cfe_2016-6cce06c9-724x1024.jpg 724w, http:\/\/www.cnbb.org.br\/wp-content\/uploads\/sites\/32\/2019\/10\/cartaz_cfe_2016-6cce06c9.jpg 992w\" alt=\"\" width=\"212\" height=\"300\" \/><\/a>O presidente do Conic lembra que uma das dicas j\u00e1 apontadas foi a reflex\u00e3o sobre <strong><a href=\"https:\/\/conic.org.br\/portal\/files\/educ_para_mundo_19.pdf\">Educa\u00e7\u00e3o para a paz em um Mundo Multirreligios<\/a>o<\/strong> \u2013 documento do Conselho Mundial de Igrejas (CMI). \u201cNo entanto, podem ser outras possibilidades. Da\u00ed a import\u00e2ncia de sabermos a opini\u00e3o e o desejo de cada um e cada uma de voc\u00eas\u201d, disse In\u00e1cio.<\/p>\n<p>Essa j\u00e1 \u00e9 uma experi\u00eancia que vem sendo feita conjuntamente entre as Igrejas que integram o Conic: Alian\u00e7a de Batistas do Brasil (ABB), Igreja Episcopal Anglicana do Brasil (IEAB), Igreja Evang\u00e9lica de Confiss\u00e3o Luterana no Brasil (IECLB), Igreja Presbiteriana Unida (IPU), Igreja Sirian Ortodoxa de Antioquia (ISOA) e Igreja Cat\u00f3lica Apost\u00f3lica Romana (ICAR).<\/p>\n<p>Em 2016, aconteceu a \u00faltima experi\u00eancia de realiza\u00e7\u00e3o de uma Campanha da Fraternidade Ecum\u00eanica cujo tema foi \u201cCasa Comum, nossa responsabilidade\u201d e o lema: \u201cQuero ver o direito brotar como fonte e correr a Justi\u00e7a qual riacho que n\u00e3o seca\u201d (Am 5.24). O cartaz foi este que utilizado para ilustrar este texto.<\/p>\n<hr \/>\n<\/div>\n<div>\n<p>Se voc\u00ea acha que Educa\u00e7\u00e3o para a paz e o di\u00e1logo \u00e9 um tema importante,\u00a0<strong>manifeste-se.<\/strong><\/p>\n<p>Caso considere que h\u00e1 outros temas que deveriam ser abordados,\u00a0<strong>sugira.<\/strong><\/p>\n<p>A consulta prev\u00ea tamb\u00e9m sugest\u00f5es de\u00a0textos b\u00edblicos para o LEMA\u00a0da CFE.<\/p>\n<p><strong>Participe! Sua criatividade e opini\u00e3o s\u00e3o muito importantes!.<\/strong><\/p>\n<p><em>Na foto, imagem da \u00faltima Campanha da Fraternidade Ecum\u00eanica<\/em><\/p>\n<\/div>\n","protected":false},"excerpt":{"rendered":"<p>Conselho Nacional de Igrejas  Crist\u00e3s do Brasil<\/p>\n","protected":false},"author":3,"featured_media":212360,"comment_status":"open","ping_status":"open","sticky":false,"template":"","format":"standard","meta":[],"categories":[1],"tags":[818],"acf":[],"yoast_head":"<!-- This site is optimized with the Yoast SEO plugin v19.2 - https:\/\/yoast.com\/wordpress\/plugins\/seo\/ -->\n<title>CONIC realiza consulta nacional para sugest\u00f5es do tema e lema da CF ecum\u00eanica em 2021 - Not\u00edcias - Franciscanos<\/title>\n<meta name=\"robots\" content=\"index, follow, max-snippet:-1, max-image-preview:large, max-video-preview:-1\" \/>\n<link rel=\"canonical\" href=\"https:\/\/franciscanos.org.br\/noticias\/participe-da-consulta-do-tema-e-lema-da-campanha-da-fraternidade-ecumenica-2021.html\" \/>\n<meta property=\"og:locale\" content=\"pt_BR\" \/>\n<meta property=\"og:type\" content=\"article\" \/>\n<meta property=\"og:title\" content=\"CONIC realiza consulta nacional para sugest\u00f5es do tema e lema da CF ecum\u00eanica em 2021 - Not\u00edcias - Franciscanos\" \/>\n<meta property=\"og:description\" content=\"Conselho Nacional de Igrejas Crist\u00e3s do Brasil\" \/>\n<meta property=\"og:url\" content=\"https:\/\/franciscanos.org.br\/noticias\/participe-da-consulta-do-tema-e-lema-da-campanha-da-fraternidade-ecumenica-2021.html\" \/>\n<meta property=\"og:site_name\" content=\"Not\u00edcias - Franciscanos\" \/>\n<meta property=\"article:published_time\" content=\"2019-10-10T10:30:21+00:00\" \/>\n<meta property=\"article:modified_time\" content=\"2019-10-10T10:44:16+00:00\" \/>\n<meta property=\"og:image\" content=\"https:\/\/franciscanos.org.br\/noticias\/wp-content\/uploads\/2019\/10\/cfe_2021d.jpg\" \/>\n\t<meta property=\"og:image:width\" content=\"273\" \/>\n\t<meta property=\"og:image:height\" content=\"181\" \/>\n\t<meta property=\"og:image:type\" content=\"image\/jpeg\" \/>\n<meta name=\"author\" content=\"moacir\" \/>\n<meta name=\"twitter:card\" content=\"summary_large_image\" \/>\n<meta name=\"twitter:label1\" content=\"Escrito por\" \/>\n\t<meta name=\"twitter:data1\" content=\"moacir\" \/>\n\t<meta name=\"twitter:label2\" content=\"Est. tempo de leitura\" \/>\n\t<meta name=\"twitter:data2\" content=\"2 minutos\" \/>\n<script type=\"application\/ld+json\" class=\"yoast-schema-graph\">{\"@context\":\"https:\/\/schema.org\",\"@graph\":[{\"@type\":\"WebSite\",\"@id\":\"https:\/\/franciscanos.org.br\/noticias\/#website\",\"url\":\"https:\/\/franciscanos.org.br\/noticias\/\",\"name\":\"Not\u00edcias - Franciscanos\",\"description\":\"Prov\u00edncia Franciscana da Imaculada Concei\u00e7\u00e3o do Brasil - Ordem dos Frades Menores - OFM\",\"potentialAction\":[{\"@type\":\"SearchAction\",\"target\":{\"@type\":\"EntryPoint\",\"urlTemplate\":\"https:\/\/franciscanos.org.br\/noticias\/?s={search_term_string}\"},\"query-input\":\"required name=search_term_string\"}],\"inLanguage\":\"pt-BR\"},{\"@type\":\"ImageObject\",\"inLanguage\":\"pt-BR\",\"@id\":\"https:\/\/franciscanos.org.br\/noticias\/participe-da-consulta-do-tema-e-lema-da-campanha-da-fraternidade-ecumenica-2021.html#primaryimage\",\"url\":\"https:\/\/franciscanos.org.br\/noticias\/wp-content\/uploads\/2019\/10\/cfe_2021d.jpg\",\"contentUrl\":\"https:\/\/franciscanos.org.br\/noticias\/wp-content\/uploads\/2019\/10\/cfe_2021d.jpg\",\"width\":273,\"height\":181},{\"@type\":\"WebPage\",\"@id\":\"https:\/\/franciscanos.org.br\/noticias\/participe-da-consulta-do-tema-e-lema-da-campanha-da-fraternidade-ecumenica-2021.html#webpage\",\"url\":\"https:\/\/franciscanos.org.br\/noticias\/participe-da-consulta-do-tema-e-lema-da-campanha-da-fraternidade-ecumenica-2021.html\",\"name\":\"CONIC realiza consulta nacional para sugest\u00f5es do tema e lema da CF ecum\u00eanica em 2021 - Not\u00edcias - Franciscanos\",\"isPartOf\":{\"@id\":\"https:\/\/franciscanos.org.br\/noticias\/#website\"},\"primaryImageOfPage\":{\"@id\":\"https:\/\/franciscanos.org.br\/noticias\/participe-da-consulta-do-tema-e-lema-da-campanha-da-fraternidade-ecumenica-2021.html#primaryimage\"},\"datePublished\":\"2019-10-10T10:30:21+00:00\",\"dateModified\":\"2019-10-10T10:44:16+00:00\",\"author\":{\"@id\":\"https:\/\/franciscanos.org.br\/noticias\/#\/schema\/person\/b5c8cba458c330ccff548b056e95a5d4\"},\"breadcrumb\":{\"@id\":\"https:\/\/franciscanos.org.br\/noticias\/participe-da-consulta-do-tema-e-lema-da-campanha-da-fraternidade-ecumenica-2021.html#breadcrumb\"},\"inLanguage\":\"pt-BR\",\"potentialAction\":[{\"@type\":\"ReadAction\",\"target\":[\"https:\/\/franciscanos.org.br\/noticias\/participe-da-consulta-do-tema-e-lema-da-campanha-da-fraternidade-ecumenica-2021.html\"]}]},{\"@type\":\"BreadcrumbList\",\"@id\":\"https:\/\/franciscanos.org.br\/noticias\/participe-da-consulta-do-tema-e-lema-da-campanha-da-fraternidade-ecumenica-2021.html#breadcrumb\",\"itemListElement\":[{\"@type\":\"ListItem\",\"position\":1,\"name\":\"Home\",\"item\":\"https:\/\/franciscanos.org.br\/noticias\"},{\"@type\":\"ListItem\",\"position\":2,\"name\":\"CONIC realiza consulta nacional para sugest\u00f5es do tema e lema da CF ecum\u00eanica em 2021\"}]},{\"@type\":\"Person\",\"@id\":\"https:\/\/franciscanos.org.br\/noticias\/#\/schema\/person\/b5c8cba458c330ccff548b056e95a5d4\",\"name\":\"moacir\",\"image\":{\"@type\":\"ImageObject\",\"inLanguage\":\"pt-BR\",\"@id\":\"https:\/\/franciscanos.org.br\/noticias\/#\/schema\/person\/image\/\",\"url\":\"https:\/\/secure.gravatar.com\/avatar\/d08aa2ce4c8dd416d4479aa8536fcf64?s=96&d=mm&r=g\",\"contentUrl\":\"https:\/\/secure.gravatar.com\/avatar\/d08aa2ce4c8dd416d4479aa8536fcf64?s=96&d=mm&r=g\",\"caption\":\"moacir\"},\"url\":\"https:\/\/franciscanos.org.br\/noticias\/author\/moacir\"}]}<\/script>\n<!-- \/ Yoast SEO plugin. -->","yoast_head_json":{"title":"CONIC realiza consulta nacional para sugest\u00f5es do tema e lema da CF ecum\u00eanica em 2021 - Not\u00edcias - Franciscanos","robots":{"index":"index","follow":"follow","max-snippet":"max-snippet:-1","max-image-preview":"max-image-preview:large","max-video-preview":"max-video-preview:-1"},"canonical":"https:\/\/franciscanos.org.br\/noticias\/participe-da-consulta-do-tema-e-lema-da-campanha-da-fraternidade-ecumenica-2021.html","og_locale":"pt_BR","og_type":"article","og_title":"CONIC realiza consulta nacional para sugest\u00f5es do tema e lema da CF ecum\u00eanica em 2021 - Not\u00edcias - Franciscanos","og_description":"Conselho Nacional de Igrejas Crist\u00e3s do Brasil","og_url":"https:\/\/franciscanos.org.br\/noticias\/participe-da-consulta-do-tema-e-lema-da-campanha-da-fraternidade-ecumenica-2021.html","og_site_name":"Not\u00edcias - Franciscanos","article_published_time":"2019-10-10T10:30:21+00:00","article_modified_time":"2019-10-10T10:44:16+00:00","og_image":[{"width":273,"height":181,"url":"https:\/\/franciscanos.org.br\/noticias\/wp-content\/uploads\/2019\/10\/cfe_2021d.jpg","type":"image\/jpeg"}],"author":"moacir","twitter_card":"summary_large_image","twitter_misc":{"Escrito por":"moacir","Est. tempo de leitura":"2 minutos"},"schema":{"@context":"https:\/\/schema.org","@graph":[{"@type":"WebSite","@id":"https:\/\/franciscanos.org.br\/noticias\/#website","url":"https:\/\/franciscanos.org.br\/noticias\/","name":"Not\u00edcias - Franciscanos","description":"Prov\u00edncia Franciscana da Imaculada Concei\u00e7\u00e3o do Brasil - Ordem dos Frades Menores - OFM","potentialAction":[{"@type":"SearchAction","target":{"@type":"EntryPoint","urlTemplate":"https:\/\/franciscanos.org.br\/noticias\/?s={search_term_string}"},"query-input":"required name=search_term_string"}],"inLanguage":"pt-BR"},{"@type":"ImageObject","inLanguage":"pt-BR","@id":"https:\/\/franciscanos.org.br\/noticias\/participe-da-consulta-do-tema-e-lema-da-campanha-da-fraternidade-ecumenica-2021.html#primaryimage","url":"https:\/\/franciscanos.org.br\/noticias\/wp-content\/uploads\/2019\/10\/cfe_2021d.jpg","contentUrl":"https:\/\/franciscanos.org.br\/noticias\/wp-content\/uploads\/2019\/10\/cfe_2021d.jpg","width":273,"height":181},{"@type":"WebPage","@id":"https:\/\/franciscanos.org.br\/noticias\/participe-da-consulta-do-tema-e-lema-da-campanha-da-fraternidade-ecumenica-2021.html#webpage","url":"https:\/\/franciscanos.org.br\/noticias\/participe-da-consulta-do-tema-e-lema-da-campanha-da-fraternidade-ecumenica-2021.html","name":"CONIC realiza consulta nacional para sugest\u00f5es do tema e lema da CF ecum\u00eanica em 2021 - Not\u00edcias - Franciscanos","isPartOf":{"@id":"https:\/\/franciscanos.org.br\/noticias\/#website"},"primaryImageOfPage":{"@id":"https:\/\/franciscanos.org.br\/noticias\/participe-da-consulta-do-tema-e-lema-da-campanha-da-fraternidade-ecumenica-2021.html#primaryimage"},"datePublished":"2019-10-10T10:30:21+00:00","dateModified":"2019-10-10T10:44:16+00:00","author":{"@id":"https:\/\/franciscanos.org.br\/noticias\/#\/schema\/person\/b5c8cba458c330ccff548b056e95a5d4"},"breadcrumb":{"@id":"https:\/\/franciscanos.org.br\/noticias\/participe-da-consulta-do-tema-e-lema-da-campanha-da-fraternidade-ecumenica-2021.html#breadcrumb"},"inLanguage":"pt-BR","potentialAction":[{"@type":"ReadAction","target":["https:\/\/franciscanos.org.br\/noticias\/participe-da-consulta-do-tema-e-lema-da-campanha-da-fraternidade-ecumenica-2021.html"]}]},{"@type":"BreadcrumbList","@id":"https:\/\/franciscanos.org.br\/noticias\/participe-da-consulta-do-tema-e-lema-da-campanha-da-fraternidade-ecumenica-2021.html#breadcrumb","itemListElement":[{"@type":"ListItem","position":1,"name":"Home","item":"https:\/\/franciscanos.org.br\/noticias"},{"@type":"ListItem","position":2,"name":"CONIC realiza consulta nacional para sugest\u00f5es do tema e lema da CF ecum\u00eanica em 2021"}]},{"@type":"Person","@id":"https:\/\/franciscanos.org.br\/noticias\/#\/schema\/person\/b5c8cba458c330ccff548b056e95a5d4","name":"moacir","image":{"@type":"ImageObject","inLanguage":"pt-BR","@id":"https:\/\/franciscanos.org.br\/noticias\/#\/schema\/person\/image\/","url":"https:\/\/secure.gravatar.com\/avatar\/d08aa2ce4c8dd416d4479aa8536fcf64?s=96&d=mm&r=g","contentUrl":"https:\/\/secure.gravatar.com\/avatar\/d08aa2ce4c8dd416d4479aa8536fcf64?s=96&d=mm&r=g","caption":"moacir"},"url":"https:\/\/franciscanos.org.br\/noticias\/author\/moacir"}]}},"_links":{"self":[{"href":"https:\/\/franciscanos.org.br\/noticias\/wp-json\/wp\/v2\/posts\/212358"}],"collection":[{"href":"https:\/\/franciscanos.org.br\/noticias\/wp-json\/wp\/v2\/posts"}],"about":[{"href":"https:\/\/franciscanos.org.br\/noticias\/wp-json\/wp\/v2\/types\/post"}],"author":[{"embeddable":true,"href":"https:\/\/franciscanos.org.br\/noticias\/wp-json\/wp\/v2\/users\/3"}],"replies":[{"embeddable":true,"href":"https:\/\/franciscanos.org.br\/noticias\/wp-json\/wp\/v2\/comments?post=212358"}],"version-history":[{"count":0,"href":"https:\/\/franciscanos.org.br\/noticias\/wp-json\/wp\/v2\/posts\/212358\/revisions"}],"wp:featuredmedia":[{"embeddable":true,"href":"https:\/\/franciscanos.org.br\/noticias\/wp-json\/wp\/v2\/media\/212360"}],"wp:attachment":[{"href":"https:\/\/franciscanos.org.br\/noticias\/wp-json\/wp\/v2\/media?parent=212358"}],"wp:term":[{"taxonomy":"category","embeddable":true,"href":"https:\/\/franciscanos.org.br\/noticias\/wp-json\/wp\/v2\/categories?post=212358"},{"taxonomy":"post_tag","embeddable":true,"href":"https:\/\/franciscanos.org.br\/noticias\/wp-json\/wp\/v2\/tags?post=212358"}],"curies":[{"name":"wp","href":"https:\/\/api.w.org\/{rel}","templated":true}]}}