{"id":212354,"date":"2019-10-10T07:14:22","date_gmt":"2019-10-10T10:14:22","guid":{"rendered":"https:\/\/franciscanos.org.br\/noticias\/?p=212354"},"modified":"2020-06-05T16:24:30","modified_gmt":"2020-06-05T19:24:30","slug":"diaconato-feminino-e-colapso-da-floresta-amazonia","status":"publish","type":"post","link":"https:\/\/franciscanos.org.br\/noticias\/diaconato-feminino-e-colapso-da-floresta-amazonia.html","title":{"rendered":"Diaconato feminino e colapso da Floresta Amaz\u00f4nia"},"content":{"rendered":"<p>&nbsp;<\/p>\n<p><img loading=\"lazy\" class=\"alignnone size-full wp-image-224338\" src=\"https:\/\/franciscanos.org.br\/noticias\/wp-content\/uploads\/2019\/10\/amazonia_06.jpg\" alt=\"\" width=\"1000\" height=\"563\" srcset=\"https:\/\/franciscanos.org.br\/noticias\/wp-content\/uploads\/2019\/10\/amazonia_06.jpg 1000w, https:\/\/franciscanos.org.br\/noticias\/wp-content\/uploads\/2019\/10\/amazonia_06-450x253.jpg 450w, https:\/\/franciscanos.org.br\/noticias\/wp-content\/uploads\/2019\/10\/amazonia_06-768x432.jpg 768w, https:\/\/franciscanos.org.br\/noticias\/wp-content\/uploads\/2019\/10\/amazonia_06-150x84.jpg 150w\" sizes=\"(max-width: 1000px) 100vw, 1000px\" \/><\/p>\n<p>O grito de alarme da ci\u00eancia, que atrav\u00e9s do pr\u00eamio Nobel da Paz 2007 Carlos Alfonso Nobre recorda que estamos muito pr\u00f3ximos de um colapso da Floresta amaz\u00f4nica, e o grito da Igreja, representada pelo bispo em\u00e9rito da Prelazia do Xingu \u2013 PA, Dom Erwin Kr\u00e4utler, que denuncia que a central hidrel\u00e9trica de Belo Monte, a terceira maior do mundo, \u00e9 uma agress\u00e3o a todo o ecossistema, ressoaram com for\u00e7a na Sala de Imprensa da Santa S\u00e9 durante a 3\u00aa coletiva do S\u00ednodo dos Bispos para a Amaz\u00f4nia.<\/p>\n<p>Pouco antes, sintetizando os trabalhos da 5\u00aa Congrega\u00e7\u00e3o Geral, realizada na manh\u00e3 desta quarta-feira (09\/10), o prefeito do Dicast\u00e9rio para a Comunica\u00e7\u00e3o, Paolo Ruffini, ressaltou que alguns padres sinodais falaram de \u201cecoc\u00eddio\u201d e de pecados ecol\u00f3gicos contra a cria\u00e7\u00e3o e sobre a harmonia da Cria\u00e7\u00e3o, que deveriam ser reconhecidos e confessados, porque \u201cpecados contra Deus, contra o pr\u00f3ximo e as futuras gera\u00e7\u00f5es\u201d.<\/p>\n<p><strong>Kr\u00e4utler, a Eucaristia \u00e9 uma obriga\u00e7\u00e3o<\/strong><br \/>\nO octogen\u00e1rio bispo Erwin Kr\u00e4utler, origin\u00e1rio da \u00c1ustria, que vive na Floresta amaz\u00f4nica desde quando tinha 26 anos, e h\u00e1 30 anos vive com a prote\u00e7\u00e3o de guarda-costas porque apoia os ind\u00edgenas e defende a floresta, recordou que o Papa, ao anunciar o S\u00ednodo, \u201cpediu uma aten\u00e7\u00e3o especial para com os povos ind\u00edgenas, que est\u00e3o em risco\u201d.<\/p>\n<p>Perguntado sobre a proposta da ordena\u00e7\u00e3o de homens casados, Dom Kr\u00e4utler ressaltou que milhares de comunidades, na Amaz\u00f4nia, recebem a Eucaristia uma ou duas vezes por ano \u201ce a Eucaristia \u00e9 fundamental para o crist\u00e3o\u201d.<\/p>\n<p>\u201cQueremos que estes irm\u00e3os n\u00e3o tenham somente a Palavra, mas tamb\u00e9m a Eucaristia, prosseguiu o bispo. H\u00e1 o risco de se colocar o celibato acima da Eucaristia. Mas o Senhor, na \u00daltima Ceia, disse: \u2018Fazei isso em minha mem\u00f3ria\u2019. Portanto, a Eucaristia \u00e9 uma obriga\u00e7\u00e3o para n\u00f3s\u201d.<\/p>\n<p><strong>\u00c9 preciso presen\u00e7a est\u00e1vel nas comunidades isoladas<\/strong><br \/>\nRecordemos, acrescentou, que \u201cdois ter\u00e7os destas comunidades crist\u00e3s sem sacerdotes s\u00e3o coordenadas por mulheres! Fala-se tanto na valoriza\u00e7\u00e3o da mulher, mas precisamos de coisas concretas. Estamos pensando no diaconato feminino, por que n\u00e3o? \u2013 e esse \u00e9 um tema do S\u00ednodo\u201d.<\/p>\n<p>A emigra\u00e7\u00e3o rural provocou um incha\u00e7o nas cidades de modo antinatural, comentou Dom Kr\u00e4utler respondendo a outra pergunta, \u201ce hoje para a Igreja o desafio \u00e9 conseguir alcan\u00e7ar todo esse povo. As Igrejas pentecostais chegaram antes de n\u00f3s, e n\u00f3s n\u00e3o estamos presentes devido a falta de sacerdotes, ou de religiosos e religiosas. N\u00e3o basta visitar uma comunidade, a Igreja deve estar sempre presente, com a celebra\u00e7\u00e3o da Eucaristia e a administra\u00e7\u00e3o dos sacramentos\u201d.<\/p>\n<p><strong>Nobre: a floresta pr\u00f3xima do ponto de n\u00e3o-retorno<\/strong><br \/>\nAntes dele, o brasileiro Carlos Alfonso Nobre, pr\u00eamio Nobel da Paz 2007, climatologista, um dos maiores especialistas em aquecimento global, que estuda a Amaz\u00f4nia h\u00e1 40 anos, sintetizou os temas de um documento realizado exclusivamente para o S\u00ednodo.<\/p>\n<p>Ele recordou que a Amaz\u00f4nia \u00e9 o cora\u00e7\u00e3o ecol\u00f3gico do planeta, com um s\u00f3cio e biodiversidade imensa. Mas, denunciou, \u201cestamos muito pr\u00f3ximos do colapso da Floresta amaz\u00f4nica, a ci\u00eancia diz isso com rigor absoluto. Como diz a <em>Laudato si\u2019,<\/em> a Casa Comum est\u00e1 perto de desmoronar\u201d.<\/p>\n<p>Se se chegar a destruir 20-25% da floresta, foi o alarme de Nobre, \u201cpouco depois a savana cobrir\u00e1 60% da \u00e1rea. A floresta est\u00e1 hoje destru\u00edda em 15%. Estamos pr\u00f3ximos do ponto de n\u00e3o-retorno\u201d.<\/p>\n<p><strong>A ajuda pode vir da tecnologia e da bioeconomia<\/strong><br \/>\nO que fazer? Perguntou-se o cientista brasileiro. \u201cAs tecnologias podem ajudar a encontrar solu\u00e7\u00f5es, se n\u00e3o forem utilizadas para a explora\u00e7\u00e3o indiscriminada dos recursos naturais\u201d, explicou.<\/p>\n<p>A tecnologia pode dar mais poder \u00e0s popula\u00e7\u00f5es, \u201cgra\u00e7as \u00e0 bioeconomia, a um novo modelo de economia sustent\u00e1vel, descentrada, auxiliada por energia proveniente de fontes renov\u00e1veis, que respeitem a qualidade de vida das comunidades. Para que a Amaz\u00f4nia possa continuar sendo a floresta que \u00e9 h\u00e1 30 milh\u00f5es de anos\u201d.<\/p>\n<p><strong>Irm\u00e3 Celia Vieira: respeitar povos que escolhem viver isolados<\/strong><br \/>\nTamb\u00e9m Irm\u00e3 Celia Guimar\u00e3es Vieira, ecologista brasileira membro da Comiss\u00e3o nacional para o Meio-ambiente \u2013 Conama \u2013, no S\u00ednodo na qualidade de especialista, que h\u00e1 30 anos estuda a biodiversidade da Amaz\u00f4nia, falou na Sala de Imprensa da Santa S\u00e9. Ela abordou a quest\u00e3o dos povos isolados.<\/p>\n<p>\u201c\u00c9 importante assegurar o territ\u00f3rio a estes povos e respeitar o tipo de isolamento que escolheram. H\u00e1 114 povos isolados no Brasil j\u00e1 reconhecidos e 28 confirmados\u201d, ressaltou a religiosa. E agradeceu ao Papa e aos padres sinodais por terem colocado no centro dos trabalhos o tema da ecologia integral, \u201cmuito apreciado por n\u00f3s brasileiros\u201d, disse.<\/p>\n<hr \/>\n<p>O narcotr\u00e1fico e as suas consequ\u00eancias: este foi o tema de um dos pronunciamentos feitos \u00e0 na Sala do S\u00ednodo, durante a 6\u00b0 Congrega\u00e7\u00e3o geral.<\/p>\n<p>Em algumas regi\u00f5es da pan-amaz\u00f4nia, o cultivo de coca passou de 12 a 23 mil hectares, com efeitos devastadores devido ao aumento da criminalidade e do desequil\u00edbrio natural do territ\u00f3rio, sempre mais desertificado. Tamb\u00e9m a constru\u00e7\u00e3o de centrais hidrel\u00e9tricas, que comporta o desflorestamento de amplas reservas ambientais ricas de biodiversidade, assim como os inc\u00eandios autorizados que destroem milh\u00f5es de hectares de terreno, t\u00eam um impacto muito forte sobre o meio ambiente de algumas regi\u00f5es, alterando o ecossistema.<\/p>\n<p>Por isso, \u00e9 necess\u00e1rio um chamado \u00e0 convers\u00e3o ecol\u00f3gica: a Igreja \u2013 se afirmou na Sala \u2013 deve ser uma voz prof\u00e9tica para que o tema da ecologia integral entre na agenda dos organismos internacionais.<\/p>\n<p><strong>Incultura\u00e7\u00e3o e evangeliza\u00e7\u00e3o<\/strong><br \/>\nNos demais pronunciamentos dos padres sinodais, se voltou a refletir sobre o equil\u00edbrio entre incultura\u00e7\u00e3o e evangeliza\u00e7\u00e3o e se convidou a olhar para o exemplo de Jesus, t\u00e3o eloquente. A pr\u00f3pria encarna\u00e7\u00e3o, de fato, \u00e9 o maior sinal de incultura\u00e7\u00e3o, porque o Verbo de Deus assumiu a natureza humana para tornar-se vis\u00edvel no seu amor. E esta \u00e9 a tarefa da Igreja, chamada a se encarnar na vida concreta das pessoas, assim como fizeram os mission\u00e1rios na Amaz\u00f4nia.<\/p>\n<p><strong>A sinodalidade mission\u00e1ria<\/strong><br \/>\nEm um pronunciamentos, em especial, se expressou a ideia de que a Amaz\u00f4nia se torne um laborat\u00f3rio permanente de sinodalidade mission\u00e1ria, seja pelo bem dos povos que vivem na regi\u00e3o, seja pelo bem da Igreja. Destacou-se a import\u00e2ncia da interculturalidade e da valoriza\u00e7\u00e3o das culturas e das popula\u00e7\u00f5es origin\u00e1rias, cuja cosmovis\u00e3o ajuda no cuidado da casa comum.<\/p>\n<p><strong>A dificuldade de voca\u00e7\u00e3o e a via dos viri probati<\/strong><br \/>\nSempre a prop\u00f3sito de evangeliza\u00e7\u00e3o, falou-se da dificuldade de voca\u00e7\u00f5es sacerdotais e religiosas e se debateu sobre a via dos viri probati: esta, foi dito num pronunciamento, poderia diminuir o \u00edmpeto dos sacerdotes de sair de um continente ao outro e tamb\u00e9m de uma diocese a outra. O sacerdote, de fato, n\u00e3o \u00e9 \u201cda comunidade\u201d, mas \u201cda Igreja\u201d e, enquanto tal, pode ser \u201cde qualquer comunidade\u201d. Outra interven\u00e7\u00e3o destacou que n\u00e3o s\u00e3o necess\u00e1rios minist\u00e9rios do sagrado, mas diaconias da f\u00e9. Foi reiterada ainda a necessidade de uma maior e melhor forma\u00e7\u00e3o para os presb\u00edteros, assim como foi pedida uma valoriza\u00e7\u00e3o, distante do clericalismo, das responsabilidades dos leigos.<\/p>\n<p><strong>A religiosidade popular<\/strong><br \/>\nOutro pronunciamento foi sobre o tema da religiosidade popular, aspecto da evangeliza\u00e7\u00e3o diante do qual n\u00e3o se pode permanecer indiferentes: esta \u00e9 uma caracter\u00edstica fundamental dos povos da Amaz\u00f4nia e, portanto, \u00e9 preciso cuidar dela, enquanto tesouro no qual resplandece Jesus Cristo. Eis ent\u00e3o a ideia de que as manifesta\u00e7\u00f5es de religiosidade popular sejam sempre mais acompanhadas, promovidas e valorizadas pela Igreja.<\/p>\n<p><strong>A teologia da cria\u00e7\u00e3o<\/strong><br \/>\nO olhar da Sala sinodal se alargou tamb\u00e9m para a teologia da cria\u00e7\u00e3o, na qual reside a Palavra de Deus \u00e0 humanidade. Os padres refletiram sobre a import\u00e2ncia de um maior di\u00e1logo entre esta teologia e as ci\u00eancias positivas, porque esquecer a cria\u00e7\u00e3o significaria esquecer o pr\u00f3prio Criador. Foi dado espa\u00e7o tamb\u00e9m para o tema da defesa dos direitos dos povos origin\u00e1rios da Amaz\u00f4nia: o di\u00e1logo com eles, foi dito na Sala, \u00e9 importante e ajuda a valoriz\u00e1-los como dignos interlocutores, dotados da capacidade de se autodeterminar. Al\u00e9m disso, deve ser reservada uma aten\u00e7\u00e3o especial ao cuidado pastoral dos jovens ind\u00edgenas, divididos entre os conhecimentos tradicionais e aqueles ocidentais.<\/p>\n<p><strong>O papel da mulher na Igreja e na sociedade<\/strong><br \/>\nNa 6\u00aa Congrega\u00e7\u00e3o tomaram a palavra ainda alguns auditores, delegados fraternos e convidados especiais: em especial, se exortou a promover o papel da mulher, a valorizar a sua lideran\u00e7a dentro da fam\u00edlia, da sociedade e da Igreja. A mulher \u00e9 guardi\u00e3 da vida, evangelizadora, artes\u00e3 de esperan\u00e7a \u2013 foi dito na Sala \u2013, \u00e9 a brisa suave de Deus, o rosto materno e misericordioso da Igreja. \u00c9 importante, portanto, reconhecer o estilo do an\u00fancio do Evangelho levado avante pelas mulheres amaz\u00f4nicas, muitas vezes silenciosas, mas muito part\u00edcipes na sociedade. E \u00e9 preciso refor\u00e7ar \u2013 falou-se ainda \u2013 uma sinodalidade de g\u00eanero na Igreja.<\/p>\n<p><strong>O di\u00e1logo inter-religioso e ecum\u00eanico<\/strong><br \/>\nA Sala do S\u00ednodo refletiu ainda sobre a import\u00e2ncia do di\u00e1logo inter-religioso, daquele que investe na confian\u00e7a e v\u00ea as diferen\u00e7as como uma oportunidade, distante da coloniza\u00e7\u00e3o religiosa e pr\u00f3ximo \u00e0 escuta e \u00e0 consci\u00eancia da alteridade. Olhou-se tamb\u00e9m para o di\u00e1logo ecum\u00eanico, evidenciando a import\u00e2ncia de um caminho comum para a prote\u00e7\u00e3o dos direitos das popula\u00e7\u00f5es ind\u00edgenas, muitas vezes v\u00edtimas de viol\u00eancia, e dos territ\u00f3rios amaz\u00f4nicos destru\u00eddos por m\u00e9todos extrativistas predat\u00f3rios ou por cultivos ven\u00e9ficos. Um an\u00fancio comum do Evangelho pode ser um modo para combater esses crimes horrendos. Os crist\u00e3os \u2013 se acrescentou \u2013 n\u00e3o podem calar diante das viol\u00eancias e das injusti\u00e7as que sofrem a Amaz\u00f4nia e os seus povos: anunciar o amor de Deus nos \u00e2ngulos mais remotos da regi\u00e3o significa denunciar todas as formas de opress\u00e3o sobre a beleza da Cria\u00e7\u00e3o.<\/p>\n<p><strong>Amaz\u00f4nia, lugar concreto que diz respeito a todos<\/strong><br \/>\nA Amaz\u00f4nia \u00e9 um local concreto \u2013 acrescentou-se \u2013 em que se manifestam muitos desafios globais do nosso tempo, desafios que dizem respeito a todos. Os sofrimentos dos povos amaz\u00f4nicos, de fato, derivam de um estilo de vida \u201cimperial\u201d, em que a vida \u00e9 considerada simples mercadoria e as desigualdades acabam por ser sempre mais refor\u00e7adas. Ao inv\u00e9s, os povos ind\u00edgenas podem ajudar a compreender a interconex\u00e3o das coisas: a coopera\u00e7\u00e3o em n\u00edvel mundial \u00e9 poss\u00edvel e \u00e9 urgente.<\/p>\n<p><strong>O exemplo do Papa<\/strong><br \/>\nNo in\u00edcio dos livres pronunciamentos, tamb\u00e9m o Papa quis contribuir para a releitura do caminho percorrido at\u00e9 agora, destacando o que mais impressionou daquilo que ouviu. Francisco, que abriu os trabalhos rezando pelos \u201cirm\u00e3os judeus\u201d no dia do Yom Kippur, no final da Congrega\u00e7\u00e3o recordou na ora\u00e7\u00e3o tamb\u00e9m as v\u00edtimas do atentado contra a sinagoga de Halle, na Alemanha.<\/p>\n<p><strong>A ora\u00e7\u00e3o do Papa pelo atentado perto de sinagoga na Alemanha<\/strong><\/p>\n<p>O Papa Francisco abriu e fechou os trabalhos da sexta Congrega\u00e7\u00e3o Geral do S\u00ednodo Amaz\u00f4nico na tarde desta quarta-feira (9) rezando pelos \u201cirm\u00e3os judeus\u201d. Na abertura, lembrou do Dia do Perd\u00e3o celebrado pela comunidade judaica, uma festa religiosa chamada de Yom Kippur. J\u00e1 no encerramento, o Pont\u00edfice recordou em ora\u00e7\u00e3o as v\u00edtimas do atentado contra a sinagoga de Halle, no leste da Alemanha.<\/p>\n<p>Duas pessoas foram mortas e v\u00e1rias ficaram feridas no tiroteio desta quarta-feira (9), e um suspeito j\u00e1 foi preso. O atentado aconteceu perto da sinagoga onde acontecia a festa religiosa judaica com a reuni\u00e3o de cerca de 80 fi\u00e9is.<\/p>\n<p>Segundo o l\u00edder da comunidade, teria sido o pr\u00f3prio servi\u00e7o de seguran\u00e7a do local a impedir o ingresso dos dois autores do atentado no lugar sagrado, enquanto uma explos\u00e3o num cemit\u00e9rio judeu pr\u00f3ximo da sinagoga fazia a primeira v\u00edtima. A segunda pessoa que morreu, que tamb\u00e9m n\u00e3o era de origem judaica, estava num restaurante que vende kebabs \u2013 um prato t\u00edpico do Oriente M\u00e9dico \u2013 n\u00e3o muito distante do local sagrado. O homem que usou um fuzil em dire\u00e7\u00e3o ao neg\u00f3cio que estava lotado, vestia roupa de combate.<\/p>\n<p>Logo em seguida, mais tiros, mas a 15 km de Halle, em Landsberg, at\u00e9 que n\u00e3o foi divulgada a not\u00edcia do primeiro suspeito preso, um neonazista de 27 anos. A pol\u00edcia continua em estado de alerta naquela regi\u00e3o.<\/p>\n<hr \/>\n<p><em>Fonte: Vatican News<\/em><\/p>\n","protected":false},"excerpt":{"rendered":"<p>S\u00ednodo para a Amaz\u00f4nia<\/p>\n","protected":false},"author":3,"featured_media":224339,"comment_status":"open","ping_status":"open","sticky":false,"template":"","format":"standard","meta":[],"categories":[1428],"tags":[1535],"acf":[],"yoast_head":"<!-- This site is optimized with the Yoast SEO plugin v19.2 - https:\/\/yoast.com\/wordpress\/plugins\/seo\/ -->\n<title>Diaconato feminino e colapso da Floresta Amaz\u00f4nia - Not\u00edcias - Franciscanos<\/title>\n<meta name=\"robots\" content=\"index, follow, max-snippet:-1, max-image-preview:large, max-video-preview:-1\" \/>\n<link rel=\"canonical\" href=\"https:\/\/franciscanos.org.br\/noticias\/diaconato-feminino-e-colapso-da-floresta-amazonia.html\" \/>\n<meta property=\"og:locale\" content=\"pt_BR\" \/>\n<meta property=\"og:type\" content=\"article\" \/>\n<meta property=\"og:title\" content=\"Diaconato feminino e colapso da Floresta Amaz\u00f4nia - Not\u00edcias - Franciscanos\" \/>\n<meta property=\"og:description\" content=\"S\u00ednodo para a Amaz\u00f4nia\" \/>\n<meta property=\"og:url\" content=\"https:\/\/franciscanos.org.br\/noticias\/diaconato-feminino-e-colapso-da-floresta-amazonia.html\" \/>\n<meta property=\"og:site_name\" content=\"Not\u00edcias - Franciscanos\" \/>\n<meta property=\"article:published_time\" content=\"2019-10-10T10:14:22+00:00\" \/>\n<meta property=\"article:modified_time\" content=\"2020-06-05T19:24:30+00:00\" \/>\n<meta property=\"og:image\" content=\"https:\/\/franciscanos.org.br\/noticias\/wp-content\/uploads\/2019\/10\/amazonia_06d.jpg\" \/>\n\t<meta property=\"og:image:width\" content=\"800\" \/>\n\t<meta property=\"og:image:height\" content=\"601\" \/>\n\t<meta property=\"og:image:type\" content=\"image\/jpeg\" \/>\n<meta name=\"author\" content=\"moacir\" \/>\n<meta name=\"twitter:card\" content=\"summary_large_image\" \/>\n<meta name=\"twitter:label1\" content=\"Escrito por\" \/>\n\t<meta name=\"twitter:data1\" content=\"moacir\" \/>\n\t<meta name=\"twitter:label2\" content=\"Est. tempo de leitura\" \/>\n\t<meta name=\"twitter:data2\" content=\"11 minutos\" \/>\n<script type=\"application\/ld+json\" class=\"yoast-schema-graph\">{\"@context\":\"https:\/\/schema.org\",\"@graph\":[{\"@type\":\"WebSite\",\"@id\":\"https:\/\/franciscanos.org.br\/noticias\/#website\",\"url\":\"https:\/\/franciscanos.org.br\/noticias\/\",\"name\":\"Not\u00edcias - Franciscanos\",\"description\":\"Prov\u00edncia Franciscana da Imaculada Concei\u00e7\u00e3o do Brasil - Ordem dos Frades Menores - OFM\",\"potentialAction\":[{\"@type\":\"SearchAction\",\"target\":{\"@type\":\"EntryPoint\",\"urlTemplate\":\"https:\/\/franciscanos.org.br\/noticias\/?s={search_term_string}\"},\"query-input\":\"required name=search_term_string\"}],\"inLanguage\":\"pt-BR\"},{\"@type\":\"ImageObject\",\"inLanguage\":\"pt-BR\",\"@id\":\"https:\/\/franciscanos.org.br\/noticias\/diaconato-feminino-e-colapso-da-floresta-amazonia.html#primaryimage\",\"url\":\"https:\/\/franciscanos.org.br\/noticias\/wp-content\/uploads\/2019\/10\/amazonia_06d.jpg\",\"contentUrl\":\"https:\/\/franciscanos.org.br\/noticias\/wp-content\/uploads\/2019\/10\/amazonia_06d.jpg\",\"width\":800,\"height\":601},{\"@type\":\"WebPage\",\"@id\":\"https:\/\/franciscanos.org.br\/noticias\/diaconato-feminino-e-colapso-da-floresta-amazonia.html#webpage\",\"url\":\"https:\/\/franciscanos.org.br\/noticias\/diaconato-feminino-e-colapso-da-floresta-amazonia.html\",\"name\":\"Diaconato feminino e colapso da Floresta Amaz\u00f4nia - Not\u00edcias - Franciscanos\",\"isPartOf\":{\"@id\":\"https:\/\/franciscanos.org.br\/noticias\/#website\"},\"primaryImageOfPage\":{\"@id\":\"https:\/\/franciscanos.org.br\/noticias\/diaconato-feminino-e-colapso-da-floresta-amazonia.html#primaryimage\"},\"datePublished\":\"2019-10-10T10:14:22+00:00\",\"dateModified\":\"2020-06-05T19:24:30+00:00\",\"author\":{\"@id\":\"https:\/\/franciscanos.org.br\/noticias\/#\/schema\/person\/b5c8cba458c330ccff548b056e95a5d4\"},\"breadcrumb\":{\"@id\":\"https:\/\/franciscanos.org.br\/noticias\/diaconato-feminino-e-colapso-da-floresta-amazonia.html#breadcrumb\"},\"inLanguage\":\"pt-BR\",\"potentialAction\":[{\"@type\":\"ReadAction\",\"target\":[\"https:\/\/franciscanos.org.br\/noticias\/diaconato-feminino-e-colapso-da-floresta-amazonia.html\"]}]},{\"@type\":\"BreadcrumbList\",\"@id\":\"https:\/\/franciscanos.org.br\/noticias\/diaconato-feminino-e-colapso-da-floresta-amazonia.html#breadcrumb\",\"itemListElement\":[{\"@type\":\"ListItem\",\"position\":1,\"name\":\"Home\",\"item\":\"https:\/\/franciscanos.org.br\/noticias\"},{\"@type\":\"ListItem\",\"position\":2,\"name\":\"Diaconato feminino e colapso da Floresta Amaz\u00f4nia\"}]},{\"@type\":\"Person\",\"@id\":\"https:\/\/franciscanos.org.br\/noticias\/#\/schema\/person\/b5c8cba458c330ccff548b056e95a5d4\",\"name\":\"moacir\",\"image\":{\"@type\":\"ImageObject\",\"inLanguage\":\"pt-BR\",\"@id\":\"https:\/\/franciscanos.org.br\/noticias\/#\/schema\/person\/image\/\",\"url\":\"https:\/\/secure.gravatar.com\/avatar\/d08aa2ce4c8dd416d4479aa8536fcf64?s=96&d=mm&r=g\",\"contentUrl\":\"https:\/\/secure.gravatar.com\/avatar\/d08aa2ce4c8dd416d4479aa8536fcf64?s=96&d=mm&r=g\",\"caption\":\"moacir\"},\"url\":\"https:\/\/franciscanos.org.br\/noticias\/author\/moacir\"}]}<\/script>\n<!-- \/ Yoast SEO plugin. -->","yoast_head_json":{"title":"Diaconato feminino e colapso da Floresta Amaz\u00f4nia - Not\u00edcias - Franciscanos","robots":{"index":"index","follow":"follow","max-snippet":"max-snippet:-1","max-image-preview":"max-image-preview:large","max-video-preview":"max-video-preview:-1"},"canonical":"https:\/\/franciscanos.org.br\/noticias\/diaconato-feminino-e-colapso-da-floresta-amazonia.html","og_locale":"pt_BR","og_type":"article","og_title":"Diaconato feminino e colapso da Floresta Amaz\u00f4nia - Not\u00edcias - Franciscanos","og_description":"S\u00ednodo para a Amaz\u00f4nia","og_url":"https:\/\/franciscanos.org.br\/noticias\/diaconato-feminino-e-colapso-da-floresta-amazonia.html","og_site_name":"Not\u00edcias - Franciscanos","article_published_time":"2019-10-10T10:14:22+00:00","article_modified_time":"2020-06-05T19:24:30+00:00","og_image":[{"width":800,"height":601,"url":"https:\/\/franciscanos.org.br\/noticias\/wp-content\/uploads\/2019\/10\/amazonia_06d.jpg","type":"image\/jpeg"}],"author":"moacir","twitter_card":"summary_large_image","twitter_misc":{"Escrito por":"moacir","Est. tempo de leitura":"11 minutos"},"schema":{"@context":"https:\/\/schema.org","@graph":[{"@type":"WebSite","@id":"https:\/\/franciscanos.org.br\/noticias\/#website","url":"https:\/\/franciscanos.org.br\/noticias\/","name":"Not\u00edcias - Franciscanos","description":"Prov\u00edncia Franciscana da Imaculada Concei\u00e7\u00e3o do Brasil - Ordem dos Frades Menores - OFM","potentialAction":[{"@type":"SearchAction","target":{"@type":"EntryPoint","urlTemplate":"https:\/\/franciscanos.org.br\/noticias\/?s={search_term_string}"},"query-input":"required name=search_term_string"}],"inLanguage":"pt-BR"},{"@type":"ImageObject","inLanguage":"pt-BR","@id":"https:\/\/franciscanos.org.br\/noticias\/diaconato-feminino-e-colapso-da-floresta-amazonia.html#primaryimage","url":"https:\/\/franciscanos.org.br\/noticias\/wp-content\/uploads\/2019\/10\/amazonia_06d.jpg","contentUrl":"https:\/\/franciscanos.org.br\/noticias\/wp-content\/uploads\/2019\/10\/amazonia_06d.jpg","width":800,"height":601},{"@type":"WebPage","@id":"https:\/\/franciscanos.org.br\/noticias\/diaconato-feminino-e-colapso-da-floresta-amazonia.html#webpage","url":"https:\/\/franciscanos.org.br\/noticias\/diaconato-feminino-e-colapso-da-floresta-amazonia.html","name":"Diaconato feminino e colapso da Floresta Amaz\u00f4nia - Not\u00edcias - Franciscanos","isPartOf":{"@id":"https:\/\/franciscanos.org.br\/noticias\/#website"},"primaryImageOfPage":{"@id":"https:\/\/franciscanos.org.br\/noticias\/diaconato-feminino-e-colapso-da-floresta-amazonia.html#primaryimage"},"datePublished":"2019-10-10T10:14:22+00:00","dateModified":"2020-06-05T19:24:30+00:00","author":{"@id":"https:\/\/franciscanos.org.br\/noticias\/#\/schema\/person\/b5c8cba458c330ccff548b056e95a5d4"},"breadcrumb":{"@id":"https:\/\/franciscanos.org.br\/noticias\/diaconato-feminino-e-colapso-da-floresta-amazonia.html#breadcrumb"},"inLanguage":"pt-BR","potentialAction":[{"@type":"ReadAction","target":["https:\/\/franciscanos.org.br\/noticias\/diaconato-feminino-e-colapso-da-floresta-amazonia.html"]}]},{"@type":"BreadcrumbList","@id":"https:\/\/franciscanos.org.br\/noticias\/diaconato-feminino-e-colapso-da-floresta-amazonia.html#breadcrumb","itemListElement":[{"@type":"ListItem","position":1,"name":"Home","item":"https:\/\/franciscanos.org.br\/noticias"},{"@type":"ListItem","position":2,"name":"Diaconato feminino e colapso da Floresta Amaz\u00f4nia"}]},{"@type":"Person","@id":"https:\/\/franciscanos.org.br\/noticias\/#\/schema\/person\/b5c8cba458c330ccff548b056e95a5d4","name":"moacir","image":{"@type":"ImageObject","inLanguage":"pt-BR","@id":"https:\/\/franciscanos.org.br\/noticias\/#\/schema\/person\/image\/","url":"https:\/\/secure.gravatar.com\/avatar\/d08aa2ce4c8dd416d4479aa8536fcf64?s=96&d=mm&r=g","contentUrl":"https:\/\/secure.gravatar.com\/avatar\/d08aa2ce4c8dd416d4479aa8536fcf64?s=96&d=mm&r=g","caption":"moacir"},"url":"https:\/\/franciscanos.org.br\/noticias\/author\/moacir"}]}},"_links":{"self":[{"href":"https:\/\/franciscanos.org.br\/noticias\/wp-json\/wp\/v2\/posts\/212354"}],"collection":[{"href":"https:\/\/franciscanos.org.br\/noticias\/wp-json\/wp\/v2\/posts"}],"about":[{"href":"https:\/\/franciscanos.org.br\/noticias\/wp-json\/wp\/v2\/types\/post"}],"author":[{"embeddable":true,"href":"https:\/\/franciscanos.org.br\/noticias\/wp-json\/wp\/v2\/users\/3"}],"replies":[{"embeddable":true,"href":"https:\/\/franciscanos.org.br\/noticias\/wp-json\/wp\/v2\/comments?post=212354"}],"version-history":[{"count":1,"href":"https:\/\/franciscanos.org.br\/noticias\/wp-json\/wp\/v2\/posts\/212354\/revisions"}],"predecessor-version":[{"id":224340,"href":"https:\/\/franciscanos.org.br\/noticias\/wp-json\/wp\/v2\/posts\/212354\/revisions\/224340"}],"wp:featuredmedia":[{"embeddable":true,"href":"https:\/\/franciscanos.org.br\/noticias\/wp-json\/wp\/v2\/media\/224339"}],"wp:attachment":[{"href":"https:\/\/franciscanos.org.br\/noticias\/wp-json\/wp\/v2\/media?parent=212354"}],"wp:term":[{"taxonomy":"category","embeddable":true,"href":"https:\/\/franciscanos.org.br\/noticias\/wp-json\/wp\/v2\/categories?post=212354"},{"taxonomy":"post_tag","embeddable":true,"href":"https:\/\/franciscanos.org.br\/noticias\/wp-json\/wp\/v2\/tags?post=212354"}],"curies":[{"name":"wp","href":"https:\/\/api.w.org\/{rel}","templated":true}]}}