{"id":212329,"date":"2020-01-27T13:29:36","date_gmt":"2020-01-27T16:29:36","guid":{"rendered":"https:\/\/franciscanos.org.br\/noticias\/?p=212329"},"modified":"2020-01-29T06:24:08","modified_gmt":"2020-01-29T09:24:08","slug":"ciro-barcelos-leva-auto-de-sao-francisco-para-as-missoes-franciscanas-da-juventude","status":"publish","type":"post","link":"https:\/\/franciscanos.org.br\/noticias\/ciro-barcelos-leva-auto-de-sao-francisco-para-as-missoes-franciscanas-da-juventude.html","title":{"rendered":"Ciro Barcelos apresenta o &#8220;Auto de S\u00e3o Francisco&#8221; nas Miss\u00f5es Franciscanas da Juventude"},"content":{"rendered":"<p><img loading=\"lazy\" class=\"aligncenter size-full wp-image-216781\" src=\"https:\/\/franciscanos.org.br\/noticias\/wp-content\/uploads\/2020\/01\/barcelos.jpg\" alt=\"\" width=\"890\" height=\"600\" srcset=\"https:\/\/franciscanos.org.br\/noticias\/wp-content\/uploads\/2020\/01\/barcelos.jpg 890w, https:\/\/franciscanos.org.br\/noticias\/wp-content\/uploads\/2020\/01\/barcelos-450x303.jpg 450w, https:\/\/franciscanos.org.br\/noticias\/wp-content\/uploads\/2020\/01\/barcelos-768x518.jpg 768w, https:\/\/franciscanos.org.br\/noticias\/wp-content\/uploads\/2020\/01\/barcelos-150x101.jpg 150w\" sizes=\"(max-width: 890px) 100vw, 890px\" \/><\/p>\n<p><strong>Xaxim (SC)<\/strong> &#8211; O ator, bailarino, core\u00f3grafo e encenador Ciro Barcelos, conhecido nacional e internacionalmente, apresenta nesta quinta-feira, 30 de janeiro,\u00a0 durante as Miss\u00f5es Franciscanas da Juventude, a pe\u00e7a teatral &#8220;Auto de S\u00e3o Francisco&#8221;. Nessa pe\u00e7a, ele retomar\u00e1 e adaptar\u00e1 partes do seu musical \u201cFrancisco de Assis\u201d e do \u201cEco-Show\u201d.\u00a0Sua apresenta\u00e7\u00e3o ser\u00e1 no palco do gin\u00e1sio \u00e0s 18h30. \u00a0&#8220;Francisco de Assis&#8221; esteve em cartaz por doze anos no Brasil.<\/p>\n<p>&#8220;Creio que a presen\u00e7a do Ciro Barcelos na MFJ, al\u00e9m de ser o coroamento da <em>Serata Laudato Si&#8217;<\/em>, mostrar\u00e1 aos jovens que \u00e9 poss\u00edvel, a partir das diferentes profiss\u00f5es e caminhos, viver e divulgar o carisma franciscano. Certamente, ser\u00e1 um bonito testemunho do trabalho de evangeliza\u00e7\u00e3o realizado com qualidade e profissionalismo&#8221;, acredita Frei Diego, explicando que o ator teve a oportunidade de conhecer um pouco do trabalho que \u00e9 realizado com as juventudes na Prov\u00edncia da Imaculada Concei\u00e7\u00e3o. &#8220;Ele disse estar maravilhado com tudo isso e que, poder apresentar a figura de S\u00e3o Francisco a todos esses jovens atrav\u00e9s da arte, ser\u00e1 um privil\u00e9gio muito grande&#8221;, contou Frei Diego.<\/p>\n<p><img loading=\"lazy\" class=\"wp-image-212331 alignright\" src=\"https:\/\/franciscanos.org.br\/noticias\/wp-content\/uploads\/2019\/10\/barcelos_3.jpg\" alt=\"\" width=\"295\" height=\"395\" srcset=\"https:\/\/franciscanos.org.br\/noticias\/wp-content\/uploads\/2019\/10\/barcelos_3.jpg 540w, https:\/\/franciscanos.org.br\/noticias\/wp-content\/uploads\/2019\/10\/barcelos_3-336x450.jpg 336w, https:\/\/franciscanos.org.br\/noticias\/wp-content\/uploads\/2019\/10\/barcelos_3-150x201.jpg 150w\" sizes=\"(max-width: 295px) 100vw, 295px\" \/>O artista Ciro Barcelos, depois de fazer uma experi\u00eancia nos conventos de Assis, onde Francisco viveu, criou o musical teatralizado, quando o apresentou com grande sucesso, pela primeira vez, no Encontro Internacional do Meio Ambiente, realizado em Roma no ano de 2002. &#8220;Entendi que minha miss\u00e3o n\u00e3o era largar o teatro, a vida art\u00edstica, a minha voca\u00e7\u00e3o verdadeira e, sim, transmitir aquele testemunho de vida para as pessoas&#8221;, disse na \u00e9poca.<\/p>\n<p>&#8220;Nossos jovens s\u00e3o muito sens\u00edveis ao mundo da poesia, da dan\u00e7a, do canto e da arte em geral. Assim, penso que tamb\u00e9m temos que aproveitar desse instrumento para transmitir a nossa mensagem evang\u00e9lica e franciscana de modo eficaz e eloquente. Ali\u00e1s, o pr\u00f3prio S\u00e3o Francisco foi um amante das diferentes express\u00f5es da beleza, pois seus louvores, seu canto, sua dan\u00e7a e sua forma entusiasta de se relacionar com as pessoas e com Jesus revelam o quanto o seu olhar po\u00e9tico e art\u00edstico o aproximavam do sagrado&#8221;, explica Frei Diego.<\/p>\n<p>Ciro Barcelos aprimorou a sua metodologia de trabalho atrav\u00e9s de estudos na \u00e1rea da psicologia como terapeuta corporal e atrav\u00e9s de viv\u00eancias espirituais. Sua forma\u00e7\u00e3o art\u00edstica passa pelas escolas de teatro Martins Pena (RJ), Theatre du Silence (Paris), mimica com Marcel Marceau (Paris) Palha\u00e7aria teatral. Na dan\u00e7a estudou bal\u00e9 cl\u00e1ssico com as mestras russas Tatiana Leskova e Eug\u00eania Feodorova. Integrou a companhia da cor\u00f3grafa Pina Bausch (Alemanha) e o Bal\u00e9 do S\u00e9culo XX de Maurice Bej\u00e1rt (B\u00e9lgica).\u00a0 Cursou tamb\u00e9m a escola de bal\u00e9 do Teatro Opera de Paris. Viveu na \u00cdndia e Turquia onde se aprofundou nas t\u00e9cnicas de din\u00e2micas do autoconhecimento. Cursou tamb\u00e9m a escola de bal\u00e9 do Teatro Opera de Paris. Viveu na \u00cdndia e Turquia onde se aprofundou nas t\u00e9cnicas de din\u00e2micas do autoconhecimento e liberta\u00e7\u00e3o do ator.<\/p>\n<p>Segundo Frei Diego, Ciro tamb\u00e9m se predisp\u00f4s a dar uma oficina aos jovens. Ele levar\u00e1 para os jovens em Xaxim a oficina &#8216;O Ator e o Movimento&#8217;, que tem como objetivo despertar e conscientizar o ator para o papel decisivo desempenhado pelo corpo em sua atua\u00e7\u00e3o. \u201cA express\u00e3o corporal, a voz, a palavra, tudo \u00e9 movimento, e para isso, se faz necess\u00e1rio recuperar a energia escondida e adormecida em nosso corpo grosseiro, instrumento da interpreta\u00e7\u00e3o&#8221;, explica Barcelos. Segundo ele, trata-se de uma provoca\u00e7\u00e3o atrav\u00e9s de din\u00e2micas corporais que possibilitam um desbloqueio interno e uma percep\u00e7\u00e3o mais apurada de si pr\u00f3prio. &#8220;E, consequentemente, de sua interpreta\u00e7\u00e3o, pois o ator deve primeiramente se conhecer, saber interpretar a si mesmo, para melhor compreens\u00e3o do outro&#8221;, observa o autor.<\/p>\n<hr \/>\n<p><strong>SERATA LAUDATO SI\u2019<\/strong><\/p>\n<p>A \u201cSerata Laudato Si\u2019\u201d, a que Frei Diego se refere acima, \u00e9 um evento cultural que promove a mensagem da <em>Enc\u00edclica Laudato Si\u2019, sobre o cuidado da Casa Comum,<\/em> escrita pelo Papa Francisco. Ela ir\u00e1 acontecer pela terceira vez depois do lan\u00e7amento da <em>Enc\u00edlica Laudato Si\u2019<\/em>. A primeira foi em Roma e a segunda na Cidade do Panam\u00e1.\u00a0 O objetivo \u00e9 conscientizar sobre a crise clim\u00e1tica, atrav\u00e9s da arte, da cultura e da m\u00fasica, bem como proporcionar um espa\u00e7o de convers\u00e3o ecol\u00f3gica em favor das gera\u00e7\u00f5es futuras.<\/p>\n<p>A terceira edi\u00e7\u00e3o da \u201cSerata Laudato Si\u2019\u201d ser\u00e1 organizada conjuntamente com as Miss\u00f5es Franciscanas da Juventude e o departamento de Justi\u00e7a, Paz e Integridade da Cria\u00e7\u00e3o (JPIC) da Ordem dos Frades Menores. A promo\u00e7\u00e3o e a viv\u00eancia dos valores da enc\u00edclica Laudato Si\u2019 \u00e9 o que tem fortalecido essas organiza\u00e7\u00f5es em um trabalho conjunto para organizar essa nova vers\u00e3o da \u201cSerata Laudato Si\u2019\u201d.<\/p>\n<p>As Miss\u00f5es Franciscanas da Juventude \u00e9 um evento promovido pela Prov\u00edncia Franciscana da Imaculada Concei\u00e7\u00e3o do Brasil, voltado para jovens que desejam vivenciar um tempo forte de ora\u00e7\u00e3o, reflex\u00e3o e miss\u00e3o de solidariedade e encontro com as mais variadas periferias geogr\u00e1ficas e existenciais.<\/p>\n<p>A Justi\u00e7a, Paz e Integridade da Cria\u00e7\u00e3o (JPIC) \u00e9 um departamento da Ordem dos Frades Menores que se empenha para que estes valores mencionados sejam parte da vida e miss\u00e3o dos franciscanos. Por meio da op\u00e7\u00e3o pelo cuidado da cria\u00e7\u00e3o, promovem diversas a\u00e7\u00f5es e contribui\u00e7\u00f5es com subs\u00eddios para a Fam\u00edlia Franciscana, para Igreja e para a sociedade civil.<\/p>\n<p>\u00c9 poss\u00edvel necessitar de pouco e viver muito, sobretudo quando se \u00e9 capaz de dar espa\u00e7o a outros prazeres, encontrando satisfa\u00e7\u00e3o nos encontros fraternos, no servi\u00e7o, na frutifica\u00e7\u00e3o dos pr\u00f3prios carismas, na m\u00fasica e na arte, no contato com a natureza, na ora\u00e7\u00e3o. A felicidade exige saber limitar algumas necessidades que nos entorpecem, permanecendo assim dispon\u00edveis para as m\u00faltiplas possibilidades que a vida oferece. (<em>LS 223)<\/em><\/p>\n","protected":false},"excerpt":{"rendered":"<p>Miss\u00f5es Franciscanas da Juventude<\/p>\n","protected":false},"author":3,"featured_media":212332,"comment_status":"open","ping_status":"open","sticky":false,"template":"","format":"standard","meta":[],"categories":[1],"tags":[1206],"acf":[],"yoast_head":"<!-- This site is optimized with the Yoast SEO plugin v19.2 - https:\/\/yoast.com\/wordpress\/plugins\/seo\/ -->\n<title>Ciro Barcelos apresenta o &quot;Auto de S\u00e3o Francisco&quot; nas Miss\u00f5es Franciscanas da Juventude - Not\u00edcias - Franciscanos<\/title>\n<meta name=\"robots\" content=\"index, follow, max-snippet:-1, max-image-preview:large, max-video-preview:-1\" \/>\n<link rel=\"canonical\" href=\"https:\/\/franciscanos.org.br\/noticias\/ciro-barcelos-leva-auto-de-sao-francisco-para-as-missoes-franciscanas-da-juventude.html\" \/>\n<meta property=\"og:locale\" content=\"pt_BR\" \/>\n<meta property=\"og:type\" content=\"article\" \/>\n<meta property=\"og:title\" content=\"Ciro Barcelos apresenta o &quot;Auto de S\u00e3o Francisco&quot; nas Miss\u00f5es Franciscanas da Juventude - Not\u00edcias - Franciscanos\" \/>\n<meta property=\"og:description\" content=\"Miss\u00f5es Franciscanas da Juventude\" \/>\n<meta property=\"og:url\" content=\"https:\/\/franciscanos.org.br\/noticias\/ciro-barcelos-leva-auto-de-sao-francisco-para-as-missoes-franciscanas-da-juventude.html\" \/>\n<meta property=\"og:site_name\" content=\"Not\u00edcias - Franciscanos\" \/>\n<meta property=\"article:published_time\" content=\"2020-01-27T16:29:36+00:00\" \/>\n<meta property=\"article:modified_time\" content=\"2020-01-29T09:24:08+00:00\" \/>\n<meta property=\"og:image\" content=\"https:\/\/franciscanos.org.br\/noticias\/wp-content\/uploads\/2019\/10\/barcelos_d.jpg\" \/>\n\t<meta property=\"og:image:width\" content=\"273\" \/>\n\t<meta property=\"og:image:height\" content=\"181\" \/>\n\t<meta property=\"og:image:type\" content=\"image\/jpeg\" \/>\n<meta name=\"author\" content=\"moacir\" \/>\n<meta name=\"twitter:card\" content=\"summary_large_image\" \/>\n<meta name=\"twitter:label1\" content=\"Escrito por\" \/>\n\t<meta name=\"twitter:data1\" content=\"moacir\" \/>\n\t<meta name=\"twitter:label2\" content=\"Est. tempo de leitura\" \/>\n\t<meta name=\"twitter:data2\" content=\"5 minutos\" \/>\n<script type=\"application\/ld+json\" class=\"yoast-schema-graph\">{\"@context\":\"https:\/\/schema.org\",\"@graph\":[{\"@type\":\"WebSite\",\"@id\":\"https:\/\/franciscanos.org.br\/noticias\/#website\",\"url\":\"https:\/\/franciscanos.org.br\/noticias\/\",\"name\":\"Not\u00edcias - Franciscanos\",\"description\":\"Prov\u00edncia Franciscana da Imaculada Concei\u00e7\u00e3o do Brasil - Ordem dos Frades Menores - OFM\",\"potentialAction\":[{\"@type\":\"SearchAction\",\"target\":{\"@type\":\"EntryPoint\",\"urlTemplate\":\"https:\/\/franciscanos.org.br\/noticias\/?s={search_term_string}\"},\"query-input\":\"required name=search_term_string\"}],\"inLanguage\":\"pt-BR\"},{\"@type\":\"ImageObject\",\"inLanguage\":\"pt-BR\",\"@id\":\"https:\/\/franciscanos.org.br\/noticias\/ciro-barcelos-leva-auto-de-sao-francisco-para-as-missoes-franciscanas-da-juventude.html#primaryimage\",\"url\":\"https:\/\/franciscanos.org.br\/noticias\/wp-content\/uploads\/2019\/10\/barcelos_d.jpg\",\"contentUrl\":\"https:\/\/franciscanos.org.br\/noticias\/wp-content\/uploads\/2019\/10\/barcelos_d.jpg\",\"width\":273,\"height\":181},{\"@type\":\"WebPage\",\"@id\":\"https:\/\/franciscanos.org.br\/noticias\/ciro-barcelos-leva-auto-de-sao-francisco-para-as-missoes-franciscanas-da-juventude.html#webpage\",\"url\":\"https:\/\/franciscanos.org.br\/noticias\/ciro-barcelos-leva-auto-de-sao-francisco-para-as-missoes-franciscanas-da-juventude.html\",\"name\":\"Ciro Barcelos apresenta o \\\"Auto de S\u00e3o Francisco\\\" nas Miss\u00f5es Franciscanas da Juventude - Not\u00edcias - Franciscanos\",\"isPartOf\":{\"@id\":\"https:\/\/franciscanos.org.br\/noticias\/#website\"},\"primaryImageOfPage\":{\"@id\":\"https:\/\/franciscanos.org.br\/noticias\/ciro-barcelos-leva-auto-de-sao-francisco-para-as-missoes-franciscanas-da-juventude.html#primaryimage\"},\"datePublished\":\"2020-01-27T16:29:36+00:00\",\"dateModified\":\"2020-01-29T09:24:08+00:00\",\"author\":{\"@id\":\"https:\/\/franciscanos.org.br\/noticias\/#\/schema\/person\/b5c8cba458c330ccff548b056e95a5d4\"},\"breadcrumb\":{\"@id\":\"https:\/\/franciscanos.org.br\/noticias\/ciro-barcelos-leva-auto-de-sao-francisco-para-as-missoes-franciscanas-da-juventude.html#breadcrumb\"},\"inLanguage\":\"pt-BR\",\"potentialAction\":[{\"@type\":\"ReadAction\",\"target\":[\"https:\/\/franciscanos.org.br\/noticias\/ciro-barcelos-leva-auto-de-sao-francisco-para-as-missoes-franciscanas-da-juventude.html\"]}]},{\"@type\":\"BreadcrumbList\",\"@id\":\"https:\/\/franciscanos.org.br\/noticias\/ciro-barcelos-leva-auto-de-sao-francisco-para-as-missoes-franciscanas-da-juventude.html#breadcrumb\",\"itemListElement\":[{\"@type\":\"ListItem\",\"position\":1,\"name\":\"Home\",\"item\":\"https:\/\/franciscanos.org.br\/noticias\"},{\"@type\":\"ListItem\",\"position\":2,\"name\":\"Ciro Barcelos apresenta o &#8220;Auto de S\u00e3o Francisco&#8221; nas Miss\u00f5es Franciscanas da Juventude\"}]},{\"@type\":\"Person\",\"@id\":\"https:\/\/franciscanos.org.br\/noticias\/#\/schema\/person\/b5c8cba458c330ccff548b056e95a5d4\",\"name\":\"moacir\",\"image\":{\"@type\":\"ImageObject\",\"inLanguage\":\"pt-BR\",\"@id\":\"https:\/\/franciscanos.org.br\/noticias\/#\/schema\/person\/image\/\",\"url\":\"https:\/\/secure.gravatar.com\/avatar\/d08aa2ce4c8dd416d4479aa8536fcf64?s=96&d=mm&r=g\",\"contentUrl\":\"https:\/\/secure.gravatar.com\/avatar\/d08aa2ce4c8dd416d4479aa8536fcf64?s=96&d=mm&r=g\",\"caption\":\"moacir\"},\"url\":\"https:\/\/franciscanos.org.br\/noticias\/author\/moacir\"}]}<\/script>\n<!-- \/ Yoast SEO plugin. -->","yoast_head_json":{"title":"Ciro Barcelos apresenta o \"Auto de S\u00e3o Francisco\" nas Miss\u00f5es Franciscanas da Juventude - Not\u00edcias - Franciscanos","robots":{"index":"index","follow":"follow","max-snippet":"max-snippet:-1","max-image-preview":"max-image-preview:large","max-video-preview":"max-video-preview:-1"},"canonical":"https:\/\/franciscanos.org.br\/noticias\/ciro-barcelos-leva-auto-de-sao-francisco-para-as-missoes-franciscanas-da-juventude.html","og_locale":"pt_BR","og_type":"article","og_title":"Ciro Barcelos apresenta o \"Auto de S\u00e3o Francisco\" nas Miss\u00f5es Franciscanas da Juventude - Not\u00edcias - Franciscanos","og_description":"Miss\u00f5es Franciscanas da Juventude","og_url":"https:\/\/franciscanos.org.br\/noticias\/ciro-barcelos-leva-auto-de-sao-francisco-para-as-missoes-franciscanas-da-juventude.html","og_site_name":"Not\u00edcias - Franciscanos","article_published_time":"2020-01-27T16:29:36+00:00","article_modified_time":"2020-01-29T09:24:08+00:00","og_image":[{"width":273,"height":181,"url":"https:\/\/franciscanos.org.br\/noticias\/wp-content\/uploads\/2019\/10\/barcelos_d.jpg","type":"image\/jpeg"}],"author":"moacir","twitter_card":"summary_large_image","twitter_misc":{"Escrito por":"moacir","Est. tempo de leitura":"5 minutos"},"schema":{"@context":"https:\/\/schema.org","@graph":[{"@type":"WebSite","@id":"https:\/\/franciscanos.org.br\/noticias\/#website","url":"https:\/\/franciscanos.org.br\/noticias\/","name":"Not\u00edcias - Franciscanos","description":"Prov\u00edncia Franciscana da Imaculada Concei\u00e7\u00e3o do Brasil - Ordem dos Frades Menores - OFM","potentialAction":[{"@type":"SearchAction","target":{"@type":"EntryPoint","urlTemplate":"https:\/\/franciscanos.org.br\/noticias\/?s={search_term_string}"},"query-input":"required name=search_term_string"}],"inLanguage":"pt-BR"},{"@type":"ImageObject","inLanguage":"pt-BR","@id":"https:\/\/franciscanos.org.br\/noticias\/ciro-barcelos-leva-auto-de-sao-francisco-para-as-missoes-franciscanas-da-juventude.html#primaryimage","url":"https:\/\/franciscanos.org.br\/noticias\/wp-content\/uploads\/2019\/10\/barcelos_d.jpg","contentUrl":"https:\/\/franciscanos.org.br\/noticias\/wp-content\/uploads\/2019\/10\/barcelos_d.jpg","width":273,"height":181},{"@type":"WebPage","@id":"https:\/\/franciscanos.org.br\/noticias\/ciro-barcelos-leva-auto-de-sao-francisco-para-as-missoes-franciscanas-da-juventude.html#webpage","url":"https:\/\/franciscanos.org.br\/noticias\/ciro-barcelos-leva-auto-de-sao-francisco-para-as-missoes-franciscanas-da-juventude.html","name":"Ciro Barcelos apresenta o \"Auto de S\u00e3o Francisco\" nas Miss\u00f5es Franciscanas da Juventude - Not\u00edcias - Franciscanos","isPartOf":{"@id":"https:\/\/franciscanos.org.br\/noticias\/#website"},"primaryImageOfPage":{"@id":"https:\/\/franciscanos.org.br\/noticias\/ciro-barcelos-leva-auto-de-sao-francisco-para-as-missoes-franciscanas-da-juventude.html#primaryimage"},"datePublished":"2020-01-27T16:29:36+00:00","dateModified":"2020-01-29T09:24:08+00:00","author":{"@id":"https:\/\/franciscanos.org.br\/noticias\/#\/schema\/person\/b5c8cba458c330ccff548b056e95a5d4"},"breadcrumb":{"@id":"https:\/\/franciscanos.org.br\/noticias\/ciro-barcelos-leva-auto-de-sao-francisco-para-as-missoes-franciscanas-da-juventude.html#breadcrumb"},"inLanguage":"pt-BR","potentialAction":[{"@type":"ReadAction","target":["https:\/\/franciscanos.org.br\/noticias\/ciro-barcelos-leva-auto-de-sao-francisco-para-as-missoes-franciscanas-da-juventude.html"]}]},{"@type":"BreadcrumbList","@id":"https:\/\/franciscanos.org.br\/noticias\/ciro-barcelos-leva-auto-de-sao-francisco-para-as-missoes-franciscanas-da-juventude.html#breadcrumb","itemListElement":[{"@type":"ListItem","position":1,"name":"Home","item":"https:\/\/franciscanos.org.br\/noticias"},{"@type":"ListItem","position":2,"name":"Ciro Barcelos apresenta o &#8220;Auto de S\u00e3o Francisco&#8221; nas Miss\u00f5es Franciscanas da Juventude"}]},{"@type":"Person","@id":"https:\/\/franciscanos.org.br\/noticias\/#\/schema\/person\/b5c8cba458c330ccff548b056e95a5d4","name":"moacir","image":{"@type":"ImageObject","inLanguage":"pt-BR","@id":"https:\/\/franciscanos.org.br\/noticias\/#\/schema\/person\/image\/","url":"https:\/\/secure.gravatar.com\/avatar\/d08aa2ce4c8dd416d4479aa8536fcf64?s=96&d=mm&r=g","contentUrl":"https:\/\/secure.gravatar.com\/avatar\/d08aa2ce4c8dd416d4479aa8536fcf64?s=96&d=mm&r=g","caption":"moacir"},"url":"https:\/\/franciscanos.org.br\/noticias\/author\/moacir"}]}},"_links":{"self":[{"href":"https:\/\/franciscanos.org.br\/noticias\/wp-json\/wp\/v2\/posts\/212329"}],"collection":[{"href":"https:\/\/franciscanos.org.br\/noticias\/wp-json\/wp\/v2\/posts"}],"about":[{"href":"https:\/\/franciscanos.org.br\/noticias\/wp-json\/wp\/v2\/types\/post"}],"author":[{"embeddable":true,"href":"https:\/\/franciscanos.org.br\/noticias\/wp-json\/wp\/v2\/users\/3"}],"replies":[{"embeddable":true,"href":"https:\/\/franciscanos.org.br\/noticias\/wp-json\/wp\/v2\/comments?post=212329"}],"version-history":[{"count":0,"href":"https:\/\/franciscanos.org.br\/noticias\/wp-json\/wp\/v2\/posts\/212329\/revisions"}],"wp:featuredmedia":[{"embeddable":true,"href":"https:\/\/franciscanos.org.br\/noticias\/wp-json\/wp\/v2\/media\/212332"}],"wp:attachment":[{"href":"https:\/\/franciscanos.org.br\/noticias\/wp-json\/wp\/v2\/media?parent=212329"}],"wp:term":[{"taxonomy":"category","embeddable":true,"href":"https:\/\/franciscanos.org.br\/noticias\/wp-json\/wp\/v2\/categories?post=212329"},{"taxonomy":"post_tag","embeddable":true,"href":"https:\/\/franciscanos.org.br\/noticias\/wp-json\/wp\/v2\/tags?post=212329"}],"curies":[{"name":"wp","href":"https:\/\/api.w.org\/{rel}","templated":true}]}}