{"id":212324,"date":"2019-10-08T08:01:26","date_gmt":"2019-10-08T11:01:26","guid":{"rendered":"https:\/\/franciscanos.org.br\/noticias\/?p=212324"},"modified":"2020-06-05T16:28:06","modified_gmt":"2020-06-05T19:28:06","slug":"sinodo-a-plenitude-da-lei-e-o-amor","status":"publish","type":"post","link":"https:\/\/franciscanos.org.br\/noticias\/sinodo-a-plenitude-da-lei-e-o-amor.html","title":{"rendered":"S\u00ednodo: a plenitude da lei \u00e9 o amor"},"content":{"rendered":"<p><img loading=\"lazy\" class=\"alignnone size-full wp-image-212325\" src=\"https:\/\/franciscanos.org.br\/noticias\/wp-content\/uploads\/2019\/10\/segundo_dia_0810.jpg\" alt=\"\" width=\"890\" height=\"501\" srcset=\"https:\/\/franciscanos.org.br\/noticias\/wp-content\/uploads\/2019\/10\/segundo_dia_0810.jpg 890w, https:\/\/franciscanos.org.br\/noticias\/wp-content\/uploads\/2019\/10\/segundo_dia_0810-450x253.jpg 450w, https:\/\/franciscanos.org.br\/noticias\/wp-content\/uploads\/2019\/10\/segundo_dia_0810-768x432.jpg 768w, https:\/\/franciscanos.org.br\/noticias\/wp-content\/uploads\/2019\/10\/segundo_dia_0810-150x84.jpg 150w\" sizes=\"(max-width: 890px) 100vw, 890px\" \/><\/p>\n<p><strong>Cidade do Vaticano<\/strong> &#8211; Os trabalhos desta ter\u00e7a-feira (08\/10) tiveram in\u00edcio, na presen\u00e7a do Santo Padre, com a ora\u00e7\u00e3o da Hora M\u00e9dia. A reflex\u00e3o foi proposta pelo arcebispo de Bel\u00e9m do Par\u00e1, Dom Alberto Taveira.\u00a0Nas suas palavras recordando que o Salmo do Dia reconhece que a plenitude da lei \u00e9 o amor, Dom Alberto Taveira disse \u201cque somos convidados a proclamar que a Palavra do Senhor \u00e9 mais doce do que o mel silvestre abundante em nossas terras, e afirmamos a certeza de que da lei de Deus recebemos a intelig\u00eancia necess\u00e1ria para os trabalhos a serem empreendidos, comprometendo-nos a rejeitar todos os caminhos da mentira\u201d (cf.Sl 118(119).<\/p>\n<p>De forma gratuita, vindo a convite da bondade de Deus, cruzamos as portas para entrar nesta casa \u2013 continuou Dom Alberto -, convocados para o compromisso excluisvo com o Senhor e sua Palavra de Vida e Salva\u00e7\u00e3o. Em n\u00f3s tamb\u00e9m o Povo de Deus na Grande Amaz\u00f4nia adentra por estas portas.<\/p>\n<p>O arcebispo de Bel\u00e9m destaca que \u201ctrazemos conosco a responsabilidade descrita na \u2018<em>Gaudium et Spes<\/em>\u2019: \u201cAs alegrias e as esperan\u00e7as, as tristezas e as ang\u00fastias dos homens de hoje, sobretudo dos pobres e de todos aqueles que sofrem, s\u00e3o tamb\u00e9m as alegrias e as esperan\u00e7as, as tristezas e as ang\u00fastias dos disc\u00edpulos de Cristo; e n\u00e3o h\u00e1 realidade alguma verdadeiramente humana que n\u00e3o encontre eco no seu cora\u00e7\u00e3o\u201d. Porque a sua comunidade \u00e9 formada por homens que, reunidos em Cristo, s\u00e3o guiados pelo Esp\u00edrito Santo na sua peregrina\u00e7\u00e3o em demanda do reino do Pai, e receberam a mensagem da salva\u00e7\u00e3o para comunic\u00e1-la a todos. Por este motivo, a Igreja sente-se real e intimamente ligada ao g\u00eanero humano e \u00e0 sua hist\u00f3ria (GS 1). N\u00e3o podemos defraudar estas esperan\u00e7as!\u201d<\/p>\n<p>Para os participantes desta Assembleia Sinodal, cruzar estas portas significa o exerc\u00edcio da autoridade e a dignidade &#8211; afirma Dom Alberto -, para responder aos anseios de nosso povo por seus direitos e dignidade, j\u00e1 que, pastores escolhidos pela miseric\u00f3rdia de Deus, somos guardi\u00f5es do bem e sentinelas da verdade.<\/p>\n<p>Vivendo num mundo pluralista e diversificado, chamados a conviver com tantas diferen\u00e7as e respeit\u00e1-las, desejamos tomar posse de valores cujas bandeiras pertencem ao Senhor e nos cabe defraud\u00e1-las com vigor. De fato, o Senhor ama a justi\u00e7a e odeia a iniquidade, e de modo especial quem recebeu a un\u00e7\u00e3o para o minist\u00e9rio episcopal h\u00e1 de revestir-se dela.<\/p>\n<p>\u201cRessoe em nossos ouvidos &#8211; finalizou o arcebispo de Bel\u00e9m -, em nossos cora\u00e7\u00f5es o clamor de oprimidos, migrantes, \u00f3rf\u00e3os e vi\u00favas e o sangue de tantos inocentes derramado durante a nossa hist\u00f3ria, dos quais os bispos s\u00e3o chamados a ser defensores, como nos foi pedido no Rito de Ordena\u00e7\u00e3o\u201d.<\/p>\n<p>Neste segundo dia de trabalhos do S\u00ednodo para a Regi\u00e3o Amaz\u00f4nica alguns participantes do #SinodoAmazonico t\u00eam a oportunidade de se manifestarem sobre a realidade local. Cada interessado em usar a palavra tem 4 minutos para defender o seu ponto de vista, depois de 4 manifesta\u00e7\u00f5es tem uma pausa para medita\u00e7\u00e3o. A #sinodalidade da Igreja \u00e9 marcada pelo seu significado sem\u00e2ntico: caminhar juntos. Que o Esp\u00edrito Santo ilumine os padres sinodais neste momento importante e rico da nossa Igreja.<\/p>\n<hr \/>\n<h3>Os jovens, protagonistas da ecologia integral<\/h3>\n<p>Na tarde de segunda-feira, 7 de outubro, os trabalhos do S\u00ednodo especial para a Regi\u00e3o Pan-amaz\u00f4nica prosseguiram, na presen\u00e7a do Papa, com a 2\u00b0 Congrega\u00e7\u00e3o-geral e com as elei\u00e7\u00f5es dos membros da Comiss\u00e3o para a elabora\u00e7\u00e3o do documento final e da Comiss\u00e3o para a informa\u00e7\u00e3o. Os padres sinodais presentes eram 176.<br \/>\nCidade do Vaticano<\/p>\n<p>Foram eleitos os quatro membros da Comiss\u00e3o para a elabora\u00e7\u00e3o do Documento final do S\u00ednodo, com maioria absoluta, mediante vota\u00e7\u00f5es separadas. Trata-se de Dom Mario Antonio Da Silva, bispo de Roraima (Brasil); Dom H\u00e9ctor Miguel Cabrejos Vidarte, o.f.m., arcebispo de Trujillo (Peru) e presidente da Confer\u00eancia episcopal peruana; Dom Nelson Jair Cardona Ram\u00edrez, bispo de San Jos\u00e9 del Guaviare (Col\u00f4mbia), e Dom Sergio Alfredo Gualberti Calandrina, arcebispo de Santa Cruz de la Sierra (Bol\u00edvia).<\/p>\n<p><strong>Outros tr\u00eas membros ser\u00e3o eleitos pelo Papa<\/strong><br \/>\nEleito inicialmente, o cardeal Carlos Aguiar Retes, arcebispo de Cidade do M\u00e9xico, expressou o desejo de ceder o lugar a um padre sinodal proveniente de uma das sete Confer\u00eancias episcopais diretamente envolvidas na \u00e1rea amaz\u00f4nica. Os prelados eleitos acrescentam-se ao restante da Comiss\u00e3o composta pelo relator-geral e pelo presidente, cardeal Cl\u00e1udio Hummes; pelo secret\u00e1rio-geral do S\u00ednodo dos bispos, cardeal Lorenzo Baldisseri; pelo pr\u00f3-secret\u00e1rio-geral, Dom Mario Grech; pelos dois secret\u00e1rios especiais: cardeal Michael Czerny e Dom David Martinez de Aguirre Guinea. Outros tr\u00eas membros de nomea\u00e7\u00e3o pontif\u00edcia ser\u00e3o oficializados nos pr\u00f3ximos dias.<\/p>\n<p><strong>Eleitos tamb\u00e9m os membros da Comiss\u00e3o para a Informa\u00e7\u00e3o<\/strong><br \/>\nNa sequ\u00eancia, o S\u00ednodo passou depois \u00e0 vota\u00e7\u00e3o de quatro membros da Comiss\u00e3o para a Informa\u00e7\u00e3o, eleitos mediante escrut\u00ednios separados com maioria relativa. Foram eleitos Dom Erwin Kr\u00e4utler, c.pp.s., prelado em\u00e9rito do Xingu (Brasil); Rafael Cob Garc\u00eda, vig\u00e1rio apost\u00f3lico de Puyo (Equador); Jos\u00e9 \u00c1ngel Divass\u00f3n Cilveti, s.d.b., ent\u00e3o vig\u00e1rio apost\u00f3lico de Puerto Ayacucho (Venezuela) e, por fim, o italiano padre Antonio Spadaro, diretor de \u201cLa Civilt\u00e0 Cattolica\u201d. Estes nomes acrescentam-se \u00e0 equipe presidida por Paolo Ruffini, prefeito do Dicast\u00e9rio para a Comunica\u00e7\u00e3o e composta pelo secret\u00e1rio, padre Giacomo Costa; pelo diretor da Sala de Imprensa da Santa S\u00e9, Matteo Bruni; pelo diretor editorial do Dicast\u00e9rio para a Comunica\u00e7\u00e3o, Andrea Tornielli; pela irm\u00e3 Maria Ines Lopes dos Santos, assessora da Comiss\u00e3o Episcopal para a Amaz\u00f4nia da Confer\u00eancia Nacional dos Bispos do Brasil e por Mauricio L\u00f3pez Oropeza, secret\u00e1rio da Rede Eclesial Pan-amaz\u00f4nica.<\/p>\n<p><strong>Greta Thunberg e o protagonismo dos jovens<\/strong><br \/>\nPor fim, foi dado espa\u00e7o aos pronunciamentos dos padres sinodais, inspirados pelos v\u00e1rios pontos do <em>Instrumentum Laboris.<\/em> Em continuidade com o S\u00ednodo sobre os jovens de 2018, refletiu-se sobre a import\u00e2ncia do protagonismo juvenil na ecologia integral, com o exemplo da jovem ativista sueca Greta Thunberg e da iniciativa \u201cA greve pelo clima\u201d. A \u201cop\u00e7\u00e3o pelos jovens\u201d e a necessidade de dialogar com eles sobre temas da preserva\u00e7\u00e3o da Cria\u00e7\u00e3o foram evocadas v\u00e1rias vezes, al\u00e9m da necessidade de valorizar o empenho social juvenil, para impulsionar a Igreja a ser prof\u00e9tica neste \u00e2mbito. O cora\u00e7\u00e3o jovem \u2013 ouviu-se na assembleia \u2013 quer construir um mundo melhor, porque a gera\u00e7\u00e3o dos jovens representa uma Doutrina social em movimento. Mais do que as outras categorias, os jovens hoje sentem a exig\u00eancia de estabelecer uma nova rela\u00e7\u00e3o com a Cria\u00e7\u00e3o, uma rela\u00e7\u00e3o que n\u00e3o seja de tipo predat\u00f3rio, mas que esteja atenta aos sofrimentos do planeta. Por isso, o tema ambiental \u2013 com caracter\u00edsticas tamb\u00e9m ecum\u00eanica e inter-religiosa \u2013 deve ser colhido pela Igreja como um desafio positivo, como uma exorta\u00e7\u00e3o para dialogar com os jovens, ajudando-os no justo discernimento para que seu empenho para a preserva\u00e7\u00e3o do meio ambiente n\u00e3o seja somente um slogan \u201cverde e na moda\u201d, mas se torne realmente uma quest\u00e3o de vida ou de morte, para o homem e para o planeta.<\/p>\n<p><strong>Tutela das \u00e1guas subterr\u00e2neas<\/strong><br \/>\nAlguns padres sinodais fizeram um apelo para a prote\u00e7\u00e3o das \u00e1guas subterr\u00e2neas contra as contamina\u00e7\u00f5es qu\u00edmicas derivantes da produ\u00e7\u00e3o de multinacionais, para que as popula\u00e7\u00f5es ind\u00edgenas possam sobreviver preservando a cultura e seguindo novos caminhos de evangeliza\u00e7\u00e3o. As maci\u00e7as atividades de extra\u00e7\u00e3o industriais foram citadas v\u00e1rias vezes na Sala, com especial preocupa\u00e7\u00e3o pelos abusos cometidos por algumas empresas, que provocam graves consequ\u00eancias para os povos aut\u00f3ctones. Por isso, os bispos evocaram mais de uma vez a necessidade de respeitar os direitos seja humanos, seja ambientais, porque uma verdadeira ecologia integral requer um novo equil\u00edbrio entre o homem e a natureza.<\/p>\n<p><strong>Os combust\u00edveis f\u00f3sseis e a quest\u00e3o clim\u00e1tica<\/strong><br \/>\nA quest\u00e3o clim\u00e1tica tamb\u00e9m foi mencionada, em especial as mudan\u00e7as que est\u00e3o transformando a Cria\u00e7\u00e3o. O clima \u00e9 um bem global &#8211; reiterou-se -, um bem que deve ser tutelado e preservado para as pr\u00f3ximas gera\u00e7\u00f5es. Foi sugerido que se deixe de usar os combust\u00edveis f\u00f3sseis, sobretudo nos pa\u00edses mais industrializados, os maiores respons\u00e1veis pela polui\u00e7\u00e3o. Na Sala, refletiu-se tamb\u00e9m sobre a necessidade de superar as formas de colonialismo que caracterizaram grande parte da miss\u00e3o dos s\u00e9culos passados, a favor da preserva\u00e7\u00e3o das identidades culturais da Amaz\u00f4nia: cada cultura, de fato, d\u00e1 a sua contribui\u00e7\u00e3o \u00e0 catolicidade da Igreja, constitu\u00edda pelo respeito e pela complementariedade. E citando S\u00e3o Jo\u00e3o Paulo II, os padres sinodais recordaram que Cristo anima o centro de cada cultura. Destacou-se que a Igreja \u00e9 um complexo ecossistema com uma \u201cbiodiversidade espiritual maravilhosa\u201d, que se expressa em v\u00e1rias comunidades, express\u00f5es culturais, formas de vida consagrada e minist\u00e9rios. Mais vezes, foi citado S\u00e3o Paulo como o primeiro Ap\u00f3stolo da incultura\u00e7\u00e3o, aquele que se fez \u201cgrego entre os gregos\u201d.<\/p>\n<p><strong>Os ritos ind\u00edgenas<\/strong><br \/>\nAl\u00e9m disso, houve espa\u00e7o para a reflex\u00e3o sobre os ritos ind\u00edgenas: a Igreja \u2013 falou-se \u2013 considera com benevol\u00eancia tudo aquilo que n\u00e3o \u00e9 ligado a supersti\u00e7\u00f5es, para que se possa harmonizar com o verdadeiro esp\u00edrito lit\u00fargico. Daqui, a sugest\u00e3o de iniciar na Amaz\u00f4nia um processo de compartilha das experi\u00eancias daquelas comunidades ind\u00edgenas que t\u00eam celebra\u00e7\u00f5es inculturadas para alguns sacramentos, como o batismo, o matrim\u00f4nio ou a ordena\u00e7\u00e3o sacerdotal. Deste modo, uma das propostas feitas foi pensar em estabelecer &#8211; <em>ad experimentum<\/em> e segundo o justo discernimento teol\u00f3gico, lit\u00fargico e pastoral \u2013 um rito amaz\u00f4nico cat\u00f3lico para viver e celebrar a f\u00e9 em Cristo. Foi ressaltado que, assim como existe um ecossistema ambiental, existe tamb\u00e9m um ecossistema eclesial.<\/p>\n<p><strong>Os viri probati<\/strong><br \/>\nPor fim, alguns pronunciamentos trataram a quest\u00e3o dos chamados <em>viri probati,<\/em> descrita pelo Documento de trabalho sinodal como uma das propostas para garantir frequentemente os Sacramentos onde existe car\u00eancia de sacerdotes: trata-se de uma necessidade leg\u00edtima \u2013 falou-se na Sala \u2013 mas que n\u00e3o pode condicionar um repensamento substancial da natureza do sacerd\u00f3cio e da sua rela\u00e7\u00e3o com o celibato, previsto pela Igreja de rito latino. Mas foi sugerida uma pastoral vocacional entre os jovens ind\u00edgenas para favorecer a evangeliza\u00e7\u00e3o tamb\u00e9m em regi\u00f5es mais remotas da Amaz\u00f4nia, para que n\u00e3o se criem \u201ccat\u00f3licos de primeira classe\u201d, que podem aceder facilmente \u00e0 Eucaristia, e \u201ccat\u00f3licos de segunda classe\u201d, destinados a ficar sem o P\u00e3o de Vida por at\u00e9 dois anos seguidos.<\/p>\n<hr \/>\n<p><em>Fonte: Vatican News<\/em><\/p>\n","protected":false},"excerpt":{"rendered":"<p>Primeiro dia \u00e0 tarde e abertura dos trabalhos do segundo dia.<\/p>\n","protected":false},"author":3,"featured_media":212326,"comment_status":"open","ping_status":"open","sticky":false,"template":"","format":"standard","meta":[],"categories":[1428],"tags":[1535],"acf":[],"yoast_head":"<!-- This site is optimized with the Yoast SEO plugin v19.2 - https:\/\/yoast.com\/wordpress\/plugins\/seo\/ -->\n<title>S\u00ednodo: a plenitude da lei \u00e9 o amor - Not\u00edcias - Franciscanos<\/title>\n<meta name=\"robots\" content=\"index, follow, max-snippet:-1, max-image-preview:large, max-video-preview:-1\" \/>\n<link rel=\"canonical\" href=\"https:\/\/franciscanos.org.br\/noticias\/sinodo-a-plenitude-da-lei-e-o-amor.html\" \/>\n<meta property=\"og:locale\" content=\"pt_BR\" \/>\n<meta property=\"og:type\" content=\"article\" \/>\n<meta property=\"og:title\" content=\"S\u00ednodo: a plenitude da lei \u00e9 o amor - Not\u00edcias - Franciscanos\" \/>\n<meta property=\"og:description\" content=\"Primeiro dia \u00e0 tarde e abertura dos trabalhos do segundo dia.\" \/>\n<meta property=\"og:url\" content=\"https:\/\/franciscanos.org.br\/noticias\/sinodo-a-plenitude-da-lei-e-o-amor.html\" \/>\n<meta property=\"og:site_name\" content=\"Not\u00edcias - Franciscanos\" \/>\n<meta property=\"article:published_time\" content=\"2019-10-08T11:01:26+00:00\" \/>\n<meta property=\"article:modified_time\" content=\"2020-06-05T19:28:06+00:00\" \/>\n<meta property=\"og:image\" content=\"https:\/\/franciscanos.org.br\/noticias\/wp-content\/uploads\/2019\/10\/segundo_dia_0810d.jpg\" \/>\n\t<meta property=\"og:image:width\" content=\"273\" \/>\n\t<meta property=\"og:image:height\" content=\"181\" \/>\n\t<meta property=\"og:image:type\" content=\"image\/jpeg\" \/>\n<meta name=\"author\" content=\"moacir\" \/>\n<meta name=\"twitter:card\" content=\"summary_large_image\" \/>\n<meta name=\"twitter:label1\" content=\"Escrito por\" \/>\n\t<meta name=\"twitter:data1\" content=\"moacir\" \/>\n\t<meta name=\"twitter:label2\" content=\"Est. tempo de leitura\" \/>\n\t<meta name=\"twitter:data2\" content=\"9 minutos\" \/>\n<script type=\"application\/ld+json\" class=\"yoast-schema-graph\">{\"@context\":\"https:\/\/schema.org\",\"@graph\":[{\"@type\":\"WebSite\",\"@id\":\"https:\/\/franciscanos.org.br\/noticias\/#website\",\"url\":\"https:\/\/franciscanos.org.br\/noticias\/\",\"name\":\"Not\u00edcias - Franciscanos\",\"description\":\"Prov\u00edncia Franciscana da Imaculada Concei\u00e7\u00e3o do Brasil - Ordem dos Frades Menores - OFM\",\"potentialAction\":[{\"@type\":\"SearchAction\",\"target\":{\"@type\":\"EntryPoint\",\"urlTemplate\":\"https:\/\/franciscanos.org.br\/noticias\/?s={search_term_string}\"},\"query-input\":\"required name=search_term_string\"}],\"inLanguage\":\"pt-BR\"},{\"@type\":\"ImageObject\",\"inLanguage\":\"pt-BR\",\"@id\":\"https:\/\/franciscanos.org.br\/noticias\/sinodo-a-plenitude-da-lei-e-o-amor.html#primaryimage\",\"url\":\"https:\/\/franciscanos.org.br\/noticias\/wp-content\/uploads\/2019\/10\/segundo_dia_0810d.jpg\",\"contentUrl\":\"https:\/\/franciscanos.org.br\/noticias\/wp-content\/uploads\/2019\/10\/segundo_dia_0810d.jpg\",\"width\":273,\"height\":181},{\"@type\":\"WebPage\",\"@id\":\"https:\/\/franciscanos.org.br\/noticias\/sinodo-a-plenitude-da-lei-e-o-amor.html#webpage\",\"url\":\"https:\/\/franciscanos.org.br\/noticias\/sinodo-a-plenitude-da-lei-e-o-amor.html\",\"name\":\"S\u00ednodo: a plenitude da lei \u00e9 o amor - Not\u00edcias - Franciscanos\",\"isPartOf\":{\"@id\":\"https:\/\/franciscanos.org.br\/noticias\/#website\"},\"primaryImageOfPage\":{\"@id\":\"https:\/\/franciscanos.org.br\/noticias\/sinodo-a-plenitude-da-lei-e-o-amor.html#primaryimage\"},\"datePublished\":\"2019-10-08T11:01:26+00:00\",\"dateModified\":\"2020-06-05T19:28:06+00:00\",\"author\":{\"@id\":\"https:\/\/franciscanos.org.br\/noticias\/#\/schema\/person\/b5c8cba458c330ccff548b056e95a5d4\"},\"breadcrumb\":{\"@id\":\"https:\/\/franciscanos.org.br\/noticias\/sinodo-a-plenitude-da-lei-e-o-amor.html#breadcrumb\"},\"inLanguage\":\"pt-BR\",\"potentialAction\":[{\"@type\":\"ReadAction\",\"target\":[\"https:\/\/franciscanos.org.br\/noticias\/sinodo-a-plenitude-da-lei-e-o-amor.html\"]}]},{\"@type\":\"BreadcrumbList\",\"@id\":\"https:\/\/franciscanos.org.br\/noticias\/sinodo-a-plenitude-da-lei-e-o-amor.html#breadcrumb\",\"itemListElement\":[{\"@type\":\"ListItem\",\"position\":1,\"name\":\"Home\",\"item\":\"https:\/\/franciscanos.org.br\/noticias\"},{\"@type\":\"ListItem\",\"position\":2,\"name\":\"S\u00ednodo: a plenitude da lei \u00e9 o amor\"}]},{\"@type\":\"Person\",\"@id\":\"https:\/\/franciscanos.org.br\/noticias\/#\/schema\/person\/b5c8cba458c330ccff548b056e95a5d4\",\"name\":\"moacir\",\"image\":{\"@type\":\"ImageObject\",\"inLanguage\":\"pt-BR\",\"@id\":\"https:\/\/franciscanos.org.br\/noticias\/#\/schema\/person\/image\/\",\"url\":\"https:\/\/secure.gravatar.com\/avatar\/d08aa2ce4c8dd416d4479aa8536fcf64?s=96&d=mm&r=g\",\"contentUrl\":\"https:\/\/secure.gravatar.com\/avatar\/d08aa2ce4c8dd416d4479aa8536fcf64?s=96&d=mm&r=g\",\"caption\":\"moacir\"},\"url\":\"https:\/\/franciscanos.org.br\/noticias\/author\/moacir\"}]}<\/script>\n<!-- \/ Yoast SEO plugin. -->","yoast_head_json":{"title":"S\u00ednodo: a plenitude da lei \u00e9 o amor - Not\u00edcias - Franciscanos","robots":{"index":"index","follow":"follow","max-snippet":"max-snippet:-1","max-image-preview":"max-image-preview:large","max-video-preview":"max-video-preview:-1"},"canonical":"https:\/\/franciscanos.org.br\/noticias\/sinodo-a-plenitude-da-lei-e-o-amor.html","og_locale":"pt_BR","og_type":"article","og_title":"S\u00ednodo: a plenitude da lei \u00e9 o amor - Not\u00edcias - Franciscanos","og_description":"Primeiro dia \u00e0 tarde e abertura dos trabalhos do segundo dia.","og_url":"https:\/\/franciscanos.org.br\/noticias\/sinodo-a-plenitude-da-lei-e-o-amor.html","og_site_name":"Not\u00edcias - Franciscanos","article_published_time":"2019-10-08T11:01:26+00:00","article_modified_time":"2020-06-05T19:28:06+00:00","og_image":[{"width":273,"height":181,"url":"https:\/\/franciscanos.org.br\/noticias\/wp-content\/uploads\/2019\/10\/segundo_dia_0810d.jpg","type":"image\/jpeg"}],"author":"moacir","twitter_card":"summary_large_image","twitter_misc":{"Escrito por":"moacir","Est. tempo de leitura":"9 minutos"},"schema":{"@context":"https:\/\/schema.org","@graph":[{"@type":"WebSite","@id":"https:\/\/franciscanos.org.br\/noticias\/#website","url":"https:\/\/franciscanos.org.br\/noticias\/","name":"Not\u00edcias - Franciscanos","description":"Prov\u00edncia Franciscana da Imaculada Concei\u00e7\u00e3o do Brasil - Ordem dos Frades Menores - OFM","potentialAction":[{"@type":"SearchAction","target":{"@type":"EntryPoint","urlTemplate":"https:\/\/franciscanos.org.br\/noticias\/?s={search_term_string}"},"query-input":"required name=search_term_string"}],"inLanguage":"pt-BR"},{"@type":"ImageObject","inLanguage":"pt-BR","@id":"https:\/\/franciscanos.org.br\/noticias\/sinodo-a-plenitude-da-lei-e-o-amor.html#primaryimage","url":"https:\/\/franciscanos.org.br\/noticias\/wp-content\/uploads\/2019\/10\/segundo_dia_0810d.jpg","contentUrl":"https:\/\/franciscanos.org.br\/noticias\/wp-content\/uploads\/2019\/10\/segundo_dia_0810d.jpg","width":273,"height":181},{"@type":"WebPage","@id":"https:\/\/franciscanos.org.br\/noticias\/sinodo-a-plenitude-da-lei-e-o-amor.html#webpage","url":"https:\/\/franciscanos.org.br\/noticias\/sinodo-a-plenitude-da-lei-e-o-amor.html","name":"S\u00ednodo: a plenitude da lei \u00e9 o amor - Not\u00edcias - Franciscanos","isPartOf":{"@id":"https:\/\/franciscanos.org.br\/noticias\/#website"},"primaryImageOfPage":{"@id":"https:\/\/franciscanos.org.br\/noticias\/sinodo-a-plenitude-da-lei-e-o-amor.html#primaryimage"},"datePublished":"2019-10-08T11:01:26+00:00","dateModified":"2020-06-05T19:28:06+00:00","author":{"@id":"https:\/\/franciscanos.org.br\/noticias\/#\/schema\/person\/b5c8cba458c330ccff548b056e95a5d4"},"breadcrumb":{"@id":"https:\/\/franciscanos.org.br\/noticias\/sinodo-a-plenitude-da-lei-e-o-amor.html#breadcrumb"},"inLanguage":"pt-BR","potentialAction":[{"@type":"ReadAction","target":["https:\/\/franciscanos.org.br\/noticias\/sinodo-a-plenitude-da-lei-e-o-amor.html"]}]},{"@type":"BreadcrumbList","@id":"https:\/\/franciscanos.org.br\/noticias\/sinodo-a-plenitude-da-lei-e-o-amor.html#breadcrumb","itemListElement":[{"@type":"ListItem","position":1,"name":"Home","item":"https:\/\/franciscanos.org.br\/noticias"},{"@type":"ListItem","position":2,"name":"S\u00ednodo: a plenitude da lei \u00e9 o amor"}]},{"@type":"Person","@id":"https:\/\/franciscanos.org.br\/noticias\/#\/schema\/person\/b5c8cba458c330ccff548b056e95a5d4","name":"moacir","image":{"@type":"ImageObject","inLanguage":"pt-BR","@id":"https:\/\/franciscanos.org.br\/noticias\/#\/schema\/person\/image\/","url":"https:\/\/secure.gravatar.com\/avatar\/d08aa2ce4c8dd416d4479aa8536fcf64?s=96&d=mm&r=g","contentUrl":"https:\/\/secure.gravatar.com\/avatar\/d08aa2ce4c8dd416d4479aa8536fcf64?s=96&d=mm&r=g","caption":"moacir"},"url":"https:\/\/franciscanos.org.br\/noticias\/author\/moacir"}]}},"_links":{"self":[{"href":"https:\/\/franciscanos.org.br\/noticias\/wp-json\/wp\/v2\/posts\/212324"}],"collection":[{"href":"https:\/\/franciscanos.org.br\/noticias\/wp-json\/wp\/v2\/posts"}],"about":[{"href":"https:\/\/franciscanos.org.br\/noticias\/wp-json\/wp\/v2\/types\/post"}],"author":[{"embeddable":true,"href":"https:\/\/franciscanos.org.br\/noticias\/wp-json\/wp\/v2\/users\/3"}],"replies":[{"embeddable":true,"href":"https:\/\/franciscanos.org.br\/noticias\/wp-json\/wp\/v2\/comments?post=212324"}],"version-history":[{"count":1,"href":"https:\/\/franciscanos.org.br\/noticias\/wp-json\/wp\/v2\/posts\/212324\/revisions"}],"predecessor-version":[{"id":224343,"href":"https:\/\/franciscanos.org.br\/noticias\/wp-json\/wp\/v2\/posts\/212324\/revisions\/224343"}],"wp:featuredmedia":[{"embeddable":true,"href":"https:\/\/franciscanos.org.br\/noticias\/wp-json\/wp\/v2\/media\/212326"}],"wp:attachment":[{"href":"https:\/\/franciscanos.org.br\/noticias\/wp-json\/wp\/v2\/media?parent=212324"}],"wp:term":[{"taxonomy":"category","embeddable":true,"href":"https:\/\/franciscanos.org.br\/noticias\/wp-json\/wp\/v2\/categories?post=212324"},{"taxonomy":"post_tag","embeddable":true,"href":"https:\/\/franciscanos.org.br\/noticias\/wp-json\/wp\/v2\/tags?post=212324"}],"curies":[{"name":"wp","href":"https:\/\/api.w.org\/{rel}","templated":true}]}}