{"id":212312,"date":"2019-10-07T20:59:48","date_gmt":"2019-10-07T23:59:48","guid":{"rendered":"https:\/\/franciscanos.org.br\/noticias\/?p=212312"},"modified":"2019-10-07T21:13:46","modified_gmt":"2019-10-08T00:13:46","slug":"catolicos-apoiam-o-sinodo-para-a-amazonia","status":"publish","type":"post","link":"https:\/\/franciscanos.org.br\/noticias\/catolicos-apoiam-o-sinodo-para-a-amazonia.html","title":{"rendered":"Cat\u00f3licos apoiam o S\u00ednodo para a Amaz\u00f4nia"},"content":{"rendered":"<p><img loading=\"lazy\" class=\"alignnone size-full wp-image-212313\" src=\"https:\/\/franciscanos.org.br\/noticias\/wp-content\/uploads\/2019\/10\/debate_01.jpg\" alt=\"\" width=\"890\" height=\"593\" srcset=\"https:\/\/franciscanos.org.br\/noticias\/wp-content\/uploads\/2019\/10\/debate_01.jpg 890w, https:\/\/franciscanos.org.br\/noticias\/wp-content\/uploads\/2019\/10\/debate_01-450x300.jpg 450w, https:\/\/franciscanos.org.br\/noticias\/wp-content\/uploads\/2019\/10\/debate_01-768x512.jpg 768w, https:\/\/franciscanos.org.br\/noticias\/wp-content\/uploads\/2019\/10\/debate_01-150x100.jpg 150w\" sizes=\"(max-width: 890px) 100vw, 890px\" \/><\/p>\n<p><strong>Rafael Corr\u00eaa e Moacir Beggo<\/strong><\/p>\n<p><strong>\u00a0<\/strong><strong>S\u00e3o Paulo (SP)<\/strong> &#8211; Sete em cada dez cat\u00f3licos brasileiros consideram muito importante preservar a Amaz\u00f4nia, 85% concordam que &#8220;atacar a Amaz\u00f4nia \u00e9 um pecado&#8221; e 87% dos cat\u00f3licos disseram confiar no Papa Francisco. Esses n\u00fameros est\u00e3o na pesquisa feita pelo instituto Ideia Big Data para avaliar a posi\u00e7\u00e3o dos fi\u00e9is sobre pol\u00edticas para a regi\u00e3o por ocasi\u00e3o do S\u00ednodo dos Bispos para a Amaz\u00f4nia, convocado pelo Papa Francisco. A pesquisa foi apresentada oficialmente nesta segunda-feira, 7 de outubro, exatamente no in\u00edcio dos trabalhos sinodais.<\/p>\n<p>Para comentar todos os dados dessa pesquisa, que teve o apoio de entidades como as ONGs WWF-Brasil, Instituto Clima e Sociedade (iCS), Movimento Cat\u00f3lico Global pelo Clima (GCCM), Climainfo, Iser e Uma Gota no Oceano, foi realizado o debate &#8220;Di\u00e1logos do S\u00ednodo&#8221;, no Espa\u00e7o C\u00edvico, em Pinheiros, com lideran\u00e7as cat\u00f3licas de todo o pa\u00eds: Frei Jos\u00e9 Francisco dos Santos, coordenador do Servi\u00e7o Franciscano de Solidariedade (Sefras); Isabela Oliveira Kalil, professora e antrop\u00f3loga da FESPSP; o jornalista Jos\u00e9 Maria Mayrink; Benedito de Queiroz Alc\u00e2ntara, da Rede Eclesial Pan-Amaz\u00f4nica\/REPAM-Brasil; S\u00f4nia Gomes de Oliveira, presidente do Conselho Nacional de Leigos do Brasil \u2013 CNLB; e Gabriela Yamaguchi, diretora de comunica\u00e7\u00e3o e engajamento da WWF.<\/p>\n<p>A pesquisa ouviu 1.502 cat\u00f3licos em todo o Brasil no in\u00edcio de junho. Apesar de feita quase dois meses antes da crise internacional que se formou por causa das cr\u00edticas do governo federal aos dados que mostravam alta no desmatamento e em decorr\u00eancia do aumento das queimadas na regi\u00e3o, a consulta mostrou que 29% dos cat\u00f3licos consideram a atua\u00e7\u00e3o do presidente nessa \u00e1rea como p\u00e9ssima e 12% como ruim. Outros 30% avaliam como regular e 22% como \u00f3tima ou boa.<\/p>\n<p><img loading=\"lazy\" class=\"alignnone size-full wp-image-212314\" src=\"https:\/\/franciscanos.org.br\/noticias\/wp-content\/uploads\/2019\/10\/debate_02.jpg\" alt=\"\" width=\"890\" height=\"593\" srcset=\"https:\/\/franciscanos.org.br\/noticias\/wp-content\/uploads\/2019\/10\/debate_02.jpg 890w, https:\/\/franciscanos.org.br\/noticias\/wp-content\/uploads\/2019\/10\/debate_02-450x300.jpg 450w, https:\/\/franciscanos.org.br\/noticias\/wp-content\/uploads\/2019\/10\/debate_02-768x512.jpg 768w, https:\/\/franciscanos.org.br\/noticias\/wp-content\/uploads\/2019\/10\/debate_02-150x100.jpg 150w\" sizes=\"(max-width: 890px) 100vw, 890px\" \/><\/p>\n<p>&#8220;S\u00e3o muitos cen\u00e1rios que vemos nesta pesquisa. Primeiro, que bom que temos esses n\u00fameros para nos ajudar no momento de embates e narrativas, que tentam atravancar a nossa caminhada. Narrativas que atravessam o momento presente que a Igreja vive com o Papa Francisco, em especial n\u00f3s, cat\u00f3licos da Amaz\u00f4nia e do mundo inteiro. N\u00f3s estamos vivendo um kair\u00f3s. Um momento da passagem de Deus de uma forma fant\u00e1stica para n\u00f3s. Temos um jesu\u00edta que escolhe Francisco no nome, na sua vida de servi\u00e7o como bispo de Roma e traz essa proposta de viv\u00eancia com esse cheiro de Assis. N\u00e3o \u00e9 \u00e0 toa que o S\u00ednodo foi consagrado a S\u00e3o Francisco de Assis!&#8221;, lembrou o professor Benedito, que \u00e9 natural do Amap\u00e1 e veio especialmente para este evento. Antes de falar, ele partilhou com os participantes um pequeno frasco com \u00f3leo de priprioca, para sentirem um pouco o cheiro da Amaz\u00f4nia. &#8220;Nesse \u00f3leo que eu trouxe, n\u00e3o foi derrubado nenhum p\u00e9 de \u00e1rvore&#8221;, adiantou.<\/p>\n<p>Mais da metade dos cat\u00f3licos entrevistados (52%) disse considerar o desmatamento da Amaz\u00f4nia a maior amea\u00e7a \u00e0 natureza, superando problemas como polui\u00e7\u00e3o dos rios e dos mares, vista como principal amea\u00e7a por 19% dos entrevistados.<\/p>\n<p>&#8220;Se n\u00f3s n\u00e3o adentrarmos nessa Amaz\u00f4nia profunda, vamos cometer equ\u00edvocos com as melhores das inten\u00e7\u00f5es. Essa pesquisa veio nos ajudar muito, pois nos leva a esse processo de constru\u00e7\u00e3o de redes, a esse processo de <em>amazonizar-se<\/em>&#8220;, acrescentou Benedito.<\/p>\n<p>&nbsp;<\/p>\n<p><img loading=\"lazy\" class=\"alignnone size-full wp-image-212316\" src=\"https:\/\/franciscanos.org.br\/noticias\/wp-content\/uploads\/2019\/10\/debate_04.jpg\" alt=\"\" width=\"890\" height=\"593\" srcset=\"https:\/\/franciscanos.org.br\/noticias\/wp-content\/uploads\/2019\/10\/debate_04.jpg 890w, https:\/\/franciscanos.org.br\/noticias\/wp-content\/uploads\/2019\/10\/debate_04-450x300.jpg 450w, https:\/\/franciscanos.org.br\/noticias\/wp-content\/uploads\/2019\/10\/debate_04-768x512.jpg 768w, https:\/\/franciscanos.org.br\/noticias\/wp-content\/uploads\/2019\/10\/debate_04-150x100.jpg 150w\" sizes=\"(max-width: 890px) 100vw, 890px\" \/><\/p>\n<p><em>Da esq. para dir: Frei Jos\u00e9, Gabriela, Benedito, S\u00f4nia, Jos\u00e9 Maria e Am\u00e9rico Sampaio<\/em><\/p>\n<p>Para Frei Jos\u00e9 Francisco, n\u00e3o d\u00e1 para falar do S\u00ednodo sem situar o Pontificado de Francisco em um campo mais amplo. &#8220;O Papa Francisco, com a <em>Laudato Si\u2019<\/em>, coloca a cria\u00e7\u00e3o no centro da evangeliza\u00e7\u00e3o e muda o jeito de pensar e ser Igreja. E a\u00ed traz consequ\u00eancias muito grandes, porque come\u00e7a a mexer em toda a estrutura que tradicionalmente estava acomodada. Mostra um jeito de pensar a evangeliza\u00e7\u00e3o e organizar as pessoas. O S\u00ednodo \u00e9 uma express\u00e3o desse jeito novo de pensar e ser&#8221;, acredita o frade desta Prov\u00edncia da Imaculada.<\/p>\n<p>Para Frei Jos\u00e9, o Papa busca um pouco desse aspecto franciscano dado por Francisco de Assis ao sonhar com uma Fraternidade Universal. &#8220;Ele se torna uma resposta significativa para os nossos dias, que agora tem que olhar para o todo. Tudo est\u00e1 interligado. N\u00e3o d\u00e1 para pensar o ser humano isolado&#8221;, acrescenta o frade, explicando que o Papa Francisco trabalha numa desverticaliza\u00e7\u00e3o da Igreja.<\/p>\n<p>O jornalista Jos\u00e9 Mayrink lembrou que, ao contr\u00e1rio do que se pensa, n\u00e3o \u00e9 t\u00e3o forte a oposi\u00e7\u00e3o do governo federal ao S\u00ednodo. &#8220;O problema est\u00e1 dentro da Igreja. O Papa est\u00e1 sendo acusado de heresia e apostasia desde a sua elei\u00e7\u00e3o&#8221;, disse citando o exemplo do S\u00ednodo paralelo dos bispos alem\u00e3es. &#8220;A oposi\u00e7\u00e3o dentro da Igreja est\u00e1 agindo desde sua elei\u00e7\u00e3o, quando o acusou de ter ajudado os militares no per\u00edodo da ditadura militar na Argentina. Agora ir\u00e3o aproveitar o S\u00ednodo para carregar mais acusa\u00e7\u00f5es contra ele&#8221;, lamenta o jornalista do &#8220;Estado de S. Paulo&#8221;. Segundo ele, come\u00e7ou a trabalhar como rep\u00f3rter\u00a0 durante o Conc\u00edlio Vaticano II. &#8220;Brinco com os bispos da CNBB que s\u00f3 dois deles s\u00e3o mais velhos do que eu&#8221;, revelou.<\/p>\n<p>Na pesquisa, os entrevistados foram pedidos para avaliar a\u00e7\u00f5es ou declara\u00e7\u00f5es do presidente Bolsonaro na \u00e1rea ambiental. A maior parte se mostrou contr\u00e1ria \u00e0 ideia de acabar com as multas ambientais de quem causa desmatamento (75%) e discordou do enfraquecimento do Ibama (73%). Os cat\u00f3licos tamb\u00e9m se mostram contr\u00e1rios \u00e0 redu\u00e7\u00e3o de reservas ind\u00edgenas (67%) e n\u00e3o concordam com a nega\u00e7\u00e3o dos dados do Inpe sobre desmatamento da Amaz\u00f4nia (63%). Metade tamb\u00e9m discordou da afirma\u00e7\u00e3o de que somos o Pa\u00eds que mais preserva o meio ambiente no mundo.<\/p>\n<p><img loading=\"lazy\" class=\"alignnone size-full wp-image-212317\" src=\"https:\/\/franciscanos.org.br\/noticias\/wp-content\/uploads\/2019\/10\/debate_05.jpg\" alt=\"\" width=\"890\" height=\"593\" srcset=\"https:\/\/franciscanos.org.br\/noticias\/wp-content\/uploads\/2019\/10\/debate_05.jpg 890w, https:\/\/franciscanos.org.br\/noticias\/wp-content\/uploads\/2019\/10\/debate_05-450x300.jpg 450w, https:\/\/franciscanos.org.br\/noticias\/wp-content\/uploads\/2019\/10\/debate_05-768x512.jpg 768w, https:\/\/franciscanos.org.br\/noticias\/wp-content\/uploads\/2019\/10\/debate_05-150x100.jpg 150w\" sizes=\"(max-width: 890px) 100vw, 890px\" \/><\/p>\n<p>Segundo S\u00f4nia Gomes, o modelo econ\u00f4mico que est\u00e1 sendo implantado na Amaz\u00f4nia, em nome de um falso desenvolvimento, est\u00e1 gerando muita pobreza e mis\u00e9ria. &#8220;\u00c9 um desgaste muito grande para os pobres.\u00a0 N\u00e3o d\u00e1 para pensar nessa destrui\u00e7\u00e3o dos biomas em nome do lucro, do agroneg\u00f3cio&#8221;, disse. Para ela, que \u00e9 mineira de Montes Claros, a minera\u00e7\u00e3o que est\u00e3o querendo implantar na Amaz\u00f4nia j\u00e1 \u00e9 um filme conhecido dos mineiros. &#8220;Diante dos desastres de Brumadinho e de Mariana, n\u00e3o d\u00e1 para silenciar&#8221;, enfatiza, lembrando que o Norte de Minas est\u00e1 com mais de 400 pontos pleiteados para minera\u00e7\u00e3o.<\/p>\n<p>Segundo a presidente do Conselho Nacional dos Leigos, o S\u00ednodo est\u00e1 acontecendo para desmistificar &#8220;um monte de coisas&#8221; dentro da Igreja. &#8220;Existe um clericalismo muito grande na nossa Igreja. O leigo depende muito do padre para dizer o ele tem que fazer. N\u00f3s precisamos fazer essa reflex\u00e3o: Qual o papel do crist\u00e3o leigo dentro da Igreja? N\u00e3o se trata s\u00f3 do trabalho sacramentalista, mas de um trabalho de forma\u00e7\u00e3o e atua\u00e7\u00e3o na sociedade&#8221;, ensina. Para ela, s\u00e3o poucos os leigos que percebem o seu campo de atua\u00e7\u00e3o. Mas, lembra ela, Francisco tem ensinado a ser uma Igreja de escuta e ser comprometida com a Casa Comum. &#8220;Uma evangeliza\u00e7\u00e3o que consegue p\u00f4r o dedo na ferida onde tem o sofrimento maior&#8221;, acrescenta.<\/p>\n<p>&#8220;Esse \u00e9 o grande desafio que n\u00f3s temos e somos a grande maioria na igreja. Enquanto o laicato n\u00e3o assumir esse processo de olhar aquilo que Francisco tem apontado, de olhar aquilo que Francisco tem feito, n\u00f3s vamos continuar sendo essa Igreja que fala para poucos. Igreja sacramentalista e que n\u00e3o consegue se envolver nas quest\u00f5es sociais e pol\u00edticas&#8221;, lamentou. Para Gabriela, da WWF, \u00e9 urgente escutar as vozes dos povos amaz\u00f4nicos.<\/p>\n<p>Questionados sobre quais fontes de informa\u00e7\u00e3o consideram confi\u00e1veis sobre a Amaz\u00f4nia, 87% disseram confiar no que diz o Papa Francisco sobre o tema; 71% disseram confiar na ONU, 67% nas ONGs e 60% na imprensa. Em rela\u00e7\u00e3o ao governo brasileiro, a confian\u00e7a foi de 49% de confian\u00e7a, e 44% dos entrevistados disseram n\u00e3o confiar no governo quando cita dados em rela\u00e7\u00e3o \u00e0 Floresta Amaz\u00f4nica.<\/p>\n<p><img loading=\"lazy\" class=\"alignnone size-full wp-image-212315\" src=\"https:\/\/franciscanos.org.br\/noticias\/wp-content\/uploads\/2019\/10\/debate_03.jpg\" alt=\"\" width=\"890\" height=\"593\" srcset=\"https:\/\/franciscanos.org.br\/noticias\/wp-content\/uploads\/2019\/10\/debate_03.jpg 890w, https:\/\/franciscanos.org.br\/noticias\/wp-content\/uploads\/2019\/10\/debate_03-450x300.jpg 450w, https:\/\/franciscanos.org.br\/noticias\/wp-content\/uploads\/2019\/10\/debate_03-768x512.jpg 768w, https:\/\/franciscanos.org.br\/noticias\/wp-content\/uploads\/2019\/10\/debate_03-150x100.jpg 150w\" sizes=\"(max-width: 890px) 100vw, 890px\" \/><\/p>\n<p>Para a professora e antrop\u00f3loga Isabel, desse bom n\u00famero de pessoas que veem como importante preservar a Amaz\u00f4nia, 1\/4 das pessoas entrevistadas n\u00e3o faz a menor ideia de como fazer isso. &#8220;E como as pessoas podiam responder livremente &#8211; sem a escolha de alternativas &#8211; chama muito aten\u00e7\u00e3o um impasse: as pessoas est\u00e3o conscientes de que isso \u00e9 importante, mas elas n\u00e3o sabem o que fazer. N\u00e3o tem como se mobilizarem. Mesmo sendo respostas espont\u00e2neas s\u00e3o muito vagas. Dificilmente aquelas quest\u00f5es que est\u00e3o l\u00e1 se materializam em quest\u00f5es concretas&#8221;, avaliou.<\/p>\n<p>Assessor do Programa Cidades Sustent\u00e1veis e da Rede Nossa S\u00e3o Paulo, Am\u00e9rico Sampaio foi o mediador do debate. &#8220;A partir de agora, o nosso grande desafio \u00e9 fazer com que o que est\u00e1 sendo debatido no S\u00ednodo para a Amaz\u00f4nia chegue para a popula\u00e7\u00e3o brasileira, em especial chegue at\u00e9 os cat\u00f3licos brasileiros para a gente, de alguma forma, engrossar o caldo da reflex\u00e3o da import\u00e2ncia da Amaz\u00f4nia, do meio ambiente, para o Brasil e para o mundo&#8221;, completou.<\/p>\n<p><img loading=\"lazy\" class=\"alignnone size-full wp-image-212322\" src=\"https:\/\/franciscanos.org.br\/noticias\/wp-content\/uploads\/2019\/10\/debate_06.jpg\" alt=\"\" width=\"890\" height=\"464\" srcset=\"https:\/\/franciscanos.org.br\/noticias\/wp-content\/uploads\/2019\/10\/debate_06.jpg 890w, https:\/\/franciscanos.org.br\/noticias\/wp-content\/uploads\/2019\/10\/debate_06-450x235.jpg 450w, https:\/\/franciscanos.org.br\/noticias\/wp-content\/uploads\/2019\/10\/debate_06-768x400.jpg 768w, https:\/\/franciscanos.org.br\/noticias\/wp-content\/uploads\/2019\/10\/debate_06-150x78.jpg 150w\" sizes=\"(max-width: 890px) 100vw, 890px\" \/><\/p>\n","protected":false},"excerpt":{"rendered":"<p>S\u00ednodo para a Amaz\u00f4nia<\/p>\n","protected":false},"author":3,"featured_media":212318,"comment_status":"open","ping_status":"open","sticky":false,"template":"","format":"standard","meta":[],"categories":[1],"tags":[1535],"acf":[],"yoast_head":"<!-- This site is optimized with the Yoast SEO plugin v19.2 - https:\/\/yoast.com\/wordpress\/plugins\/seo\/ -->\n<title>Cat\u00f3licos apoiam o S\u00ednodo para a Amaz\u00f4nia - Not\u00edcias - Franciscanos<\/title>\n<meta name=\"robots\" content=\"index, follow, max-snippet:-1, max-image-preview:large, max-video-preview:-1\" \/>\n<link rel=\"canonical\" href=\"https:\/\/franciscanos.org.br\/noticias\/catolicos-apoiam-o-sinodo-para-a-amazonia.html\" \/>\n<meta property=\"og:locale\" content=\"pt_BR\" \/>\n<meta property=\"og:type\" content=\"article\" \/>\n<meta property=\"og:title\" content=\"Cat\u00f3licos apoiam o S\u00ednodo para a Amaz\u00f4nia - Not\u00edcias - Franciscanos\" \/>\n<meta property=\"og:description\" content=\"S\u00ednodo para a Amaz\u00f4nia\" \/>\n<meta property=\"og:url\" content=\"https:\/\/franciscanos.org.br\/noticias\/catolicos-apoiam-o-sinodo-para-a-amazonia.html\" \/>\n<meta property=\"og:site_name\" content=\"Not\u00edcias - Franciscanos\" \/>\n<meta property=\"article:published_time\" content=\"2019-10-07T23:59:48+00:00\" \/>\n<meta property=\"article:modified_time\" content=\"2019-10-08T00:13:46+00:00\" \/>\n<meta property=\"og:image\" content=\"https:\/\/franciscanos.org.br\/noticias\/wp-content\/uploads\/2019\/10\/debate_01d.jpg\" \/>\n\t<meta property=\"og:image:width\" content=\"273\" \/>\n\t<meta property=\"og:image:height\" content=\"181\" \/>\n\t<meta property=\"og:image:type\" content=\"image\/jpeg\" \/>\n<meta name=\"author\" content=\"moacir\" \/>\n<meta name=\"twitter:card\" content=\"summary_large_image\" \/>\n<meta name=\"twitter:label1\" content=\"Escrito por\" \/>\n\t<meta name=\"twitter:data1\" content=\"moacir\" \/>\n\t<meta name=\"twitter:label2\" content=\"Est. tempo de leitura\" \/>\n\t<meta name=\"twitter:data2\" content=\"8 minutos\" \/>\n<script type=\"application\/ld+json\" class=\"yoast-schema-graph\">{\"@context\":\"https:\/\/schema.org\",\"@graph\":[{\"@type\":\"WebSite\",\"@id\":\"https:\/\/franciscanos.org.br\/noticias\/#website\",\"url\":\"https:\/\/franciscanos.org.br\/noticias\/\",\"name\":\"Not\u00edcias - Franciscanos\",\"description\":\"Prov\u00edncia Franciscana da Imaculada Concei\u00e7\u00e3o do Brasil - Ordem dos Frades Menores - OFM\",\"potentialAction\":[{\"@type\":\"SearchAction\",\"target\":{\"@type\":\"EntryPoint\",\"urlTemplate\":\"https:\/\/franciscanos.org.br\/noticias\/?s={search_term_string}\"},\"query-input\":\"required name=search_term_string\"}],\"inLanguage\":\"pt-BR\"},{\"@type\":\"ImageObject\",\"inLanguage\":\"pt-BR\",\"@id\":\"https:\/\/franciscanos.org.br\/noticias\/catolicos-apoiam-o-sinodo-para-a-amazonia.html#primaryimage\",\"url\":\"https:\/\/franciscanos.org.br\/noticias\/wp-content\/uploads\/2019\/10\/debate_01d.jpg\",\"contentUrl\":\"https:\/\/franciscanos.org.br\/noticias\/wp-content\/uploads\/2019\/10\/debate_01d.jpg\",\"width\":273,\"height\":181},{\"@type\":\"WebPage\",\"@id\":\"https:\/\/franciscanos.org.br\/noticias\/catolicos-apoiam-o-sinodo-para-a-amazonia.html#webpage\",\"url\":\"https:\/\/franciscanos.org.br\/noticias\/catolicos-apoiam-o-sinodo-para-a-amazonia.html\",\"name\":\"Cat\u00f3licos apoiam o S\u00ednodo para a Amaz\u00f4nia - Not\u00edcias - Franciscanos\",\"isPartOf\":{\"@id\":\"https:\/\/franciscanos.org.br\/noticias\/#website\"},\"primaryImageOfPage\":{\"@id\":\"https:\/\/franciscanos.org.br\/noticias\/catolicos-apoiam-o-sinodo-para-a-amazonia.html#primaryimage\"},\"datePublished\":\"2019-10-07T23:59:48+00:00\",\"dateModified\":\"2019-10-08T00:13:46+00:00\",\"author\":{\"@id\":\"https:\/\/franciscanos.org.br\/noticias\/#\/schema\/person\/b5c8cba458c330ccff548b056e95a5d4\"},\"breadcrumb\":{\"@id\":\"https:\/\/franciscanos.org.br\/noticias\/catolicos-apoiam-o-sinodo-para-a-amazonia.html#breadcrumb\"},\"inLanguage\":\"pt-BR\",\"potentialAction\":[{\"@type\":\"ReadAction\",\"target\":[\"https:\/\/franciscanos.org.br\/noticias\/catolicos-apoiam-o-sinodo-para-a-amazonia.html\"]}]},{\"@type\":\"BreadcrumbList\",\"@id\":\"https:\/\/franciscanos.org.br\/noticias\/catolicos-apoiam-o-sinodo-para-a-amazonia.html#breadcrumb\",\"itemListElement\":[{\"@type\":\"ListItem\",\"position\":1,\"name\":\"Home\",\"item\":\"https:\/\/franciscanos.org.br\/noticias\"},{\"@type\":\"ListItem\",\"position\":2,\"name\":\"Cat\u00f3licos apoiam o S\u00ednodo para a Amaz\u00f4nia\"}]},{\"@type\":\"Person\",\"@id\":\"https:\/\/franciscanos.org.br\/noticias\/#\/schema\/person\/b5c8cba458c330ccff548b056e95a5d4\",\"name\":\"moacir\",\"image\":{\"@type\":\"ImageObject\",\"inLanguage\":\"pt-BR\",\"@id\":\"https:\/\/franciscanos.org.br\/noticias\/#\/schema\/person\/image\/\",\"url\":\"https:\/\/secure.gravatar.com\/avatar\/d08aa2ce4c8dd416d4479aa8536fcf64?s=96&d=mm&r=g\",\"contentUrl\":\"https:\/\/secure.gravatar.com\/avatar\/d08aa2ce4c8dd416d4479aa8536fcf64?s=96&d=mm&r=g\",\"caption\":\"moacir\"},\"url\":\"https:\/\/franciscanos.org.br\/noticias\/author\/moacir\"}]}<\/script>\n<!-- \/ Yoast SEO plugin. -->","yoast_head_json":{"title":"Cat\u00f3licos apoiam o S\u00ednodo para a Amaz\u00f4nia - Not\u00edcias - Franciscanos","robots":{"index":"index","follow":"follow","max-snippet":"max-snippet:-1","max-image-preview":"max-image-preview:large","max-video-preview":"max-video-preview:-1"},"canonical":"https:\/\/franciscanos.org.br\/noticias\/catolicos-apoiam-o-sinodo-para-a-amazonia.html","og_locale":"pt_BR","og_type":"article","og_title":"Cat\u00f3licos apoiam o S\u00ednodo para a Amaz\u00f4nia - Not\u00edcias - Franciscanos","og_description":"S\u00ednodo para a Amaz\u00f4nia","og_url":"https:\/\/franciscanos.org.br\/noticias\/catolicos-apoiam-o-sinodo-para-a-amazonia.html","og_site_name":"Not\u00edcias - Franciscanos","article_published_time":"2019-10-07T23:59:48+00:00","article_modified_time":"2019-10-08T00:13:46+00:00","og_image":[{"width":273,"height":181,"url":"https:\/\/franciscanos.org.br\/noticias\/wp-content\/uploads\/2019\/10\/debate_01d.jpg","type":"image\/jpeg"}],"author":"moacir","twitter_card":"summary_large_image","twitter_misc":{"Escrito por":"moacir","Est. tempo de leitura":"8 minutos"},"schema":{"@context":"https:\/\/schema.org","@graph":[{"@type":"WebSite","@id":"https:\/\/franciscanos.org.br\/noticias\/#website","url":"https:\/\/franciscanos.org.br\/noticias\/","name":"Not\u00edcias - Franciscanos","description":"Prov\u00edncia Franciscana da Imaculada Concei\u00e7\u00e3o do Brasil - Ordem dos Frades Menores - OFM","potentialAction":[{"@type":"SearchAction","target":{"@type":"EntryPoint","urlTemplate":"https:\/\/franciscanos.org.br\/noticias\/?s={search_term_string}"},"query-input":"required name=search_term_string"}],"inLanguage":"pt-BR"},{"@type":"ImageObject","inLanguage":"pt-BR","@id":"https:\/\/franciscanos.org.br\/noticias\/catolicos-apoiam-o-sinodo-para-a-amazonia.html#primaryimage","url":"https:\/\/franciscanos.org.br\/noticias\/wp-content\/uploads\/2019\/10\/debate_01d.jpg","contentUrl":"https:\/\/franciscanos.org.br\/noticias\/wp-content\/uploads\/2019\/10\/debate_01d.jpg","width":273,"height":181},{"@type":"WebPage","@id":"https:\/\/franciscanos.org.br\/noticias\/catolicos-apoiam-o-sinodo-para-a-amazonia.html#webpage","url":"https:\/\/franciscanos.org.br\/noticias\/catolicos-apoiam-o-sinodo-para-a-amazonia.html","name":"Cat\u00f3licos apoiam o S\u00ednodo para a Amaz\u00f4nia - Not\u00edcias - Franciscanos","isPartOf":{"@id":"https:\/\/franciscanos.org.br\/noticias\/#website"},"primaryImageOfPage":{"@id":"https:\/\/franciscanos.org.br\/noticias\/catolicos-apoiam-o-sinodo-para-a-amazonia.html#primaryimage"},"datePublished":"2019-10-07T23:59:48+00:00","dateModified":"2019-10-08T00:13:46+00:00","author":{"@id":"https:\/\/franciscanos.org.br\/noticias\/#\/schema\/person\/b5c8cba458c330ccff548b056e95a5d4"},"breadcrumb":{"@id":"https:\/\/franciscanos.org.br\/noticias\/catolicos-apoiam-o-sinodo-para-a-amazonia.html#breadcrumb"},"inLanguage":"pt-BR","potentialAction":[{"@type":"ReadAction","target":["https:\/\/franciscanos.org.br\/noticias\/catolicos-apoiam-o-sinodo-para-a-amazonia.html"]}]},{"@type":"BreadcrumbList","@id":"https:\/\/franciscanos.org.br\/noticias\/catolicos-apoiam-o-sinodo-para-a-amazonia.html#breadcrumb","itemListElement":[{"@type":"ListItem","position":1,"name":"Home","item":"https:\/\/franciscanos.org.br\/noticias"},{"@type":"ListItem","position":2,"name":"Cat\u00f3licos apoiam o S\u00ednodo para a Amaz\u00f4nia"}]},{"@type":"Person","@id":"https:\/\/franciscanos.org.br\/noticias\/#\/schema\/person\/b5c8cba458c330ccff548b056e95a5d4","name":"moacir","image":{"@type":"ImageObject","inLanguage":"pt-BR","@id":"https:\/\/franciscanos.org.br\/noticias\/#\/schema\/person\/image\/","url":"https:\/\/secure.gravatar.com\/avatar\/d08aa2ce4c8dd416d4479aa8536fcf64?s=96&d=mm&r=g","contentUrl":"https:\/\/secure.gravatar.com\/avatar\/d08aa2ce4c8dd416d4479aa8536fcf64?s=96&d=mm&r=g","caption":"moacir"},"url":"https:\/\/franciscanos.org.br\/noticias\/author\/moacir"}]}},"_links":{"self":[{"href":"https:\/\/franciscanos.org.br\/noticias\/wp-json\/wp\/v2\/posts\/212312"}],"collection":[{"href":"https:\/\/franciscanos.org.br\/noticias\/wp-json\/wp\/v2\/posts"}],"about":[{"href":"https:\/\/franciscanos.org.br\/noticias\/wp-json\/wp\/v2\/types\/post"}],"author":[{"embeddable":true,"href":"https:\/\/franciscanos.org.br\/noticias\/wp-json\/wp\/v2\/users\/3"}],"replies":[{"embeddable":true,"href":"https:\/\/franciscanos.org.br\/noticias\/wp-json\/wp\/v2\/comments?post=212312"}],"version-history":[{"count":0,"href":"https:\/\/franciscanos.org.br\/noticias\/wp-json\/wp\/v2\/posts\/212312\/revisions"}],"wp:featuredmedia":[{"embeddable":true,"href":"https:\/\/franciscanos.org.br\/noticias\/wp-json\/wp\/v2\/media\/212318"}],"wp:attachment":[{"href":"https:\/\/franciscanos.org.br\/noticias\/wp-json\/wp\/v2\/media?parent=212312"}],"wp:term":[{"taxonomy":"category","embeddable":true,"href":"https:\/\/franciscanos.org.br\/noticias\/wp-json\/wp\/v2\/categories?post=212312"},{"taxonomy":"post_tag","embeddable":true,"href":"https:\/\/franciscanos.org.br\/noticias\/wp-json\/wp\/v2\/tags?post=212312"}],"curies":[{"name":"wp","href":"https:\/\/api.w.org\/{rel}","templated":true}]}}