{"id":212261,"date":"2019-10-07T09:50:54","date_gmt":"2019-10-07T12:50:54","guid":{"rendered":"https:\/\/franciscanos.org.br\/noticias\/?p=212261"},"modified":"2019-10-07T09:51:07","modified_gmt":"2019-10-07T12:51:07","slug":"solenidade-de-sao-francisco-encerra-jornada-pelo-cuidado-da-criacao","status":"publish","type":"post","link":"https:\/\/franciscanos.org.br\/noticias\/solenidade-de-sao-francisco-encerra-jornada-pelo-cuidado-da-criacao.html","title":{"rendered":"Angola: Solenidade de S\u00e3o Francisco encerra Jornada pelo Cuidado da Cria\u00e7\u00e3o"},"content":{"rendered":"<p><img loading=\"lazy\" class=\"alignnone size-full wp-image-212262\" src=\"https:\/\/franciscanos.org.br\/noticias\/wp-content\/uploads\/2019\/10\/angola_0710_1.jpg\" alt=\"\" width=\"890\" height=\"593\" srcset=\"https:\/\/franciscanos.org.br\/noticias\/wp-content\/uploads\/2019\/10\/angola_0710_1.jpg 890w, https:\/\/franciscanos.org.br\/noticias\/wp-content\/uploads\/2019\/10\/angola_0710_1-450x300.jpg 450w, https:\/\/franciscanos.org.br\/noticias\/wp-content\/uploads\/2019\/10\/angola_0710_1-768x512.jpg 768w, https:\/\/franciscanos.org.br\/noticias\/wp-content\/uploads\/2019\/10\/angola_0710_1-150x100.jpg 150w\" sizes=\"(max-width: 890px) 100vw, 890px\" \/><\/p>\n<p>A solenidade de S\u00e3o Francisco de Assis, na Funda\u00e7\u00e3o Imaculada M\u00e3e de Deus de Angola, marcou o encerramento da V Jornada Mundial da Ora\u00e7\u00e3o pelo Cuidado da Cria\u00e7\u00e3o, lembrando tamb\u00e9m neste ano o jubileu dos 800 anos do encontro de S\u00e3o Francisco com o sult\u00e3o Al Malik Al-Kamil. Os diversos minist\u00e9rios foram animados pelos frades e pelas irm\u00e3s do mosteiro, formando um coro misto e a Santa Missa foi presidida pelo guardi\u00e3o da Fraternidade Franciscana S\u00e3o Francisco de Assis e capel\u00e3o do mosteiro Sagrado Cora\u00e7\u00e3o de Jesus, Frei Jo\u00e3o Baptista Canjenjenga e concelebrada por Frei Laurindo Lauro da Silva J\u00fanior, mestre de postulantes, Frei Matondo Kwanzambi Domingos, OFMCap, Pe. Celestino Epalanga, S.J, presidente da Comiss\u00e3o Episcopal de Justi\u00e7a e Paz e Migra\u00e7\u00f5es da CEAST.<\/p>\n<p><img loading=\"lazy\" class=\"alignnone size-full wp-image-212263\" src=\"https:\/\/franciscanos.org.br\/noticias\/wp-content\/uploads\/2019\/10\/angola_0710.jpg\" alt=\"\" width=\"890\" height=\"464\" srcset=\"https:\/\/franciscanos.org.br\/noticias\/wp-content\/uploads\/2019\/10\/angola_0710.jpg 890w, https:\/\/franciscanos.org.br\/noticias\/wp-content\/uploads\/2019\/10\/angola_0710-450x235.jpg 450w, https:\/\/franciscanos.org.br\/noticias\/wp-content\/uploads\/2019\/10\/angola_0710-768x400.jpg 768w, https:\/\/franciscanos.org.br\/noticias\/wp-content\/uploads\/2019\/10\/angola_0710-150x78.jpg 150w\" sizes=\"(max-width: 890px) 100vw, 890px\" \/><\/p>\n<p>Na homilia, o presidente da celebra\u00e7\u00e3o recordou que Francisco era um exemplo de rela\u00e7\u00e3o n\u00e3o s\u00f3 com os homens, mas com todas as criaturas. Segundo ele, assim como Francisco entregou-se nas m\u00e3os de Deus, somos tamb\u00e9m chamados a imit\u00e1-lo. No final da Missa, Pe. Epalanga fez o balan\u00e7o das atividades realizadas durante a V Jornada da Cria\u00e7\u00e3o pela Comiss\u00e3o Episcopal. O mesmo notou uma fraca participa\u00e7\u00e3o das escolas cat\u00f3licas, congrega\u00e7\u00f5es e grupos apost\u00f3licos e agradeceu a participa\u00e7\u00e3o dos frades nas atividades realizadas e finalizou dizendo que o cuidado da cria\u00e7\u00e3o \u00e9 de todos n\u00f3s porque somos todos franciscanos.<\/p>\n<p>Ap\u00f3s a Missa, houve um momento recreativo com a Fam\u00edlia Franciscana, onde estiveram presentes dez congrega\u00e7\u00f5es, sacerdotes diocesanos, OFS, Jufra e diversos convidados.<\/p>\n<p>Este dia foi precedido de v\u00e1rios outros acontecimentos em honra ao Ser\u00e1fico Pai, S\u00e3o Francisco de Assis: Do dia 24 de setembro ao dia 2 de outubro, foi realizada, \u00e0s 17h30, na capela do mosteiro Sagrado Cora\u00e7\u00e3o de Jesus, a novena do Santo de Assis. Na noite do dia 27 para o dia 28, aconteceu a vig\u00edlia no Kimbo S\u00e3o Francisco de Assis, que contou com a participa\u00e7\u00e3o dos fi\u00e9is da Par\u00f3quia S\u00e3o Lucas. No dia 3, foi celebrado o Tr\u00e2nsito de S\u00e3o Francisco.<\/p>\n<p><img loading=\"lazy\" class=\"alignnone size-full wp-image-212264\" src=\"https:\/\/franciscanos.org.br\/noticias\/wp-content\/uploads\/2019\/10\/angola_0710_2.jpg\" alt=\"\" width=\"890\" height=\"593\" srcset=\"https:\/\/franciscanos.org.br\/noticias\/wp-content\/uploads\/2019\/10\/angola_0710_2.jpg 890w, https:\/\/franciscanos.org.br\/noticias\/wp-content\/uploads\/2019\/10\/angola_0710_2-450x300.jpg 450w, https:\/\/franciscanos.org.br\/noticias\/wp-content\/uploads\/2019\/10\/angola_0710_2-768x512.jpg 768w, https:\/\/franciscanos.org.br\/noticias\/wp-content\/uploads\/2019\/10\/angola_0710_2-150x100.jpg 150w\" sizes=\"(max-width: 890px) 100vw, 890px\" \/><\/p>\n<p>No dia 2 foi realizado pela primeira vez, no Instituto Superior Dom Bosco (ISDB), onde os frades estudam o curso de Filosofia, uma exposi\u00e7\u00e3o com os temas: \u201cBreve hist\u00f3ria de S\u00e3o Francisco de Assis e da presen\u00e7a dos Frades Menores em Angola e o Cuidado da Cria\u00e7\u00e3o na dimens\u00e3o Franciscana\u201d, apresentado por Frei Miguel Tchiteculo e Frei Ant\u00f3nio da Silva.<\/p>\n<p><em>Frei Abel Ndala Sahuma Nganji e Frei Evaristo Seque Joaquim<\/em><\/p>\n<p><img loading=\"lazy\" class=\"alignnone size-full wp-image-212265\" src=\"https:\/\/franciscanos.org.br\/noticias\/wp-content\/uploads\/2019\/10\/angola_0710_4.jpg\" alt=\"\" width=\"890\" height=\"593\" srcset=\"https:\/\/franciscanos.org.br\/noticias\/wp-content\/uploads\/2019\/10\/angola_0710_4.jpg 890w, https:\/\/franciscanos.org.br\/noticias\/wp-content\/uploads\/2019\/10\/angola_0710_4-450x300.jpg 450w, https:\/\/franciscanos.org.br\/noticias\/wp-content\/uploads\/2019\/10\/angola_0710_4-768x512.jpg 768w, https:\/\/franciscanos.org.br\/noticias\/wp-content\/uploads\/2019\/10\/angola_0710_4-150x100.jpg 150w\" sizes=\"(max-width: 890px) 100vw, 890px\" \/><\/p>\n","protected":false},"excerpt":{"rendered":"<p>A solenidade de S\u00e3o Francisco de Assis, na Funda\u00e7\u00e3o Imaculada M\u00e3e de Deus de Angola, marcou o encerramento da V Jornada Mundial da Ora\u00e7\u00e3o pelo Cuidado da Cria\u00e7\u00e3o, lembrando tamb\u00e9m neste ano o jubileu dos 800 anos do encontro de S\u00e3o Francisco com o sult\u00e3o Al Malik Al-Kamil. Os diversos minist\u00e9rios foram animados pelos frades [&hellip;]<\/p>\n","protected":false},"author":3,"featured_media":212266,"comment_status":"open","ping_status":"open","sticky":false,"template":"","format":"standard","meta":[],"categories":[1],"tags":[360],"acf":[],"yoast_head":"<!-- This site is optimized with the Yoast SEO plugin v19.2 - https:\/\/yoast.com\/wordpress\/plugins\/seo\/ -->\n<title>Angola: Solenidade de S\u00e3o Francisco encerra Jornada pelo Cuidado da Cria\u00e7\u00e3o - Not\u00edcias - Franciscanos<\/title>\n<meta name=\"robots\" content=\"index, follow, max-snippet:-1, max-image-preview:large, max-video-preview:-1\" \/>\n<link rel=\"canonical\" href=\"https:\/\/franciscanos.org.br\/noticias\/solenidade-de-sao-francisco-encerra-jornada-pelo-cuidado-da-criacao.html\" \/>\n<meta property=\"og:locale\" content=\"pt_BR\" \/>\n<meta property=\"og:type\" content=\"article\" \/>\n<meta property=\"og:title\" content=\"Angola: Solenidade de S\u00e3o Francisco encerra Jornada pelo Cuidado da Cria\u00e7\u00e3o - Not\u00edcias - Franciscanos\" \/>\n<meta property=\"og:description\" content=\"A solenidade de S\u00e3o Francisco de Assis, na Funda\u00e7\u00e3o Imaculada M\u00e3e de Deus de Angola, marcou o encerramento da V Jornada Mundial da Ora\u00e7\u00e3o pelo Cuidado da Cria\u00e7\u00e3o, lembrando tamb\u00e9m neste ano o jubileu dos 800 anos do encontro de S\u00e3o Francisco com o sult\u00e3o Al Malik Al-Kamil. Os diversos minist\u00e9rios foram animados pelos frades [&hellip;]\" \/>\n<meta property=\"og:url\" content=\"https:\/\/franciscanos.org.br\/noticias\/solenidade-de-sao-francisco-encerra-jornada-pelo-cuidado-da-criacao.html\" \/>\n<meta property=\"og:site_name\" content=\"Not\u00edcias - Franciscanos\" \/>\n<meta property=\"article:published_time\" content=\"2019-10-07T12:50:54+00:00\" \/>\n<meta property=\"article:modified_time\" content=\"2019-10-07T12:51:07+00:00\" \/>\n<meta property=\"og:image\" content=\"https:\/\/franciscanos.org.br\/noticias\/wp-content\/uploads\/2019\/10\/angola_0710_4d.jpg\" \/>\n\t<meta property=\"og:image:width\" content=\"273\" \/>\n\t<meta property=\"og:image:height\" content=\"181\" \/>\n\t<meta property=\"og:image:type\" content=\"image\/jpeg\" \/>\n<meta name=\"author\" content=\"moacir\" \/>\n<meta name=\"twitter:card\" content=\"summary_large_image\" \/>\n<meta name=\"twitter:label1\" content=\"Escrito por\" \/>\n\t<meta name=\"twitter:data1\" content=\"moacir\" \/>\n\t<meta name=\"twitter:label2\" content=\"Est. tempo de leitura\" \/>\n\t<meta name=\"twitter:data2\" content=\"2 minutos\" \/>\n<script type=\"application\/ld+json\" class=\"yoast-schema-graph\">{\"@context\":\"https:\/\/schema.org\",\"@graph\":[{\"@type\":\"WebSite\",\"@id\":\"https:\/\/franciscanos.org.br\/noticias\/#website\",\"url\":\"https:\/\/franciscanos.org.br\/noticias\/\",\"name\":\"Not\u00edcias - Franciscanos\",\"description\":\"Prov\u00edncia Franciscana da Imaculada Concei\u00e7\u00e3o do Brasil - Ordem dos Frades Menores - OFM\",\"potentialAction\":[{\"@type\":\"SearchAction\",\"target\":{\"@type\":\"EntryPoint\",\"urlTemplate\":\"https:\/\/franciscanos.org.br\/noticias\/?s={search_term_string}\"},\"query-input\":\"required name=search_term_string\"}],\"inLanguage\":\"pt-BR\"},{\"@type\":\"ImageObject\",\"inLanguage\":\"pt-BR\",\"@id\":\"https:\/\/franciscanos.org.br\/noticias\/solenidade-de-sao-francisco-encerra-jornada-pelo-cuidado-da-criacao.html#primaryimage\",\"url\":\"https:\/\/franciscanos.org.br\/noticias\/wp-content\/uploads\/2019\/10\/angola_0710_4d.jpg\",\"contentUrl\":\"https:\/\/franciscanos.org.br\/noticias\/wp-content\/uploads\/2019\/10\/angola_0710_4d.jpg\",\"width\":273,\"height\":181},{\"@type\":\"WebPage\",\"@id\":\"https:\/\/franciscanos.org.br\/noticias\/solenidade-de-sao-francisco-encerra-jornada-pelo-cuidado-da-criacao.html#webpage\",\"url\":\"https:\/\/franciscanos.org.br\/noticias\/solenidade-de-sao-francisco-encerra-jornada-pelo-cuidado-da-criacao.html\",\"name\":\"Angola: Solenidade de S\u00e3o Francisco encerra Jornada pelo Cuidado da Cria\u00e7\u00e3o - Not\u00edcias - Franciscanos\",\"isPartOf\":{\"@id\":\"https:\/\/franciscanos.org.br\/noticias\/#website\"},\"primaryImageOfPage\":{\"@id\":\"https:\/\/franciscanos.org.br\/noticias\/solenidade-de-sao-francisco-encerra-jornada-pelo-cuidado-da-criacao.html#primaryimage\"},\"datePublished\":\"2019-10-07T12:50:54+00:00\",\"dateModified\":\"2019-10-07T12:51:07+00:00\",\"author\":{\"@id\":\"https:\/\/franciscanos.org.br\/noticias\/#\/schema\/person\/b5c8cba458c330ccff548b056e95a5d4\"},\"breadcrumb\":{\"@id\":\"https:\/\/franciscanos.org.br\/noticias\/solenidade-de-sao-francisco-encerra-jornada-pelo-cuidado-da-criacao.html#breadcrumb\"},\"inLanguage\":\"pt-BR\",\"potentialAction\":[{\"@type\":\"ReadAction\",\"target\":[\"https:\/\/franciscanos.org.br\/noticias\/solenidade-de-sao-francisco-encerra-jornada-pelo-cuidado-da-criacao.html\"]}]},{\"@type\":\"BreadcrumbList\",\"@id\":\"https:\/\/franciscanos.org.br\/noticias\/solenidade-de-sao-francisco-encerra-jornada-pelo-cuidado-da-criacao.html#breadcrumb\",\"itemListElement\":[{\"@type\":\"ListItem\",\"position\":1,\"name\":\"Home\",\"item\":\"https:\/\/franciscanos.org.br\/noticias\"},{\"@type\":\"ListItem\",\"position\":2,\"name\":\"Angola: Solenidade de S\u00e3o Francisco encerra Jornada pelo Cuidado da Cria\u00e7\u00e3o\"}]},{\"@type\":\"Person\",\"@id\":\"https:\/\/franciscanos.org.br\/noticias\/#\/schema\/person\/b5c8cba458c330ccff548b056e95a5d4\",\"name\":\"moacir\",\"image\":{\"@type\":\"ImageObject\",\"inLanguage\":\"pt-BR\",\"@id\":\"https:\/\/franciscanos.org.br\/noticias\/#\/schema\/person\/image\/\",\"url\":\"https:\/\/secure.gravatar.com\/avatar\/d08aa2ce4c8dd416d4479aa8536fcf64?s=96&d=mm&r=g\",\"contentUrl\":\"https:\/\/secure.gravatar.com\/avatar\/d08aa2ce4c8dd416d4479aa8536fcf64?s=96&d=mm&r=g\",\"caption\":\"moacir\"},\"url\":\"https:\/\/franciscanos.org.br\/noticias\/author\/moacir\"}]}<\/script>\n<!-- \/ Yoast SEO plugin. -->","yoast_head_json":{"title":"Angola: Solenidade de S\u00e3o Francisco encerra Jornada pelo Cuidado da Cria\u00e7\u00e3o - Not\u00edcias - Franciscanos","robots":{"index":"index","follow":"follow","max-snippet":"max-snippet:-1","max-image-preview":"max-image-preview:large","max-video-preview":"max-video-preview:-1"},"canonical":"https:\/\/franciscanos.org.br\/noticias\/solenidade-de-sao-francisco-encerra-jornada-pelo-cuidado-da-criacao.html","og_locale":"pt_BR","og_type":"article","og_title":"Angola: Solenidade de S\u00e3o Francisco encerra Jornada pelo Cuidado da Cria\u00e7\u00e3o - Not\u00edcias - Franciscanos","og_description":"A solenidade de S\u00e3o Francisco de Assis, na Funda\u00e7\u00e3o Imaculada M\u00e3e de Deus de Angola, marcou o encerramento da V Jornada Mundial da Ora\u00e7\u00e3o pelo Cuidado da Cria\u00e7\u00e3o, lembrando tamb\u00e9m neste ano o jubileu dos 800 anos do encontro de S\u00e3o Francisco com o sult\u00e3o Al Malik Al-Kamil. Os diversos minist\u00e9rios foram animados pelos frades [&hellip;]","og_url":"https:\/\/franciscanos.org.br\/noticias\/solenidade-de-sao-francisco-encerra-jornada-pelo-cuidado-da-criacao.html","og_site_name":"Not\u00edcias - Franciscanos","article_published_time":"2019-10-07T12:50:54+00:00","article_modified_time":"2019-10-07T12:51:07+00:00","og_image":[{"width":273,"height":181,"url":"https:\/\/franciscanos.org.br\/noticias\/wp-content\/uploads\/2019\/10\/angola_0710_4d.jpg","type":"image\/jpeg"}],"author":"moacir","twitter_card":"summary_large_image","twitter_misc":{"Escrito por":"moacir","Est. tempo de leitura":"2 minutos"},"schema":{"@context":"https:\/\/schema.org","@graph":[{"@type":"WebSite","@id":"https:\/\/franciscanos.org.br\/noticias\/#website","url":"https:\/\/franciscanos.org.br\/noticias\/","name":"Not\u00edcias - Franciscanos","description":"Prov\u00edncia Franciscana da Imaculada Concei\u00e7\u00e3o do Brasil - Ordem dos Frades Menores - OFM","potentialAction":[{"@type":"SearchAction","target":{"@type":"EntryPoint","urlTemplate":"https:\/\/franciscanos.org.br\/noticias\/?s={search_term_string}"},"query-input":"required name=search_term_string"}],"inLanguage":"pt-BR"},{"@type":"ImageObject","inLanguage":"pt-BR","@id":"https:\/\/franciscanos.org.br\/noticias\/solenidade-de-sao-francisco-encerra-jornada-pelo-cuidado-da-criacao.html#primaryimage","url":"https:\/\/franciscanos.org.br\/noticias\/wp-content\/uploads\/2019\/10\/angola_0710_4d.jpg","contentUrl":"https:\/\/franciscanos.org.br\/noticias\/wp-content\/uploads\/2019\/10\/angola_0710_4d.jpg","width":273,"height":181},{"@type":"WebPage","@id":"https:\/\/franciscanos.org.br\/noticias\/solenidade-de-sao-francisco-encerra-jornada-pelo-cuidado-da-criacao.html#webpage","url":"https:\/\/franciscanos.org.br\/noticias\/solenidade-de-sao-francisco-encerra-jornada-pelo-cuidado-da-criacao.html","name":"Angola: Solenidade de S\u00e3o Francisco encerra Jornada pelo Cuidado da Cria\u00e7\u00e3o - Not\u00edcias - Franciscanos","isPartOf":{"@id":"https:\/\/franciscanos.org.br\/noticias\/#website"},"primaryImageOfPage":{"@id":"https:\/\/franciscanos.org.br\/noticias\/solenidade-de-sao-francisco-encerra-jornada-pelo-cuidado-da-criacao.html#primaryimage"},"datePublished":"2019-10-07T12:50:54+00:00","dateModified":"2019-10-07T12:51:07+00:00","author":{"@id":"https:\/\/franciscanos.org.br\/noticias\/#\/schema\/person\/b5c8cba458c330ccff548b056e95a5d4"},"breadcrumb":{"@id":"https:\/\/franciscanos.org.br\/noticias\/solenidade-de-sao-francisco-encerra-jornada-pelo-cuidado-da-criacao.html#breadcrumb"},"inLanguage":"pt-BR","potentialAction":[{"@type":"ReadAction","target":["https:\/\/franciscanos.org.br\/noticias\/solenidade-de-sao-francisco-encerra-jornada-pelo-cuidado-da-criacao.html"]}]},{"@type":"BreadcrumbList","@id":"https:\/\/franciscanos.org.br\/noticias\/solenidade-de-sao-francisco-encerra-jornada-pelo-cuidado-da-criacao.html#breadcrumb","itemListElement":[{"@type":"ListItem","position":1,"name":"Home","item":"https:\/\/franciscanos.org.br\/noticias"},{"@type":"ListItem","position":2,"name":"Angola: Solenidade de S\u00e3o Francisco encerra Jornada pelo Cuidado da Cria\u00e7\u00e3o"}]},{"@type":"Person","@id":"https:\/\/franciscanos.org.br\/noticias\/#\/schema\/person\/b5c8cba458c330ccff548b056e95a5d4","name":"moacir","image":{"@type":"ImageObject","inLanguage":"pt-BR","@id":"https:\/\/franciscanos.org.br\/noticias\/#\/schema\/person\/image\/","url":"https:\/\/secure.gravatar.com\/avatar\/d08aa2ce4c8dd416d4479aa8536fcf64?s=96&d=mm&r=g","contentUrl":"https:\/\/secure.gravatar.com\/avatar\/d08aa2ce4c8dd416d4479aa8536fcf64?s=96&d=mm&r=g","caption":"moacir"},"url":"https:\/\/franciscanos.org.br\/noticias\/author\/moacir"}]}},"_links":{"self":[{"href":"https:\/\/franciscanos.org.br\/noticias\/wp-json\/wp\/v2\/posts\/212261"}],"collection":[{"href":"https:\/\/franciscanos.org.br\/noticias\/wp-json\/wp\/v2\/posts"}],"about":[{"href":"https:\/\/franciscanos.org.br\/noticias\/wp-json\/wp\/v2\/types\/post"}],"author":[{"embeddable":true,"href":"https:\/\/franciscanos.org.br\/noticias\/wp-json\/wp\/v2\/users\/3"}],"replies":[{"embeddable":true,"href":"https:\/\/franciscanos.org.br\/noticias\/wp-json\/wp\/v2\/comments?post=212261"}],"version-history":[{"count":0,"href":"https:\/\/franciscanos.org.br\/noticias\/wp-json\/wp\/v2\/posts\/212261\/revisions"}],"wp:featuredmedia":[{"embeddable":true,"href":"https:\/\/franciscanos.org.br\/noticias\/wp-json\/wp\/v2\/media\/212266"}],"wp:attachment":[{"href":"https:\/\/franciscanos.org.br\/noticias\/wp-json\/wp\/v2\/media?parent=212261"}],"wp:term":[{"taxonomy":"category","embeddable":true,"href":"https:\/\/franciscanos.org.br\/noticias\/wp-json\/wp\/v2\/categories?post=212261"},{"taxonomy":"post_tag","embeddable":true,"href":"https:\/\/franciscanos.org.br\/noticias\/wp-json\/wp\/v2\/tags?post=212261"}],"curies":[{"name":"wp","href":"https:\/\/api.w.org\/{rel}","templated":true}]}}