{"id":212254,"date":"2019-10-07T09:20:55","date_gmt":"2019-10-07T12:20:55","guid":{"rendered":"https:\/\/franciscanos.org.br\/noticias\/?p=212254"},"modified":"2019-10-07T09:20:55","modified_gmt":"2019-10-07T12:20:55","slug":"filho-prodigo-e-tema-de-retiro-universitario-da-usf","status":"publish","type":"post","link":"https:\/\/franciscanos.org.br\/noticias\/filho-prodigo-e-tema-de-retiro-universitario-da-usf.html","title":{"rendered":"&#8220;Filho Pr\u00f3digo&#8221; \u00e9 tema de Retiro Universit\u00e1rio da USF"},"content":{"rendered":"<p>&nbsp;<\/p>\n<p><img loading=\"lazy\" class=\"alignnone size-full wp-image-212259\" src=\"https:\/\/franciscanos.org.br\/noticias\/wp-content\/uploads\/2019\/10\/retiro_0710.png\" alt=\"\" width=\"890\" height=\"428\" srcset=\"https:\/\/franciscanos.org.br\/noticias\/wp-content\/uploads\/2019\/10\/retiro_0710.png 890w, https:\/\/franciscanos.org.br\/noticias\/wp-content\/uploads\/2019\/10\/retiro_0710-450x216.png 450w, https:\/\/franciscanos.org.br\/noticias\/wp-content\/uploads\/2019\/10\/retiro_0710-768x369.png 768w, https:\/\/franciscanos.org.br\/noticias\/wp-content\/uploads\/2019\/10\/retiro_0710-150x72.png 150w\" sizes=\"(max-width: 890px) 100vw, 890px\" \/><\/p>\n<p>A Pastoral Universit\u00e1ria da Universidade S\u00e3o Francisco (USF) promoveu, no s\u00e1bado, 5 de outubro, o 6\u00ba Retiro Universit\u00e1rio na Fazenda Santa Cristina em Bragan\u00e7a Paulista. O tema central do encontro foi &#8220;A Volta do Filho Pr\u00f3digo&#8221;, com momentos de estudo do tema b\u00edblico, reflex\u00e3o individual e muita conviv\u00eancia fraterna.<\/p>\n<p>O mestre em espiritualidade franciscana, Frei Vit\u00f3rio Mazzuco, dirigiu o retiro, levando a uma medita\u00e7\u00e3o que perdoar \u00e9 devolver os dons. \u201cPerdoar, mais do que desculpar, reconciliar, eximir da culpa, significa: devolver os dons, mostrar quem e o que se \u00e9, mostrar as for\u00e7as dos valores que nos habitam\u201d. Tamb\u00e9m ressaltou a import\u00e2ncia do abra\u00e7o, t\u00e3o significativo e simb\u00f3lico dentro da par\u00e1bola do Filho pr\u00f3digo, afirmando que \u201cum abra\u00e7o transmite for\u00e7a na hora da fragilidade, o abra\u00e7o \u00e9 uma b\u00ean\u00e7\u00e3o, um abra\u00e7o de perd\u00e3o perdura para sempre\u201d. Por fim, possibilitando um momento de reflex\u00e3o pessoal, convidou os participantes a examinar e se ler em cada um onde est\u00e1 o filho mais novo, o filho mais velho e o pai pleno de prodigalidade e miseric\u00f3rdia.<\/p>\n<p><img loading=\"lazy\" class=\"alignnone size-full wp-image-212256\" src=\"https:\/\/franciscanos.org.br\/noticias\/wp-content\/uploads\/2019\/10\/retiro_0710_2.png\" alt=\"\" width=\"890\" height=\"591\" srcset=\"https:\/\/franciscanos.org.br\/noticias\/wp-content\/uploads\/2019\/10\/retiro_0710_2.png 890w, https:\/\/franciscanos.org.br\/noticias\/wp-content\/uploads\/2019\/10\/retiro_0710_2-450x299.png 450w, https:\/\/franciscanos.org.br\/noticias\/wp-content\/uploads\/2019\/10\/retiro_0710_2-768x510.png 768w, https:\/\/franciscanos.org.br\/noticias\/wp-content\/uploads\/2019\/10\/retiro_0710_2-150x100.png 150w\" sizes=\"(max-width: 890px) 100vw, 890px\" \/><\/p>\n<p>O encerramento do retiro foi atrav\u00e9s da celebra\u00e7\u00e3o da Santa missa, presidida por Frei Alvaci Mendes da Luz, que enfatizou em sua homilia o grande protagonismo do Pai, com o seu abra\u00e7o acolhedor e atitude de miseric\u00f3rdia. Tamb\u00e9m ressaltou a import\u00e2ncia do retiro, atrav\u00e9s do retirar-se a um lugar como a fazenda para refletir estar em contato com a natureza.<\/p>\n<p>\u201cO retiro foi maravilhoso, as leituras, reflex\u00f5es intercaladas com c\u00e2nticos e momentos de partilha tornaram a conviv\u00eancia desse Retiro muito proveitosa, imposs\u00edvel sair dele igual entramos, uma das muitas li\u00e7\u00f5es que pudemos tirar do tema \u00e9 que existe um Pai muito amoroso sempre \u00e0 espera do nosso retorno quando Dele nos afastamos\u201d, avaliou Leandro Tavella, aluno do 10\u00ba semestre de Direito.<\/p>\n<p><img loading=\"lazy\" class=\"alignnone size-full wp-image-212257\" src=\"https:\/\/franciscanos.org.br\/noticias\/wp-content\/uploads\/2019\/10\/retiro_0710_3.png\" alt=\"\" width=\"890\" height=\"490\" srcset=\"https:\/\/franciscanos.org.br\/noticias\/wp-content\/uploads\/2019\/10\/retiro_0710_3.png 890w, https:\/\/franciscanos.org.br\/noticias\/wp-content\/uploads\/2019\/10\/retiro_0710_3-450x248.png 450w, https:\/\/franciscanos.org.br\/noticias\/wp-content\/uploads\/2019\/10\/retiro_0710_3-768x423.png 768w, https:\/\/franciscanos.org.br\/noticias\/wp-content\/uploads\/2019\/10\/retiro_0710_3-150x83.png 150w\" sizes=\"(max-width: 890px) 100vw, 890px\" \/><\/p>\n<p>\u201cFoi muito bom participar do retiro. Um dia para refletir, contemplar, conhecer a si e as outros. Gratid\u00e3o!\u201d, observou N\u00e1dia Nara de Godoy Pezendi, aluna da P\u00f3s-Gradua\u00e7\u00e3o Stricto Sensu em Educa\u00e7\u00e3o.<\/p>\n<p>Para Giovanna Catarochi Pedrialli, aluna do 10\u00ba de Arquitetura e Urbanismo, o retiro universit\u00e1rio foi muito especial. &#8220;Foi muito bom ouvir e refletir sobre a par\u00e1bola do filho pr\u00f3digo, o perd\u00e3o e miseric\u00f3rdia de Deus. Ainda mais em lugar t\u00e3o lindo e em contato com a natureza!\u201d.<\/p>\n<p><strong>Pastoral Universit\u00e1ria<\/strong><\/p>\n<p><img loading=\"lazy\" class=\"alignnone size-full wp-image-212255\" src=\"https:\/\/franciscanos.org.br\/noticias\/wp-content\/uploads\/2019\/10\/retiro_0710_1.png\" alt=\"\" width=\"890\" height=\"591\" srcset=\"https:\/\/franciscanos.org.br\/noticias\/wp-content\/uploads\/2019\/10\/retiro_0710_1.png 890w, https:\/\/franciscanos.org.br\/noticias\/wp-content\/uploads\/2019\/10\/retiro_0710_1-450x299.png 450w, https:\/\/franciscanos.org.br\/noticias\/wp-content\/uploads\/2019\/10\/retiro_0710_1-768x510.png 768w, https:\/\/franciscanos.org.br\/noticias\/wp-content\/uploads\/2019\/10\/retiro_0710_1-150x100.png 150w\" sizes=\"(max-width: 890px) 100vw, 890px\" \/><\/p>\n","protected":false},"excerpt":{"rendered":"<p>Universidade S\u00e3o Francisco<\/p>\n","protected":false},"author":3,"featured_media":212258,"comment_status":"open","ping_status":"open","sticky":false,"template":"","format":"standard","meta":[],"categories":[1],"tags":[354],"acf":[],"yoast_head":"<!-- This site is optimized with the Yoast SEO plugin v19.2 - https:\/\/yoast.com\/wordpress\/plugins\/seo\/ -->\n<title>&quot;Filho Pr\u00f3digo&quot; \u00e9 tema de Retiro Universit\u00e1rio da USF - Not\u00edcias - Franciscanos<\/title>\n<meta name=\"robots\" content=\"index, follow, max-snippet:-1, max-image-preview:large, max-video-preview:-1\" \/>\n<link rel=\"canonical\" href=\"https:\/\/franciscanos.org.br\/noticias\/filho-prodigo-e-tema-de-retiro-universitario-da-usf.html\" \/>\n<meta property=\"og:locale\" content=\"pt_BR\" \/>\n<meta property=\"og:type\" content=\"article\" \/>\n<meta property=\"og:title\" content=\"&quot;Filho Pr\u00f3digo&quot; \u00e9 tema de Retiro Universit\u00e1rio da USF - Not\u00edcias - Franciscanos\" \/>\n<meta property=\"og:description\" content=\"Universidade S\u00e3o Francisco\" \/>\n<meta property=\"og:url\" content=\"https:\/\/franciscanos.org.br\/noticias\/filho-prodigo-e-tema-de-retiro-universitario-da-usf.html\" \/>\n<meta property=\"og:site_name\" content=\"Not\u00edcias - Franciscanos\" \/>\n<meta property=\"article:published_time\" content=\"2019-10-07T12:20:55+00:00\" \/>\n<meta property=\"og:image\" content=\"https:\/\/franciscanos.org.br\/noticias\/wp-content\/uploads\/2019\/10\/retiro_0710d.png\" \/>\n\t<meta property=\"og:image:width\" content=\"273\" \/>\n\t<meta property=\"og:image:height\" content=\"181\" \/>\n\t<meta property=\"og:image:type\" content=\"image\/png\" \/>\n<meta name=\"author\" content=\"moacir\" \/>\n<meta name=\"twitter:card\" content=\"summary_large_image\" \/>\n<meta name=\"twitter:label1\" content=\"Escrito por\" \/>\n\t<meta name=\"twitter:data1\" content=\"moacir\" \/>\n\t<meta name=\"twitter:label2\" content=\"Est. tempo de leitura\" \/>\n\t<meta name=\"twitter:data2\" content=\"2 minutos\" \/>\n<script type=\"application\/ld+json\" class=\"yoast-schema-graph\">{\"@context\":\"https:\/\/schema.org\",\"@graph\":[{\"@type\":\"WebSite\",\"@id\":\"https:\/\/franciscanos.org.br\/noticias\/#website\",\"url\":\"https:\/\/franciscanos.org.br\/noticias\/\",\"name\":\"Not\u00edcias - Franciscanos\",\"description\":\"Prov\u00edncia Franciscana da Imaculada Concei\u00e7\u00e3o do Brasil - Ordem dos Frades Menores - OFM\",\"potentialAction\":[{\"@type\":\"SearchAction\",\"target\":{\"@type\":\"EntryPoint\",\"urlTemplate\":\"https:\/\/franciscanos.org.br\/noticias\/?s={search_term_string}\"},\"query-input\":\"required name=search_term_string\"}],\"inLanguage\":\"pt-BR\"},{\"@type\":\"ImageObject\",\"inLanguage\":\"pt-BR\",\"@id\":\"https:\/\/franciscanos.org.br\/noticias\/filho-prodigo-e-tema-de-retiro-universitario-da-usf.html#primaryimage\",\"url\":\"https:\/\/franciscanos.org.br\/noticias\/wp-content\/uploads\/2019\/10\/retiro_0710d.png\",\"contentUrl\":\"https:\/\/franciscanos.org.br\/noticias\/wp-content\/uploads\/2019\/10\/retiro_0710d.png\",\"width\":273,\"height\":181},{\"@type\":\"WebPage\",\"@id\":\"https:\/\/franciscanos.org.br\/noticias\/filho-prodigo-e-tema-de-retiro-universitario-da-usf.html#webpage\",\"url\":\"https:\/\/franciscanos.org.br\/noticias\/filho-prodigo-e-tema-de-retiro-universitario-da-usf.html\",\"name\":\"\\\"Filho Pr\u00f3digo\\\" \u00e9 tema de Retiro Universit\u00e1rio da USF - Not\u00edcias - Franciscanos\",\"isPartOf\":{\"@id\":\"https:\/\/franciscanos.org.br\/noticias\/#website\"},\"primaryImageOfPage\":{\"@id\":\"https:\/\/franciscanos.org.br\/noticias\/filho-prodigo-e-tema-de-retiro-universitario-da-usf.html#primaryimage\"},\"datePublished\":\"2019-10-07T12:20:55+00:00\",\"dateModified\":\"2019-10-07T12:20:55+00:00\",\"author\":{\"@id\":\"https:\/\/franciscanos.org.br\/noticias\/#\/schema\/person\/b5c8cba458c330ccff548b056e95a5d4\"},\"breadcrumb\":{\"@id\":\"https:\/\/franciscanos.org.br\/noticias\/filho-prodigo-e-tema-de-retiro-universitario-da-usf.html#breadcrumb\"},\"inLanguage\":\"pt-BR\",\"potentialAction\":[{\"@type\":\"ReadAction\",\"target\":[\"https:\/\/franciscanos.org.br\/noticias\/filho-prodigo-e-tema-de-retiro-universitario-da-usf.html\"]}]},{\"@type\":\"BreadcrumbList\",\"@id\":\"https:\/\/franciscanos.org.br\/noticias\/filho-prodigo-e-tema-de-retiro-universitario-da-usf.html#breadcrumb\",\"itemListElement\":[{\"@type\":\"ListItem\",\"position\":1,\"name\":\"Home\",\"item\":\"https:\/\/franciscanos.org.br\/noticias\"},{\"@type\":\"ListItem\",\"position\":2,\"name\":\"&#8220;Filho Pr\u00f3digo&#8221; \u00e9 tema de Retiro Universit\u00e1rio da USF\"}]},{\"@type\":\"Person\",\"@id\":\"https:\/\/franciscanos.org.br\/noticias\/#\/schema\/person\/b5c8cba458c330ccff548b056e95a5d4\",\"name\":\"moacir\",\"image\":{\"@type\":\"ImageObject\",\"inLanguage\":\"pt-BR\",\"@id\":\"https:\/\/franciscanos.org.br\/noticias\/#\/schema\/person\/image\/\",\"url\":\"https:\/\/secure.gravatar.com\/avatar\/d08aa2ce4c8dd416d4479aa8536fcf64?s=96&d=mm&r=g\",\"contentUrl\":\"https:\/\/secure.gravatar.com\/avatar\/d08aa2ce4c8dd416d4479aa8536fcf64?s=96&d=mm&r=g\",\"caption\":\"moacir\"},\"url\":\"https:\/\/franciscanos.org.br\/noticias\/author\/moacir\"}]}<\/script>\n<!-- \/ Yoast SEO plugin. -->","yoast_head_json":{"title":"\"Filho Pr\u00f3digo\" \u00e9 tema de Retiro Universit\u00e1rio da USF - Not\u00edcias - Franciscanos","robots":{"index":"index","follow":"follow","max-snippet":"max-snippet:-1","max-image-preview":"max-image-preview:large","max-video-preview":"max-video-preview:-1"},"canonical":"https:\/\/franciscanos.org.br\/noticias\/filho-prodigo-e-tema-de-retiro-universitario-da-usf.html","og_locale":"pt_BR","og_type":"article","og_title":"\"Filho Pr\u00f3digo\" \u00e9 tema de Retiro Universit\u00e1rio da USF - Not\u00edcias - Franciscanos","og_description":"Universidade S\u00e3o Francisco","og_url":"https:\/\/franciscanos.org.br\/noticias\/filho-prodigo-e-tema-de-retiro-universitario-da-usf.html","og_site_name":"Not\u00edcias - Franciscanos","article_published_time":"2019-10-07T12:20:55+00:00","og_image":[{"width":273,"height":181,"url":"https:\/\/franciscanos.org.br\/noticias\/wp-content\/uploads\/2019\/10\/retiro_0710d.png","type":"image\/png"}],"author":"moacir","twitter_card":"summary_large_image","twitter_misc":{"Escrito por":"moacir","Est. tempo de leitura":"2 minutos"},"schema":{"@context":"https:\/\/schema.org","@graph":[{"@type":"WebSite","@id":"https:\/\/franciscanos.org.br\/noticias\/#website","url":"https:\/\/franciscanos.org.br\/noticias\/","name":"Not\u00edcias - Franciscanos","description":"Prov\u00edncia Franciscana da Imaculada Concei\u00e7\u00e3o do Brasil - Ordem dos Frades Menores - OFM","potentialAction":[{"@type":"SearchAction","target":{"@type":"EntryPoint","urlTemplate":"https:\/\/franciscanos.org.br\/noticias\/?s={search_term_string}"},"query-input":"required name=search_term_string"}],"inLanguage":"pt-BR"},{"@type":"ImageObject","inLanguage":"pt-BR","@id":"https:\/\/franciscanos.org.br\/noticias\/filho-prodigo-e-tema-de-retiro-universitario-da-usf.html#primaryimage","url":"https:\/\/franciscanos.org.br\/noticias\/wp-content\/uploads\/2019\/10\/retiro_0710d.png","contentUrl":"https:\/\/franciscanos.org.br\/noticias\/wp-content\/uploads\/2019\/10\/retiro_0710d.png","width":273,"height":181},{"@type":"WebPage","@id":"https:\/\/franciscanos.org.br\/noticias\/filho-prodigo-e-tema-de-retiro-universitario-da-usf.html#webpage","url":"https:\/\/franciscanos.org.br\/noticias\/filho-prodigo-e-tema-de-retiro-universitario-da-usf.html","name":"\"Filho Pr\u00f3digo\" \u00e9 tema de Retiro Universit\u00e1rio da USF - Not\u00edcias - Franciscanos","isPartOf":{"@id":"https:\/\/franciscanos.org.br\/noticias\/#website"},"primaryImageOfPage":{"@id":"https:\/\/franciscanos.org.br\/noticias\/filho-prodigo-e-tema-de-retiro-universitario-da-usf.html#primaryimage"},"datePublished":"2019-10-07T12:20:55+00:00","dateModified":"2019-10-07T12:20:55+00:00","author":{"@id":"https:\/\/franciscanos.org.br\/noticias\/#\/schema\/person\/b5c8cba458c330ccff548b056e95a5d4"},"breadcrumb":{"@id":"https:\/\/franciscanos.org.br\/noticias\/filho-prodigo-e-tema-de-retiro-universitario-da-usf.html#breadcrumb"},"inLanguage":"pt-BR","potentialAction":[{"@type":"ReadAction","target":["https:\/\/franciscanos.org.br\/noticias\/filho-prodigo-e-tema-de-retiro-universitario-da-usf.html"]}]},{"@type":"BreadcrumbList","@id":"https:\/\/franciscanos.org.br\/noticias\/filho-prodigo-e-tema-de-retiro-universitario-da-usf.html#breadcrumb","itemListElement":[{"@type":"ListItem","position":1,"name":"Home","item":"https:\/\/franciscanos.org.br\/noticias"},{"@type":"ListItem","position":2,"name":"&#8220;Filho Pr\u00f3digo&#8221; \u00e9 tema de Retiro Universit\u00e1rio da USF"}]},{"@type":"Person","@id":"https:\/\/franciscanos.org.br\/noticias\/#\/schema\/person\/b5c8cba458c330ccff548b056e95a5d4","name":"moacir","image":{"@type":"ImageObject","inLanguage":"pt-BR","@id":"https:\/\/franciscanos.org.br\/noticias\/#\/schema\/person\/image\/","url":"https:\/\/secure.gravatar.com\/avatar\/d08aa2ce4c8dd416d4479aa8536fcf64?s=96&d=mm&r=g","contentUrl":"https:\/\/secure.gravatar.com\/avatar\/d08aa2ce4c8dd416d4479aa8536fcf64?s=96&d=mm&r=g","caption":"moacir"},"url":"https:\/\/franciscanos.org.br\/noticias\/author\/moacir"}]}},"_links":{"self":[{"href":"https:\/\/franciscanos.org.br\/noticias\/wp-json\/wp\/v2\/posts\/212254"}],"collection":[{"href":"https:\/\/franciscanos.org.br\/noticias\/wp-json\/wp\/v2\/posts"}],"about":[{"href":"https:\/\/franciscanos.org.br\/noticias\/wp-json\/wp\/v2\/types\/post"}],"author":[{"embeddable":true,"href":"https:\/\/franciscanos.org.br\/noticias\/wp-json\/wp\/v2\/users\/3"}],"replies":[{"embeddable":true,"href":"https:\/\/franciscanos.org.br\/noticias\/wp-json\/wp\/v2\/comments?post=212254"}],"version-history":[{"count":0,"href":"https:\/\/franciscanos.org.br\/noticias\/wp-json\/wp\/v2\/posts\/212254\/revisions"}],"wp:featuredmedia":[{"embeddable":true,"href":"https:\/\/franciscanos.org.br\/noticias\/wp-json\/wp\/v2\/media\/212258"}],"wp:attachment":[{"href":"https:\/\/franciscanos.org.br\/noticias\/wp-json\/wp\/v2\/media?parent=212254"}],"wp:term":[{"taxonomy":"category","embeddable":true,"href":"https:\/\/franciscanos.org.br\/noticias\/wp-json\/wp\/v2\/categories?post=212254"},{"taxonomy":"post_tag","embeddable":true,"href":"https:\/\/franciscanos.org.br\/noticias\/wp-json\/wp\/v2\/tags?post=212254"}],"curies":[{"name":"wp","href":"https:\/\/api.w.org\/{rel}","templated":true}]}}