{"id":212245,"date":"2019-10-07T07:01:14","date_gmt":"2019-10-07T10:01:14","guid":{"rendered":"https:\/\/franciscanos.org.br\/noticias\/?p=212245"},"modified":"2020-06-05T17:17:49","modified_gmt":"2020-06-05T20:17:49","slug":"papa-o-espirito-santo-e-o-protagonista-do-sinodo","status":"publish","type":"post","link":"https:\/\/franciscanos.org.br\/noticias\/papa-o-espirito-santo-e-o-protagonista-do-sinodo.html","title":{"rendered":"Papa: o Esp\u00edrito Santo \u00e9 o protagonista do S\u00ednodo"},"content":{"rendered":"<p><img loading=\"lazy\" class=\"alignnone wp-image-212246 size-full\" src=\"https:\/\/franciscanos.org.br\/noticias\/wp-content\/uploads\/2019\/10\/sinodo_0710.jpg\" alt=\"\" width=\"890\" height=\"501\" srcset=\"https:\/\/franciscanos.org.br\/noticias\/wp-content\/uploads\/2019\/10\/sinodo_0710.jpg 890w, https:\/\/franciscanos.org.br\/noticias\/wp-content\/uploads\/2019\/10\/sinodo_0710-450x253.jpg 450w, https:\/\/franciscanos.org.br\/noticias\/wp-content\/uploads\/2019\/10\/sinodo_0710-768x432.jpg 768w, https:\/\/franciscanos.org.br\/noticias\/wp-content\/uploads\/2019\/10\/sinodo_0710-150x84.jpg 150w\" sizes=\"(max-width: 890px) 100vw, 890px\" \/><\/p>\n<p><strong>Cidade do Vaticano<\/strong> &#8211; Os trabalhos do S\u00ednodo dos Bispos sobre a Amaz\u00f4nia tiveram in\u00edcio na manh\u00e3 desta segunda-feira (07\/10) com um momento de ora\u00e7\u00e3o diante do t\u00famulo de Pedro, na Bas\u00edlica Vaticana, intercalado com um canto da regi\u00e3o amaz\u00f4nica, seguido pelo Veni Creator.<\/p>\n<p>Os participantes seguiram em prociss\u00e3o at\u00e9 a sala sinodal levando cartazes com imagens de m\u00e1rtires e frases da enc\u00edclica Laudato Si\u2019 e s\u00edmbolos da regi\u00e3o amaz\u00f4nica, como o barco, a rede e objetos ind\u00edgenas. O Pont\u00edfice fez a sauda\u00e7\u00e3o inicial, agradecendo a todos pelo trabalho realizado desde sua visita a Puerto Maldonado, no Peru.<\/p>\n<p><strong>Dimens\u00e3o pastoral<\/strong><br \/>\n\u201cO S\u00ednodo para a Amaz\u00f4nia tem quatro dimens\u00f5es\u201d, explicou o Papa: pastoral, cultural, social e ecol\u00f3gica. \u201cA primeira \u00e9 essencial porque abarca tudo e vemos a realidade da Amaz\u00f4nia com olhos dos disc\u00edpulos, porque n\u00e3o existem hermen\u00eauticas neutras, asc\u00e9ticas, sempre est\u00e3o condicionadas a uma op\u00e7\u00e3o pr\u00e9via, e a nossa op\u00e7\u00e3o pr\u00e9via \u00e9 a dos disc\u00edpulos. Mas tamb\u00e9m com olhos mission\u00e1rios, porque o amor que o Esp\u00edrito Santo colocou em n\u00f3s nos impulsiona ao an\u00fancio de Jesus Cristo&#8221;.<\/p>\n<p>&nbsp;<\/p>\n<p>Francisco advertiu para as coloniza\u00e7\u00f5es ideol\u00f3gicas, que fazem ver a realidade com programas pr\u00e9-confeccionados com o af\u00e3 de domesticar os povos origin\u00e1rios. \u201cAs ideologias s\u00e3o uma arma perigosa\u201d, afirmou, porque levam a vis\u00f5es redutivas, a entender sem admirar, sem assumir, sem compreender.<\/p>\n<p>A realidade \u00e9 absorvida com categorias \u201cismos\u201d. O lema \u201cciviliza\u00e7\u00e3o e barb\u00e1rie\u201d serviu para dividir, aniquilar os povos origin\u00e1rios, demonstrando todo o desprezo por eles. O Pont\u00edfice citou a experi\u00eancia que a pr\u00f3pria Argentina viveu com estes povos e as atitudes depreciativas que continuam at\u00e9 hoje, expresso inclusive na linguagem.<\/p>\n<p>Contra o risco de medidas pragm\u00e1ticas, o Papa prop\u00f5e a contempla\u00e7\u00e3o dos povos, a capacidade de admira\u00e7\u00e3o e um pensamento paradigm\u00e1tico. \u201cSe algu\u00e9m veio com inten\u00e7\u00f5es pragm\u00e1ticas, converte-se para atitudes paradigm\u00e1ticas, que nasce da realidade dos povos\u201d, afirmou.<\/p>\n<p>Francisco alertou ainda para os riscos da mundanidade, \u201cque sempre se infiltra e nos faz distanciar da poesia dos povos. Viemos para contemplar, compreender, servir os povos e fazemos percorrendo um caminho sinodal, n\u00e3o numa mesa-redonda, em confer\u00eancias ou em discursos, mas em s\u00ednodo. Porque um S\u00ednodo n\u00e3o \u00e9 um parlamento, um locut\u00f3rio, \u00e9 um caminhar juntos sob a inspira\u00e7\u00e3o do Esp\u00edrito Santo e o Esp\u00edrito Santo \u00e9 o protagonista do S\u00ednodo\u201d.<\/p>\n<p>&nbsp;<\/p>\n<p><strong>O mart\u00edrio do Instrumento de trabalho<\/strong><img loading=\"lazy\" class=\"alignnone wp-image-212250 size-full\" src=\"https:\/\/franciscanos.org.br\/noticias\/wp-content\/uploads\/2019\/10\/sinodo_0710_3.jpg\" alt=\"\" width=\"890\" height=\"519\" srcset=\"https:\/\/franciscanos.org.br\/noticias\/wp-content\/uploads\/2019\/10\/sinodo_0710_3.jpg 890w, https:\/\/franciscanos.org.br\/noticias\/wp-content\/uploads\/2019\/10\/sinodo_0710_3-450x262.jpg 450w, https:\/\/franciscanos.org.br\/noticias\/wp-content\/uploads\/2019\/10\/sinodo_0710_3-768x448.jpg 768w, https:\/\/franciscanos.org.br\/noticias\/wp-content\/uploads\/2019\/10\/sinodo_0710_3-150x87.jpg 150w\" sizes=\"(max-width: 890px) 100vw, 890px\" \/><br \/>\nQuanto ao Instrumento de trabalho, o Papa o qualificou como \u201cm\u00e1rtir\u201d, destinado a ser destru\u00eddo, pois \u00e9 o ponto de partida. \u201cVamos caminhar sob a guia do Esp\u00edrito Santo, deixar que Ele se expresse nesta assembleia, entre n\u00f3s, conosco, atrav\u00e9s de n\u00f3s e se expresse apesar da nossa resist\u00eancia.\u201d<\/p>\n<p>Para assegurar que a presen\u00e7a do Esp\u00edrito Santo seja fecunda, Francisco indicou antes de tudo a ora\u00e7\u00e3o \u2013 \u201crezemos muito\u201d. \u201c\u00c9 preciso tamb\u00e9m refletir, dialogar, escutar com humildade, sabendo que eu n\u00e3o sei tudo e falar com coragem, com paresia, \u201cmesmo que tenha que passar vergonha\u201d, discernir e tudo isso dentro, custodiando a fraternidade que deve existir aqui dentro.\u201d<\/p>\n<p>Para favorecer essa atitude de reflex\u00e3o, ora\u00e7\u00e3o, discernimento, depois das interven\u00e7\u00f5es haver\u00e1 um espa\u00e7o de quatro minutos de sil\u00eancio. \u201cPois estar no S\u00ednodo \u00e9 entrar num processo, n\u00e3o \u00e9 ocupar um espa\u00e7o na sala, e os processos eclesiais t\u00eam necessidade de ser custodiados, cuidados com delicadeza, com o calor da M\u00e3e Igreja.\u201d<\/p>\n<p>Francisco ent\u00e3o indicou prud\u00eancia ao falar com os jornalistas, para n\u00e3o se criar a impress\u00e3o de que exista um \u201cS\u00ednodo dentro\u201d e um \u201cS\u00ednodo fora\u201d. \u201cUma informa\u00e7\u00e3o impudente leva a equ\u00edvocos.\u201d<\/p>\n<p>\u201cObrigado por aquilo que est\u00e3o fazendo, obrigado por rezar uns pelos outros e \u00e2nimo, n\u00e3o percamos o sentido de humor\u201d, completou.<\/p>\n<hr \/>\n<p>veja tamb\u00e9m <a href=\"https:\/\/franciscanos.org.br\/vidacrista\/especiais\/sinodo-para-a-amazonia\/\">O ESPECIAL S\u00cdNODO PARA A AMAZ\u00d4NIA<\/a><\/p>\n<p><em>Fonte: Vatican News<\/em><\/p>\n","protected":false},"excerpt":{"rendered":"<p>Abertura dos trabalhos da Assembleia Sinodal no Vaticano <\/p>\n","protected":false},"author":3,"featured_media":212247,"comment_status":"open","ping_status":"open","sticky":false,"template":"","format":"standard","meta":[],"categories":[1428],"tags":[1535],"acf":[],"yoast_head":"<!-- This site is optimized with the Yoast SEO plugin v19.2 - https:\/\/yoast.com\/wordpress\/plugins\/seo\/ -->\n<title>Papa: o Esp\u00edrito Santo \u00e9 o protagonista do S\u00ednodo - Not\u00edcias - Franciscanos<\/title>\n<meta name=\"robots\" content=\"index, follow, max-snippet:-1, max-image-preview:large, max-video-preview:-1\" \/>\n<link rel=\"canonical\" href=\"https:\/\/franciscanos.org.br\/noticias\/papa-o-espirito-santo-e-o-protagonista-do-sinodo.html\" \/>\n<meta property=\"og:locale\" content=\"pt_BR\" \/>\n<meta property=\"og:type\" content=\"article\" \/>\n<meta property=\"og:title\" content=\"Papa: o Esp\u00edrito Santo \u00e9 o protagonista do S\u00ednodo - Not\u00edcias - Franciscanos\" \/>\n<meta property=\"og:description\" content=\"Abertura dos trabalhos da Assembleia Sinodal no Vaticano\" \/>\n<meta property=\"og:url\" content=\"https:\/\/franciscanos.org.br\/noticias\/papa-o-espirito-santo-e-o-protagonista-do-sinodo.html\" \/>\n<meta property=\"og:site_name\" content=\"Not\u00edcias - Franciscanos\" \/>\n<meta property=\"article:published_time\" content=\"2019-10-07T10:01:14+00:00\" \/>\n<meta property=\"article:modified_time\" content=\"2020-06-05T20:17:49+00:00\" \/>\n<meta property=\"og:image\" content=\"https:\/\/franciscanos.org.br\/noticias\/wp-content\/uploads\/2019\/10\/sinodo_0710d.jpg\" \/>\n\t<meta property=\"og:image:width\" content=\"273\" \/>\n\t<meta property=\"og:image:height\" content=\"181\" \/>\n\t<meta property=\"og:image:type\" content=\"image\/jpeg\" \/>\n<meta name=\"author\" content=\"moacir\" \/>\n<meta name=\"twitter:card\" content=\"summary_large_image\" \/>\n<meta name=\"twitter:label1\" content=\"Escrito por\" \/>\n\t<meta name=\"twitter:data1\" content=\"moacir\" \/>\n\t<meta name=\"twitter:label2\" content=\"Est. tempo de leitura\" \/>\n\t<meta name=\"twitter:data2\" content=\"4 minutos\" \/>\n<script type=\"application\/ld+json\" class=\"yoast-schema-graph\">{\"@context\":\"https:\/\/schema.org\",\"@graph\":[{\"@type\":\"WebSite\",\"@id\":\"https:\/\/franciscanos.org.br\/noticias\/#website\",\"url\":\"https:\/\/franciscanos.org.br\/noticias\/\",\"name\":\"Not\u00edcias - Franciscanos\",\"description\":\"Prov\u00edncia Franciscana da Imaculada Concei\u00e7\u00e3o do Brasil - Ordem dos Frades Menores - OFM\",\"potentialAction\":[{\"@type\":\"SearchAction\",\"target\":{\"@type\":\"EntryPoint\",\"urlTemplate\":\"https:\/\/franciscanos.org.br\/noticias\/?s={search_term_string}\"},\"query-input\":\"required name=search_term_string\"}],\"inLanguage\":\"pt-BR\"},{\"@type\":\"ImageObject\",\"inLanguage\":\"pt-BR\",\"@id\":\"https:\/\/franciscanos.org.br\/noticias\/papa-o-espirito-santo-e-o-protagonista-do-sinodo.html#primaryimage\",\"url\":\"https:\/\/franciscanos.org.br\/noticias\/wp-content\/uploads\/2019\/10\/sinodo_0710d.jpg\",\"contentUrl\":\"https:\/\/franciscanos.org.br\/noticias\/wp-content\/uploads\/2019\/10\/sinodo_0710d.jpg\",\"width\":273,\"height\":181},{\"@type\":\"WebPage\",\"@id\":\"https:\/\/franciscanos.org.br\/noticias\/papa-o-espirito-santo-e-o-protagonista-do-sinodo.html#webpage\",\"url\":\"https:\/\/franciscanos.org.br\/noticias\/papa-o-espirito-santo-e-o-protagonista-do-sinodo.html\",\"name\":\"Papa: o Esp\u00edrito Santo \u00e9 o protagonista do S\u00ednodo - Not\u00edcias - Franciscanos\",\"isPartOf\":{\"@id\":\"https:\/\/franciscanos.org.br\/noticias\/#website\"},\"primaryImageOfPage\":{\"@id\":\"https:\/\/franciscanos.org.br\/noticias\/papa-o-espirito-santo-e-o-protagonista-do-sinodo.html#primaryimage\"},\"datePublished\":\"2019-10-07T10:01:14+00:00\",\"dateModified\":\"2020-06-05T20:17:49+00:00\",\"author\":{\"@id\":\"https:\/\/franciscanos.org.br\/noticias\/#\/schema\/person\/b5c8cba458c330ccff548b056e95a5d4\"},\"breadcrumb\":{\"@id\":\"https:\/\/franciscanos.org.br\/noticias\/papa-o-espirito-santo-e-o-protagonista-do-sinodo.html#breadcrumb\"},\"inLanguage\":\"pt-BR\",\"potentialAction\":[{\"@type\":\"ReadAction\",\"target\":[\"https:\/\/franciscanos.org.br\/noticias\/papa-o-espirito-santo-e-o-protagonista-do-sinodo.html\"]}]},{\"@type\":\"BreadcrumbList\",\"@id\":\"https:\/\/franciscanos.org.br\/noticias\/papa-o-espirito-santo-e-o-protagonista-do-sinodo.html#breadcrumb\",\"itemListElement\":[{\"@type\":\"ListItem\",\"position\":1,\"name\":\"Home\",\"item\":\"https:\/\/franciscanos.org.br\/noticias\"},{\"@type\":\"ListItem\",\"position\":2,\"name\":\"Papa: o Esp\u00edrito Santo \u00e9 o protagonista do S\u00ednodo\"}]},{\"@type\":\"Person\",\"@id\":\"https:\/\/franciscanos.org.br\/noticias\/#\/schema\/person\/b5c8cba458c330ccff548b056e95a5d4\",\"name\":\"moacir\",\"image\":{\"@type\":\"ImageObject\",\"inLanguage\":\"pt-BR\",\"@id\":\"https:\/\/franciscanos.org.br\/noticias\/#\/schema\/person\/image\/\",\"url\":\"https:\/\/secure.gravatar.com\/avatar\/d08aa2ce4c8dd416d4479aa8536fcf64?s=96&d=mm&r=g\",\"contentUrl\":\"https:\/\/secure.gravatar.com\/avatar\/d08aa2ce4c8dd416d4479aa8536fcf64?s=96&d=mm&r=g\",\"caption\":\"moacir\"},\"url\":\"https:\/\/franciscanos.org.br\/noticias\/author\/moacir\"}]}<\/script>\n<!-- \/ Yoast SEO plugin. -->","yoast_head_json":{"title":"Papa: o Esp\u00edrito Santo \u00e9 o protagonista do S\u00ednodo - Not\u00edcias - Franciscanos","robots":{"index":"index","follow":"follow","max-snippet":"max-snippet:-1","max-image-preview":"max-image-preview:large","max-video-preview":"max-video-preview:-1"},"canonical":"https:\/\/franciscanos.org.br\/noticias\/papa-o-espirito-santo-e-o-protagonista-do-sinodo.html","og_locale":"pt_BR","og_type":"article","og_title":"Papa: o Esp\u00edrito Santo \u00e9 o protagonista do S\u00ednodo - Not\u00edcias - Franciscanos","og_description":"Abertura dos trabalhos da Assembleia Sinodal no Vaticano","og_url":"https:\/\/franciscanos.org.br\/noticias\/papa-o-espirito-santo-e-o-protagonista-do-sinodo.html","og_site_name":"Not\u00edcias - Franciscanos","article_published_time":"2019-10-07T10:01:14+00:00","article_modified_time":"2020-06-05T20:17:49+00:00","og_image":[{"width":273,"height":181,"url":"https:\/\/franciscanos.org.br\/noticias\/wp-content\/uploads\/2019\/10\/sinodo_0710d.jpg","type":"image\/jpeg"}],"author":"moacir","twitter_card":"summary_large_image","twitter_misc":{"Escrito por":"moacir","Est. tempo de leitura":"4 minutos"},"schema":{"@context":"https:\/\/schema.org","@graph":[{"@type":"WebSite","@id":"https:\/\/franciscanos.org.br\/noticias\/#website","url":"https:\/\/franciscanos.org.br\/noticias\/","name":"Not\u00edcias - Franciscanos","description":"Prov\u00edncia Franciscana da Imaculada Concei\u00e7\u00e3o do Brasil - Ordem dos Frades Menores - OFM","potentialAction":[{"@type":"SearchAction","target":{"@type":"EntryPoint","urlTemplate":"https:\/\/franciscanos.org.br\/noticias\/?s={search_term_string}"},"query-input":"required name=search_term_string"}],"inLanguage":"pt-BR"},{"@type":"ImageObject","inLanguage":"pt-BR","@id":"https:\/\/franciscanos.org.br\/noticias\/papa-o-espirito-santo-e-o-protagonista-do-sinodo.html#primaryimage","url":"https:\/\/franciscanos.org.br\/noticias\/wp-content\/uploads\/2019\/10\/sinodo_0710d.jpg","contentUrl":"https:\/\/franciscanos.org.br\/noticias\/wp-content\/uploads\/2019\/10\/sinodo_0710d.jpg","width":273,"height":181},{"@type":"WebPage","@id":"https:\/\/franciscanos.org.br\/noticias\/papa-o-espirito-santo-e-o-protagonista-do-sinodo.html#webpage","url":"https:\/\/franciscanos.org.br\/noticias\/papa-o-espirito-santo-e-o-protagonista-do-sinodo.html","name":"Papa: o Esp\u00edrito Santo \u00e9 o protagonista do S\u00ednodo - Not\u00edcias - Franciscanos","isPartOf":{"@id":"https:\/\/franciscanos.org.br\/noticias\/#website"},"primaryImageOfPage":{"@id":"https:\/\/franciscanos.org.br\/noticias\/papa-o-espirito-santo-e-o-protagonista-do-sinodo.html#primaryimage"},"datePublished":"2019-10-07T10:01:14+00:00","dateModified":"2020-06-05T20:17:49+00:00","author":{"@id":"https:\/\/franciscanos.org.br\/noticias\/#\/schema\/person\/b5c8cba458c330ccff548b056e95a5d4"},"breadcrumb":{"@id":"https:\/\/franciscanos.org.br\/noticias\/papa-o-espirito-santo-e-o-protagonista-do-sinodo.html#breadcrumb"},"inLanguage":"pt-BR","potentialAction":[{"@type":"ReadAction","target":["https:\/\/franciscanos.org.br\/noticias\/papa-o-espirito-santo-e-o-protagonista-do-sinodo.html"]}]},{"@type":"BreadcrumbList","@id":"https:\/\/franciscanos.org.br\/noticias\/papa-o-espirito-santo-e-o-protagonista-do-sinodo.html#breadcrumb","itemListElement":[{"@type":"ListItem","position":1,"name":"Home","item":"https:\/\/franciscanos.org.br\/noticias"},{"@type":"ListItem","position":2,"name":"Papa: o Esp\u00edrito Santo \u00e9 o protagonista do S\u00ednodo"}]},{"@type":"Person","@id":"https:\/\/franciscanos.org.br\/noticias\/#\/schema\/person\/b5c8cba458c330ccff548b056e95a5d4","name":"moacir","image":{"@type":"ImageObject","inLanguage":"pt-BR","@id":"https:\/\/franciscanos.org.br\/noticias\/#\/schema\/person\/image\/","url":"https:\/\/secure.gravatar.com\/avatar\/d08aa2ce4c8dd416d4479aa8536fcf64?s=96&d=mm&r=g","contentUrl":"https:\/\/secure.gravatar.com\/avatar\/d08aa2ce4c8dd416d4479aa8536fcf64?s=96&d=mm&r=g","caption":"moacir"},"url":"https:\/\/franciscanos.org.br\/noticias\/author\/moacir"}]}},"_links":{"self":[{"href":"https:\/\/franciscanos.org.br\/noticias\/wp-json\/wp\/v2\/posts\/212245"}],"collection":[{"href":"https:\/\/franciscanos.org.br\/noticias\/wp-json\/wp\/v2\/posts"}],"about":[{"href":"https:\/\/franciscanos.org.br\/noticias\/wp-json\/wp\/v2\/types\/post"}],"author":[{"embeddable":true,"href":"https:\/\/franciscanos.org.br\/noticias\/wp-json\/wp\/v2\/users\/3"}],"replies":[{"embeddable":true,"href":"https:\/\/franciscanos.org.br\/noticias\/wp-json\/wp\/v2\/comments?post=212245"}],"version-history":[{"count":2,"href":"https:\/\/franciscanos.org.br\/noticias\/wp-json\/wp\/v2\/posts\/212245\/revisions"}],"predecessor-version":[{"id":224345,"href":"https:\/\/franciscanos.org.br\/noticias\/wp-json\/wp\/v2\/posts\/212245\/revisions\/224345"}],"wp:featuredmedia":[{"embeddable":true,"href":"https:\/\/franciscanos.org.br\/noticias\/wp-json\/wp\/v2\/media\/212247"}],"wp:attachment":[{"href":"https:\/\/franciscanos.org.br\/noticias\/wp-json\/wp\/v2\/media?parent=212245"}],"wp:term":[{"taxonomy":"category","embeddable":true,"href":"https:\/\/franciscanos.org.br\/noticias\/wp-json\/wp\/v2\/categories?post=212245"},{"taxonomy":"post_tag","embeddable":true,"href":"https:\/\/franciscanos.org.br\/noticias\/wp-json\/wp\/v2\/tags?post=212245"}],"curies":[{"name":"wp","href":"https:\/\/api.w.org\/{rel}","templated":true}]}}