{"id":212234,"date":"2019-10-06T07:38:25","date_gmt":"2019-10-06T10:38:25","guid":{"rendered":"https:\/\/franciscanos.org.br\/noticias\/?p=212234"},"modified":"2020-06-05T17:21:21","modified_gmt":"2020-06-05T20:21:21","slug":"papa-o-fogo-ateado-por-interesses-que-destroem-como-o-que-devastou-recentemente-a-amazonia-nao-e-o-do-evangelho","status":"publish","type":"post","link":"https:\/\/franciscanos.org.br\/noticias\/papa-o-fogo-ateado-por-interesses-que-destroem-como-o-que-devastou-recentemente-a-amazonia-nao-e-o-do-evangelho.html","title":{"rendered":"Papa: \u201cO fogo ateado por interesses que destroem, como o que devastou a Amaz\u00f4nia, n\u00e3o \u00e9 o do Evangelho&#8221;"},"content":{"rendered":"<p><img loading=\"lazy\" class=\"alignnone wp-image-212235 size-full\" src=\"https:\/\/franciscanos.org.br\/noticias\/wp-content\/uploads\/2019\/10\/sinodo_01.jpg\" alt=\"\" width=\"890\" height=\"620\" srcset=\"https:\/\/franciscanos.org.br\/noticias\/wp-content\/uploads\/2019\/10\/sinodo_01.jpg 890w, https:\/\/franciscanos.org.br\/noticias\/wp-content\/uploads\/2019\/10\/sinodo_01-450x313.jpg 450w, https:\/\/franciscanos.org.br\/noticias\/wp-content\/uploads\/2019\/10\/sinodo_01-768x535.jpg 768w, https:\/\/franciscanos.org.br\/noticias\/wp-content\/uploads\/2019\/10\/sinodo_01-150x104.jpg 150w\" sizes=\"(max-width: 890px) 100vw, 890px\" \/><\/p>\n<p><strong>Cidade do Vaticano<\/strong> &#8211; Durante a Missa de abertura da Assembleia Especial do S\u00ednodo dos Bispos para a Regi\u00e3o Pan-Amaz\u00f4nica, neste domingo (6), na Bas\u00edlica de S\u00e3o Pedro, o Papa Francisco disse que o fogo que &#8220;devastou recentemente a Amaz\u00f4nia&#8221; foi &#8220;ateado por interesses que destroem&#8221;. Usando a met\u00e1fora do fogo em todo o seu serm\u00e3o, ele defendeu que a regi\u00e3o amaz\u00f4nica precisa do &#8220;fogo do amor de Deus&#8221;, que n\u00e3o \u00e9 devorador, mas &#8220;aquece e d\u00e1 vida&#8221;.<\/p>\n<p>\u201cReacender o dom no fogo do Esp\u00edrito \u00e9 o oposto de deixar as coisas correr sem se fazer nada. E ser fi\u00e9is \u00e0 novidade do Esp\u00edrito \u00e9 uma gra\u00e7a que devemos pedir na ora\u00e7\u00e3o. Ele, que faz novas todas as coisas, nos d\u00ea a sua prud\u00eancia audaciosa; inspire o nosso S\u00ednodo a renovar os caminhos para a Igreja na Amaz\u00f4nia, para que n\u00e3o se apague o fogo da miss\u00e3o.\u201d<\/p>\n<p>A Assembleia Especial do S\u00ednodo dos Bispos para a Regi\u00e3o Pan-Amaz\u00f4nica, evento eclesial que se realizar\u00e1 no Vaticano at\u00e9 o dia 27 deste m\u00eas, ter\u00e1 como tema \u201cAmaz\u00f4nia: novos caminhos para a Igreja e para uma ecologia integral\u201d.<\/p>\n<p><img loading=\"lazy\" class=\"alignnone size-full wp-image-212237\" src=\"https:\/\/franciscanos.org.br\/noticias\/wp-content\/uploads\/2019\/10\/sinodo_03.jpg\" alt=\"\" width=\"890\" height=\"593\" srcset=\"https:\/\/franciscanos.org.br\/noticias\/wp-content\/uploads\/2019\/10\/sinodo_03.jpg 890w, https:\/\/franciscanos.org.br\/noticias\/wp-content\/uploads\/2019\/10\/sinodo_03-450x300.jpg 450w, https:\/\/franciscanos.org.br\/noticias\/wp-content\/uploads\/2019\/10\/sinodo_03-768x512.jpg 768w, https:\/\/franciscanos.org.br\/noticias\/wp-content\/uploads\/2019\/10\/sinodo_03-150x100.jpg 150w\" sizes=\"(max-width: 890px) 100vw, 890px\" \/><\/p>\n<p>No in\u00edcio da celebra\u00e7\u00e3o, a longa prociss\u00e3o de entrada com os 185 padres sinodais, 58 do Brasil. Na assembleia, tamb\u00e9m representantes de comunidades ind\u00edgenas. A Eucaristia foi concelebrada com os treze novos cardeais, criados no Consist\u00f3rio presidido pelo Santo Padre no s\u00e1bado \u00e0 tarde.<\/p>\n<p><strong>Fazer S\u00ednodo, caminhar juntos<\/strong><br \/>\nDirigindo-se aos padres sinodais, bispos provenientes n\u00e3o s\u00f3 da regi\u00e3o Pan-Amaz\u00f4nica, mas tamb\u00e9m de outras regi\u00f5es, Francisco, referindo-se \u00e0 segunda carta de S\u00e3o Paulo a Tim\u00f3teo proposta nesta liturgia do XXVII Domingo do Tempo Comum, ressaltou que o ap\u00f3stolo Paulo, o maior mission\u00e1rio da hist\u00f3ria da Igreja, ajuda-nos a \u2018fazer S\u00ednodo\u2019, a \u2018caminhar juntos\u2019; e que \u201cparece dirigido a n\u00f3s, Pastores ao servi\u00e7o do povo de Deus, aquilo que escreve a Tim\u00f3teo\u201d, observou.<\/p>\n<p><img loading=\"lazy\" class=\"alignnone size-full wp-image-212238\" src=\"https:\/\/franciscanos.org.br\/noticias\/wp-content\/uploads\/2019\/10\/sinodo_04.jpg\" alt=\"\" width=\"890\" height=\"593\" srcset=\"https:\/\/franciscanos.org.br\/noticias\/wp-content\/uploads\/2019\/10\/sinodo_04.jpg 890w, https:\/\/franciscanos.org.br\/noticias\/wp-content\/uploads\/2019\/10\/sinodo_04-450x300.jpg 450w, https:\/\/franciscanos.org.br\/noticias\/wp-content\/uploads\/2019\/10\/sinodo_04-768x512.jpg 768w, https:\/\/franciscanos.org.br\/noticias\/wp-content\/uploads\/2019\/10\/sinodo_04-150x100.jpg 150w\" sizes=\"(max-width: 890px) 100vw, 890px\" \/><\/p>\n<p>Recebemos um dom, para sermos dom, disse o Pont\u00edfice, acrescentando:\u00a0\u201cUm dom n\u00e3o se compra, n\u00e3o se troca nem se vende: recebe-se e d\u00e1-se de prenda. Se nos apropriarmos dele, se nos colocarmos a n\u00f3s no centro e n\u00e3o deixarmos no centro o dom, passamos de Pastores a funcion\u00e1rios: fazemos do dom uma fun\u00e7\u00e3o, e desaparece a gratuidade; assim acabamos por nos servir a n\u00f3s mesmos, servindo-nos da Igreja.\u201d<\/p>\n<p>A nossa vida, dom recebido, \u00e9 para servir, continuou. \u201cColocamos toda a nossa alegria em servir, porque fomos servidos por Deus: fez-Se nosso servo. Queridos irm\u00e3os, sintamo-nos chamados aqui para servir, colocando no centro o dom de Deus\u201d, exortou Francisco.<\/p>\n<p><strong>Dom que recebemos \u00e9 amor ardente a Deus e aos irm\u00e3os<\/strong><br \/>\nPara sermos fi\u00e9is a este chamado, \u00e0 nossa miss\u00e3o, enfatizou, \u201cS\u00e3o Paulo lembra-nos que o dom deve ser reaceso. O verbo usado \u00e9 fascinante: reacender \u00e9, literalmente, \u2018dar vida a uma fogueira\u2019\u201d, explicou o Papa. \u201cO dom que recebemos \u00e9 um fogo, \u00e9 amor ardente a Deus e aos irm\u00e3os. O fogo n\u00e3o se alimenta sozinho; morre se n\u00e3o for mantido vivo, apaga-se se a cinza o cobrir.\u201d<\/p>\n<p><img loading=\"lazy\" class=\"alignnone size-full wp-image-212239\" src=\"https:\/\/franciscanos.org.br\/noticias\/wp-content\/uploads\/2019\/10\/sinodo_05.jpg\" alt=\"\" width=\"890\" height=\"593\" srcset=\"https:\/\/franciscanos.org.br\/noticias\/wp-content\/uploads\/2019\/10\/sinodo_05.jpg 890w, https:\/\/franciscanos.org.br\/noticias\/wp-content\/uploads\/2019\/10\/sinodo_05-450x300.jpg 450w, https:\/\/franciscanos.org.br\/noticias\/wp-content\/uploads\/2019\/10\/sinodo_05-768x512.jpg 768w, https:\/\/franciscanos.org.br\/noticias\/wp-content\/uploads\/2019\/10\/sinodo_05-150x100.jpg 150w\" sizes=\"(max-width: 890px) 100vw, 890px\" \/><\/p>\n<p><strong>Passar da pastoral de manuten\u00e7\u00e3o a uma pastoral mission\u00e1ria<\/strong><br \/>\nEm seguida, o Pont\u00edfice fez uma premente exorta\u00e7\u00e3o aos Pastores a servi\u00e7o do povo de Deus:<\/p>\n<p>\u201cA Igreja n\u00e3o pode de modo algum limitar-se a uma pastoral de \u201cmanuten\u00e7\u00e3o\u201d para aqueles que j\u00e1 conhecem o Evangelho de Cristo. O ardor mission\u00e1rio \u00e9 um sinal claro da maturidade de uma comunidade eclesial. Jesus veio trazer \u00e0 terra, n\u00e3o a brisa da tarde, mas o fogo. O fogo que reacende o dom \u00e9 o Esp\u00edrito Santo, doador dos dons.\u201d<\/p>\n<p><strong>Deus nos preserve da gan\u00e2ncia de novos colonialismos<\/strong><br \/>\nO fogo de Deus, como no epis\u00f3dio da sar\u00e7a ardente, arde mas n\u00e3o consome. \u00c9 fogo de amor que ilumina, aquece e d\u00e1 vida; n\u00e3o fogo que alastra e devora. \u201cQuando sem amor nem respeito se devoram povos e culturas, n\u00e3o \u00e9 o fogo de Deus, mas do mundo. Contudo quantas vezes o dom de Deus foi, n\u00e3o oferecido, mas imposto! Quantas vezes houve coloniza\u00e7\u00e3o em vez de evangeliza\u00e7\u00e3o! Deus nos preserve da gan\u00e2ncia dos novos colonialismos.\u201d<\/p>\n<p><img loading=\"lazy\" class=\"alignnone size-full wp-image-212240\" src=\"https:\/\/franciscanos.org.br\/noticias\/wp-content\/uploads\/2019\/10\/sinodo_06.jpg\" alt=\"\" width=\"890\" height=\"593\" srcset=\"https:\/\/franciscanos.org.br\/noticias\/wp-content\/uploads\/2019\/10\/sinodo_06.jpg 890w, https:\/\/franciscanos.org.br\/noticias\/wp-content\/uploads\/2019\/10\/sinodo_06-450x300.jpg 450w, https:\/\/franciscanos.org.br\/noticias\/wp-content\/uploads\/2019\/10\/sinodo_06-768x512.jpg 768w, https:\/\/franciscanos.org.br\/noticias\/wp-content\/uploads\/2019\/10\/sinodo_06-150x100.jpg 150w\" sizes=\"(max-width: 890px) 100vw, 890px\" \/><\/p>\n<p>\u201cO fogo ateado por interesses que destroem, como o que devastou recentemente a Amaz\u00f4nia, n\u00e3o \u00e9 o do Evangelho. O fogo de Deus \u00e9 calor que atrai e congrega em unidade. Alimenta-se com a partilha, n\u00e3o com os lucros.\u201d<\/p>\n<p>Francisco exortou a reacender o dom; receber a prud\u00eancia audaciosa do Esp\u00edrito, fi\u00e9is \u00e0 sua novidade, acrescentando que o an\u00fancio do Evangelho \u00e9 o crit\u00e9rio primeiro para a vida da Igreja.<\/p>\n<p><strong>Irm\u00e3os amaz\u00f4nicos aguardam consola\u00e7\u00e3o do Evangelho<\/strong><br \/>\nConvidando a olhar juntos para Jesus Crucificado, para o seu cora\u00e7\u00e3o aberto por n\u00f3s, o Santo Padre concluiu com mais uma exorta\u00e7\u00e3o: \u201cMuitos irm\u00e3os e irm\u00e3s na Amaz\u00f4nia carregam cruzes pesadas e aguardam pela consola\u00e7\u00e3o libertadora do Evangelho, pela car\u00edcia de amor da Igreja. Por eles, com eles, caminhemos juntos\u201d.<\/p>\n<hr \/>\n<p><em>Fonte: Vatican News<\/em><\/p>\n","protected":false},"excerpt":{"rendered":"<p>Papa abre o S\u00ednodo para a Amaz\u00f4nia<\/p>\n","protected":false},"author":3,"featured_media":212236,"comment_status":"open","ping_status":"open","sticky":false,"template":"","format":"standard","meta":[],"categories":[1428],"tags":[1535],"acf":[],"yoast_head":"<!-- This site is optimized with the Yoast SEO plugin v19.2 - https:\/\/yoast.com\/wordpress\/plugins\/seo\/ -->\n<title>Papa: \u201cO fogo ateado por interesses que destroem, como o que devastou a Amaz\u00f4nia, n\u00e3o \u00e9 o do Evangelho&quot; - Not\u00edcias - Franciscanos<\/title>\n<meta name=\"robots\" content=\"index, follow, max-snippet:-1, max-image-preview:large, max-video-preview:-1\" \/>\n<link rel=\"canonical\" href=\"https:\/\/franciscanos.org.br\/noticias\/papa-o-fogo-ateado-por-interesses-que-destroem-como-o-que-devastou-recentemente-a-amazonia-nao-e-o-do-evangelho.html\" \/>\n<meta property=\"og:locale\" content=\"pt_BR\" \/>\n<meta property=\"og:type\" content=\"article\" \/>\n<meta property=\"og:title\" content=\"Papa: \u201cO fogo ateado por interesses que destroem, como o que devastou a Amaz\u00f4nia, n\u00e3o \u00e9 o do Evangelho&quot; - Not\u00edcias - Franciscanos\" \/>\n<meta property=\"og:description\" content=\"Papa abre o S\u00ednodo para a Amaz\u00f4nia\" \/>\n<meta property=\"og:url\" content=\"https:\/\/franciscanos.org.br\/noticias\/papa-o-fogo-ateado-por-interesses-que-destroem-como-o-que-devastou-recentemente-a-amazonia-nao-e-o-do-evangelho.html\" \/>\n<meta property=\"og:site_name\" content=\"Not\u00edcias - Franciscanos\" \/>\n<meta property=\"article:published_time\" content=\"2019-10-06T10:38:25+00:00\" \/>\n<meta property=\"article:modified_time\" content=\"2020-06-05T20:21:21+00:00\" \/>\n<meta property=\"og:image\" content=\"https:\/\/franciscanos.org.br\/noticias\/wp-content\/uploads\/2019\/10\/sinodo_02.jpg\" \/>\n\t<meta property=\"og:image:width\" content=\"273\" \/>\n\t<meta property=\"og:image:height\" content=\"181\" \/>\n\t<meta property=\"og:image:type\" content=\"image\/jpeg\" \/>\n<meta name=\"author\" content=\"moacir\" \/>\n<meta name=\"twitter:card\" content=\"summary_large_image\" \/>\n<meta name=\"twitter:label1\" content=\"Escrito por\" \/>\n\t<meta name=\"twitter:data1\" content=\"moacir\" \/>\n\t<meta name=\"twitter:label2\" content=\"Est. tempo de leitura\" \/>\n\t<meta name=\"twitter:data2\" content=\"4 minutos\" \/>\n<script type=\"application\/ld+json\" class=\"yoast-schema-graph\">{\"@context\":\"https:\/\/schema.org\",\"@graph\":[{\"@type\":\"WebSite\",\"@id\":\"https:\/\/franciscanos.org.br\/noticias\/#website\",\"url\":\"https:\/\/franciscanos.org.br\/noticias\/\",\"name\":\"Not\u00edcias - Franciscanos\",\"description\":\"Prov\u00edncia Franciscana da Imaculada Concei\u00e7\u00e3o do Brasil - Ordem dos Frades Menores - OFM\",\"potentialAction\":[{\"@type\":\"SearchAction\",\"target\":{\"@type\":\"EntryPoint\",\"urlTemplate\":\"https:\/\/franciscanos.org.br\/noticias\/?s={search_term_string}\"},\"query-input\":\"required name=search_term_string\"}],\"inLanguage\":\"pt-BR\"},{\"@type\":\"ImageObject\",\"inLanguage\":\"pt-BR\",\"@id\":\"https:\/\/franciscanos.org.br\/noticias\/papa-o-fogo-ateado-por-interesses-que-destroem-como-o-que-devastou-recentemente-a-amazonia-nao-e-o-do-evangelho.html#primaryimage\",\"url\":\"https:\/\/franciscanos.org.br\/noticias\/wp-content\/uploads\/2019\/10\/sinodo_02.jpg\",\"contentUrl\":\"https:\/\/franciscanos.org.br\/noticias\/wp-content\/uploads\/2019\/10\/sinodo_02.jpg\",\"width\":273,\"height\":181},{\"@type\":\"WebPage\",\"@id\":\"https:\/\/franciscanos.org.br\/noticias\/papa-o-fogo-ateado-por-interesses-que-destroem-como-o-que-devastou-recentemente-a-amazonia-nao-e-o-do-evangelho.html#webpage\",\"url\":\"https:\/\/franciscanos.org.br\/noticias\/papa-o-fogo-ateado-por-interesses-que-destroem-como-o-que-devastou-recentemente-a-amazonia-nao-e-o-do-evangelho.html\",\"name\":\"Papa: \u201cO fogo ateado por interesses que destroem, como o que devastou a Amaz\u00f4nia, n\u00e3o \u00e9 o do Evangelho\\\" - Not\u00edcias - Franciscanos\",\"isPartOf\":{\"@id\":\"https:\/\/franciscanos.org.br\/noticias\/#website\"},\"primaryImageOfPage\":{\"@id\":\"https:\/\/franciscanos.org.br\/noticias\/papa-o-fogo-ateado-por-interesses-que-destroem-como-o-que-devastou-recentemente-a-amazonia-nao-e-o-do-evangelho.html#primaryimage\"},\"datePublished\":\"2019-10-06T10:38:25+00:00\",\"dateModified\":\"2020-06-05T20:21:21+00:00\",\"author\":{\"@id\":\"https:\/\/franciscanos.org.br\/noticias\/#\/schema\/person\/b5c8cba458c330ccff548b056e95a5d4\"},\"breadcrumb\":{\"@id\":\"https:\/\/franciscanos.org.br\/noticias\/papa-o-fogo-ateado-por-interesses-que-destroem-como-o-que-devastou-recentemente-a-amazonia-nao-e-o-do-evangelho.html#breadcrumb\"},\"inLanguage\":\"pt-BR\",\"potentialAction\":[{\"@type\":\"ReadAction\",\"target\":[\"https:\/\/franciscanos.org.br\/noticias\/papa-o-fogo-ateado-por-interesses-que-destroem-como-o-que-devastou-recentemente-a-amazonia-nao-e-o-do-evangelho.html\"]}]},{\"@type\":\"BreadcrumbList\",\"@id\":\"https:\/\/franciscanos.org.br\/noticias\/papa-o-fogo-ateado-por-interesses-que-destroem-como-o-que-devastou-recentemente-a-amazonia-nao-e-o-do-evangelho.html#breadcrumb\",\"itemListElement\":[{\"@type\":\"ListItem\",\"position\":1,\"name\":\"Home\",\"item\":\"https:\/\/franciscanos.org.br\/noticias\"},{\"@type\":\"ListItem\",\"position\":2,\"name\":\"Papa: \u201cO fogo ateado por interesses que destroem, como o que devastou a Amaz\u00f4nia, n\u00e3o \u00e9 o do Evangelho&#8221;\"}]},{\"@type\":\"Person\",\"@id\":\"https:\/\/franciscanos.org.br\/noticias\/#\/schema\/person\/b5c8cba458c330ccff548b056e95a5d4\",\"name\":\"moacir\",\"image\":{\"@type\":\"ImageObject\",\"inLanguage\":\"pt-BR\",\"@id\":\"https:\/\/franciscanos.org.br\/noticias\/#\/schema\/person\/image\/\",\"url\":\"https:\/\/secure.gravatar.com\/avatar\/d08aa2ce4c8dd416d4479aa8536fcf64?s=96&d=mm&r=g\",\"contentUrl\":\"https:\/\/secure.gravatar.com\/avatar\/d08aa2ce4c8dd416d4479aa8536fcf64?s=96&d=mm&r=g\",\"caption\":\"moacir\"},\"url\":\"https:\/\/franciscanos.org.br\/noticias\/author\/moacir\"}]}<\/script>\n<!-- \/ Yoast SEO plugin. -->","yoast_head_json":{"title":"Papa: \u201cO fogo ateado por interesses que destroem, como o que devastou a Amaz\u00f4nia, n\u00e3o \u00e9 o do Evangelho\" - Not\u00edcias - Franciscanos","robots":{"index":"index","follow":"follow","max-snippet":"max-snippet:-1","max-image-preview":"max-image-preview:large","max-video-preview":"max-video-preview:-1"},"canonical":"https:\/\/franciscanos.org.br\/noticias\/papa-o-fogo-ateado-por-interesses-que-destroem-como-o-que-devastou-recentemente-a-amazonia-nao-e-o-do-evangelho.html","og_locale":"pt_BR","og_type":"article","og_title":"Papa: \u201cO fogo ateado por interesses que destroem, como o que devastou a Amaz\u00f4nia, n\u00e3o \u00e9 o do Evangelho\" - Not\u00edcias - Franciscanos","og_description":"Papa abre o S\u00ednodo para a Amaz\u00f4nia","og_url":"https:\/\/franciscanos.org.br\/noticias\/papa-o-fogo-ateado-por-interesses-que-destroem-como-o-que-devastou-recentemente-a-amazonia-nao-e-o-do-evangelho.html","og_site_name":"Not\u00edcias - Franciscanos","article_published_time":"2019-10-06T10:38:25+00:00","article_modified_time":"2020-06-05T20:21:21+00:00","og_image":[{"width":273,"height":181,"url":"https:\/\/franciscanos.org.br\/noticias\/wp-content\/uploads\/2019\/10\/sinodo_02.jpg","type":"image\/jpeg"}],"author":"moacir","twitter_card":"summary_large_image","twitter_misc":{"Escrito por":"moacir","Est. tempo de leitura":"4 minutos"},"schema":{"@context":"https:\/\/schema.org","@graph":[{"@type":"WebSite","@id":"https:\/\/franciscanos.org.br\/noticias\/#website","url":"https:\/\/franciscanos.org.br\/noticias\/","name":"Not\u00edcias - Franciscanos","description":"Prov\u00edncia Franciscana da Imaculada Concei\u00e7\u00e3o do Brasil - Ordem dos Frades Menores - OFM","potentialAction":[{"@type":"SearchAction","target":{"@type":"EntryPoint","urlTemplate":"https:\/\/franciscanos.org.br\/noticias\/?s={search_term_string}"},"query-input":"required name=search_term_string"}],"inLanguage":"pt-BR"},{"@type":"ImageObject","inLanguage":"pt-BR","@id":"https:\/\/franciscanos.org.br\/noticias\/papa-o-fogo-ateado-por-interesses-que-destroem-como-o-que-devastou-recentemente-a-amazonia-nao-e-o-do-evangelho.html#primaryimage","url":"https:\/\/franciscanos.org.br\/noticias\/wp-content\/uploads\/2019\/10\/sinodo_02.jpg","contentUrl":"https:\/\/franciscanos.org.br\/noticias\/wp-content\/uploads\/2019\/10\/sinodo_02.jpg","width":273,"height":181},{"@type":"WebPage","@id":"https:\/\/franciscanos.org.br\/noticias\/papa-o-fogo-ateado-por-interesses-que-destroem-como-o-que-devastou-recentemente-a-amazonia-nao-e-o-do-evangelho.html#webpage","url":"https:\/\/franciscanos.org.br\/noticias\/papa-o-fogo-ateado-por-interesses-que-destroem-como-o-que-devastou-recentemente-a-amazonia-nao-e-o-do-evangelho.html","name":"Papa: \u201cO fogo ateado por interesses que destroem, como o que devastou a Amaz\u00f4nia, n\u00e3o \u00e9 o do Evangelho\" - Not\u00edcias - Franciscanos","isPartOf":{"@id":"https:\/\/franciscanos.org.br\/noticias\/#website"},"primaryImageOfPage":{"@id":"https:\/\/franciscanos.org.br\/noticias\/papa-o-fogo-ateado-por-interesses-que-destroem-como-o-que-devastou-recentemente-a-amazonia-nao-e-o-do-evangelho.html#primaryimage"},"datePublished":"2019-10-06T10:38:25+00:00","dateModified":"2020-06-05T20:21:21+00:00","author":{"@id":"https:\/\/franciscanos.org.br\/noticias\/#\/schema\/person\/b5c8cba458c330ccff548b056e95a5d4"},"breadcrumb":{"@id":"https:\/\/franciscanos.org.br\/noticias\/papa-o-fogo-ateado-por-interesses-que-destroem-como-o-que-devastou-recentemente-a-amazonia-nao-e-o-do-evangelho.html#breadcrumb"},"inLanguage":"pt-BR","potentialAction":[{"@type":"ReadAction","target":["https:\/\/franciscanos.org.br\/noticias\/papa-o-fogo-ateado-por-interesses-que-destroem-como-o-que-devastou-recentemente-a-amazonia-nao-e-o-do-evangelho.html"]}]},{"@type":"BreadcrumbList","@id":"https:\/\/franciscanos.org.br\/noticias\/papa-o-fogo-ateado-por-interesses-que-destroem-como-o-que-devastou-recentemente-a-amazonia-nao-e-o-do-evangelho.html#breadcrumb","itemListElement":[{"@type":"ListItem","position":1,"name":"Home","item":"https:\/\/franciscanos.org.br\/noticias"},{"@type":"ListItem","position":2,"name":"Papa: \u201cO fogo ateado por interesses que destroem, como o que devastou a Amaz\u00f4nia, n\u00e3o \u00e9 o do Evangelho&#8221;"}]},{"@type":"Person","@id":"https:\/\/franciscanos.org.br\/noticias\/#\/schema\/person\/b5c8cba458c330ccff548b056e95a5d4","name":"moacir","image":{"@type":"ImageObject","inLanguage":"pt-BR","@id":"https:\/\/franciscanos.org.br\/noticias\/#\/schema\/person\/image\/","url":"https:\/\/secure.gravatar.com\/avatar\/d08aa2ce4c8dd416d4479aa8536fcf64?s=96&d=mm&r=g","contentUrl":"https:\/\/secure.gravatar.com\/avatar\/d08aa2ce4c8dd416d4479aa8536fcf64?s=96&d=mm&r=g","caption":"moacir"},"url":"https:\/\/franciscanos.org.br\/noticias\/author\/moacir"}]}},"_links":{"self":[{"href":"https:\/\/franciscanos.org.br\/noticias\/wp-json\/wp\/v2\/posts\/212234"}],"collection":[{"href":"https:\/\/franciscanos.org.br\/noticias\/wp-json\/wp\/v2\/posts"}],"about":[{"href":"https:\/\/franciscanos.org.br\/noticias\/wp-json\/wp\/v2\/types\/post"}],"author":[{"embeddable":true,"href":"https:\/\/franciscanos.org.br\/noticias\/wp-json\/wp\/v2\/users\/3"}],"replies":[{"embeddable":true,"href":"https:\/\/franciscanos.org.br\/noticias\/wp-json\/wp\/v2\/comments?post=212234"}],"version-history":[{"count":1,"href":"https:\/\/franciscanos.org.br\/noticias\/wp-json\/wp\/v2\/posts\/212234\/revisions"}],"predecessor-version":[{"id":224346,"href":"https:\/\/franciscanos.org.br\/noticias\/wp-json\/wp\/v2\/posts\/212234\/revisions\/224346"}],"wp:featuredmedia":[{"embeddable":true,"href":"https:\/\/franciscanos.org.br\/noticias\/wp-json\/wp\/v2\/media\/212236"}],"wp:attachment":[{"href":"https:\/\/franciscanos.org.br\/noticias\/wp-json\/wp\/v2\/media?parent=212234"}],"wp:term":[{"taxonomy":"category","embeddable":true,"href":"https:\/\/franciscanos.org.br\/noticias\/wp-json\/wp\/v2\/categories?post=212234"},{"taxonomy":"post_tag","embeddable":true,"href":"https:\/\/franciscanos.org.br\/noticias\/wp-json\/wp\/v2\/tags?post=212234"}],"curies":[{"name":"wp","href":"https:\/\/api.w.org\/{rel}","templated":true}]}}