{"id":21203,"date":"2012-08-02T13:21:47","date_gmt":"2012-08-02T16:21:47","guid":{"rendered":"http:\/\/new.franciscanos.org.br\/?p=21203"},"modified":"2019-10-30T11:44:09","modified_gmt":"2019-10-30T14:44:09","slug":"terceiro-encontro-dos-economos-provinciais-da-cfmb-em-santarem-pa","status":"publish","type":"post","link":"https:\/\/franciscanos.org.br\/noticias\/terceiro-encontro-dos-economos-provinciais-da-cfmb-em-santarem-pa.html","title":{"rendered":"Terceiro Encontro dos Ec\u00f4nomos Provinciais em Santar\u00e9m"},"content":{"rendered":"<p>De 30 de julho a 3 de agosto de 2012 acontece o Encontro dos Ec\u00f4nomos das Entidades da Confer\u00eancia dos Frades Menores do Brasil (CFMB) em Santar\u00e9m (PA). Esta \u00e9 a terceira reuni\u00e3o que a Confer\u00eancia realiza, estando presente os frades: Frei Francisco Carvalho Neto, ec\u00f4nomo da CFMB e representante dos ministros; Frei Alexsandro Rufino, Prov\u00edncia da Santa Cruz; Frei Fl\u00e1vio Nol\u00eato, da Prov\u00edncia Sant\u00edssimo Nome de Jesus; Frei Ant\u00f4nio Schauerte, da Prov\u00edncia Nossa Senhora da Assun\u00e7\u00e3o; Frei M\u00e1rio Tagliari, da Prov\u00edncia Imaculada Concei\u00e7\u00e3o; Frei Francisco Rob\u00e9rio, da Prov\u00edncia Santo Ant\u00f4nio; Frei Andr\u00e9 Luiz Nascimento dos Santos, da Cust\u00f3dia Franciscana das Sete Alegrias de Nossa Senhora; Frei Nivaldo Pasqualin, da Cust\u00f3dia do Sagrado Cora\u00e7\u00e3o; Frei Samir Gerv\u00e1sio, da Funda\u00e7\u00e3o Nossa Senhora de F\u00e1tima; e Frei Greg\u00f3rio Joeright\u00a0 e Frei Romulo Monte Canto, da Cust\u00f3dia de S\u00e3o Benedito da Amaz\u00f4nia.<\/p>\n<p>O tema de estudo da reuni\u00e3o \u00e9 sobre a Economia Fraterna na perspectiva franciscana, sustent\u00e1vel e comunh\u00e3o de amor. Partilhamos os desafios e anseios de cada entidade e realizamos estudo de caso da Cust\u00f3dia de S\u00e3o Benedito da Amaz\u00f4nia. O Encontro \u00e9 uma experi\u00eancia e testemunho de f\u00e9, objetivando uma economia fraterna nos princ\u00edpios, crit\u00e9rios e seus desafios, no intuito de fomentar posteriores aprofundamentos no servi\u00e7o econ\u00f4mico de cada entidade e fraternidades.<\/p>\n<p>Transformados pelo Cristo Pobre e Humilde coloquemos em comum os dons de Deus para prover a vida e miss\u00e3o dos nossos frades e abrir o cora\u00e7\u00e3o aos mais carentes.<\/p>\n<p>Agradecemos a acolhida da anfitri\u00e3 Cust\u00f3dia S\u00e3o Benedito da Amaz\u00f4nia.<\/p>\n<p><strong>Frei Fl\u00e1vio Pereira Nol\u00eato<br \/>\n<\/strong>Secret\u00e1rio do Encontro dos Ec\u00f4nomos da CFMB<\/p>\n","protected":false},"excerpt":{"rendered":"<p>CFMB<\/p>\n","protected":false},"author":1,"featured_media":208965,"comment_status":"closed","ping_status":"closed","sticky":false,"template":"","format":"standard","meta":[],"categories":[1],"tags":[240],"acf":[],"yoast_head":"<!-- This site is optimized with the Yoast SEO plugin v19.2 - https:\/\/yoast.com\/wordpress\/plugins\/seo\/ -->\n<title>Terceiro Encontro dos Ec\u00f4nomos Provinciais em Santar\u00e9m - Not\u00edcias - Franciscanos<\/title>\n<meta name=\"robots\" content=\"index, follow, max-snippet:-1, max-image-preview:large, max-video-preview:-1\" \/>\n<link rel=\"canonical\" href=\"https:\/\/franciscanos.org.br\/noticias\/terceiro-encontro-dos-economos-provinciais-da-cfmb-em-santarem-pa.html\" \/>\n<meta property=\"og:locale\" content=\"pt_BR\" \/>\n<meta property=\"og:type\" content=\"article\" \/>\n<meta property=\"og:title\" content=\"Terceiro Encontro dos Ec\u00f4nomos Provinciais em Santar\u00e9m - Not\u00edcias - Franciscanos\" \/>\n<meta property=\"og:description\" content=\"CFMB\" \/>\n<meta property=\"og:url\" content=\"https:\/\/franciscanos.org.br\/noticias\/terceiro-encontro-dos-economos-provinciais-da-cfmb-em-santarem-pa.html\" \/>\n<meta property=\"og:site_name\" content=\"Not\u00edcias - Franciscanos\" \/>\n<meta property=\"article:published_time\" content=\"2012-08-02T16:21:47+00:00\" \/>\n<meta property=\"article:modified_time\" content=\"2019-10-30T14:44:09+00:00\" \/>\n<meta property=\"og:image\" content=\"https:\/\/franciscanos.org.br\/noticias\/wp-content\/uploads\/2012\/08\/2890_030812.jpg\" \/>\n\t<meta property=\"og:image:width\" content=\"273\" \/>\n\t<meta property=\"og:image:height\" content=\"181\" \/>\n\t<meta property=\"og:image:type\" content=\"image\/jpeg\" \/>\n<meta name=\"author\" content=\"admin\" \/>\n<meta name=\"twitter:card\" content=\"summary_large_image\" \/>\n<meta name=\"twitter:label1\" content=\"Escrito por\" \/>\n\t<meta name=\"twitter:data1\" content=\"admin\" \/>\n\t<meta name=\"twitter:label2\" content=\"Est. tempo de leitura\" \/>\n\t<meta name=\"twitter:data2\" content=\"2 minutos\" \/>\n<script type=\"application\/ld+json\" class=\"yoast-schema-graph\">{\"@context\":\"https:\/\/schema.org\",\"@graph\":[{\"@type\":\"WebSite\",\"@id\":\"https:\/\/franciscanos.org.br\/noticias\/#website\",\"url\":\"https:\/\/franciscanos.org.br\/noticias\/\",\"name\":\"Not\u00edcias - Franciscanos\",\"description\":\"Prov\u00edncia Franciscana da Imaculada Concei\u00e7\u00e3o do Brasil - Ordem dos Frades Menores - OFM\",\"potentialAction\":[{\"@type\":\"SearchAction\",\"target\":{\"@type\":\"EntryPoint\",\"urlTemplate\":\"https:\/\/franciscanos.org.br\/noticias\/?s={search_term_string}\"},\"query-input\":\"required name=search_term_string\"}],\"inLanguage\":\"pt-BR\"},{\"@type\":\"ImageObject\",\"inLanguage\":\"pt-BR\",\"@id\":\"https:\/\/franciscanos.org.br\/noticias\/terceiro-encontro-dos-economos-provinciais-da-cfmb-em-santarem-pa.html#primaryimage\",\"url\":\"https:\/\/franciscanos.org.br\/noticias\/wp-content\/uploads\/2012\/08\/2890_030812.jpg\",\"contentUrl\":\"https:\/\/franciscanos.org.br\/noticias\/wp-content\/uploads\/2012\/08\/2890_030812.jpg\",\"width\":273,\"height\":181},{\"@type\":\"WebPage\",\"@id\":\"https:\/\/franciscanos.org.br\/noticias\/terceiro-encontro-dos-economos-provinciais-da-cfmb-em-santarem-pa.html#webpage\",\"url\":\"https:\/\/franciscanos.org.br\/noticias\/terceiro-encontro-dos-economos-provinciais-da-cfmb-em-santarem-pa.html\",\"name\":\"Terceiro Encontro dos Ec\u00f4nomos Provinciais em Santar\u00e9m - Not\u00edcias - Franciscanos\",\"isPartOf\":{\"@id\":\"https:\/\/franciscanos.org.br\/noticias\/#website\"},\"primaryImageOfPage\":{\"@id\":\"https:\/\/franciscanos.org.br\/noticias\/terceiro-encontro-dos-economos-provinciais-da-cfmb-em-santarem-pa.html#primaryimage\"},\"datePublished\":\"2012-08-02T16:21:47+00:00\",\"dateModified\":\"2019-10-30T14:44:09+00:00\",\"author\":{\"@id\":\"https:\/\/franciscanos.org.br\/noticias\/#\/schema\/person\/b38fbf43118f02820bd932f2e4b14ad3\"},\"breadcrumb\":{\"@id\":\"https:\/\/franciscanos.org.br\/noticias\/terceiro-encontro-dos-economos-provinciais-da-cfmb-em-santarem-pa.html#breadcrumb\"},\"inLanguage\":\"pt-BR\",\"potentialAction\":[{\"@type\":\"ReadAction\",\"target\":[\"https:\/\/franciscanos.org.br\/noticias\/terceiro-encontro-dos-economos-provinciais-da-cfmb-em-santarem-pa.html\"]}]},{\"@type\":\"BreadcrumbList\",\"@id\":\"https:\/\/franciscanos.org.br\/noticias\/terceiro-encontro-dos-economos-provinciais-da-cfmb-em-santarem-pa.html#breadcrumb\",\"itemListElement\":[{\"@type\":\"ListItem\",\"position\":1,\"name\":\"Home\",\"item\":\"https:\/\/franciscanos.org.br\/noticias\"},{\"@type\":\"ListItem\",\"position\":2,\"name\":\"Terceiro Encontro dos Ec\u00f4nomos Provinciais em Santar\u00e9m\"}]},{\"@type\":\"Person\",\"@id\":\"https:\/\/franciscanos.org.br\/noticias\/#\/schema\/person\/b38fbf43118f02820bd932f2e4b14ad3\",\"name\":\"admin\",\"image\":{\"@type\":\"ImageObject\",\"inLanguage\":\"pt-BR\",\"@id\":\"https:\/\/franciscanos.org.br\/noticias\/#\/schema\/person\/image\/\",\"url\":\"https:\/\/secure.gravatar.com\/avatar\/e8495742d34d0ba6448ea1c628263b3e?s=96&d=mm&r=g\",\"contentUrl\":\"https:\/\/secure.gravatar.com\/avatar\/e8495742d34d0ba6448ea1c628263b3e?s=96&d=mm&r=g\",\"caption\":\"admin\"},\"url\":\"https:\/\/franciscanos.org.br\/noticias\/author\/admin\"}]}<\/script>\n<!-- \/ Yoast SEO plugin. -->","yoast_head_json":{"title":"Terceiro Encontro dos Ec\u00f4nomos Provinciais em Santar\u00e9m - Not\u00edcias - Franciscanos","robots":{"index":"index","follow":"follow","max-snippet":"max-snippet:-1","max-image-preview":"max-image-preview:large","max-video-preview":"max-video-preview:-1"},"canonical":"https:\/\/franciscanos.org.br\/noticias\/terceiro-encontro-dos-economos-provinciais-da-cfmb-em-santarem-pa.html","og_locale":"pt_BR","og_type":"article","og_title":"Terceiro Encontro dos Ec\u00f4nomos Provinciais em Santar\u00e9m - Not\u00edcias - Franciscanos","og_description":"CFMB","og_url":"https:\/\/franciscanos.org.br\/noticias\/terceiro-encontro-dos-economos-provinciais-da-cfmb-em-santarem-pa.html","og_site_name":"Not\u00edcias - Franciscanos","article_published_time":"2012-08-02T16:21:47+00:00","article_modified_time":"2019-10-30T14:44:09+00:00","og_image":[{"width":273,"height":181,"url":"https:\/\/franciscanos.org.br\/noticias\/wp-content\/uploads\/2012\/08\/2890_030812.jpg","type":"image\/jpeg"}],"author":"admin","twitter_card":"summary_large_image","twitter_misc":{"Escrito por":"admin","Est. tempo de leitura":"2 minutos"},"schema":{"@context":"https:\/\/schema.org","@graph":[{"@type":"WebSite","@id":"https:\/\/franciscanos.org.br\/noticias\/#website","url":"https:\/\/franciscanos.org.br\/noticias\/","name":"Not\u00edcias - Franciscanos","description":"Prov\u00edncia Franciscana da Imaculada Concei\u00e7\u00e3o do Brasil - Ordem dos Frades Menores - OFM","potentialAction":[{"@type":"SearchAction","target":{"@type":"EntryPoint","urlTemplate":"https:\/\/franciscanos.org.br\/noticias\/?s={search_term_string}"},"query-input":"required name=search_term_string"}],"inLanguage":"pt-BR"},{"@type":"ImageObject","inLanguage":"pt-BR","@id":"https:\/\/franciscanos.org.br\/noticias\/terceiro-encontro-dos-economos-provinciais-da-cfmb-em-santarem-pa.html#primaryimage","url":"https:\/\/franciscanos.org.br\/noticias\/wp-content\/uploads\/2012\/08\/2890_030812.jpg","contentUrl":"https:\/\/franciscanos.org.br\/noticias\/wp-content\/uploads\/2012\/08\/2890_030812.jpg","width":273,"height":181},{"@type":"WebPage","@id":"https:\/\/franciscanos.org.br\/noticias\/terceiro-encontro-dos-economos-provinciais-da-cfmb-em-santarem-pa.html#webpage","url":"https:\/\/franciscanos.org.br\/noticias\/terceiro-encontro-dos-economos-provinciais-da-cfmb-em-santarem-pa.html","name":"Terceiro Encontro dos Ec\u00f4nomos Provinciais em Santar\u00e9m - Not\u00edcias - Franciscanos","isPartOf":{"@id":"https:\/\/franciscanos.org.br\/noticias\/#website"},"primaryImageOfPage":{"@id":"https:\/\/franciscanos.org.br\/noticias\/terceiro-encontro-dos-economos-provinciais-da-cfmb-em-santarem-pa.html#primaryimage"},"datePublished":"2012-08-02T16:21:47+00:00","dateModified":"2019-10-30T14:44:09+00:00","author":{"@id":"https:\/\/franciscanos.org.br\/noticias\/#\/schema\/person\/b38fbf43118f02820bd932f2e4b14ad3"},"breadcrumb":{"@id":"https:\/\/franciscanos.org.br\/noticias\/terceiro-encontro-dos-economos-provinciais-da-cfmb-em-santarem-pa.html#breadcrumb"},"inLanguage":"pt-BR","potentialAction":[{"@type":"ReadAction","target":["https:\/\/franciscanos.org.br\/noticias\/terceiro-encontro-dos-economos-provinciais-da-cfmb-em-santarem-pa.html"]}]},{"@type":"BreadcrumbList","@id":"https:\/\/franciscanos.org.br\/noticias\/terceiro-encontro-dos-economos-provinciais-da-cfmb-em-santarem-pa.html#breadcrumb","itemListElement":[{"@type":"ListItem","position":1,"name":"Home","item":"https:\/\/franciscanos.org.br\/noticias"},{"@type":"ListItem","position":2,"name":"Terceiro Encontro dos Ec\u00f4nomos Provinciais em Santar\u00e9m"}]},{"@type":"Person","@id":"https:\/\/franciscanos.org.br\/noticias\/#\/schema\/person\/b38fbf43118f02820bd932f2e4b14ad3","name":"admin","image":{"@type":"ImageObject","inLanguage":"pt-BR","@id":"https:\/\/franciscanos.org.br\/noticias\/#\/schema\/person\/image\/","url":"https:\/\/secure.gravatar.com\/avatar\/e8495742d34d0ba6448ea1c628263b3e?s=96&d=mm&r=g","contentUrl":"https:\/\/secure.gravatar.com\/avatar\/e8495742d34d0ba6448ea1c628263b3e?s=96&d=mm&r=g","caption":"admin"},"url":"https:\/\/franciscanos.org.br\/noticias\/author\/admin"}]}},"_links":{"self":[{"href":"https:\/\/franciscanos.org.br\/noticias\/wp-json\/wp\/v2\/posts\/21203"}],"collection":[{"href":"https:\/\/franciscanos.org.br\/noticias\/wp-json\/wp\/v2\/posts"}],"about":[{"href":"https:\/\/franciscanos.org.br\/noticias\/wp-json\/wp\/v2\/types\/post"}],"author":[{"embeddable":true,"href":"https:\/\/franciscanos.org.br\/noticias\/wp-json\/wp\/v2\/users\/1"}],"replies":[{"embeddable":true,"href":"https:\/\/franciscanos.org.br\/noticias\/wp-json\/wp\/v2\/comments?post=21203"}],"version-history":[{"count":0,"href":"https:\/\/franciscanos.org.br\/noticias\/wp-json\/wp\/v2\/posts\/21203\/revisions"}],"wp:featuredmedia":[{"embeddable":true,"href":"https:\/\/franciscanos.org.br\/noticias\/wp-json\/wp\/v2\/media\/208965"}],"wp:attachment":[{"href":"https:\/\/franciscanos.org.br\/noticias\/wp-json\/wp\/v2\/media?parent=21203"}],"wp:term":[{"taxonomy":"category","embeddable":true,"href":"https:\/\/franciscanos.org.br\/noticias\/wp-json\/wp\/v2\/categories?post=21203"},{"taxonomy":"post_tag","embeddable":true,"href":"https:\/\/franciscanos.org.br\/noticias\/wp-json\/wp\/v2\/tags?post=21203"}],"curies":[{"name":"wp","href":"https:\/\/api.w.org\/{rel}","templated":true}]}}