{"id":211962,"date":"2019-10-03T12:43:13","date_gmt":"2019-10-03T15:43:13","guid":{"rendered":"https:\/\/franciscanos.org.br\/noticias\/?p=211962"},"modified":"2019-10-03T13:35:40","modified_gmt":"2019-10-03T16:35:40","slug":"canarinhos-apresentacoes-celebram-sao-francisco-de-assis","status":"publish","type":"post","link":"https:\/\/franciscanos.org.br\/noticias\/canarinhos-apresentacoes-celebram-sao-francisco-de-assis.html","title":{"rendered":"Canarinhos: Apresenta\u00e7\u00f5es celebram S\u00e3o Francisco de Assis"},"content":{"rendered":"<p><img loading=\"lazy\" class=\"alignnone size-full wp-image-211963\" src=\"https:\/\/franciscanos.org.br\/noticias\/wp-content\/uploads\/2019\/10\/canarinhos_03.jpg\" alt=\"\" width=\"890\" height=\"431\" srcset=\"https:\/\/franciscanos.org.br\/noticias\/wp-content\/uploads\/2019\/10\/canarinhos_03.jpg 890w, https:\/\/franciscanos.org.br\/noticias\/wp-content\/uploads\/2019\/10\/canarinhos_03-450x218.jpg 450w, https:\/\/franciscanos.org.br\/noticias\/wp-content\/uploads\/2019\/10\/canarinhos_03-768x372.jpg 768w, https:\/\/franciscanos.org.br\/noticias\/wp-content\/uploads\/2019\/10\/canarinhos_03-150x73.jpg 150w\" sizes=\"(max-width: 890px) 100vw, 890px\" \/><\/p>\n<p><strong>Petr\u00f3polis (RJ)<\/strong> &#8211; A Igreja do Sagrado Cora\u00e7\u00e3o de Jesus est\u00e1 com uma programa\u00e7\u00e3o extensa em celebra\u00e7\u00e3o a S\u00e3o Francisco de Assis. Os eventos fazem parte da Semana Franciscana e acontecem at\u00e9 o pr\u00f3ximo s\u00e1bado e contar\u00e3o com duas apresenta\u00e7\u00f5es especiais do Coral dos Canarinhos de Petr\u00f3polis. Os concertos ser\u00e3o beneficentes e toda a renda arrecadada ser\u00e1 revertida para a restaura\u00e7\u00e3o do \u00f3rg\u00e3o de tubos da igreja. As contribui\u00e7\u00f5es s\u00e3o espont\u00e2neas.<\/p>\n<p>Nesta quinta-feira, dia 3, \u00e0s 19h30, ser\u00e1 celebrado o Tr\u00e2nsito de S\u00e3o Francisco de Assis, com a participa\u00e7\u00e3o dos Canarinhos de Petr\u00f3polis e dos frades do convento. \u201cNa ocasi\u00e3o, a Ordem Franciscana celebra o dia da morte de S\u00e3o Francisco e sua passagem para junto do Pai\u201d, explica frei Marcos, adiantando que o coro far\u00e1 o canto de medita\u00e7\u00e3o \u201cSeigneur je vous en prie\u201d, de Poulenc.<\/p>\n<p>Durante toda a sexta-feira, dia 4, haver\u00e1 celebra\u00e7\u00f5es. A programa\u00e7\u00e3o come\u00e7a \u00e0s 8h, com a Ora\u00e7\u00e3o das Laudes. A Ben\u00e7\u00e3o dos animais acontecer\u00e1 em dois per\u00edodos: das 8h \u00e0s 11h e das 14h \u00e0s 17h. No fim do dia, \u00e0s 17h30, acontecer\u00e1 a Ora\u00e7\u00e3o das V\u00e9speras e, \u00e0s 18 horas, a Missa Solene de S\u00e3o Francisco de Assis.<\/p>\n<p>S\u00e3o Francisco de Assis tamb\u00e9m ser\u00e1 o homenageado do pr\u00f3ximo s\u00e1bado, dia 5. O Coral dos Canarinhos de Petr\u00f3polis realiza, \u00e0s 19h30, o Concerto Espiritual em honra a Francisco de Assis.<\/p>\n<p>\u201cEste concerto encerra a semana franciscana, que contou com palestras, eventos e b\u00ean\u00e7\u00e3os dos animais. A tem\u00e1tica principal da apresenta\u00e7\u00e3o ser\u00e3o os textos e ora\u00e7\u00f5es de S\u00e3o Francisco e assim como os demais concertos espirituais, realizados ao longo do ano, ser\u00e1 uma forma de ora\u00e7\u00e3o e medita\u00e7\u00e3o\u201d, contou frei Marcos.<\/p>\n<p>Para este concerto, o maestro Marco Aur\u00e9lio Lischt selecionou composi\u00e7\u00f5es de frades feitas a partir de textos franciscanos: \u201cPreparamos um concerto especial que contar\u00e1 apenas com a participa\u00e7\u00e3o dos tenores e baixos do Coral dos Canarinhos. Nosso intuito \u00e9 promover uma reflex\u00e3o entre o p\u00fablico presente\u201d, declarou o maestro.<\/p>\n<p>Entre as composi\u00e7\u00f5es que ser\u00e3o apresentadas estar\u00e3o \u201cProles de coelo\u201d (1397-1474) (Hino para a primeira V\u00e9spera de S\u00e3o Francisco), de Guillaume Dufay; \u201cQuasi Stella\u201d (1881) (Graduale), de Fr. Robertus Rosso; \u201cR\u00f6wer \u2013 Magnificabitur\u201d (1877-1958) (Ofert\u00f3rio), de Fr. Bas\u00edlio; \u201cQuatro pequenas preces de S\u00e3o Francisco de Assis\u201d (1899-1963), de Francis Poulenc: \u201cSalut, Dame Sainte\u201d; \u201cTout puissant\u201d; \u201cSeignuer, je vous en prie\u201d; \u201cO mes tr\u00e8s chers fr\u00e8res\u201d.<\/p>\n<p>Al\u00e9m das contribui\u00e7\u00f5es espont\u00e2neas no fim do concerto, quem quiser contribuir com a restaura\u00e7\u00e3o do \u00f3rg\u00e3o de tubos e com o trabalho realizado pelo Instituto dos Meninos Cantores de Petr\u00f3polis pode fazer sua doa\u00e7\u00e3o por dep\u00f3sito banc\u00e1rio.<\/p>\n<p>Banco do Brasil<br \/>\nAgencia: 80-9<br \/>\nConta poupan\u00e7a: 27213-2<br \/>\nOpera\u00e7\u00e3o 51<br \/>\nConta poupan\u00e7a<br \/>\nProv\u00edncia Franciscana da Imaculada Concei\u00e7\u00e3o do Brasil<\/p>\n","protected":false},"excerpt":{"rendered":"<p>Eventos com a presen\u00e7a do Coral dos Canarinhos de Petr\u00f3polis marcam a data festiva.<\/p>\n","protected":false},"author":3,"featured_media":211964,"comment_status":"open","ping_status":"open","sticky":false,"template":"","format":"standard","meta":[],"categories":[1],"tags":[1378],"acf":[],"yoast_head":"<!-- This site is optimized with the Yoast SEO plugin v19.2 - https:\/\/yoast.com\/wordpress\/plugins\/seo\/ -->\n<title>Canarinhos: Apresenta\u00e7\u00f5es celebram S\u00e3o Francisco de Assis - Not\u00edcias - Franciscanos<\/title>\n<meta name=\"robots\" content=\"index, follow, max-snippet:-1, max-image-preview:large, max-video-preview:-1\" \/>\n<link rel=\"canonical\" href=\"https:\/\/franciscanos.org.br\/noticias\/canarinhos-apresentacoes-celebram-sao-francisco-de-assis.html\" \/>\n<meta property=\"og:locale\" content=\"pt_BR\" \/>\n<meta property=\"og:type\" content=\"article\" \/>\n<meta property=\"og:title\" content=\"Canarinhos: Apresenta\u00e7\u00f5es celebram S\u00e3o Francisco de Assis - Not\u00edcias - Franciscanos\" \/>\n<meta property=\"og:description\" content=\"Eventos com a presen\u00e7a do Coral dos Canarinhos de Petr\u00f3polis marcam a data festiva.\" \/>\n<meta property=\"og:url\" content=\"https:\/\/franciscanos.org.br\/noticias\/canarinhos-apresentacoes-celebram-sao-francisco-de-assis.html\" \/>\n<meta property=\"og:site_name\" content=\"Not\u00edcias - Franciscanos\" \/>\n<meta property=\"article:published_time\" content=\"2019-10-03T15:43:13+00:00\" \/>\n<meta property=\"article:modified_time\" content=\"2019-10-03T16:35:40+00:00\" \/>\n<meta property=\"og:image\" content=\"https:\/\/franciscanos.org.br\/noticias\/wp-content\/uploads\/2019\/10\/canarinhos_03d.jpg\" \/>\n\t<meta property=\"og:image:width\" content=\"273\" \/>\n\t<meta property=\"og:image:height\" content=\"181\" \/>\n\t<meta property=\"og:image:type\" content=\"image\/jpeg\" \/>\n<meta name=\"author\" content=\"moacir\" \/>\n<meta name=\"twitter:card\" content=\"summary_large_image\" \/>\n<meta name=\"twitter:label1\" content=\"Escrito por\" \/>\n\t<meta name=\"twitter:data1\" content=\"moacir\" \/>\n\t<meta name=\"twitter:label2\" content=\"Est. tempo de leitura\" \/>\n\t<meta name=\"twitter:data2\" content=\"3 minutos\" \/>\n<script type=\"application\/ld+json\" class=\"yoast-schema-graph\">{\"@context\":\"https:\/\/schema.org\",\"@graph\":[{\"@type\":\"WebSite\",\"@id\":\"https:\/\/franciscanos.org.br\/noticias\/#website\",\"url\":\"https:\/\/franciscanos.org.br\/noticias\/\",\"name\":\"Not\u00edcias - Franciscanos\",\"description\":\"Prov\u00edncia Franciscana da Imaculada Concei\u00e7\u00e3o do Brasil - Ordem dos Frades Menores - OFM\",\"potentialAction\":[{\"@type\":\"SearchAction\",\"target\":{\"@type\":\"EntryPoint\",\"urlTemplate\":\"https:\/\/franciscanos.org.br\/noticias\/?s={search_term_string}\"},\"query-input\":\"required name=search_term_string\"}],\"inLanguage\":\"pt-BR\"},{\"@type\":\"ImageObject\",\"inLanguage\":\"pt-BR\",\"@id\":\"https:\/\/franciscanos.org.br\/noticias\/canarinhos-apresentacoes-celebram-sao-francisco-de-assis.html#primaryimage\",\"url\":\"https:\/\/franciscanos.org.br\/noticias\/wp-content\/uploads\/2019\/10\/canarinhos_03d.jpg\",\"contentUrl\":\"https:\/\/franciscanos.org.br\/noticias\/wp-content\/uploads\/2019\/10\/canarinhos_03d.jpg\",\"width\":273,\"height\":181},{\"@type\":\"WebPage\",\"@id\":\"https:\/\/franciscanos.org.br\/noticias\/canarinhos-apresentacoes-celebram-sao-francisco-de-assis.html#webpage\",\"url\":\"https:\/\/franciscanos.org.br\/noticias\/canarinhos-apresentacoes-celebram-sao-francisco-de-assis.html\",\"name\":\"Canarinhos: Apresenta\u00e7\u00f5es celebram S\u00e3o Francisco de Assis - Not\u00edcias - Franciscanos\",\"isPartOf\":{\"@id\":\"https:\/\/franciscanos.org.br\/noticias\/#website\"},\"primaryImageOfPage\":{\"@id\":\"https:\/\/franciscanos.org.br\/noticias\/canarinhos-apresentacoes-celebram-sao-francisco-de-assis.html#primaryimage\"},\"datePublished\":\"2019-10-03T15:43:13+00:00\",\"dateModified\":\"2019-10-03T16:35:40+00:00\",\"author\":{\"@id\":\"https:\/\/franciscanos.org.br\/noticias\/#\/schema\/person\/b5c8cba458c330ccff548b056e95a5d4\"},\"breadcrumb\":{\"@id\":\"https:\/\/franciscanos.org.br\/noticias\/canarinhos-apresentacoes-celebram-sao-francisco-de-assis.html#breadcrumb\"},\"inLanguage\":\"pt-BR\",\"potentialAction\":[{\"@type\":\"ReadAction\",\"target\":[\"https:\/\/franciscanos.org.br\/noticias\/canarinhos-apresentacoes-celebram-sao-francisco-de-assis.html\"]}]},{\"@type\":\"BreadcrumbList\",\"@id\":\"https:\/\/franciscanos.org.br\/noticias\/canarinhos-apresentacoes-celebram-sao-francisco-de-assis.html#breadcrumb\",\"itemListElement\":[{\"@type\":\"ListItem\",\"position\":1,\"name\":\"Home\",\"item\":\"https:\/\/franciscanos.org.br\/noticias\"},{\"@type\":\"ListItem\",\"position\":2,\"name\":\"Canarinhos: Apresenta\u00e7\u00f5es celebram S\u00e3o Francisco de Assis\"}]},{\"@type\":\"Person\",\"@id\":\"https:\/\/franciscanos.org.br\/noticias\/#\/schema\/person\/b5c8cba458c330ccff548b056e95a5d4\",\"name\":\"moacir\",\"image\":{\"@type\":\"ImageObject\",\"inLanguage\":\"pt-BR\",\"@id\":\"https:\/\/franciscanos.org.br\/noticias\/#\/schema\/person\/image\/\",\"url\":\"https:\/\/secure.gravatar.com\/avatar\/d08aa2ce4c8dd416d4479aa8536fcf64?s=96&d=mm&r=g\",\"contentUrl\":\"https:\/\/secure.gravatar.com\/avatar\/d08aa2ce4c8dd416d4479aa8536fcf64?s=96&d=mm&r=g\",\"caption\":\"moacir\"},\"url\":\"https:\/\/franciscanos.org.br\/noticias\/author\/moacir\"}]}<\/script>\n<!-- \/ Yoast SEO plugin. -->","yoast_head_json":{"title":"Canarinhos: Apresenta\u00e7\u00f5es celebram S\u00e3o Francisco de Assis - Not\u00edcias - Franciscanos","robots":{"index":"index","follow":"follow","max-snippet":"max-snippet:-1","max-image-preview":"max-image-preview:large","max-video-preview":"max-video-preview:-1"},"canonical":"https:\/\/franciscanos.org.br\/noticias\/canarinhos-apresentacoes-celebram-sao-francisco-de-assis.html","og_locale":"pt_BR","og_type":"article","og_title":"Canarinhos: Apresenta\u00e7\u00f5es celebram S\u00e3o Francisco de Assis - Not\u00edcias - Franciscanos","og_description":"Eventos com a presen\u00e7a do Coral dos Canarinhos de Petr\u00f3polis marcam a data festiva.","og_url":"https:\/\/franciscanos.org.br\/noticias\/canarinhos-apresentacoes-celebram-sao-francisco-de-assis.html","og_site_name":"Not\u00edcias - Franciscanos","article_published_time":"2019-10-03T15:43:13+00:00","article_modified_time":"2019-10-03T16:35:40+00:00","og_image":[{"width":273,"height":181,"url":"https:\/\/franciscanos.org.br\/noticias\/wp-content\/uploads\/2019\/10\/canarinhos_03d.jpg","type":"image\/jpeg"}],"author":"moacir","twitter_card":"summary_large_image","twitter_misc":{"Escrito por":"moacir","Est. tempo de leitura":"3 minutos"},"schema":{"@context":"https:\/\/schema.org","@graph":[{"@type":"WebSite","@id":"https:\/\/franciscanos.org.br\/noticias\/#website","url":"https:\/\/franciscanos.org.br\/noticias\/","name":"Not\u00edcias - Franciscanos","description":"Prov\u00edncia Franciscana da Imaculada Concei\u00e7\u00e3o do Brasil - Ordem dos Frades Menores - OFM","potentialAction":[{"@type":"SearchAction","target":{"@type":"EntryPoint","urlTemplate":"https:\/\/franciscanos.org.br\/noticias\/?s={search_term_string}"},"query-input":"required name=search_term_string"}],"inLanguage":"pt-BR"},{"@type":"ImageObject","inLanguage":"pt-BR","@id":"https:\/\/franciscanos.org.br\/noticias\/canarinhos-apresentacoes-celebram-sao-francisco-de-assis.html#primaryimage","url":"https:\/\/franciscanos.org.br\/noticias\/wp-content\/uploads\/2019\/10\/canarinhos_03d.jpg","contentUrl":"https:\/\/franciscanos.org.br\/noticias\/wp-content\/uploads\/2019\/10\/canarinhos_03d.jpg","width":273,"height":181},{"@type":"WebPage","@id":"https:\/\/franciscanos.org.br\/noticias\/canarinhos-apresentacoes-celebram-sao-francisco-de-assis.html#webpage","url":"https:\/\/franciscanos.org.br\/noticias\/canarinhos-apresentacoes-celebram-sao-francisco-de-assis.html","name":"Canarinhos: Apresenta\u00e7\u00f5es celebram S\u00e3o Francisco de Assis - Not\u00edcias - Franciscanos","isPartOf":{"@id":"https:\/\/franciscanos.org.br\/noticias\/#website"},"primaryImageOfPage":{"@id":"https:\/\/franciscanos.org.br\/noticias\/canarinhos-apresentacoes-celebram-sao-francisco-de-assis.html#primaryimage"},"datePublished":"2019-10-03T15:43:13+00:00","dateModified":"2019-10-03T16:35:40+00:00","author":{"@id":"https:\/\/franciscanos.org.br\/noticias\/#\/schema\/person\/b5c8cba458c330ccff548b056e95a5d4"},"breadcrumb":{"@id":"https:\/\/franciscanos.org.br\/noticias\/canarinhos-apresentacoes-celebram-sao-francisco-de-assis.html#breadcrumb"},"inLanguage":"pt-BR","potentialAction":[{"@type":"ReadAction","target":["https:\/\/franciscanos.org.br\/noticias\/canarinhos-apresentacoes-celebram-sao-francisco-de-assis.html"]}]},{"@type":"BreadcrumbList","@id":"https:\/\/franciscanos.org.br\/noticias\/canarinhos-apresentacoes-celebram-sao-francisco-de-assis.html#breadcrumb","itemListElement":[{"@type":"ListItem","position":1,"name":"Home","item":"https:\/\/franciscanos.org.br\/noticias"},{"@type":"ListItem","position":2,"name":"Canarinhos: Apresenta\u00e7\u00f5es celebram S\u00e3o Francisco de Assis"}]},{"@type":"Person","@id":"https:\/\/franciscanos.org.br\/noticias\/#\/schema\/person\/b5c8cba458c330ccff548b056e95a5d4","name":"moacir","image":{"@type":"ImageObject","inLanguage":"pt-BR","@id":"https:\/\/franciscanos.org.br\/noticias\/#\/schema\/person\/image\/","url":"https:\/\/secure.gravatar.com\/avatar\/d08aa2ce4c8dd416d4479aa8536fcf64?s=96&d=mm&r=g","contentUrl":"https:\/\/secure.gravatar.com\/avatar\/d08aa2ce4c8dd416d4479aa8536fcf64?s=96&d=mm&r=g","caption":"moacir"},"url":"https:\/\/franciscanos.org.br\/noticias\/author\/moacir"}]}},"_links":{"self":[{"href":"https:\/\/franciscanos.org.br\/noticias\/wp-json\/wp\/v2\/posts\/211962"}],"collection":[{"href":"https:\/\/franciscanos.org.br\/noticias\/wp-json\/wp\/v2\/posts"}],"about":[{"href":"https:\/\/franciscanos.org.br\/noticias\/wp-json\/wp\/v2\/types\/post"}],"author":[{"embeddable":true,"href":"https:\/\/franciscanos.org.br\/noticias\/wp-json\/wp\/v2\/users\/3"}],"replies":[{"embeddable":true,"href":"https:\/\/franciscanos.org.br\/noticias\/wp-json\/wp\/v2\/comments?post=211962"}],"version-history":[{"count":0,"href":"https:\/\/franciscanos.org.br\/noticias\/wp-json\/wp\/v2\/posts\/211962\/revisions"}],"wp:featuredmedia":[{"embeddable":true,"href":"https:\/\/franciscanos.org.br\/noticias\/wp-json\/wp\/v2\/media\/211964"}],"wp:attachment":[{"href":"https:\/\/franciscanos.org.br\/noticias\/wp-json\/wp\/v2\/media?parent=211962"}],"wp:term":[{"taxonomy":"category","embeddable":true,"href":"https:\/\/franciscanos.org.br\/noticias\/wp-json\/wp\/v2\/categories?post=211962"},{"taxonomy":"post_tag","embeddable":true,"href":"https:\/\/franciscanos.org.br\/noticias\/wp-json\/wp\/v2\/tags?post=211962"}],"curies":[{"name":"wp","href":"https:\/\/api.w.org\/{rel}","templated":true}]}}