{"id":211951,"date":"2019-10-03T07:35:48","date_gmt":"2019-10-03T10:35:48","guid":{"rendered":"https:\/\/franciscanos.org.br\/noticias\/?p=211951"},"modified":"2020-06-05T15:51:48","modified_gmt":"2020-06-05T18:51:48","slug":"papa-ha-uma-festa-quando-a-palavra-chega-ao-coracao","status":"publish","type":"post","link":"https:\/\/franciscanos.org.br\/noticias\/papa-ha-uma-festa-quando-a-palavra-chega-ao-coracao.html","title":{"rendered":"Papa: h\u00e1 uma festa quando a Palavra chega ao cora\u00e7\u00e3o"},"content":{"rendered":"<p><img loading=\"lazy\" class=\"alignnone size-full wp-image-211952\" src=\"https:\/\/franciscanos.org.br\/noticias\/wp-content\/uploads\/2019\/10\/papa_0310.jpg\" alt=\"\" width=\"890\" height=\"501\" srcset=\"https:\/\/franciscanos.org.br\/noticias\/wp-content\/uploads\/2019\/10\/papa_0310.jpg 890w, https:\/\/franciscanos.org.br\/noticias\/wp-content\/uploads\/2019\/10\/papa_0310-450x253.jpg 450w, https:\/\/franciscanos.org.br\/noticias\/wp-content\/uploads\/2019\/10\/papa_0310-768x432.jpg 768w, https:\/\/franciscanos.org.br\/noticias\/wp-content\/uploads\/2019\/10\/papa_0310-150x84.jpg 150w\" sizes=\"(max-width: 890px) 100vw, 890px\" \/><\/p>\n<p>Cidade do Vaticano -Abrir o cora\u00e7\u00e3o para o encontro com a Palavra de Deus que nos alegra. Esta \u00e9 a exorta\u00e7\u00e3o que o Papa Francisco fez esta manh\u00e3 na homilia da Missa celebrada na Casa Santa Marta. O Papa convida, portanto, a ouvi-la com aten\u00e7\u00e3o, sem deixar que a Palavra entre por um ouvido e saia pelo outro.<\/p>\n<p>Sua reflex\u00e3o se desenrola a partir da Primeira Leitura da Liturgia de hoje, extra\u00edda do Livro de Neemias (Ne 8,1-4a.5-6.7b-12). \u00c9 a &#8220;hist\u00f3ria do encontro do povo de Deus com a Palavra de Deus. \u00c9 tudo uma hist\u00f3ria de reconstru\u00e7\u00e3o&#8221;.<\/p>\n<p>A refer\u00eancia \u00e9 ao contexto em que acontece a hist\u00f3ria narrada: a reconstru\u00e7\u00e3o do Templo e o retorno do ex\u00edlio. Neemias, o governador, fala com o sacerdote e o escriba Esdras para &#8220;entronizar&#8221; a Palavra de Deus: todo o povo se re\u00fane na pra\u00e7a em frente \u00e0 porta das \u00c1guas. O sacerdote Esdras leu: &#8221; ele abriu o livro \u00e0 vista de todo o povo. E, quando o abriu, todo o povo ficou de p\u00e9.&#8221;<\/p>\n<p>Os levitas explicavam a lei. &#8220;Uma coisa bonita&#8221;, observa o Papa Francisco, destacando como &#8220;estamos acostumados a ter este livro que \u00e9 a Palavra de Deus mas, eu diria, estamos mal acostumados&#8221; enquanto ao povo &#8220;faltava a Palavra, tinha fome da Palavra de Deus, por esse motivo, quando v\u00ea o livro da Palavra, fica em p\u00e9\u201d.<\/p>\n<p><img loading=\"lazy\" class=\"alignnone size-full wp-image-211953\" src=\"https:\/\/franciscanos.org.br\/noticias\/wp-content\/uploads\/2019\/10\/papa_0310_1.jpg\" alt=\"\" width=\"890\" height=\"501\" srcset=\"https:\/\/franciscanos.org.br\/noticias\/wp-content\/uploads\/2019\/10\/papa_0310_1.jpg 890w, https:\/\/franciscanos.org.br\/noticias\/wp-content\/uploads\/2019\/10\/papa_0310_1-450x253.jpg 450w, https:\/\/franciscanos.org.br\/noticias\/wp-content\/uploads\/2019\/10\/papa_0310_1-768x432.jpg 768w, https:\/\/franciscanos.org.br\/noticias\/wp-content\/uploads\/2019\/10\/papa_0310_1-150x84.jpg 150w\" sizes=\"(max-width: 890px) 100vw, 890px\" \/><\/p>\n<p>&#8220;Mas pensem que isso n\u00e3o acontecia h\u00e1 d\u00e9cadas, \u00e9 o encontro do povo com o seu Deus, o encontro do povo com a Palavra de Deus&#8221;: Neemias, que era o governador, Esdras, sacerdote e escriba, e os levitas que admoestavam o povo, disseram a todo o povo:&#8221; Este dia \u00e9 consagrado ao Senhor.\u201d Para n\u00f3s \u00e9 o domingo. Domingo \u00e9 o dia do encontro do povo com o Senhor, o dia do encontro da minha fam\u00edlia com o Senhor. O dia do meu encontro com o Senhor, \u00e9 um dia de encontro. &#8220;Este dia \u00e9 consagrado ao Senhor&#8221;.<\/p>\n<p>Por isso, Neemias, Esdras e os levitas exortavam as pessoas a n\u00e3o ficarem tristes e a n\u00e3o chorar. De fato, a Primeira Leitura de hoje narra como todo o povo chorava ao ouvir as palavras da lei. &#8220;Chorava de emo\u00e7\u00e3o\u201d, \u201cchorava de alegria\u201d, sublinha Francisco: Quando ouvimos a Palavra de Deus, o que acontece no meu cora\u00e7\u00e3o? Estou atento \u00e0 Palavra de Deus? Eu deixo que toque o meu cora\u00e7\u00e3o ou estou ali, olhando para o teto, pensando em outras coisas e a Palavra entra por um ouvido e sai pelo outro, n\u00e3o chega ao cora\u00e7\u00e3o? O que fa\u00e7o para me preparar para que a Palavra chegue ao cora\u00e7\u00e3o? E quando a Palavra chega ao cora\u00e7\u00e3o, h\u00e1 o choro de alegria e h\u00e1 uma festa. N\u00e3o se pode entender a festa de domingo sem a Palavra de Deus, n\u00e3o se entende. &#8220;Ent\u00e3o Neemias lhes disse &#8216;Ide para vossas casas e comei carnes gordas, tomai bebidas doces e reparti com aqueles que nada prepararam, pois este dia \u00e9 santo para o nosso Senhor. N\u00e3o fiqueis tristes, porque a alegria do Senhor ser\u00e1 a vossa for\u00e7a&#8217;.<\/p>\n<p>Ent\u00e3o o Papa volta a recordar que a tristeza, por outro lado, n\u00e3o \u00e9 a nossa for\u00e7a: \u201cA Palavra de Deus nos alegra, o encontro com a Palavra de Deus nos enche de alegria e essa alegria \u00e9 a minha for\u00e7a, \u00e9 a nossa for\u00e7a. Os crist\u00e3os s\u00e3o alegres porque aceitaram, receberam no cora\u00e7\u00e3o a Palavra de Deus e continuamente encontram a Palavra, a buscam. Esta \u00e9 a mensagem de hoje para todos n\u00f3s. Um breve exame de consci\u00eancia: como eu escuto a Palavra de Deus? ou simplesmente n\u00e3o a escuto? Como me encontro o Senhor em sua Palavra que \u00e9 a B\u00edblia? E depois: estou convencido de que a alegria do Senhor \u00e9 a minha for\u00e7a? A tristeza n\u00e3o \u00e9 a nossa for\u00e7a.\u201d<\/p>\n<p><img loading=\"lazy\" class=\"alignnone size-full wp-image-211954\" src=\"https:\/\/franciscanos.org.br\/noticias\/wp-content\/uploads\/2019\/10\/papa_0310_2.jpg\" alt=\"\" width=\"890\" height=\"501\" srcset=\"https:\/\/franciscanos.org.br\/noticias\/wp-content\/uploads\/2019\/10\/papa_0310_2.jpg 890w, https:\/\/franciscanos.org.br\/noticias\/wp-content\/uploads\/2019\/10\/papa_0310_2-450x253.jpg 450w, https:\/\/franciscanos.org.br\/noticias\/wp-content\/uploads\/2019\/10\/papa_0310_2-768x432.jpg 768w, https:\/\/franciscanos.org.br\/noticias\/wp-content\/uploads\/2019\/10\/papa_0310_2-150x84.jpg 150w\" sizes=\"(max-width: 890px) 100vw, 890px\" \/><\/p>\n<p>&#8220;Os cora\u00e7\u00f5es entristecidos&#8221;, de fato, o diabo os coloca para baixo, enquanto a alegria do Senhor &#8220;nos faz levantar, olhar, cantar e chorar de alegria&#8221;.<\/p>\n<p>Um dos salmos diz que, no momento da liberta\u00e7\u00e3o da Babil\u00f4nia, o povo judeu pensava estar sonhando, n\u00e3o podiam acreditar. A mesma experi\u00eancia acontece &#8220;quando n\u00f3s encontramos o Senhor em sua Palavra&#8221;, quando pensamos: &#8220;Mas isso \u00e9 um sonho &#8230;&#8221; e &#8220;n\u00e3o podemos acreditar em tamanha beleza&#8221;.<\/p>\n<p>&#8220;Que o Senhor nos d\u00ea a todos a gra\u00e7a de abrir o cora\u00e7\u00e3o para esse encontro com a Sua Palavra e n\u00e3o ter medo da alegria, n\u00e3o ter medo de fazer a festa da alegria\u201d, aquela alegria \u2013 volta a sublinhar o Papa Francisco &#8211; que brota precisamente deste encontro com a Palavra de Deus.<\/p>\n<hr \/>\n<p><em>Fonte: Vatican News<\/em><\/p>\n","protected":false},"excerpt":{"rendered":"<p>Missa em Santa Marta<\/p>\n","protected":false},"author":3,"featured_media":211957,"comment_status":"open","ping_status":"open","sticky":false,"template":"","format":"standard","meta":[],"categories":[1428],"tags":[829],"acf":[],"yoast_head":"<!-- This site is optimized with the Yoast SEO plugin v19.2 - https:\/\/yoast.com\/wordpress\/plugins\/seo\/ -->\n<title>Papa: h\u00e1 uma festa quando a Palavra chega ao cora\u00e7\u00e3o - Not\u00edcias - Franciscanos<\/title>\n<meta name=\"robots\" content=\"index, follow, max-snippet:-1, max-image-preview:large, max-video-preview:-1\" \/>\n<link rel=\"canonical\" href=\"https:\/\/franciscanos.org.br\/noticias\/papa-ha-uma-festa-quando-a-palavra-chega-ao-coracao.html\" \/>\n<meta property=\"og:locale\" content=\"pt_BR\" \/>\n<meta property=\"og:type\" content=\"article\" \/>\n<meta property=\"og:title\" content=\"Papa: h\u00e1 uma festa quando a Palavra chega ao cora\u00e7\u00e3o - Not\u00edcias - Franciscanos\" \/>\n<meta property=\"og:description\" content=\"Missa em Santa Marta\" \/>\n<meta property=\"og:url\" content=\"https:\/\/franciscanos.org.br\/noticias\/papa-ha-uma-festa-quando-a-palavra-chega-ao-coracao.html\" \/>\n<meta property=\"og:site_name\" content=\"Not\u00edcias - Franciscanos\" \/>\n<meta property=\"article:published_time\" content=\"2019-10-03T10:35:48+00:00\" \/>\n<meta property=\"article:modified_time\" content=\"2020-06-05T18:51:48+00:00\" \/>\n<meta property=\"og:image\" content=\"https:\/\/franciscanos.org.br\/noticias\/wp-content\/uploads\/2019\/10\/papa_0310d.jpg\" \/>\n\t<meta property=\"og:image:width\" content=\"273\" \/>\n\t<meta property=\"og:image:height\" content=\"181\" \/>\n\t<meta property=\"og:image:type\" content=\"image\/jpeg\" \/>\n<meta name=\"author\" content=\"moacir\" \/>\n<meta name=\"twitter:card\" content=\"summary_large_image\" \/>\n<meta name=\"twitter:label1\" content=\"Escrito por\" \/>\n\t<meta name=\"twitter:data1\" content=\"moacir\" \/>\n\t<meta name=\"twitter:label2\" content=\"Est. tempo de leitura\" \/>\n\t<meta name=\"twitter:data2\" content=\"4 minutos\" \/>\n<script type=\"application\/ld+json\" class=\"yoast-schema-graph\">{\"@context\":\"https:\/\/schema.org\",\"@graph\":[{\"@type\":\"WebSite\",\"@id\":\"https:\/\/franciscanos.org.br\/noticias\/#website\",\"url\":\"https:\/\/franciscanos.org.br\/noticias\/\",\"name\":\"Not\u00edcias - Franciscanos\",\"description\":\"Prov\u00edncia Franciscana da Imaculada Concei\u00e7\u00e3o do Brasil - Ordem dos Frades Menores - OFM\",\"potentialAction\":[{\"@type\":\"SearchAction\",\"target\":{\"@type\":\"EntryPoint\",\"urlTemplate\":\"https:\/\/franciscanos.org.br\/noticias\/?s={search_term_string}\"},\"query-input\":\"required name=search_term_string\"}],\"inLanguage\":\"pt-BR\"},{\"@type\":\"ImageObject\",\"inLanguage\":\"pt-BR\",\"@id\":\"https:\/\/franciscanos.org.br\/noticias\/papa-ha-uma-festa-quando-a-palavra-chega-ao-coracao.html#primaryimage\",\"url\":\"https:\/\/franciscanos.org.br\/noticias\/wp-content\/uploads\/2019\/10\/papa_0310d.jpg\",\"contentUrl\":\"https:\/\/franciscanos.org.br\/noticias\/wp-content\/uploads\/2019\/10\/papa_0310d.jpg\",\"width\":273,\"height\":181},{\"@type\":\"WebPage\",\"@id\":\"https:\/\/franciscanos.org.br\/noticias\/papa-ha-uma-festa-quando-a-palavra-chega-ao-coracao.html#webpage\",\"url\":\"https:\/\/franciscanos.org.br\/noticias\/papa-ha-uma-festa-quando-a-palavra-chega-ao-coracao.html\",\"name\":\"Papa: h\u00e1 uma festa quando a Palavra chega ao cora\u00e7\u00e3o - Not\u00edcias - Franciscanos\",\"isPartOf\":{\"@id\":\"https:\/\/franciscanos.org.br\/noticias\/#website\"},\"primaryImageOfPage\":{\"@id\":\"https:\/\/franciscanos.org.br\/noticias\/papa-ha-uma-festa-quando-a-palavra-chega-ao-coracao.html#primaryimage\"},\"datePublished\":\"2019-10-03T10:35:48+00:00\",\"dateModified\":\"2020-06-05T18:51:48+00:00\",\"author\":{\"@id\":\"https:\/\/franciscanos.org.br\/noticias\/#\/schema\/person\/b5c8cba458c330ccff548b056e95a5d4\"},\"breadcrumb\":{\"@id\":\"https:\/\/franciscanos.org.br\/noticias\/papa-ha-uma-festa-quando-a-palavra-chega-ao-coracao.html#breadcrumb\"},\"inLanguage\":\"pt-BR\",\"potentialAction\":[{\"@type\":\"ReadAction\",\"target\":[\"https:\/\/franciscanos.org.br\/noticias\/papa-ha-uma-festa-quando-a-palavra-chega-ao-coracao.html\"]}]},{\"@type\":\"BreadcrumbList\",\"@id\":\"https:\/\/franciscanos.org.br\/noticias\/papa-ha-uma-festa-quando-a-palavra-chega-ao-coracao.html#breadcrumb\",\"itemListElement\":[{\"@type\":\"ListItem\",\"position\":1,\"name\":\"Home\",\"item\":\"https:\/\/franciscanos.org.br\/noticias\"},{\"@type\":\"ListItem\",\"position\":2,\"name\":\"Papa: h\u00e1 uma festa quando a Palavra chega ao cora\u00e7\u00e3o\"}]},{\"@type\":\"Person\",\"@id\":\"https:\/\/franciscanos.org.br\/noticias\/#\/schema\/person\/b5c8cba458c330ccff548b056e95a5d4\",\"name\":\"moacir\",\"image\":{\"@type\":\"ImageObject\",\"inLanguage\":\"pt-BR\",\"@id\":\"https:\/\/franciscanos.org.br\/noticias\/#\/schema\/person\/image\/\",\"url\":\"https:\/\/secure.gravatar.com\/avatar\/d08aa2ce4c8dd416d4479aa8536fcf64?s=96&d=mm&r=g\",\"contentUrl\":\"https:\/\/secure.gravatar.com\/avatar\/d08aa2ce4c8dd416d4479aa8536fcf64?s=96&d=mm&r=g\",\"caption\":\"moacir\"},\"url\":\"https:\/\/franciscanos.org.br\/noticias\/author\/moacir\"}]}<\/script>\n<!-- \/ Yoast SEO plugin. -->","yoast_head_json":{"title":"Papa: h\u00e1 uma festa quando a Palavra chega ao cora\u00e7\u00e3o - Not\u00edcias - Franciscanos","robots":{"index":"index","follow":"follow","max-snippet":"max-snippet:-1","max-image-preview":"max-image-preview:large","max-video-preview":"max-video-preview:-1"},"canonical":"https:\/\/franciscanos.org.br\/noticias\/papa-ha-uma-festa-quando-a-palavra-chega-ao-coracao.html","og_locale":"pt_BR","og_type":"article","og_title":"Papa: h\u00e1 uma festa quando a Palavra chega ao cora\u00e7\u00e3o - Not\u00edcias - Franciscanos","og_description":"Missa em Santa Marta","og_url":"https:\/\/franciscanos.org.br\/noticias\/papa-ha-uma-festa-quando-a-palavra-chega-ao-coracao.html","og_site_name":"Not\u00edcias - Franciscanos","article_published_time":"2019-10-03T10:35:48+00:00","article_modified_time":"2020-06-05T18:51:48+00:00","og_image":[{"width":273,"height":181,"url":"https:\/\/franciscanos.org.br\/noticias\/wp-content\/uploads\/2019\/10\/papa_0310d.jpg","type":"image\/jpeg"}],"author":"moacir","twitter_card":"summary_large_image","twitter_misc":{"Escrito por":"moacir","Est. tempo de leitura":"4 minutos"},"schema":{"@context":"https:\/\/schema.org","@graph":[{"@type":"WebSite","@id":"https:\/\/franciscanos.org.br\/noticias\/#website","url":"https:\/\/franciscanos.org.br\/noticias\/","name":"Not\u00edcias - Franciscanos","description":"Prov\u00edncia Franciscana da Imaculada Concei\u00e7\u00e3o do Brasil - Ordem dos Frades Menores - OFM","potentialAction":[{"@type":"SearchAction","target":{"@type":"EntryPoint","urlTemplate":"https:\/\/franciscanos.org.br\/noticias\/?s={search_term_string}"},"query-input":"required name=search_term_string"}],"inLanguage":"pt-BR"},{"@type":"ImageObject","inLanguage":"pt-BR","@id":"https:\/\/franciscanos.org.br\/noticias\/papa-ha-uma-festa-quando-a-palavra-chega-ao-coracao.html#primaryimage","url":"https:\/\/franciscanos.org.br\/noticias\/wp-content\/uploads\/2019\/10\/papa_0310d.jpg","contentUrl":"https:\/\/franciscanos.org.br\/noticias\/wp-content\/uploads\/2019\/10\/papa_0310d.jpg","width":273,"height":181},{"@type":"WebPage","@id":"https:\/\/franciscanos.org.br\/noticias\/papa-ha-uma-festa-quando-a-palavra-chega-ao-coracao.html#webpage","url":"https:\/\/franciscanos.org.br\/noticias\/papa-ha-uma-festa-quando-a-palavra-chega-ao-coracao.html","name":"Papa: h\u00e1 uma festa quando a Palavra chega ao cora\u00e7\u00e3o - Not\u00edcias - Franciscanos","isPartOf":{"@id":"https:\/\/franciscanos.org.br\/noticias\/#website"},"primaryImageOfPage":{"@id":"https:\/\/franciscanos.org.br\/noticias\/papa-ha-uma-festa-quando-a-palavra-chega-ao-coracao.html#primaryimage"},"datePublished":"2019-10-03T10:35:48+00:00","dateModified":"2020-06-05T18:51:48+00:00","author":{"@id":"https:\/\/franciscanos.org.br\/noticias\/#\/schema\/person\/b5c8cba458c330ccff548b056e95a5d4"},"breadcrumb":{"@id":"https:\/\/franciscanos.org.br\/noticias\/papa-ha-uma-festa-quando-a-palavra-chega-ao-coracao.html#breadcrumb"},"inLanguage":"pt-BR","potentialAction":[{"@type":"ReadAction","target":["https:\/\/franciscanos.org.br\/noticias\/papa-ha-uma-festa-quando-a-palavra-chega-ao-coracao.html"]}]},{"@type":"BreadcrumbList","@id":"https:\/\/franciscanos.org.br\/noticias\/papa-ha-uma-festa-quando-a-palavra-chega-ao-coracao.html#breadcrumb","itemListElement":[{"@type":"ListItem","position":1,"name":"Home","item":"https:\/\/franciscanos.org.br\/noticias"},{"@type":"ListItem","position":2,"name":"Papa: h\u00e1 uma festa quando a Palavra chega ao cora\u00e7\u00e3o"}]},{"@type":"Person","@id":"https:\/\/franciscanos.org.br\/noticias\/#\/schema\/person\/b5c8cba458c330ccff548b056e95a5d4","name":"moacir","image":{"@type":"ImageObject","inLanguage":"pt-BR","@id":"https:\/\/franciscanos.org.br\/noticias\/#\/schema\/person\/image\/","url":"https:\/\/secure.gravatar.com\/avatar\/d08aa2ce4c8dd416d4479aa8536fcf64?s=96&d=mm&r=g","contentUrl":"https:\/\/secure.gravatar.com\/avatar\/d08aa2ce4c8dd416d4479aa8536fcf64?s=96&d=mm&r=g","caption":"moacir"},"url":"https:\/\/franciscanos.org.br\/noticias\/author\/moacir"}]}},"_links":{"self":[{"href":"https:\/\/franciscanos.org.br\/noticias\/wp-json\/wp\/v2\/posts\/211951"}],"collection":[{"href":"https:\/\/franciscanos.org.br\/noticias\/wp-json\/wp\/v2\/posts"}],"about":[{"href":"https:\/\/franciscanos.org.br\/noticias\/wp-json\/wp\/v2\/types\/post"}],"author":[{"embeddable":true,"href":"https:\/\/franciscanos.org.br\/noticias\/wp-json\/wp\/v2\/users\/3"}],"replies":[{"embeddable":true,"href":"https:\/\/franciscanos.org.br\/noticias\/wp-json\/wp\/v2\/comments?post=211951"}],"version-history":[{"count":1,"href":"https:\/\/franciscanos.org.br\/noticias\/wp-json\/wp\/v2\/posts\/211951\/revisions"}],"predecessor-version":[{"id":224320,"href":"https:\/\/franciscanos.org.br\/noticias\/wp-json\/wp\/v2\/posts\/211951\/revisions\/224320"}],"wp:featuredmedia":[{"embeddable":true,"href":"https:\/\/franciscanos.org.br\/noticias\/wp-json\/wp\/v2\/media\/211957"}],"wp:attachment":[{"href":"https:\/\/franciscanos.org.br\/noticias\/wp-json\/wp\/v2\/media?parent=211951"}],"wp:term":[{"taxonomy":"category","embeddable":true,"href":"https:\/\/franciscanos.org.br\/noticias\/wp-json\/wp\/v2\/categories?post=211951"},{"taxonomy":"post_tag","embeddable":true,"href":"https:\/\/franciscanos.org.br\/noticias\/wp-json\/wp\/v2\/tags?post=211951"}],"curies":[{"name":"wp","href":"https:\/\/api.w.org\/{rel}","templated":true}]}}