{"id":211941,"date":"2019-10-03T08:02:20","date_gmt":"2019-10-03T11:02:20","guid":{"rendered":"https:\/\/franciscanos.org.br\/noticias\/?p=211941"},"modified":"2019-10-02T09:28:25","modified_gmt":"2019-10-02T12:28:25","slug":"40o-dia-de-navegacao-5-de-outubro","status":"publish","type":"post","link":"https:\/\/franciscanos.org.br\/noticias\/40o-dia-de-navegacao-5-de-outubro.html","title":{"rendered":"40\u00ba dia de navega\u00e7\u00e3o \u2013 5 de Outubro"},"content":{"rendered":"<p><img loading=\"lazy\" src=\"https:\/\/franciscanos.org.br\/noticias\/wp-content\/uploads\/2019\/09\/cabecalho.jpg\" alt=\"\" width=\"1200\" height=\"450\" \/><\/p>\n<h3><strong><img loading=\"lazy\" class=\"size-full wp-image-211942 alignright\" src=\"https:\/\/franciscanos.org.br\/noticias\/wp-content\/uploads\/2019\/10\/Dia-40.jpg\" alt=\"\" width=\"350\" height=\"500\" srcset=\"https:\/\/franciscanos.org.br\/noticias\/wp-content\/uploads\/2019\/10\/Dia-40.jpg 350w, https:\/\/franciscanos.org.br\/noticias\/wp-content\/uploads\/2019\/10\/Dia-40-315x450.jpg 315w, https:\/\/franciscanos.org.br\/noticias\/wp-content\/uploads\/2019\/10\/Dia-40-150x214.jpg 150w\" sizes=\"(max-width: 350px) 100vw, 350px\" \/>PETI\u00c7\u00c3O PERMANENTE PARA O S\u00cdNODO<\/strong><br \/>\n<strong>AMAZ\u00d4NICO NO IN\u00cdCIO DE CADA DIA:<\/strong><\/h3>\n<p style=\"padding-left: 40px;\"><em>\u201cQue o Deus da vida e da beleza, o Esp\u00edrito Santo que nos <\/em><em>impulsiona para mais fraternidade, unidade e dignidade, o <\/em><em>Cristo encarnado da Boa Nova, da incultura\u00e7\u00e3o e da <\/em><em>interculturalidade nos proporcionem serenidade, discernimento <\/em><em>e coragem para encontrar novos caminhos para a Igreja e para <\/em><em>uma ecologia integral neste S\u00ednodo Amaz\u00f4nico. Tudo isso para o <\/em><em>bem e a vida de seus povos e comunidades, e para caminhar mais <\/em><em>juntos pelo Reino\u201d.<\/em><\/p>\n<p>Medite por alguns momentos neste pedido inicial, busque a calma interior para entrar neste momento para navegar pelas \u00e1guas da Amaz\u00f4nia e a vida da Igreja a servi\u00e7o de seus povos e comunidades, e para ouvir o chamado de Deus atrav\u00e9s de sua palavra viva.<\/p>\n<p><strong>Leitura do dia (cada um e cada uma s\u00e3o convidados a <\/strong><strong>aprofundar a leitura completa de acordo com suas <\/strong><strong>pr\u00f3prias necessidades e crit\u00e9rios):<\/strong><\/p>\n<p>Pois o Senhor teu Deus vai introduzir-te numa terra boa, terra com \u00e1guas correntes, fontes e len\u00e7\u00f3is de \u00e1gua subterr\u00e2neos, que brotam nos vales e nos montes; terra de trigo, cevada, vinhas, figueiras e rom\u00e3zeiras; terra de oliveiras, de azeite e mel; terra em que comer\u00e1s o p\u00e3o em abund\u00e2ncia, sem que nada te falte; terra onde as pedras s\u00e3o de ferro e das montanhas extrair\u00e1s o cobre. Comer\u00e1s e te fartar\u00e1s, bendizendo o Senhor pela boa terra que te deu. Toma cuidado para n\u00e3o esquecer o Senhor teu Deus, nem deixar de observar os mandamentos, os decretos e as leis que hoje te prescrevo. (&#8230;) Mas lembra-te que \u00e9 o Senhor teu Deus que te d\u00e1 poder para prosperares, cumprindo a alian\u00e7a que jurou a teus pais, como o faz hoje. Deuteronomio 8, 7-18.<\/p>\n<p><strong>Reflex\u00e3o sob a perspectiva do S\u00ednodo Amaz\u00f4nico:<\/strong><\/p>\n<p>A promessa de Deus \u00e9 inquebr\u00e1vel. Assim como o povo de Israel confiava naquele que foi enviado para sua liberta\u00e7\u00e3o e partiu, a Amaz\u00f4nia tamb\u00e9m experimenta neste S\u00ednodo e neste Kairos uma navega\u00e7\u00e3o gradual com absoluta confian\u00e7a na promessa de Deus de que sua plenitude e a sua liberta\u00e7\u00e3o vir\u00e1. Seus rios, florestas, diversas esp\u00e9cies de flora e fauna e, sobretudo, seus povos e comunidades esperam no Senhor, e Ele lhes dar\u00e1 a for\u00e7a para alcan\u00e7ar o &#8220;bem viver&#8221; prometido no pacto feito aos antepassados. Vamos entrar no S\u00ednodo com um cora\u00e7\u00e3o aberto, cheio de alegria e esperan\u00e7a, n\u00e3o porque tudo \u00e9 brilhante, mas porque estamos certos de que a morte n\u00e3o ter\u00e1 a \u00faltima palavra. O que se trata e o que nos sentimos convidados a fazer \u00e9 identificar o pr\u00f3prio de Deus nesse caminho progressivo de revela\u00e7\u00e3o estabelecido na chave da fidelidade ao Esp\u00edrito. Devemos caminhar sem medo do novo, respeitando nossas fontes e ra\u00edzes, para que a presen\u00e7a de Deus no mundo, em seus povos e na Amaz\u00f4nia,, e se fortale\u00e7a a miss\u00e3o da Igreja pelo Reino de Cristo neste territ\u00f3rio.<\/p>\n<p><strong>CONTEMPLA\u00c7\u00c3O<\/strong><\/p>\n<p style=\"padding-left: 40px;\"><em>Contemplemos a imagem deste dia e tomemos um momento para <\/em><em>reconhecer nossa pr\u00f3pria vida e experi\u00eancia na Igreja e ao servi\u00e7o <\/em><em>da Amaz\u00f4nia para pedir luz nesta palavra de Deus em <\/em><em>prepara\u00e7\u00e3o para o S\u00ednodo. Escrever meus pedidos particulares e <\/em><em>permanecer neles durante este dia. Convidamos voc\u00ea a manter <\/em><em>um registro de tudo o que o Esp\u00edrito nos provoca como <\/em><em>prepara\u00e7\u00e3o interior para o S\u00ednodo AMAZ\u00d4NICO.<\/em><\/p>\n<h3><strong>Cita\u00e7\u00e3o para fechar a medita\u00e7\u00e3o:<\/strong><\/h3>\n<p style=\"padding-left: 40px;\">D\u00e1-me a Deus da vida e da beleza a const\u00e2ncia daquela chuva leve que cai quase impercept\u00edvel aos nossos olhos; chuva que fecunda de vida tudo o que toca; chuva que acaricia aa cria\u00e7\u00e3o com sua presen\u00e7a suave e serena e que produz progressivamente os pequenos fios de \u00e1gua viva que pouco a pouco, juntamente com muito mais, ver\u00e3o o nascimento dos rios; rios que ao converger dar\u00e3o vida tumultuada \u00e0 grande Amaz\u00f4nia, que \u00e9 uma fonte de vida em abund\u00e2ncia para todos. Que possamos amar o seu rosto misterioso neste rio mar.<\/p>\n<p style=\"padding-left: 40px;\">Pai e M\u00e3e da vida, d\u00ea-me a gra\u00e7a de tirar minhas sand\u00e1lias, porque esta terra da Amaz\u00f4nia, e tudo o que expressa vida e possibilidade de plenitude comunit\u00e1ria nela, \u00e9 terra sagrada onde Deus mora e de onde ele nos fala no Esp\u00edrito Santo que se torna um doador de vida em abund\u00e2ncia para todos. MLO<\/p>\n","protected":false},"excerpt":{"rendered":"<p>40 DIAS PELO RIO AMAZONAS<\/p>\n","protected":false},"author":7,"featured_media":210458,"comment_status":"open","ping_status":"open","sticky":false,"template":"","format":"standard","meta":[],"categories":[1528],"tags":[],"acf":[],"yoast_head":"<!-- This site is optimized with the Yoast SEO plugin v19.2 - https:\/\/yoast.com\/wordpress\/plugins\/seo\/ -->\n<title>40\u00ba dia de navega\u00e7\u00e3o \u2013 5 de Outubro - Not\u00edcias - Franciscanos<\/title>\n<meta name=\"robots\" content=\"index, follow, max-snippet:-1, max-image-preview:large, max-video-preview:-1\" \/>\n<link rel=\"canonical\" href=\"https:\/\/franciscanos.org.br\/noticias\/40o-dia-de-navegacao-5-de-outubro.html\" \/>\n<meta property=\"og:locale\" content=\"pt_BR\" \/>\n<meta property=\"og:type\" content=\"article\" \/>\n<meta property=\"og:title\" content=\"40\u00ba dia de navega\u00e7\u00e3o \u2013 5 de Outubro - Not\u00edcias - Franciscanos\" \/>\n<meta property=\"og:description\" content=\"40 DIAS PELO RIO AMAZONAS\" \/>\n<meta property=\"og:url\" content=\"https:\/\/franciscanos.org.br\/noticias\/40o-dia-de-navegacao-5-de-outubro.html\" \/>\n<meta property=\"og:site_name\" content=\"Not\u00edcias - Franciscanos\" \/>\n<meta property=\"article:published_time\" content=\"2019-10-03T11:02:20+00:00\" \/>\n<meta property=\"article:modified_time\" content=\"2019-10-02T12:28:25+00:00\" \/>\n<meta property=\"og:image\" content=\"https:\/\/franciscanos.org.br\/noticias\/wp-content\/uploads\/2019\/09\/273.jpg\" \/>\n\t<meta property=\"og:image:width\" content=\"273\" \/>\n\t<meta property=\"og:image:height\" content=\"181\" \/>\n\t<meta property=\"og:image:type\" content=\"image\/jpeg\" \/>\n<meta name=\"author\" content=\"jovenal\" \/>\n<meta name=\"twitter:card\" content=\"summary_large_image\" \/>\n<meta name=\"twitter:label1\" content=\"Escrito por\" \/>\n\t<meta name=\"twitter:data1\" content=\"jovenal\" \/>\n\t<meta name=\"twitter:label2\" content=\"Est. tempo de leitura\" \/>\n\t<meta name=\"twitter:data2\" content=\"4 minutos\" \/>\n<script type=\"application\/ld+json\" class=\"yoast-schema-graph\">{\"@context\":\"https:\/\/schema.org\",\"@graph\":[{\"@type\":\"WebSite\",\"@id\":\"https:\/\/franciscanos.org.br\/noticias\/#website\",\"url\":\"https:\/\/franciscanos.org.br\/noticias\/\",\"name\":\"Not\u00edcias - Franciscanos\",\"description\":\"Prov\u00edncia Franciscana da Imaculada Concei\u00e7\u00e3o do Brasil - Ordem dos Frades Menores - OFM\",\"potentialAction\":[{\"@type\":\"SearchAction\",\"target\":{\"@type\":\"EntryPoint\",\"urlTemplate\":\"https:\/\/franciscanos.org.br\/noticias\/?s={search_term_string}\"},\"query-input\":\"required name=search_term_string\"}],\"inLanguage\":\"pt-BR\"},{\"@type\":\"ImageObject\",\"inLanguage\":\"pt-BR\",\"@id\":\"https:\/\/franciscanos.org.br\/noticias\/40o-dia-de-navegacao-5-de-outubro.html#primaryimage\",\"url\":\"https:\/\/franciscanos.org.br\/noticias\/wp-content\/uploads\/2019\/09\/273.jpg\",\"contentUrl\":\"https:\/\/franciscanos.org.br\/noticias\/wp-content\/uploads\/2019\/09\/273.jpg\",\"width\":273,\"height\":181},{\"@type\":\"WebPage\",\"@id\":\"https:\/\/franciscanos.org.br\/noticias\/40o-dia-de-navegacao-5-de-outubro.html#webpage\",\"url\":\"https:\/\/franciscanos.org.br\/noticias\/40o-dia-de-navegacao-5-de-outubro.html\",\"name\":\"40\u00ba dia de navega\u00e7\u00e3o \u2013 5 de Outubro - Not\u00edcias - Franciscanos\",\"isPartOf\":{\"@id\":\"https:\/\/franciscanos.org.br\/noticias\/#website\"},\"primaryImageOfPage\":{\"@id\":\"https:\/\/franciscanos.org.br\/noticias\/40o-dia-de-navegacao-5-de-outubro.html#primaryimage\"},\"datePublished\":\"2019-10-03T11:02:20+00:00\",\"dateModified\":\"2019-10-02T12:28:25+00:00\",\"author\":{\"@id\":\"https:\/\/franciscanos.org.br\/noticias\/#\/schema\/person\/c3a26b08313dd1772495ce300ab257cc\"},\"breadcrumb\":{\"@id\":\"https:\/\/franciscanos.org.br\/noticias\/40o-dia-de-navegacao-5-de-outubro.html#breadcrumb\"},\"inLanguage\":\"pt-BR\",\"potentialAction\":[{\"@type\":\"ReadAction\",\"target\":[\"https:\/\/franciscanos.org.br\/noticias\/40o-dia-de-navegacao-5-de-outubro.html\"]}]},{\"@type\":\"BreadcrumbList\",\"@id\":\"https:\/\/franciscanos.org.br\/noticias\/40o-dia-de-navegacao-5-de-outubro.html#breadcrumb\",\"itemListElement\":[{\"@type\":\"ListItem\",\"position\":1,\"name\":\"Home\",\"item\":\"https:\/\/franciscanos.org.br\/noticias\"},{\"@type\":\"ListItem\",\"position\":2,\"name\":\"40\u00ba dia de navega\u00e7\u00e3o \u2013 5 de Outubro\"}]},{\"@type\":\"Person\",\"@id\":\"https:\/\/franciscanos.org.br\/noticias\/#\/schema\/person\/c3a26b08313dd1772495ce300ab257cc\",\"name\":\"jovenal\",\"image\":{\"@type\":\"ImageObject\",\"inLanguage\":\"pt-BR\",\"@id\":\"https:\/\/franciscanos.org.br\/noticias\/#\/schema\/person\/image\/\",\"url\":\"https:\/\/secure.gravatar.com\/avatar\/e94509f531086e2eaf97e72f29ea00f9?s=96&d=mm&r=g\",\"contentUrl\":\"https:\/\/secure.gravatar.com\/avatar\/e94509f531086e2eaf97e72f29ea00f9?s=96&d=mm&r=g\",\"caption\":\"jovenal\"},\"url\":\"https:\/\/franciscanos.org.br\/noticias\/author\/jovenal\"}]}<\/script>\n<!-- \/ Yoast SEO plugin. -->","yoast_head_json":{"title":"40\u00ba dia de navega\u00e7\u00e3o \u2013 5 de Outubro - Not\u00edcias - Franciscanos","robots":{"index":"index","follow":"follow","max-snippet":"max-snippet:-1","max-image-preview":"max-image-preview:large","max-video-preview":"max-video-preview:-1"},"canonical":"https:\/\/franciscanos.org.br\/noticias\/40o-dia-de-navegacao-5-de-outubro.html","og_locale":"pt_BR","og_type":"article","og_title":"40\u00ba dia de navega\u00e7\u00e3o \u2013 5 de Outubro - Not\u00edcias - Franciscanos","og_description":"40 DIAS PELO RIO AMAZONAS","og_url":"https:\/\/franciscanos.org.br\/noticias\/40o-dia-de-navegacao-5-de-outubro.html","og_site_name":"Not\u00edcias - Franciscanos","article_published_time":"2019-10-03T11:02:20+00:00","article_modified_time":"2019-10-02T12:28:25+00:00","og_image":[{"width":273,"height":181,"url":"https:\/\/franciscanos.org.br\/noticias\/wp-content\/uploads\/2019\/09\/273.jpg","type":"image\/jpeg"}],"author":"jovenal","twitter_card":"summary_large_image","twitter_misc":{"Escrito por":"jovenal","Est. tempo de leitura":"4 minutos"},"schema":{"@context":"https:\/\/schema.org","@graph":[{"@type":"WebSite","@id":"https:\/\/franciscanos.org.br\/noticias\/#website","url":"https:\/\/franciscanos.org.br\/noticias\/","name":"Not\u00edcias - Franciscanos","description":"Prov\u00edncia Franciscana da Imaculada Concei\u00e7\u00e3o do Brasil - Ordem dos Frades Menores - OFM","potentialAction":[{"@type":"SearchAction","target":{"@type":"EntryPoint","urlTemplate":"https:\/\/franciscanos.org.br\/noticias\/?s={search_term_string}"},"query-input":"required name=search_term_string"}],"inLanguage":"pt-BR"},{"@type":"ImageObject","inLanguage":"pt-BR","@id":"https:\/\/franciscanos.org.br\/noticias\/40o-dia-de-navegacao-5-de-outubro.html#primaryimage","url":"https:\/\/franciscanos.org.br\/noticias\/wp-content\/uploads\/2019\/09\/273.jpg","contentUrl":"https:\/\/franciscanos.org.br\/noticias\/wp-content\/uploads\/2019\/09\/273.jpg","width":273,"height":181},{"@type":"WebPage","@id":"https:\/\/franciscanos.org.br\/noticias\/40o-dia-de-navegacao-5-de-outubro.html#webpage","url":"https:\/\/franciscanos.org.br\/noticias\/40o-dia-de-navegacao-5-de-outubro.html","name":"40\u00ba dia de navega\u00e7\u00e3o \u2013 5 de Outubro - Not\u00edcias - Franciscanos","isPartOf":{"@id":"https:\/\/franciscanos.org.br\/noticias\/#website"},"primaryImageOfPage":{"@id":"https:\/\/franciscanos.org.br\/noticias\/40o-dia-de-navegacao-5-de-outubro.html#primaryimage"},"datePublished":"2019-10-03T11:02:20+00:00","dateModified":"2019-10-02T12:28:25+00:00","author":{"@id":"https:\/\/franciscanos.org.br\/noticias\/#\/schema\/person\/c3a26b08313dd1772495ce300ab257cc"},"breadcrumb":{"@id":"https:\/\/franciscanos.org.br\/noticias\/40o-dia-de-navegacao-5-de-outubro.html#breadcrumb"},"inLanguage":"pt-BR","potentialAction":[{"@type":"ReadAction","target":["https:\/\/franciscanos.org.br\/noticias\/40o-dia-de-navegacao-5-de-outubro.html"]}]},{"@type":"BreadcrumbList","@id":"https:\/\/franciscanos.org.br\/noticias\/40o-dia-de-navegacao-5-de-outubro.html#breadcrumb","itemListElement":[{"@type":"ListItem","position":1,"name":"Home","item":"https:\/\/franciscanos.org.br\/noticias"},{"@type":"ListItem","position":2,"name":"40\u00ba dia de navega\u00e7\u00e3o \u2013 5 de Outubro"}]},{"@type":"Person","@id":"https:\/\/franciscanos.org.br\/noticias\/#\/schema\/person\/c3a26b08313dd1772495ce300ab257cc","name":"jovenal","image":{"@type":"ImageObject","inLanguage":"pt-BR","@id":"https:\/\/franciscanos.org.br\/noticias\/#\/schema\/person\/image\/","url":"https:\/\/secure.gravatar.com\/avatar\/e94509f531086e2eaf97e72f29ea00f9?s=96&d=mm&r=g","contentUrl":"https:\/\/secure.gravatar.com\/avatar\/e94509f531086e2eaf97e72f29ea00f9?s=96&d=mm&r=g","caption":"jovenal"},"url":"https:\/\/franciscanos.org.br\/noticias\/author\/jovenal"}]}},"_links":{"self":[{"href":"https:\/\/franciscanos.org.br\/noticias\/wp-json\/wp\/v2\/posts\/211941"}],"collection":[{"href":"https:\/\/franciscanos.org.br\/noticias\/wp-json\/wp\/v2\/posts"}],"about":[{"href":"https:\/\/franciscanos.org.br\/noticias\/wp-json\/wp\/v2\/types\/post"}],"author":[{"embeddable":true,"href":"https:\/\/franciscanos.org.br\/noticias\/wp-json\/wp\/v2\/users\/7"}],"replies":[{"embeddable":true,"href":"https:\/\/franciscanos.org.br\/noticias\/wp-json\/wp\/v2\/comments?post=211941"}],"version-history":[{"count":0,"href":"https:\/\/franciscanos.org.br\/noticias\/wp-json\/wp\/v2\/posts\/211941\/revisions"}],"wp:featuredmedia":[{"embeddable":true,"href":"https:\/\/franciscanos.org.br\/noticias\/wp-json\/wp\/v2\/media\/210458"}],"wp:attachment":[{"href":"https:\/\/franciscanos.org.br\/noticias\/wp-json\/wp\/v2\/media?parent=211941"}],"wp:term":[{"taxonomy":"category","embeddable":true,"href":"https:\/\/franciscanos.org.br\/noticias\/wp-json\/wp\/v2\/categories?post=211941"},{"taxonomy":"post_tag","embeddable":true,"href":"https:\/\/franciscanos.org.br\/noticias\/wp-json\/wp\/v2\/tags?post=211941"}],"curies":[{"name":"wp","href":"https:\/\/api.w.org\/{rel}","templated":true}]}}