{"id":211938,"date":"2019-10-03T08:01:47","date_gmt":"2019-10-03T11:01:47","guid":{"rendered":"https:\/\/franciscanos.org.br\/noticias\/?p=211938"},"modified":"2019-10-02T09:18:59","modified_gmt":"2019-10-02T12:18:59","slug":"39o-dia-de-navegacao-4-de-outubro","status":"publish","type":"post","link":"https:\/\/franciscanos.org.br\/noticias\/39o-dia-de-navegacao-4-de-outubro.html","title":{"rendered":"39\u00ba dia de navega\u00e7\u00e3o \u2013 4 de Outubro"},"content":{"rendered":"<p><img loading=\"lazy\" src=\"https:\/\/franciscanos.org.br\/noticias\/wp-content\/uploads\/2019\/09\/cabecalho.jpg\" alt=\"\" width=\"1200\" height=\"450\" \/><\/p>\n<h3><strong><img loading=\"lazy\" class=\"size-full wp-image-211939 alignright\" src=\"https:\/\/franciscanos.org.br\/noticias\/wp-content\/uploads\/2019\/10\/Dia-39.jpg\" alt=\"\" width=\"350\" height=\"501\" srcset=\"https:\/\/franciscanos.org.br\/noticias\/wp-content\/uploads\/2019\/10\/Dia-39.jpg 350w, https:\/\/franciscanos.org.br\/noticias\/wp-content\/uploads\/2019\/10\/Dia-39-314x450.jpg 314w, https:\/\/franciscanos.org.br\/noticias\/wp-content\/uploads\/2019\/10\/Dia-39-150x215.jpg 150w\" sizes=\"(max-width: 350px) 100vw, 350px\" \/>PETI\u00c7\u00c3O PERMANENTE PARA O S\u00cdNODO<\/strong><br \/>\n<strong>AMAZ\u00d4NICO NO IN\u00cdCIO DE CADA DIA:<\/strong><\/h3>\n<p style=\"padding-left: 40px;\"><em>\u201cQue o Deus da vida e da beleza, o Esp\u00edrito Santo que nos <\/em><em>impulsiona para mais fraternidade, unidade e dignidade, o <\/em><em>Cristo encarnado da Boa Nova, da incultura\u00e7\u00e3o e da <\/em><em>interculturalidade nos proporcionem serenidade, discernimento <\/em><em>e coragem para encontrar novos caminhos para a Igreja e para <\/em><em>uma ecologia integral neste S\u00ednodo Amaz\u00f4nico. Tudo isso para o <\/em><em>bem e a vida de seus povos e comunidades, e para caminhar mais <\/em><em>juntos pelo Reino\u201d.<\/em><\/p>\n<p>Medite por alguns momentos neste pedido inicial, busque a calma interior para entrar neste momento para navegar pelas \u00e1guas da Amaz\u00f4nia e a vida da Igreja a servi\u00e7o de seus povos e comunidades, e para ouvir o chamado de Deus atrav\u00e9s de sua palavra viva.<\/p>\n<p><strong>Leitura do dia (cada um e cada uma s\u00e3o convidados a <\/strong><strong>aprofundar a leitura completa de acordo com suas <\/strong><strong>pr\u00f3prias necessidades e crit\u00e9rios):<\/strong><\/p>\n<p>\u201cAi de ti, Corazim! Ai de ti, Betsaida! Se em Tiro e Sid\u00f4nia se tivessem realizado os milagres feitos no meio de v\u00f3s, h\u00e1 muito tempo teriam demonstrado arrependimento, vestindo-se de saco e sentando-se sobre a cinza. Pois bem: no dia do julgamento, Tiro e Sid\u00f4nia ter\u00e3o uma senten\u00e7a menos dura do que v\u00f3s. E tu, Cafarnaum, ser\u00e1s elevada at\u00e9 o c\u00e9u? At\u00e9 o inferno ser\u00e1s rebaixada! Quem vos escuta, a mim escuta; e quem vos despreza, a mim despreza; ora, quem me despreza, despreza Aquele que me enviou\u201d. Lucas 10, 13-16<\/p>\n<p><strong>Reflex\u00e3o sob a perspectiva do S\u00ednodo Amaz\u00f4nico:<\/strong><\/p>\n<p>Na Amaz\u00f4nia, est\u00e3o sendo vividos momentos de grande esperan\u00e7a, apesar dos fortes sinais de dor que atormentam sua caminhada todos os dias. A Igreja neste territ\u00f3rio \u00e9 profundamente fr\u00e1gil diante dos sinais dos tempos, e nela est\u00e1 sua for\u00e7a para se renovar do menor e encontrar a fonte da vida que \u00e9 o Cristo que nasceu nas margens. Um Jesus que se tornou um conosco escolhendo vir nas entranhas de uma mulher simples e do povo, e tamb\u00e9m em um contexto de periferia, humildade e simplicidade. Algo, ou talvez muito, do que \u00e9 vivido como Igreja viva, encarnada e prof\u00e9tica na Amaz\u00f4nia, deve ser uma fonte de vida para o mundo e para toda a eclesialidade. Talvez seja por isso que algumas das rejei\u00e7\u00f5es contra este S\u00ednodo tamb\u00e9m sejam um desconhecimento do convite de Jesus neste Kairos.<\/p>\n<p><strong>CONTEMPLA\u00c7\u00c3O<\/strong><\/p>\n<p style=\"padding-left: 40px;\"><em>Contemplemos a imagem deste dia e tomemos um momento para <\/em><em>reconhecer nossa pr\u00f3pria vida e experi\u00eancia na Igreja e ao servi\u00e7o <\/em><em>da Amaz\u00f4nia para pedir luz nesta palavra de Deus em <\/em><em>prepara\u00e7\u00e3o para o S\u00ednodo. Escrever meus pedidos particulares e <\/em><em>permanecer neles durante este dia. Convidamos voc\u00ea a manter <\/em><em>um registro de tudo o que o Esp\u00edrito nos provoca como <\/em><em>prepara\u00e7\u00e3o interior para o S\u00ednodo AMAZ\u00d4NICO<\/em><\/p>\n<h3><strong>Cita\u00e7\u00e3o para fechar a medita\u00e7\u00e3o:<\/strong><\/h3>\n<h5 style=\"padding-left: 40px;\"><em><strong>Papa Francisco. Encontro com os Povos da Amaz\u00f4nia. Puerto Maldonado 2018<\/strong><\/em><\/h5>\n<p style=\"padding-left: 40px;\">Seja-me permitido dizer que se, para alguns, sois considerados um obst\u00e1culo ou um \u00abestorvo\u00bb, a verdade \u00e9 que v\u00f3s, com a vossa vida, sois um grito lan\u00e7ado \u00e0 consci\u00eancia dum estilo de vida que n\u00e3o consegue medir os custos do mesmo. V\u00f3s sois mem\u00f3ria viva da miss\u00e3o que Deus nos confiou a todos: cuidar da Casa Comum.<\/p>\n","protected":false},"excerpt":{"rendered":"<p>40 DIAS PELO RIO AMAZONAS<\/p>\n","protected":false},"author":7,"featured_media":210458,"comment_status":"open","ping_status":"open","sticky":false,"template":"","format":"standard","meta":[],"categories":[1528],"tags":[],"acf":[],"yoast_head":"<!-- This site is optimized with the Yoast SEO plugin v19.2 - https:\/\/yoast.com\/wordpress\/plugins\/seo\/ -->\n<title>39\u00ba dia de navega\u00e7\u00e3o \u2013 4 de Outubro - Not\u00edcias - Franciscanos<\/title>\n<meta name=\"robots\" content=\"index, follow, max-snippet:-1, max-image-preview:large, max-video-preview:-1\" \/>\n<link rel=\"canonical\" href=\"https:\/\/franciscanos.org.br\/noticias\/39o-dia-de-navegacao-4-de-outubro.html\" \/>\n<meta property=\"og:locale\" content=\"pt_BR\" \/>\n<meta property=\"og:type\" content=\"article\" \/>\n<meta property=\"og:title\" content=\"39\u00ba dia de navega\u00e7\u00e3o \u2013 4 de Outubro - Not\u00edcias - Franciscanos\" \/>\n<meta property=\"og:description\" content=\"40 DIAS PELO RIO AMAZONAS\" \/>\n<meta property=\"og:url\" content=\"https:\/\/franciscanos.org.br\/noticias\/39o-dia-de-navegacao-4-de-outubro.html\" \/>\n<meta property=\"og:site_name\" content=\"Not\u00edcias - Franciscanos\" \/>\n<meta property=\"article:published_time\" content=\"2019-10-03T11:01:47+00:00\" \/>\n<meta property=\"article:modified_time\" content=\"2019-10-02T12:18:59+00:00\" \/>\n<meta property=\"og:image\" content=\"https:\/\/franciscanos.org.br\/noticias\/wp-content\/uploads\/2019\/09\/273.jpg\" \/>\n\t<meta property=\"og:image:width\" content=\"273\" \/>\n\t<meta property=\"og:image:height\" content=\"181\" \/>\n\t<meta property=\"og:image:type\" content=\"image\/jpeg\" \/>\n<meta name=\"author\" content=\"jovenal\" \/>\n<meta name=\"twitter:card\" content=\"summary_large_image\" \/>\n<meta name=\"twitter:label1\" content=\"Escrito por\" \/>\n\t<meta name=\"twitter:data1\" content=\"jovenal\" \/>\n\t<meta name=\"twitter:label2\" content=\"Est. tempo de leitura\" \/>\n\t<meta name=\"twitter:data2\" content=\"3 minutos\" \/>\n<script type=\"application\/ld+json\" class=\"yoast-schema-graph\">{\"@context\":\"https:\/\/schema.org\",\"@graph\":[{\"@type\":\"WebSite\",\"@id\":\"https:\/\/franciscanos.org.br\/noticias\/#website\",\"url\":\"https:\/\/franciscanos.org.br\/noticias\/\",\"name\":\"Not\u00edcias - Franciscanos\",\"description\":\"Prov\u00edncia Franciscana da Imaculada Concei\u00e7\u00e3o do Brasil - Ordem dos Frades Menores - OFM\",\"potentialAction\":[{\"@type\":\"SearchAction\",\"target\":{\"@type\":\"EntryPoint\",\"urlTemplate\":\"https:\/\/franciscanos.org.br\/noticias\/?s={search_term_string}\"},\"query-input\":\"required name=search_term_string\"}],\"inLanguage\":\"pt-BR\"},{\"@type\":\"ImageObject\",\"inLanguage\":\"pt-BR\",\"@id\":\"https:\/\/franciscanos.org.br\/noticias\/39o-dia-de-navegacao-4-de-outubro.html#primaryimage\",\"url\":\"https:\/\/franciscanos.org.br\/noticias\/wp-content\/uploads\/2019\/09\/273.jpg\",\"contentUrl\":\"https:\/\/franciscanos.org.br\/noticias\/wp-content\/uploads\/2019\/09\/273.jpg\",\"width\":273,\"height\":181},{\"@type\":\"WebPage\",\"@id\":\"https:\/\/franciscanos.org.br\/noticias\/39o-dia-de-navegacao-4-de-outubro.html#webpage\",\"url\":\"https:\/\/franciscanos.org.br\/noticias\/39o-dia-de-navegacao-4-de-outubro.html\",\"name\":\"39\u00ba dia de navega\u00e7\u00e3o \u2013 4 de Outubro - Not\u00edcias - Franciscanos\",\"isPartOf\":{\"@id\":\"https:\/\/franciscanos.org.br\/noticias\/#website\"},\"primaryImageOfPage\":{\"@id\":\"https:\/\/franciscanos.org.br\/noticias\/39o-dia-de-navegacao-4-de-outubro.html#primaryimage\"},\"datePublished\":\"2019-10-03T11:01:47+00:00\",\"dateModified\":\"2019-10-02T12:18:59+00:00\",\"author\":{\"@id\":\"https:\/\/franciscanos.org.br\/noticias\/#\/schema\/person\/c3a26b08313dd1772495ce300ab257cc\"},\"breadcrumb\":{\"@id\":\"https:\/\/franciscanos.org.br\/noticias\/39o-dia-de-navegacao-4-de-outubro.html#breadcrumb\"},\"inLanguage\":\"pt-BR\",\"potentialAction\":[{\"@type\":\"ReadAction\",\"target\":[\"https:\/\/franciscanos.org.br\/noticias\/39o-dia-de-navegacao-4-de-outubro.html\"]}]},{\"@type\":\"BreadcrumbList\",\"@id\":\"https:\/\/franciscanos.org.br\/noticias\/39o-dia-de-navegacao-4-de-outubro.html#breadcrumb\",\"itemListElement\":[{\"@type\":\"ListItem\",\"position\":1,\"name\":\"Home\",\"item\":\"https:\/\/franciscanos.org.br\/noticias\"},{\"@type\":\"ListItem\",\"position\":2,\"name\":\"39\u00ba dia de navega\u00e7\u00e3o \u2013 4 de Outubro\"}]},{\"@type\":\"Person\",\"@id\":\"https:\/\/franciscanos.org.br\/noticias\/#\/schema\/person\/c3a26b08313dd1772495ce300ab257cc\",\"name\":\"jovenal\",\"image\":{\"@type\":\"ImageObject\",\"inLanguage\":\"pt-BR\",\"@id\":\"https:\/\/franciscanos.org.br\/noticias\/#\/schema\/person\/image\/\",\"url\":\"https:\/\/secure.gravatar.com\/avatar\/e94509f531086e2eaf97e72f29ea00f9?s=96&d=mm&r=g\",\"contentUrl\":\"https:\/\/secure.gravatar.com\/avatar\/e94509f531086e2eaf97e72f29ea00f9?s=96&d=mm&r=g\",\"caption\":\"jovenal\"},\"url\":\"https:\/\/franciscanos.org.br\/noticias\/author\/jovenal\"}]}<\/script>\n<!-- \/ Yoast SEO plugin. -->","yoast_head_json":{"title":"39\u00ba dia de navega\u00e7\u00e3o \u2013 4 de Outubro - Not\u00edcias - Franciscanos","robots":{"index":"index","follow":"follow","max-snippet":"max-snippet:-1","max-image-preview":"max-image-preview:large","max-video-preview":"max-video-preview:-1"},"canonical":"https:\/\/franciscanos.org.br\/noticias\/39o-dia-de-navegacao-4-de-outubro.html","og_locale":"pt_BR","og_type":"article","og_title":"39\u00ba dia de navega\u00e7\u00e3o \u2013 4 de Outubro - Not\u00edcias - Franciscanos","og_description":"40 DIAS PELO RIO AMAZONAS","og_url":"https:\/\/franciscanos.org.br\/noticias\/39o-dia-de-navegacao-4-de-outubro.html","og_site_name":"Not\u00edcias - Franciscanos","article_published_time":"2019-10-03T11:01:47+00:00","article_modified_time":"2019-10-02T12:18:59+00:00","og_image":[{"width":273,"height":181,"url":"https:\/\/franciscanos.org.br\/noticias\/wp-content\/uploads\/2019\/09\/273.jpg","type":"image\/jpeg"}],"author":"jovenal","twitter_card":"summary_large_image","twitter_misc":{"Escrito por":"jovenal","Est. tempo de leitura":"3 minutos"},"schema":{"@context":"https:\/\/schema.org","@graph":[{"@type":"WebSite","@id":"https:\/\/franciscanos.org.br\/noticias\/#website","url":"https:\/\/franciscanos.org.br\/noticias\/","name":"Not\u00edcias - Franciscanos","description":"Prov\u00edncia Franciscana da Imaculada Concei\u00e7\u00e3o do Brasil - Ordem dos Frades Menores - OFM","potentialAction":[{"@type":"SearchAction","target":{"@type":"EntryPoint","urlTemplate":"https:\/\/franciscanos.org.br\/noticias\/?s={search_term_string}"},"query-input":"required name=search_term_string"}],"inLanguage":"pt-BR"},{"@type":"ImageObject","inLanguage":"pt-BR","@id":"https:\/\/franciscanos.org.br\/noticias\/39o-dia-de-navegacao-4-de-outubro.html#primaryimage","url":"https:\/\/franciscanos.org.br\/noticias\/wp-content\/uploads\/2019\/09\/273.jpg","contentUrl":"https:\/\/franciscanos.org.br\/noticias\/wp-content\/uploads\/2019\/09\/273.jpg","width":273,"height":181},{"@type":"WebPage","@id":"https:\/\/franciscanos.org.br\/noticias\/39o-dia-de-navegacao-4-de-outubro.html#webpage","url":"https:\/\/franciscanos.org.br\/noticias\/39o-dia-de-navegacao-4-de-outubro.html","name":"39\u00ba dia de navega\u00e7\u00e3o \u2013 4 de Outubro - Not\u00edcias - Franciscanos","isPartOf":{"@id":"https:\/\/franciscanos.org.br\/noticias\/#website"},"primaryImageOfPage":{"@id":"https:\/\/franciscanos.org.br\/noticias\/39o-dia-de-navegacao-4-de-outubro.html#primaryimage"},"datePublished":"2019-10-03T11:01:47+00:00","dateModified":"2019-10-02T12:18:59+00:00","author":{"@id":"https:\/\/franciscanos.org.br\/noticias\/#\/schema\/person\/c3a26b08313dd1772495ce300ab257cc"},"breadcrumb":{"@id":"https:\/\/franciscanos.org.br\/noticias\/39o-dia-de-navegacao-4-de-outubro.html#breadcrumb"},"inLanguage":"pt-BR","potentialAction":[{"@type":"ReadAction","target":["https:\/\/franciscanos.org.br\/noticias\/39o-dia-de-navegacao-4-de-outubro.html"]}]},{"@type":"BreadcrumbList","@id":"https:\/\/franciscanos.org.br\/noticias\/39o-dia-de-navegacao-4-de-outubro.html#breadcrumb","itemListElement":[{"@type":"ListItem","position":1,"name":"Home","item":"https:\/\/franciscanos.org.br\/noticias"},{"@type":"ListItem","position":2,"name":"39\u00ba dia de navega\u00e7\u00e3o \u2013 4 de Outubro"}]},{"@type":"Person","@id":"https:\/\/franciscanos.org.br\/noticias\/#\/schema\/person\/c3a26b08313dd1772495ce300ab257cc","name":"jovenal","image":{"@type":"ImageObject","inLanguage":"pt-BR","@id":"https:\/\/franciscanos.org.br\/noticias\/#\/schema\/person\/image\/","url":"https:\/\/secure.gravatar.com\/avatar\/e94509f531086e2eaf97e72f29ea00f9?s=96&d=mm&r=g","contentUrl":"https:\/\/secure.gravatar.com\/avatar\/e94509f531086e2eaf97e72f29ea00f9?s=96&d=mm&r=g","caption":"jovenal"},"url":"https:\/\/franciscanos.org.br\/noticias\/author\/jovenal"}]}},"_links":{"self":[{"href":"https:\/\/franciscanos.org.br\/noticias\/wp-json\/wp\/v2\/posts\/211938"}],"collection":[{"href":"https:\/\/franciscanos.org.br\/noticias\/wp-json\/wp\/v2\/posts"}],"about":[{"href":"https:\/\/franciscanos.org.br\/noticias\/wp-json\/wp\/v2\/types\/post"}],"author":[{"embeddable":true,"href":"https:\/\/franciscanos.org.br\/noticias\/wp-json\/wp\/v2\/users\/7"}],"replies":[{"embeddable":true,"href":"https:\/\/franciscanos.org.br\/noticias\/wp-json\/wp\/v2\/comments?post=211938"}],"version-history":[{"count":0,"href":"https:\/\/franciscanos.org.br\/noticias\/wp-json\/wp\/v2\/posts\/211938\/revisions"}],"wp:featuredmedia":[{"embeddable":true,"href":"https:\/\/franciscanos.org.br\/noticias\/wp-json\/wp\/v2\/media\/210458"}],"wp:attachment":[{"href":"https:\/\/franciscanos.org.br\/noticias\/wp-json\/wp\/v2\/media?parent=211938"}],"wp:term":[{"taxonomy":"category","embeddable":true,"href":"https:\/\/franciscanos.org.br\/noticias\/wp-json\/wp\/v2\/categories?post=211938"},{"taxonomy":"post_tag","embeddable":true,"href":"https:\/\/franciscanos.org.br\/noticias\/wp-json\/wp\/v2\/tags?post=211938"}],"curies":[{"name":"wp","href":"https:\/\/api.w.org\/{rel}","templated":true}]}}