{"id":211869,"date":"2019-10-01T08:29:59","date_gmt":"2019-10-01T11:29:59","guid":{"rendered":"https:\/\/franciscanos.org.br\/noticias\/?p=211869"},"modified":"2019-10-01T08:29:59","modified_gmt":"2019-10-01T11:29:59","slug":"36o-dia-de-navegacao-1o-de-outubro","status":"publish","type":"post","link":"https:\/\/franciscanos.org.br\/noticias\/36o-dia-de-navegacao-1o-de-outubro.html","title":{"rendered":"36\u00ba dia de navega\u00e7\u00e3o \u2013 1\u00ba de Outubro"},"content":{"rendered":"<p><img loading=\"lazy\" src=\"https:\/\/franciscanos.org.br\/noticias\/wp-content\/uploads\/2019\/09\/cabecalho.jpg\" alt=\"\" width=\"1200\" height=\"450\" \/><\/p>\n<h3><strong><img loading=\"lazy\" class=\"size-full wp-image-211870 alignright\" src=\"https:\/\/franciscanos.org.br\/noticias\/wp-content\/uploads\/2019\/10\/Dia-36.jpg\" alt=\"\" width=\"350\" height=\"490\" srcset=\"https:\/\/franciscanos.org.br\/noticias\/wp-content\/uploads\/2019\/10\/Dia-36.jpg 350w, https:\/\/franciscanos.org.br\/noticias\/wp-content\/uploads\/2019\/10\/Dia-36-321x450.jpg 321w, https:\/\/franciscanos.org.br\/noticias\/wp-content\/uploads\/2019\/10\/Dia-36-150x210.jpg 150w\" sizes=\"(max-width: 350px) 100vw, 350px\" \/>PETI\u00c7\u00c3O PERMANENTE PARA O S\u00cdNODO<\/strong><br \/>\n<strong>AMAZ\u00d4NICO NO IN\u00cdCIO DE CADA DIA:<\/strong><\/h3>\n<p style=\"padding-left: 40px;\"><em>\u201cQue o Deus da vida e da beleza, o Esp\u00edrito Santo que nos <\/em><em>impulsiona para mais fraternidade, unidade e dignidade, o <\/em><em>Cristo encarnado da Boa Nova, da incultura\u00e7\u00e3o e da <\/em><em>interculturalidade nos proporcionem serenidade, discernimento <\/em><em>e coragem para encontrar novos caminhos para a Igreja e para <\/em><em>uma ecologia integral neste S\u00ednodo Amaz\u00f4nico. Tudo isso para o <\/em><em>bem e a vida de seus povos e comunidades, e para caminhar mais <\/em><em>juntos pelo Reino\u201d.<\/em><\/p>\n<p>Medite por alguns momentos neste pedido inicial, busque a calma interior para entrar neste momento para navegar pelas \u00e1guas da Amaz\u00f4nia e a vida da Igreja a servi\u00e7o de seus povos e comunidades, e para ouvir o chamado de Deus atrav\u00e9s de sua palavra viva.<\/p>\n<p><strong>Leitura do dia (cada um e cada uma s\u00e3o convidados a <\/strong><strong>aprofundar a leitura completa de acordo com suas <\/strong><strong>pr\u00f3prias necessidades e crit\u00e9rios):<\/strong><\/p>\n<p>Sua m\u00e3e e seus irm\u00e3os vieram ter com ele, mas n\u00e3o podiam se aproximar, por causada multid\u00e3o. Algu\u00e9m lhe comunicou: \u201cTua m\u00e3e e teus irm\u00e3os est\u00e3o l\u00e1 fora e querem te ver\u201d. Ele respondeu: \u201cMinha m\u00e3e e meus irm\u00e3os s\u00e3o estes: os que ouvem a Palavra de Deus e a p\u00f5em em pr\u00e1tica\u201d. Lucas 8, 19-21<\/p>\n<p><strong>Reflex\u00e3o sob a perspectiva do S\u00ednodo Amaz\u00f4nico:<\/strong><\/p>\n<p>Essa leitura do Evangelho \u00e9 complexa, at\u00e9 chocante, pois podemos ser apanhados na aparente nega\u00e7\u00e3o de Jesus \u00e0queles que s\u00e3o sua fam\u00edlia. Mas, de fato, \u00e9 o contr\u00e1rio. Ou seja, \u00e9 uma extens\u00e3o do cora\u00e7\u00e3o para abra\u00e7ar seriamente todos aqueles que desejam seguir sua mensagem, o caminho do Reino e a miss\u00e3o de Deus &#8230; mesmo que n\u00e3o sejam formalmente membros de sua fam\u00edlia. Este S\u00ednodo \u00e9 apenas um convite para isso; alargar o cora\u00e7\u00e3o, abrir a perspectiva e ampliar o senso de recep\u00e7\u00e3o do Reino para todos, como o pr\u00f3prio Jesus quis. Qualquer pessoa que abra\u00e7a a mensagem de Deus e a p\u00f5e em pr\u00e1tica \u00e9 bem-vinda, e aqueles que s\u00e3o formalmente familiares n\u00e3o o s\u00e3o se rejeitarem essa atitude de acolher o outro. Jesus sai de Si mesmo, e este S\u00ednodo nos convida a sair de nos para aprofundar o encontro, \u00e0 luz do chamado de Deus, para buscar mais vida e vida em abund\u00e2ncia para aqueles que querem caminhar na constru\u00e7\u00e3o do Reino.<\/p>\n<p><strong>CONTEMPLA\u00c7\u00c3O<\/strong><\/p>\n<p style=\"padding-left: 40px;\"><em>Contemplemos a imagem deste dia e tomemos um momento para <\/em><em>reconhecer nossa pr\u00f3pria vida e experi\u00eancia na Igreja e ao servi\u00e7o <\/em><em>da Amaz\u00f4nia para pedir luz nesta palavra de Deus em <\/em><em>prepara\u00e7\u00e3o para o S\u00ednodo. Escrever meus pedidos particulares e <\/em><em>permanecer neles durante este dia. Convidamos voc\u00ea a manter <\/em><em>um registro de tudo o que o Esp\u00edrito nos provoca como <\/em><em>prepara\u00e7\u00e3o interior para o S\u00ednodo AMAZ\u00d4NICO.<\/em><\/p>\n<h3><strong>Cita\u00e7\u00e3o para fechar a medita\u00e7\u00e3o:<\/strong><\/h3>\n<h5 style=\"padding-left: 40px;\"><em><strong>Papa Francisco. Encontro com os Povos da Amaz\u00f4nia. Puerto Maldonado. Janeiro 2018<\/strong><\/em><\/h5>\n<p style=\"padding-left: 40px;\">A Igreja n\u00e3o \u00e9 alheia aos vossos problemas e \u00e0 vossa vida, n\u00e3o quer ser estranha ao vosso modo de viver e de vos organizardes. Precisamos que os povos ind\u00edgenas plasmem culturalmente as Igrejas locais amaz\u00f3nicas. (&#8230;) Ajudai os vossos bispos, ajudai os vossos mission\u00e1rios e as vossas mission\u00e1rias a fazerem-se um s\u00f3 convosco e assim, dialogando com todos, podeis plasmar uma Igreja com rosto amaz\u00f3nico e uma Igreja com rosto ind\u00edgena.<\/p>\n","protected":false},"excerpt":{"rendered":"<p>40 DIAS PELO RIO AMAZONAS<\/p>\n","protected":false},"author":7,"featured_media":210458,"comment_status":"open","ping_status":"open","sticky":false,"template":"","format":"standard","meta":[],"categories":[1528],"tags":[],"acf":[],"yoast_head":"<!-- This site is optimized with the Yoast SEO plugin v19.2 - https:\/\/yoast.com\/wordpress\/plugins\/seo\/ -->\n<title>36\u00ba dia de navega\u00e7\u00e3o \u2013 1\u00ba de Outubro - Not\u00edcias - Franciscanos<\/title>\n<meta name=\"robots\" content=\"index, follow, max-snippet:-1, max-image-preview:large, max-video-preview:-1\" \/>\n<link rel=\"canonical\" href=\"https:\/\/franciscanos.org.br\/noticias\/36o-dia-de-navegacao-1o-de-outubro.html\" \/>\n<meta property=\"og:locale\" content=\"pt_BR\" \/>\n<meta property=\"og:type\" content=\"article\" \/>\n<meta property=\"og:title\" content=\"36\u00ba dia de navega\u00e7\u00e3o \u2013 1\u00ba de Outubro - Not\u00edcias - Franciscanos\" \/>\n<meta property=\"og:description\" content=\"40 DIAS PELO RIO AMAZONAS\" \/>\n<meta property=\"og:url\" content=\"https:\/\/franciscanos.org.br\/noticias\/36o-dia-de-navegacao-1o-de-outubro.html\" \/>\n<meta property=\"og:site_name\" content=\"Not\u00edcias - Franciscanos\" \/>\n<meta property=\"article:published_time\" content=\"2019-10-01T11:29:59+00:00\" \/>\n<meta property=\"og:image\" content=\"https:\/\/franciscanos.org.br\/noticias\/wp-content\/uploads\/2019\/09\/273.jpg\" \/>\n\t<meta property=\"og:image:width\" content=\"273\" \/>\n\t<meta property=\"og:image:height\" content=\"181\" \/>\n\t<meta property=\"og:image:type\" content=\"image\/jpeg\" \/>\n<meta name=\"author\" content=\"jovenal\" \/>\n<meta name=\"twitter:card\" content=\"summary_large_image\" \/>\n<meta name=\"twitter:label1\" content=\"Escrito por\" \/>\n\t<meta name=\"twitter:data1\" content=\"jovenal\" \/>\n\t<meta name=\"twitter:label2\" content=\"Est. tempo de leitura\" \/>\n\t<meta name=\"twitter:data2\" content=\"3 minutos\" \/>\n<script type=\"application\/ld+json\" class=\"yoast-schema-graph\">{\"@context\":\"https:\/\/schema.org\",\"@graph\":[{\"@type\":\"WebSite\",\"@id\":\"https:\/\/franciscanos.org.br\/noticias\/#website\",\"url\":\"https:\/\/franciscanos.org.br\/noticias\/\",\"name\":\"Not\u00edcias - Franciscanos\",\"description\":\"Prov\u00edncia Franciscana da Imaculada Concei\u00e7\u00e3o do Brasil - Ordem dos Frades Menores - OFM\",\"potentialAction\":[{\"@type\":\"SearchAction\",\"target\":{\"@type\":\"EntryPoint\",\"urlTemplate\":\"https:\/\/franciscanos.org.br\/noticias\/?s={search_term_string}\"},\"query-input\":\"required name=search_term_string\"}],\"inLanguage\":\"pt-BR\"},{\"@type\":\"ImageObject\",\"inLanguage\":\"pt-BR\",\"@id\":\"https:\/\/franciscanos.org.br\/noticias\/36o-dia-de-navegacao-1o-de-outubro.html#primaryimage\",\"url\":\"https:\/\/franciscanos.org.br\/noticias\/wp-content\/uploads\/2019\/09\/273.jpg\",\"contentUrl\":\"https:\/\/franciscanos.org.br\/noticias\/wp-content\/uploads\/2019\/09\/273.jpg\",\"width\":273,\"height\":181},{\"@type\":\"WebPage\",\"@id\":\"https:\/\/franciscanos.org.br\/noticias\/36o-dia-de-navegacao-1o-de-outubro.html#webpage\",\"url\":\"https:\/\/franciscanos.org.br\/noticias\/36o-dia-de-navegacao-1o-de-outubro.html\",\"name\":\"36\u00ba dia de navega\u00e7\u00e3o \u2013 1\u00ba de Outubro - Not\u00edcias - Franciscanos\",\"isPartOf\":{\"@id\":\"https:\/\/franciscanos.org.br\/noticias\/#website\"},\"primaryImageOfPage\":{\"@id\":\"https:\/\/franciscanos.org.br\/noticias\/36o-dia-de-navegacao-1o-de-outubro.html#primaryimage\"},\"datePublished\":\"2019-10-01T11:29:59+00:00\",\"dateModified\":\"2019-10-01T11:29:59+00:00\",\"author\":{\"@id\":\"https:\/\/franciscanos.org.br\/noticias\/#\/schema\/person\/c3a26b08313dd1772495ce300ab257cc\"},\"breadcrumb\":{\"@id\":\"https:\/\/franciscanos.org.br\/noticias\/36o-dia-de-navegacao-1o-de-outubro.html#breadcrumb\"},\"inLanguage\":\"pt-BR\",\"potentialAction\":[{\"@type\":\"ReadAction\",\"target\":[\"https:\/\/franciscanos.org.br\/noticias\/36o-dia-de-navegacao-1o-de-outubro.html\"]}]},{\"@type\":\"BreadcrumbList\",\"@id\":\"https:\/\/franciscanos.org.br\/noticias\/36o-dia-de-navegacao-1o-de-outubro.html#breadcrumb\",\"itemListElement\":[{\"@type\":\"ListItem\",\"position\":1,\"name\":\"Home\",\"item\":\"https:\/\/franciscanos.org.br\/noticias\"},{\"@type\":\"ListItem\",\"position\":2,\"name\":\"36\u00ba dia de navega\u00e7\u00e3o \u2013 1\u00ba de Outubro\"}]},{\"@type\":\"Person\",\"@id\":\"https:\/\/franciscanos.org.br\/noticias\/#\/schema\/person\/c3a26b08313dd1772495ce300ab257cc\",\"name\":\"jovenal\",\"image\":{\"@type\":\"ImageObject\",\"inLanguage\":\"pt-BR\",\"@id\":\"https:\/\/franciscanos.org.br\/noticias\/#\/schema\/person\/image\/\",\"url\":\"https:\/\/secure.gravatar.com\/avatar\/e94509f531086e2eaf97e72f29ea00f9?s=96&d=mm&r=g\",\"contentUrl\":\"https:\/\/secure.gravatar.com\/avatar\/e94509f531086e2eaf97e72f29ea00f9?s=96&d=mm&r=g\",\"caption\":\"jovenal\"},\"url\":\"https:\/\/franciscanos.org.br\/noticias\/author\/jovenal\"}]}<\/script>\n<!-- \/ Yoast SEO plugin. -->","yoast_head_json":{"title":"36\u00ba dia de navega\u00e7\u00e3o \u2013 1\u00ba de Outubro - Not\u00edcias - Franciscanos","robots":{"index":"index","follow":"follow","max-snippet":"max-snippet:-1","max-image-preview":"max-image-preview:large","max-video-preview":"max-video-preview:-1"},"canonical":"https:\/\/franciscanos.org.br\/noticias\/36o-dia-de-navegacao-1o-de-outubro.html","og_locale":"pt_BR","og_type":"article","og_title":"36\u00ba dia de navega\u00e7\u00e3o \u2013 1\u00ba de Outubro - Not\u00edcias - Franciscanos","og_description":"40 DIAS PELO RIO AMAZONAS","og_url":"https:\/\/franciscanos.org.br\/noticias\/36o-dia-de-navegacao-1o-de-outubro.html","og_site_name":"Not\u00edcias - Franciscanos","article_published_time":"2019-10-01T11:29:59+00:00","og_image":[{"width":273,"height":181,"url":"https:\/\/franciscanos.org.br\/noticias\/wp-content\/uploads\/2019\/09\/273.jpg","type":"image\/jpeg"}],"author":"jovenal","twitter_card":"summary_large_image","twitter_misc":{"Escrito por":"jovenal","Est. tempo de leitura":"3 minutos"},"schema":{"@context":"https:\/\/schema.org","@graph":[{"@type":"WebSite","@id":"https:\/\/franciscanos.org.br\/noticias\/#website","url":"https:\/\/franciscanos.org.br\/noticias\/","name":"Not\u00edcias - Franciscanos","description":"Prov\u00edncia Franciscana da Imaculada Concei\u00e7\u00e3o do Brasil - Ordem dos Frades Menores - OFM","potentialAction":[{"@type":"SearchAction","target":{"@type":"EntryPoint","urlTemplate":"https:\/\/franciscanos.org.br\/noticias\/?s={search_term_string}"},"query-input":"required name=search_term_string"}],"inLanguage":"pt-BR"},{"@type":"ImageObject","inLanguage":"pt-BR","@id":"https:\/\/franciscanos.org.br\/noticias\/36o-dia-de-navegacao-1o-de-outubro.html#primaryimage","url":"https:\/\/franciscanos.org.br\/noticias\/wp-content\/uploads\/2019\/09\/273.jpg","contentUrl":"https:\/\/franciscanos.org.br\/noticias\/wp-content\/uploads\/2019\/09\/273.jpg","width":273,"height":181},{"@type":"WebPage","@id":"https:\/\/franciscanos.org.br\/noticias\/36o-dia-de-navegacao-1o-de-outubro.html#webpage","url":"https:\/\/franciscanos.org.br\/noticias\/36o-dia-de-navegacao-1o-de-outubro.html","name":"36\u00ba dia de navega\u00e7\u00e3o \u2013 1\u00ba de Outubro - Not\u00edcias - Franciscanos","isPartOf":{"@id":"https:\/\/franciscanos.org.br\/noticias\/#website"},"primaryImageOfPage":{"@id":"https:\/\/franciscanos.org.br\/noticias\/36o-dia-de-navegacao-1o-de-outubro.html#primaryimage"},"datePublished":"2019-10-01T11:29:59+00:00","dateModified":"2019-10-01T11:29:59+00:00","author":{"@id":"https:\/\/franciscanos.org.br\/noticias\/#\/schema\/person\/c3a26b08313dd1772495ce300ab257cc"},"breadcrumb":{"@id":"https:\/\/franciscanos.org.br\/noticias\/36o-dia-de-navegacao-1o-de-outubro.html#breadcrumb"},"inLanguage":"pt-BR","potentialAction":[{"@type":"ReadAction","target":["https:\/\/franciscanos.org.br\/noticias\/36o-dia-de-navegacao-1o-de-outubro.html"]}]},{"@type":"BreadcrumbList","@id":"https:\/\/franciscanos.org.br\/noticias\/36o-dia-de-navegacao-1o-de-outubro.html#breadcrumb","itemListElement":[{"@type":"ListItem","position":1,"name":"Home","item":"https:\/\/franciscanos.org.br\/noticias"},{"@type":"ListItem","position":2,"name":"36\u00ba dia de navega\u00e7\u00e3o \u2013 1\u00ba de Outubro"}]},{"@type":"Person","@id":"https:\/\/franciscanos.org.br\/noticias\/#\/schema\/person\/c3a26b08313dd1772495ce300ab257cc","name":"jovenal","image":{"@type":"ImageObject","inLanguage":"pt-BR","@id":"https:\/\/franciscanos.org.br\/noticias\/#\/schema\/person\/image\/","url":"https:\/\/secure.gravatar.com\/avatar\/e94509f531086e2eaf97e72f29ea00f9?s=96&d=mm&r=g","contentUrl":"https:\/\/secure.gravatar.com\/avatar\/e94509f531086e2eaf97e72f29ea00f9?s=96&d=mm&r=g","caption":"jovenal"},"url":"https:\/\/franciscanos.org.br\/noticias\/author\/jovenal"}]}},"_links":{"self":[{"href":"https:\/\/franciscanos.org.br\/noticias\/wp-json\/wp\/v2\/posts\/211869"}],"collection":[{"href":"https:\/\/franciscanos.org.br\/noticias\/wp-json\/wp\/v2\/posts"}],"about":[{"href":"https:\/\/franciscanos.org.br\/noticias\/wp-json\/wp\/v2\/types\/post"}],"author":[{"embeddable":true,"href":"https:\/\/franciscanos.org.br\/noticias\/wp-json\/wp\/v2\/users\/7"}],"replies":[{"embeddable":true,"href":"https:\/\/franciscanos.org.br\/noticias\/wp-json\/wp\/v2\/comments?post=211869"}],"version-history":[{"count":0,"href":"https:\/\/franciscanos.org.br\/noticias\/wp-json\/wp\/v2\/posts\/211869\/revisions"}],"wp:featuredmedia":[{"embeddable":true,"href":"https:\/\/franciscanos.org.br\/noticias\/wp-json\/wp\/v2\/media\/210458"}],"wp:attachment":[{"href":"https:\/\/franciscanos.org.br\/noticias\/wp-json\/wp\/v2\/media?parent=211869"}],"wp:term":[{"taxonomy":"category","embeddable":true,"href":"https:\/\/franciscanos.org.br\/noticias\/wp-json\/wp\/v2\/categories?post=211869"},{"taxonomy":"post_tag","embeddable":true,"href":"https:\/\/franciscanos.org.br\/noticias\/wp-json\/wp\/v2\/tags?post=211869"}],"curies":[{"name":"wp","href":"https:\/\/api.w.org\/{rel}","templated":true}]}}