{"id":211861,"date":"2019-10-01T08:04:32","date_gmt":"2019-10-01T11:04:32","guid":{"rendered":"https:\/\/franciscanos.org.br\/noticias\/?p=211861"},"modified":"2019-10-01T09:32:13","modified_gmt":"2019-10-01T12:32:13","slug":"a-pastoral-universitaria-da-usf-esta-de-cara-nova","status":"publish","type":"post","link":"https:\/\/franciscanos.org.br\/noticias\/a-pastoral-universitaria-da-usf-esta-de-cara-nova.html","title":{"rendered":"Pastoral Universit\u00e1ria da USF est\u00e1 de cara nova!"},"content":{"rendered":"<p dir=\"ltr\"><img loading=\"lazy\" class=\"alignnone wp-image-211862 size-full\" src=\"https:\/\/franciscanos.org.br\/noticias\/wp-content\/uploads\/2019\/10\/usf.jpg\" alt=\"\" width=\"890\" height=\"312\" srcset=\"https:\/\/franciscanos.org.br\/noticias\/wp-content\/uploads\/2019\/10\/usf.jpg 890w, https:\/\/franciscanos.org.br\/noticias\/wp-content\/uploads\/2019\/10\/usf-450x158.jpg 450w, https:\/\/franciscanos.org.br\/noticias\/wp-content\/uploads\/2019\/10\/usf-768x269.jpg 768w, https:\/\/franciscanos.org.br\/noticias\/wp-content\/uploads\/2019\/10\/usf-150x53.jpg 150w\" sizes=\"(max-width: 890px) 100vw, 890px\" \/><\/p>\n<p dir=\"ltr\">A partir de agora,\u00a0 atrav\u00e9s do portal da Pastoral Universit\u00e1ria da USF no<a href=\"http:\/\/www.usf.edu.br\/institucional\/6\/pastoral+universitaria.htm#conteudoInternas\" target=\"_blank\" rel=\"noopener noreferrer\" data-saferedirecturl=\"https:\/\/www.google.com\/url?q=http:\/\/www.usf.edu.br\/institucional\/6\/pastoral%2Buniversitaria.htm%23conteudoInternas&amp;source=gmail&amp;ust=1570008786757000&amp;usg=AFQjCNHfS_1DmJWVkjqqdBDVrlWaImymww\"> site<\/a> da Universidade (<a href=\"http:\/\/www.usf.edu.br\/\" target=\"_blank\" rel=\"noopener noreferrer\" data-saferedirecturl=\"https:\/\/www.google.com\/url?q=http:\/\/www.usf.edu.br&amp;source=gmail&amp;ust=1570008786757000&amp;usg=AFQjCNHU3BlBX0fHJKwdriE6H2PxGVCtPg\">www.usf.edu.br<\/a> &#8211; Institucional\/Pastoral Universit\u00e1ria) voc\u00ea poder\u00e1 acompanhar todas as atividades da nossa pastoral.<\/p>\n<p dir=\"ltr\">As grandes novidades s\u00e3o as se\u00e7\u00f5es de \u201cArtigos\u201d, com a cobertura dos principais acontecimentos da Pastoral e Estudos semanais de temas franciscanos. J\u00e1 na se\u00e7\u00e3o \u201cO Patrono &#8211; S\u00e3o Francisco de Assis\u201d, poderemos conhecer mais sobre a vida deste santo homem, que \u00e9 o alicerce do modo franciscano de educar. Enfim na se\u00e7\u00e3o \u201cOra\u00e7\u00f5es e S\u00e9rie Reflex\u00f5es\u201d voc\u00ea ter\u00e1 acesso a todo o material gr\u00e1fico produzido pela Pastoral, disponibilizado para que possa ser baixado e usado da maneira que voc\u00ea quiser.<\/p>\n<p dir=\"ltr\">Inauguramos tamb\u00e9m, a partir de agora, nossa presen\u00e7a mais ativa em duas redes sociais: Facebook (<a href=\"http:\/\/facebook.com\/usfpastoral\" target=\"_blank\" rel=\"noopener noreferrer\" data-saferedirecturl=\"https:\/\/www.google.com\/url?q=http:\/\/facebook.com\/usfpastoral&amp;source=gmail&amp;ust=1570008786757000&amp;usg=AFQjCNHmEw5kJx7h-fVLJ_8B-oI8F3NNeg\">facebook.com\/usfpastoral<\/a>) e Instagram (@usfpastoral). Nestas p\u00e1ginas, voc\u00ea poder\u00e1 ficar por dentro de nossas atividades, eventos, celebra\u00e7\u00f5es, bem como, curtir e compartilhar conte\u00fado de forma\u00e7\u00e3o humana, crist\u00e3 e franciscana.<\/p>\n<p dir=\"ltr\">Aproveite nossas novidades e fa\u00e7a parte de nossas redes.<\/p>\n<p dir=\"ltr\">Paz e Bem!<\/p>\n<p dir=\"ltr\"><em>Equipe da Pastoral Universit\u00e1ria da USF<\/em><\/p>\n<p><iframe loading=\"lazy\" style=\"border: none; overflow: hidden;\" src=\"https:\/\/www.facebook.com\/plugins\/video.php?href=https%3A%2F%2Fwww.facebook.com%2Fprovinciafranciscana%2Fvideos%2F1205716679613630%2F&amp;show_text=0&amp;width=560\" width=\"560\" height=\"315\" frameborder=\"0\" scrolling=\"no\" allowfullscreen=\"allowfullscreen\"><\/iframe><\/p>\n","protected":false},"excerpt":{"rendered":"<p>Pastoral Universit\u00e1ria da Universidade S\u00e3o Francisco<\/p>\n","protected":false},"author":3,"featured_media":211863,"comment_status":"open","ping_status":"open","sticky":false,"template":"","format":"standard","meta":[],"categories":[1],"tags":[354],"acf":[],"yoast_head":"<!-- This site is optimized with the Yoast SEO plugin v19.2 - https:\/\/yoast.com\/wordpress\/plugins\/seo\/ -->\n<title>Pastoral Universit\u00e1ria da USF est\u00e1 de cara nova! - Not\u00edcias - Franciscanos<\/title>\n<meta name=\"robots\" content=\"index, follow, max-snippet:-1, max-image-preview:large, max-video-preview:-1\" \/>\n<link rel=\"canonical\" href=\"https:\/\/franciscanos.org.br\/noticias\/a-pastoral-universitaria-da-usf-esta-de-cara-nova.html\" \/>\n<meta property=\"og:locale\" content=\"pt_BR\" \/>\n<meta property=\"og:type\" content=\"article\" \/>\n<meta property=\"og:title\" content=\"Pastoral Universit\u00e1ria da USF est\u00e1 de cara nova! - Not\u00edcias - Franciscanos\" \/>\n<meta property=\"og:description\" content=\"Pastoral Universit\u00e1ria da Universidade S\u00e3o Francisco\" \/>\n<meta property=\"og:url\" content=\"https:\/\/franciscanos.org.br\/noticias\/a-pastoral-universitaria-da-usf-esta-de-cara-nova.html\" \/>\n<meta property=\"og:site_name\" content=\"Not\u00edcias - Franciscanos\" \/>\n<meta property=\"article:published_time\" content=\"2019-10-01T11:04:32+00:00\" \/>\n<meta property=\"article:modified_time\" content=\"2019-10-01T12:32:13+00:00\" \/>\n<meta property=\"og:image\" content=\"https:\/\/franciscanos.org.br\/noticias\/wp-content\/uploads\/2019\/10\/usf_d.jpg\" \/>\n\t<meta property=\"og:image:width\" content=\"273\" \/>\n\t<meta property=\"og:image:height\" content=\"181\" \/>\n\t<meta property=\"og:image:type\" content=\"image\/jpeg\" \/>\n<meta name=\"author\" content=\"moacir\" \/>\n<meta name=\"twitter:card\" content=\"summary_large_image\" \/>\n<meta name=\"twitter:label1\" content=\"Escrito por\" \/>\n\t<meta name=\"twitter:data1\" content=\"moacir\" \/>\n\t<meta name=\"twitter:label2\" content=\"Est. tempo de leitura\" \/>\n\t<meta name=\"twitter:data2\" content=\"1 minuto\" \/>\n<script type=\"application\/ld+json\" class=\"yoast-schema-graph\">{\"@context\":\"https:\/\/schema.org\",\"@graph\":[{\"@type\":\"WebSite\",\"@id\":\"https:\/\/franciscanos.org.br\/noticias\/#website\",\"url\":\"https:\/\/franciscanos.org.br\/noticias\/\",\"name\":\"Not\u00edcias - Franciscanos\",\"description\":\"Prov\u00edncia Franciscana da Imaculada Concei\u00e7\u00e3o do Brasil - Ordem dos Frades Menores - OFM\",\"potentialAction\":[{\"@type\":\"SearchAction\",\"target\":{\"@type\":\"EntryPoint\",\"urlTemplate\":\"https:\/\/franciscanos.org.br\/noticias\/?s={search_term_string}\"},\"query-input\":\"required name=search_term_string\"}],\"inLanguage\":\"pt-BR\"},{\"@type\":\"ImageObject\",\"inLanguage\":\"pt-BR\",\"@id\":\"https:\/\/franciscanos.org.br\/noticias\/a-pastoral-universitaria-da-usf-esta-de-cara-nova.html#primaryimage\",\"url\":\"https:\/\/franciscanos.org.br\/noticias\/wp-content\/uploads\/2019\/10\/usf_d.jpg\",\"contentUrl\":\"https:\/\/franciscanos.org.br\/noticias\/wp-content\/uploads\/2019\/10\/usf_d.jpg\",\"width\":273,\"height\":181},{\"@type\":\"WebPage\",\"@id\":\"https:\/\/franciscanos.org.br\/noticias\/a-pastoral-universitaria-da-usf-esta-de-cara-nova.html#webpage\",\"url\":\"https:\/\/franciscanos.org.br\/noticias\/a-pastoral-universitaria-da-usf-esta-de-cara-nova.html\",\"name\":\"Pastoral Universit\u00e1ria da USF est\u00e1 de cara nova! - Not\u00edcias - Franciscanos\",\"isPartOf\":{\"@id\":\"https:\/\/franciscanos.org.br\/noticias\/#website\"},\"primaryImageOfPage\":{\"@id\":\"https:\/\/franciscanos.org.br\/noticias\/a-pastoral-universitaria-da-usf-esta-de-cara-nova.html#primaryimage\"},\"datePublished\":\"2019-10-01T11:04:32+00:00\",\"dateModified\":\"2019-10-01T12:32:13+00:00\",\"author\":{\"@id\":\"https:\/\/franciscanos.org.br\/noticias\/#\/schema\/person\/b5c8cba458c330ccff548b056e95a5d4\"},\"breadcrumb\":{\"@id\":\"https:\/\/franciscanos.org.br\/noticias\/a-pastoral-universitaria-da-usf-esta-de-cara-nova.html#breadcrumb\"},\"inLanguage\":\"pt-BR\",\"potentialAction\":[{\"@type\":\"ReadAction\",\"target\":[\"https:\/\/franciscanos.org.br\/noticias\/a-pastoral-universitaria-da-usf-esta-de-cara-nova.html\"]}]},{\"@type\":\"BreadcrumbList\",\"@id\":\"https:\/\/franciscanos.org.br\/noticias\/a-pastoral-universitaria-da-usf-esta-de-cara-nova.html#breadcrumb\",\"itemListElement\":[{\"@type\":\"ListItem\",\"position\":1,\"name\":\"Home\",\"item\":\"https:\/\/franciscanos.org.br\/noticias\"},{\"@type\":\"ListItem\",\"position\":2,\"name\":\"Pastoral Universit\u00e1ria da USF est\u00e1 de cara nova!\"}]},{\"@type\":\"Person\",\"@id\":\"https:\/\/franciscanos.org.br\/noticias\/#\/schema\/person\/b5c8cba458c330ccff548b056e95a5d4\",\"name\":\"moacir\",\"image\":{\"@type\":\"ImageObject\",\"inLanguage\":\"pt-BR\",\"@id\":\"https:\/\/franciscanos.org.br\/noticias\/#\/schema\/person\/image\/\",\"url\":\"https:\/\/secure.gravatar.com\/avatar\/d08aa2ce4c8dd416d4479aa8536fcf64?s=96&d=mm&r=g\",\"contentUrl\":\"https:\/\/secure.gravatar.com\/avatar\/d08aa2ce4c8dd416d4479aa8536fcf64?s=96&d=mm&r=g\",\"caption\":\"moacir\"},\"url\":\"https:\/\/franciscanos.org.br\/noticias\/author\/moacir\"}]}<\/script>\n<!-- \/ Yoast SEO plugin. -->","yoast_head_json":{"title":"Pastoral Universit\u00e1ria da USF est\u00e1 de cara nova! - Not\u00edcias - Franciscanos","robots":{"index":"index","follow":"follow","max-snippet":"max-snippet:-1","max-image-preview":"max-image-preview:large","max-video-preview":"max-video-preview:-1"},"canonical":"https:\/\/franciscanos.org.br\/noticias\/a-pastoral-universitaria-da-usf-esta-de-cara-nova.html","og_locale":"pt_BR","og_type":"article","og_title":"Pastoral Universit\u00e1ria da USF est\u00e1 de cara nova! - Not\u00edcias - Franciscanos","og_description":"Pastoral Universit\u00e1ria da Universidade S\u00e3o Francisco","og_url":"https:\/\/franciscanos.org.br\/noticias\/a-pastoral-universitaria-da-usf-esta-de-cara-nova.html","og_site_name":"Not\u00edcias - Franciscanos","article_published_time":"2019-10-01T11:04:32+00:00","article_modified_time":"2019-10-01T12:32:13+00:00","og_image":[{"width":273,"height":181,"url":"https:\/\/franciscanos.org.br\/noticias\/wp-content\/uploads\/2019\/10\/usf_d.jpg","type":"image\/jpeg"}],"author":"moacir","twitter_card":"summary_large_image","twitter_misc":{"Escrito por":"moacir","Est. tempo de leitura":"1 minuto"},"schema":{"@context":"https:\/\/schema.org","@graph":[{"@type":"WebSite","@id":"https:\/\/franciscanos.org.br\/noticias\/#website","url":"https:\/\/franciscanos.org.br\/noticias\/","name":"Not\u00edcias - Franciscanos","description":"Prov\u00edncia Franciscana da Imaculada Concei\u00e7\u00e3o do Brasil - Ordem dos Frades Menores - OFM","potentialAction":[{"@type":"SearchAction","target":{"@type":"EntryPoint","urlTemplate":"https:\/\/franciscanos.org.br\/noticias\/?s={search_term_string}"},"query-input":"required name=search_term_string"}],"inLanguage":"pt-BR"},{"@type":"ImageObject","inLanguage":"pt-BR","@id":"https:\/\/franciscanos.org.br\/noticias\/a-pastoral-universitaria-da-usf-esta-de-cara-nova.html#primaryimage","url":"https:\/\/franciscanos.org.br\/noticias\/wp-content\/uploads\/2019\/10\/usf_d.jpg","contentUrl":"https:\/\/franciscanos.org.br\/noticias\/wp-content\/uploads\/2019\/10\/usf_d.jpg","width":273,"height":181},{"@type":"WebPage","@id":"https:\/\/franciscanos.org.br\/noticias\/a-pastoral-universitaria-da-usf-esta-de-cara-nova.html#webpage","url":"https:\/\/franciscanos.org.br\/noticias\/a-pastoral-universitaria-da-usf-esta-de-cara-nova.html","name":"Pastoral Universit\u00e1ria da USF est\u00e1 de cara nova! - Not\u00edcias - Franciscanos","isPartOf":{"@id":"https:\/\/franciscanos.org.br\/noticias\/#website"},"primaryImageOfPage":{"@id":"https:\/\/franciscanos.org.br\/noticias\/a-pastoral-universitaria-da-usf-esta-de-cara-nova.html#primaryimage"},"datePublished":"2019-10-01T11:04:32+00:00","dateModified":"2019-10-01T12:32:13+00:00","author":{"@id":"https:\/\/franciscanos.org.br\/noticias\/#\/schema\/person\/b5c8cba458c330ccff548b056e95a5d4"},"breadcrumb":{"@id":"https:\/\/franciscanos.org.br\/noticias\/a-pastoral-universitaria-da-usf-esta-de-cara-nova.html#breadcrumb"},"inLanguage":"pt-BR","potentialAction":[{"@type":"ReadAction","target":["https:\/\/franciscanos.org.br\/noticias\/a-pastoral-universitaria-da-usf-esta-de-cara-nova.html"]}]},{"@type":"BreadcrumbList","@id":"https:\/\/franciscanos.org.br\/noticias\/a-pastoral-universitaria-da-usf-esta-de-cara-nova.html#breadcrumb","itemListElement":[{"@type":"ListItem","position":1,"name":"Home","item":"https:\/\/franciscanos.org.br\/noticias"},{"@type":"ListItem","position":2,"name":"Pastoral Universit\u00e1ria da USF est\u00e1 de cara nova!"}]},{"@type":"Person","@id":"https:\/\/franciscanos.org.br\/noticias\/#\/schema\/person\/b5c8cba458c330ccff548b056e95a5d4","name":"moacir","image":{"@type":"ImageObject","inLanguage":"pt-BR","@id":"https:\/\/franciscanos.org.br\/noticias\/#\/schema\/person\/image\/","url":"https:\/\/secure.gravatar.com\/avatar\/d08aa2ce4c8dd416d4479aa8536fcf64?s=96&d=mm&r=g","contentUrl":"https:\/\/secure.gravatar.com\/avatar\/d08aa2ce4c8dd416d4479aa8536fcf64?s=96&d=mm&r=g","caption":"moacir"},"url":"https:\/\/franciscanos.org.br\/noticias\/author\/moacir"}]}},"_links":{"self":[{"href":"https:\/\/franciscanos.org.br\/noticias\/wp-json\/wp\/v2\/posts\/211861"}],"collection":[{"href":"https:\/\/franciscanos.org.br\/noticias\/wp-json\/wp\/v2\/posts"}],"about":[{"href":"https:\/\/franciscanos.org.br\/noticias\/wp-json\/wp\/v2\/types\/post"}],"author":[{"embeddable":true,"href":"https:\/\/franciscanos.org.br\/noticias\/wp-json\/wp\/v2\/users\/3"}],"replies":[{"embeddable":true,"href":"https:\/\/franciscanos.org.br\/noticias\/wp-json\/wp\/v2\/comments?post=211861"}],"version-history":[{"count":0,"href":"https:\/\/franciscanos.org.br\/noticias\/wp-json\/wp\/v2\/posts\/211861\/revisions"}],"wp:featuredmedia":[{"embeddable":true,"href":"https:\/\/franciscanos.org.br\/noticias\/wp-json\/wp\/v2\/media\/211863"}],"wp:attachment":[{"href":"https:\/\/franciscanos.org.br\/noticias\/wp-json\/wp\/v2\/media?parent=211861"}],"wp:term":[{"taxonomy":"category","embeddable":true,"href":"https:\/\/franciscanos.org.br\/noticias\/wp-json\/wp\/v2\/categories?post=211861"},{"taxonomy":"post_tag","embeddable":true,"href":"https:\/\/franciscanos.org.br\/noticias\/wp-json\/wp\/v2\/tags?post=211861"}],"curies":[{"name":"wp","href":"https:\/\/api.w.org\/{rel}","templated":true}]}}