{"id":211856,"date":"2019-10-01T07:15:45","date_gmt":"2019-10-01T10:15:45","guid":{"rendered":"https:\/\/franciscanos.org.br\/noticias\/?p=211856"},"modified":"2020-06-05T15:56:02","modified_gmt":"2020-06-05T18:56:02","slug":"papa-cuidar-dos-idosos-e-jovens-e-cultura-da-esperanca","status":"publish","type":"post","link":"https:\/\/franciscanos.org.br\/noticias\/papa-cuidar-dos-idosos-e-jovens-e-cultura-da-esperanca.html","title":{"rendered":"Papa: cuidar dos idosos e jovens \u00e9 cultura da esperan\u00e7a"},"content":{"rendered":"<p><img loading=\"lazy\" class=\"alignnone size-full wp-image-211857\" src=\"https:\/\/franciscanos.org.br\/noticias\/wp-content\/uploads\/2019\/10\/marta_0110.jpg\" alt=\"\" width=\"890\" height=\"501\" srcset=\"https:\/\/franciscanos.org.br\/noticias\/wp-content\/uploads\/2019\/10\/marta_0110.jpg 890w, https:\/\/franciscanos.org.br\/noticias\/wp-content\/uploads\/2019\/10\/marta_0110-450x253.jpg 450w, https:\/\/franciscanos.org.br\/noticias\/wp-content\/uploads\/2019\/10\/marta_0110-768x432.jpg 768w, https:\/\/franciscanos.org.br\/noticias\/wp-content\/uploads\/2019\/10\/marta_0110-150x84.jpg 150w\" sizes=\"(max-width: 890px) 100vw, 890px\" \/><\/p>\n<p><strong>Cidade do Vaticano<\/strong> &#8211; Qu\u00e3o forte \u00e9 o amor de Deus por seu povo, mesmo que este o tenha abandonado, o tenha tra\u00eddo, tenha se esquecido dele. Em Deus, h\u00e1 sempre um ardente amor do qual brota a promessa de salva\u00e7\u00e3o para cada um de n\u00f3s. O Papa Francisco, na homilia da Missa celebrada na Casa Santa Marta, interpreta desta forma o oitavo cap\u00edtulo do livro do profeta Zacarias, onde est\u00e1 escrito: &#8220;Eis o que diz o Senhor dos ex\u00e9rcitos: consumo-me de ardente amor por Si\u00e3o; estou animado em favor dela de uma violenta c\u00f3lera. Assim fala o Senhor: eis que volto a Si\u00e3o, venho residir em Jerusal\u00e9m.\u201d Gra\u00e7as ao amor de Deus, portanto, Jerusal\u00e9m voltar\u00e1 a viver.<\/p>\n<p>E na Primeira Leitura s\u00e3o claros &#8211; ressalta Francisco &#8211; tamb\u00e9m os &#8220;sinais da presen\u00e7a do Senhor&#8221; com seu povo, uma &#8220;presen\u00e7a que nos torna mais humanos&#8221;, que nos torna mais &#8220;maduros\u201d. S\u00e3o os sinais da abund\u00e2ncia da vida, da abund\u00e2ncia de crian\u00e7as e idosos que animam nossas pra\u00e7as, as sociedades, as fam\u00edlias: &#8220;O sinal da vida, o sinal do respeito pela vida, do amor pela vida, o sinal de fazer a vida crescer e este \u00e9 o sinal da presen\u00e7a de Deus em nossas comunidades e tamb\u00e9m o sinal da presen\u00e7a de Deus que faz um povo amadurecer, quando h\u00e1 idosos. \u00c9 bonito isto: &#8220;ver-se-\u00e3o ainda velhos e velhas sentados nas pra\u00e7as de Jerusal\u00e9m, tendo cada um na m\u00e3o o seu bast\u00e3o\u201d, \u00e9 um sinal. E tamb\u00e9m tantas crian\u00e7as. Usa uma express\u00e3o \u201cregorgitar\u00e3o\u201d. Muitos! A abund\u00e2ncia de velhice e da inf\u00e2ncia. \u00c9 este o sinal, quando um povo cuida dos idosos e das crian\u00e7as, os t\u00eam como um tesouro, este \u00e9 o sinal da presen\u00e7a de Deus, \u00e9 a promessa de um futuro&#8221;.<\/p>\n<p><iframe loading=\"lazy\" src=\"https:\/\/www.youtube.com\/embed\/VtujAhJnsnY\" width=\"560\" height=\"315\" frameborder=\"0\" allowfullscreen=\"allowfullscreen\"><\/iframe><\/p>\n<p><strong>A cultura do descarte \u00e9 uma ru\u00edna<\/strong><\/p>\n<p>E a amada profecia de Joel retorna \u00e0s palavras do Papa: &#8220;Vossos anci\u00e3os ter\u00e3o sonhos, vossos jovens ter\u00e3o vis\u00f5es&#8221;. E assim, repete, entre eles h\u00e1 uma troca rec\u00edproca, o que n\u00e3o acontece quando, pelo contr\u00e1rio, prevalece em nossa civiliza\u00e7\u00e3o a cultura do descarte, uma &#8220;ru\u00edna&#8221; que nos faz &#8220;enviar de volta ao remetente&#8221; as crian\u00e7as que chegam ou nos faz adotar como &#8220;crit\u00e9rio&#8221; fechar os idosos em asilos porque &#8220;n\u00e3o produzem&#8221;,&#8221; porque impedem a vida normal&#8221;.<\/p>\n<p>Volta ent\u00e3o \u00e0 mem\u00f3ria do Papa a hist\u00f3ria da av\u00f3, citada em outras ocasi\u00f5es, para fazer as pessoas entenderem o que significa negligenciar idosos e crian\u00e7as. \u00c9 a hist\u00f3ria de uma fam\u00edlia na qual o pai decide mudar o av\u00f4 para comer sozinho na cozinha porque, \u00e0 medida que envelhecia, come\u00e7ou a deixar cair a sopa e se sujar. Mas um dia esse pai voltou para casa e encontrou o filho construindo uma mesa de madeira porque, naquele mesmo isolamento, cairia tamb\u00e9m ele mais cedo ou mais tarde.<\/p>\n<p>&#8220;Quando crian\u00e7as e idosos s\u00e3o negligenciados&#8221;, se acaba nos efeitos das sociedades modernas, que Francisco recorda falando das tradi\u00e7\u00f5es n\u00e3o compreendidas e de inverno demogr\u00e1fico: &#8220;Quando um pa\u00eds envelhece e n\u00e3o h\u00e1 filhos, voc\u00ea n\u00e3o v\u00ea carrinhos de nen\u00ea nas ruas, n\u00e3o v\u00ea mulheres gr\u00e1vidas: &#8220;Um filho, melhor n\u00e3o &#8230;&#8221;. Quando voc\u00ea l\u00ea que naquele pa\u00eds h\u00e1 mais aposentados do que trabalhadores. \u00c9 tr\u00e1gico! E quantos pa\u00edses hoje come\u00e7am a viver esse inverno demogr\u00e1fico. E depois, quando os idosos s\u00e3o negligenciados perdemos \u2013 digamos isso sem vergonha &#8211; a tradi\u00e7\u00e3o, a tradi\u00e7\u00e3o que n\u00e3o \u00e9 um museu de coisas velhas, \u00e9 a garantia do futuro, \u00e9 o suco das ra\u00edzes que faz a \u00e1rvore crescer e dar flores e frutos. \u00c9 uma sociedade est\u00e9ril para as duas partes, e assim acaba mal&#8221;.<\/p>\n<p>&#8220;Sim, \u00e9 verdade&#8221;, acrescenta o Papa, &#8220;a juventude se pode comprar&#8221;: hoje existem tantas empresas que a oferecem na forma de truques, cirurgia pl\u00e1stica e lifting, mas &#8211; \u00e9 a reflex\u00e3o de Francisco &#8211; tudo sempre acaba no &#8216;rid\u00edculo&#8217;.&#8221;<\/p>\n<p><strong>Velhos e jovens: esperan\u00e7a de na\u00e7\u00e3o e Igreja<\/strong><\/p>\n<p>Qual \u00e9 ent\u00e3o o cora\u00e7\u00e3o da mensagem de Deus? \u00c9 o que o Papa chama de &#8220;cultura da esperan\u00e7a&#8221; e que \u00e9 representada exatamente por &#8220;velhos e jovens&#8221;. S\u00e3o eles a certeza da sobreviv\u00eancia de &#8220;um pa\u00eds, de uma p\u00e1tria, da Igreja&#8221;.<\/p>\n<p>E a conclus\u00e3o da homilia refere-se \u00e0s tantas viagens do Papa no mundo, quando os pais levantam seus filhos para a b\u00ean\u00e7\u00e3o e fazem isso como se fossem mostrar os pr\u00f3prios &#8220;tesouros&#8221;, uma imagem que deveria fazer refletir: &#8220;E nunca esque\u00e7o aquela velhinha na pra\u00e7a central de Ia\u0219i, na Rom\u00eania, quando olhou para mim &#8211; ela era como as av\u00f3s romenas, com um v\u00e9u -, ela me olhou, tinha o neto nos bra\u00e7os e o mostrou para mim, como que dizendo: &#8216;Esta \u00e9 a minha vit\u00f3ria, este \u00e9 o meu triunfo&#8217;. Essa imagem, que depois girou pelo mundo, nos diz mais do que essa prega\u00e7\u00e3o. Portanto, o amor de Deus \u00e9 sempre semear amor e fazer o povo crescer. N\u00e3o cultura do descarte. N\u00e3o sei, me vem de dizer, me perdoem, a voc\u00eas, p\u00e1rocos, quando \u00e0 noite fazem o exame de consci\u00eancia, perguntem isso: como me comportei hoje com as crian\u00e7as e com idosos? Nos ajudar\u00e1&#8221;.<\/p>\n<hr \/>\n<p><em>Fonte: Vatican News<\/em><\/p>\n","protected":false},"excerpt":{"rendered":"<p>Missa em Santa Marta<\/p>\n","protected":false},"author":3,"featured_media":211858,"comment_status":"open","ping_status":"open","sticky":false,"template":"","format":"standard","meta":[],"categories":[1428],"tags":[829],"acf":[],"yoast_head":"<!-- This site is optimized with the Yoast SEO plugin v19.2 - https:\/\/yoast.com\/wordpress\/plugins\/seo\/ -->\n<title>Papa: cuidar dos idosos e jovens \u00e9 cultura da esperan\u00e7a - Not\u00edcias - Franciscanos<\/title>\n<meta name=\"robots\" content=\"index, follow, max-snippet:-1, max-image-preview:large, max-video-preview:-1\" \/>\n<link rel=\"canonical\" href=\"https:\/\/franciscanos.org.br\/noticias\/papa-cuidar-dos-idosos-e-jovens-e-cultura-da-esperanca.html\" \/>\n<meta property=\"og:locale\" content=\"pt_BR\" \/>\n<meta property=\"og:type\" content=\"article\" \/>\n<meta property=\"og:title\" content=\"Papa: cuidar dos idosos e jovens \u00e9 cultura da esperan\u00e7a - Not\u00edcias - Franciscanos\" \/>\n<meta property=\"og:description\" content=\"Missa em Santa Marta\" \/>\n<meta property=\"og:url\" content=\"https:\/\/franciscanos.org.br\/noticias\/papa-cuidar-dos-idosos-e-jovens-e-cultura-da-esperanca.html\" \/>\n<meta property=\"og:site_name\" content=\"Not\u00edcias - Franciscanos\" \/>\n<meta property=\"article:published_time\" content=\"2019-10-01T10:15:45+00:00\" \/>\n<meta property=\"article:modified_time\" content=\"2020-06-05T18:56:02+00:00\" \/>\n<meta property=\"og:image\" content=\"https:\/\/franciscanos.org.br\/noticias\/wp-content\/uploads\/2019\/10\/marta_0110d.jpg\" \/>\n\t<meta property=\"og:image:width\" content=\"273\" \/>\n\t<meta property=\"og:image:height\" content=\"181\" \/>\n\t<meta property=\"og:image:type\" content=\"image\/jpeg\" \/>\n<meta name=\"author\" content=\"moacir\" \/>\n<meta name=\"twitter:card\" content=\"summary_large_image\" \/>\n<meta name=\"twitter:label1\" content=\"Escrito por\" \/>\n\t<meta name=\"twitter:data1\" content=\"moacir\" \/>\n\t<meta name=\"twitter:label2\" content=\"Est. tempo de leitura\" \/>\n\t<meta name=\"twitter:data2\" content=\"5 minutos\" \/>\n<script type=\"application\/ld+json\" class=\"yoast-schema-graph\">{\"@context\":\"https:\/\/schema.org\",\"@graph\":[{\"@type\":\"WebSite\",\"@id\":\"https:\/\/franciscanos.org.br\/noticias\/#website\",\"url\":\"https:\/\/franciscanos.org.br\/noticias\/\",\"name\":\"Not\u00edcias - Franciscanos\",\"description\":\"Prov\u00edncia Franciscana da Imaculada Concei\u00e7\u00e3o do Brasil - Ordem dos Frades Menores - OFM\",\"potentialAction\":[{\"@type\":\"SearchAction\",\"target\":{\"@type\":\"EntryPoint\",\"urlTemplate\":\"https:\/\/franciscanos.org.br\/noticias\/?s={search_term_string}\"},\"query-input\":\"required name=search_term_string\"}],\"inLanguage\":\"pt-BR\"},{\"@type\":\"ImageObject\",\"inLanguage\":\"pt-BR\",\"@id\":\"https:\/\/franciscanos.org.br\/noticias\/papa-cuidar-dos-idosos-e-jovens-e-cultura-da-esperanca.html#primaryimage\",\"url\":\"https:\/\/franciscanos.org.br\/noticias\/wp-content\/uploads\/2019\/10\/marta_0110d.jpg\",\"contentUrl\":\"https:\/\/franciscanos.org.br\/noticias\/wp-content\/uploads\/2019\/10\/marta_0110d.jpg\",\"width\":273,\"height\":181},{\"@type\":\"WebPage\",\"@id\":\"https:\/\/franciscanos.org.br\/noticias\/papa-cuidar-dos-idosos-e-jovens-e-cultura-da-esperanca.html#webpage\",\"url\":\"https:\/\/franciscanos.org.br\/noticias\/papa-cuidar-dos-idosos-e-jovens-e-cultura-da-esperanca.html\",\"name\":\"Papa: cuidar dos idosos e jovens \u00e9 cultura da esperan\u00e7a - Not\u00edcias - Franciscanos\",\"isPartOf\":{\"@id\":\"https:\/\/franciscanos.org.br\/noticias\/#website\"},\"primaryImageOfPage\":{\"@id\":\"https:\/\/franciscanos.org.br\/noticias\/papa-cuidar-dos-idosos-e-jovens-e-cultura-da-esperanca.html#primaryimage\"},\"datePublished\":\"2019-10-01T10:15:45+00:00\",\"dateModified\":\"2020-06-05T18:56:02+00:00\",\"author\":{\"@id\":\"https:\/\/franciscanos.org.br\/noticias\/#\/schema\/person\/b5c8cba458c330ccff548b056e95a5d4\"},\"breadcrumb\":{\"@id\":\"https:\/\/franciscanos.org.br\/noticias\/papa-cuidar-dos-idosos-e-jovens-e-cultura-da-esperanca.html#breadcrumb\"},\"inLanguage\":\"pt-BR\",\"potentialAction\":[{\"@type\":\"ReadAction\",\"target\":[\"https:\/\/franciscanos.org.br\/noticias\/papa-cuidar-dos-idosos-e-jovens-e-cultura-da-esperanca.html\"]}]},{\"@type\":\"BreadcrumbList\",\"@id\":\"https:\/\/franciscanos.org.br\/noticias\/papa-cuidar-dos-idosos-e-jovens-e-cultura-da-esperanca.html#breadcrumb\",\"itemListElement\":[{\"@type\":\"ListItem\",\"position\":1,\"name\":\"Home\",\"item\":\"https:\/\/franciscanos.org.br\/noticias\"},{\"@type\":\"ListItem\",\"position\":2,\"name\":\"Papa: cuidar dos idosos e jovens \u00e9 cultura da esperan\u00e7a\"}]},{\"@type\":\"Person\",\"@id\":\"https:\/\/franciscanos.org.br\/noticias\/#\/schema\/person\/b5c8cba458c330ccff548b056e95a5d4\",\"name\":\"moacir\",\"image\":{\"@type\":\"ImageObject\",\"inLanguage\":\"pt-BR\",\"@id\":\"https:\/\/franciscanos.org.br\/noticias\/#\/schema\/person\/image\/\",\"url\":\"https:\/\/secure.gravatar.com\/avatar\/d08aa2ce4c8dd416d4479aa8536fcf64?s=96&d=mm&r=g\",\"contentUrl\":\"https:\/\/secure.gravatar.com\/avatar\/d08aa2ce4c8dd416d4479aa8536fcf64?s=96&d=mm&r=g\",\"caption\":\"moacir\"},\"url\":\"https:\/\/franciscanos.org.br\/noticias\/author\/moacir\"}]}<\/script>\n<!-- \/ Yoast SEO plugin. -->","yoast_head_json":{"title":"Papa: cuidar dos idosos e jovens \u00e9 cultura da esperan\u00e7a - Not\u00edcias - Franciscanos","robots":{"index":"index","follow":"follow","max-snippet":"max-snippet:-1","max-image-preview":"max-image-preview:large","max-video-preview":"max-video-preview:-1"},"canonical":"https:\/\/franciscanos.org.br\/noticias\/papa-cuidar-dos-idosos-e-jovens-e-cultura-da-esperanca.html","og_locale":"pt_BR","og_type":"article","og_title":"Papa: cuidar dos idosos e jovens \u00e9 cultura da esperan\u00e7a - Not\u00edcias - Franciscanos","og_description":"Missa em Santa Marta","og_url":"https:\/\/franciscanos.org.br\/noticias\/papa-cuidar-dos-idosos-e-jovens-e-cultura-da-esperanca.html","og_site_name":"Not\u00edcias - Franciscanos","article_published_time":"2019-10-01T10:15:45+00:00","article_modified_time":"2020-06-05T18:56:02+00:00","og_image":[{"width":273,"height":181,"url":"https:\/\/franciscanos.org.br\/noticias\/wp-content\/uploads\/2019\/10\/marta_0110d.jpg","type":"image\/jpeg"}],"author":"moacir","twitter_card":"summary_large_image","twitter_misc":{"Escrito por":"moacir","Est. tempo de leitura":"5 minutos"},"schema":{"@context":"https:\/\/schema.org","@graph":[{"@type":"WebSite","@id":"https:\/\/franciscanos.org.br\/noticias\/#website","url":"https:\/\/franciscanos.org.br\/noticias\/","name":"Not\u00edcias - Franciscanos","description":"Prov\u00edncia Franciscana da Imaculada Concei\u00e7\u00e3o do Brasil - Ordem dos Frades Menores - OFM","potentialAction":[{"@type":"SearchAction","target":{"@type":"EntryPoint","urlTemplate":"https:\/\/franciscanos.org.br\/noticias\/?s={search_term_string}"},"query-input":"required name=search_term_string"}],"inLanguage":"pt-BR"},{"@type":"ImageObject","inLanguage":"pt-BR","@id":"https:\/\/franciscanos.org.br\/noticias\/papa-cuidar-dos-idosos-e-jovens-e-cultura-da-esperanca.html#primaryimage","url":"https:\/\/franciscanos.org.br\/noticias\/wp-content\/uploads\/2019\/10\/marta_0110d.jpg","contentUrl":"https:\/\/franciscanos.org.br\/noticias\/wp-content\/uploads\/2019\/10\/marta_0110d.jpg","width":273,"height":181},{"@type":"WebPage","@id":"https:\/\/franciscanos.org.br\/noticias\/papa-cuidar-dos-idosos-e-jovens-e-cultura-da-esperanca.html#webpage","url":"https:\/\/franciscanos.org.br\/noticias\/papa-cuidar-dos-idosos-e-jovens-e-cultura-da-esperanca.html","name":"Papa: cuidar dos idosos e jovens \u00e9 cultura da esperan\u00e7a - Not\u00edcias - Franciscanos","isPartOf":{"@id":"https:\/\/franciscanos.org.br\/noticias\/#website"},"primaryImageOfPage":{"@id":"https:\/\/franciscanos.org.br\/noticias\/papa-cuidar-dos-idosos-e-jovens-e-cultura-da-esperanca.html#primaryimage"},"datePublished":"2019-10-01T10:15:45+00:00","dateModified":"2020-06-05T18:56:02+00:00","author":{"@id":"https:\/\/franciscanos.org.br\/noticias\/#\/schema\/person\/b5c8cba458c330ccff548b056e95a5d4"},"breadcrumb":{"@id":"https:\/\/franciscanos.org.br\/noticias\/papa-cuidar-dos-idosos-e-jovens-e-cultura-da-esperanca.html#breadcrumb"},"inLanguage":"pt-BR","potentialAction":[{"@type":"ReadAction","target":["https:\/\/franciscanos.org.br\/noticias\/papa-cuidar-dos-idosos-e-jovens-e-cultura-da-esperanca.html"]}]},{"@type":"BreadcrumbList","@id":"https:\/\/franciscanos.org.br\/noticias\/papa-cuidar-dos-idosos-e-jovens-e-cultura-da-esperanca.html#breadcrumb","itemListElement":[{"@type":"ListItem","position":1,"name":"Home","item":"https:\/\/franciscanos.org.br\/noticias"},{"@type":"ListItem","position":2,"name":"Papa: cuidar dos idosos e jovens \u00e9 cultura da esperan\u00e7a"}]},{"@type":"Person","@id":"https:\/\/franciscanos.org.br\/noticias\/#\/schema\/person\/b5c8cba458c330ccff548b056e95a5d4","name":"moacir","image":{"@type":"ImageObject","inLanguage":"pt-BR","@id":"https:\/\/franciscanos.org.br\/noticias\/#\/schema\/person\/image\/","url":"https:\/\/secure.gravatar.com\/avatar\/d08aa2ce4c8dd416d4479aa8536fcf64?s=96&d=mm&r=g","contentUrl":"https:\/\/secure.gravatar.com\/avatar\/d08aa2ce4c8dd416d4479aa8536fcf64?s=96&d=mm&r=g","caption":"moacir"},"url":"https:\/\/franciscanos.org.br\/noticias\/author\/moacir"}]}},"_links":{"self":[{"href":"https:\/\/franciscanos.org.br\/noticias\/wp-json\/wp\/v2\/posts\/211856"}],"collection":[{"href":"https:\/\/franciscanos.org.br\/noticias\/wp-json\/wp\/v2\/posts"}],"about":[{"href":"https:\/\/franciscanos.org.br\/noticias\/wp-json\/wp\/v2\/types\/post"}],"author":[{"embeddable":true,"href":"https:\/\/franciscanos.org.br\/noticias\/wp-json\/wp\/v2\/users\/3"}],"replies":[{"embeddable":true,"href":"https:\/\/franciscanos.org.br\/noticias\/wp-json\/wp\/v2\/comments?post=211856"}],"version-history":[{"count":1,"href":"https:\/\/franciscanos.org.br\/noticias\/wp-json\/wp\/v2\/posts\/211856\/revisions"}],"predecessor-version":[{"id":224322,"href":"https:\/\/franciscanos.org.br\/noticias\/wp-json\/wp\/v2\/posts\/211856\/revisions\/224322"}],"wp:featuredmedia":[{"embeddable":true,"href":"https:\/\/franciscanos.org.br\/noticias\/wp-json\/wp\/v2\/media\/211858"}],"wp:attachment":[{"href":"https:\/\/franciscanos.org.br\/noticias\/wp-json\/wp\/v2\/media?parent=211856"}],"wp:term":[{"taxonomy":"category","embeddable":true,"href":"https:\/\/franciscanos.org.br\/noticias\/wp-json\/wp\/v2\/categories?post=211856"},{"taxonomy":"post_tag","embeddable":true,"href":"https:\/\/franciscanos.org.br\/noticias\/wp-json\/wp\/v2\/tags?post=211856"}],"curies":[{"name":"wp","href":"https:\/\/api.w.org\/{rel}","templated":true}]}}