{"id":211711,"date":"2019-09-27T13:36:11","date_gmt":"2019-09-27T16:36:11","guid":{"rendered":"https:\/\/franciscanos.org.br\/noticias\/?p=211711"},"modified":"2020-06-05T15:59:08","modified_gmt":"2020-06-05T18:59:08","slug":"papa-progresso-tecnologico-da-humanidade-esta-baseado-no-bem-comum","status":"publish","type":"post","link":"https:\/\/franciscanos.org.br\/noticias\/papa-progresso-tecnologico-da-humanidade-esta-baseado-no-bem-comum.html","title":{"rendered":"Papa: Progresso tecnol\u00f3gico da humanidade est\u00e1 baseado no bem comum"},"content":{"rendered":"<p><img loading=\"lazy\" class=\"alignnone wp-image-211712 size-full\" src=\"https:\/\/franciscanos.org.br\/noticias\/wp-content\/uploads\/2019\/09\/papa_2709.jpg\" alt=\"\" width=\"890\" height=\"501\" srcset=\"https:\/\/franciscanos.org.br\/noticias\/wp-content\/uploads\/2019\/09\/papa_2709.jpg 890w, https:\/\/franciscanos.org.br\/noticias\/wp-content\/uploads\/2019\/09\/papa_2709-450x253.jpg 450w, https:\/\/franciscanos.org.br\/noticias\/wp-content\/uploads\/2019\/09\/papa_2709-768x432.jpg 768w, https:\/\/franciscanos.org.br\/noticias\/wp-content\/uploads\/2019\/09\/papa_2709-150x84.jpg 150w\" sizes=\"(max-width: 890px) 100vw, 890px\" \/><\/p>\n<p><strong>Cidade do Vaticano<\/strong> &#8211; O Santo Padre iniciou suas atividades na manh\u00e3 desta sexta-feira (27\/9) recebendo na Sala Clementina, no Vaticano, 180 participantes no Semin\u00e1rio sobre \u201cO bem comum na era digital\u201d, promovido pelo Pontif\u00edcio Conselho para a Cultura e o Dicast\u00e9rio para o Servi\u00e7o do Desenvolvimento Humano Integral.<\/p>\n<p>Sobre este encontro, Francisco disse: \u201cOs not\u00e1veis desenvolvimentos no campo tecnol\u00f3gico, especialmente sobre a intelig\u00eancia artificial, apresentam implica\u00e7\u00f5es cada vez mais significativas em todos os setores da a\u00e7\u00e3o humana. Por isso, acho mais do que necess\u00e1rios debates abertos e concretos sobre este tema.\u201d<\/p>\n<p><strong>Progresso para todos<\/strong><br \/>\nNeste sentido, o Papa retomou sua Enc\u00edclica sobre o cuidado da Casa Comum, fazendo um paralelismo b\u00e1sico: o benef\u00edcio indiscut\u00edvel, que a humanidade pode obter do progresso tecnol\u00f3gico, depender\u00e1 da extens\u00e3o em que as novas possibilidades dispon\u00edveis ser\u00e3o usadas de maneira \u00e9tica. Esta correla\u00e7\u00e3o, frisou Francisco, exige que, de pari passo com o imenso progresso tecnol\u00f3gico em andamento, haja um desenvolvimento adequado de responsabilidades e valores.<\/p>\n<p>Caso contr\u00e1rio, afirmou o Papa, um paradigma dominante &#8211; o &#8220;paradigma tecnocr\u00e1tico&#8221; -, que promete um progresso descontrolado e ilimitado, ser\u00e1 imposto e, talvez, at\u00e9 poder\u00e1 eliminar outros fatores de desenvolvimento, com enormes perigos para toda a humanidade.<\/p>\n<p>Com este encontro sobre \u201cO bem comum na era digital\u201d, disse Francisco, \u201cvoc\u00eas contribuem para prevenir esta deriva e tornar concreta a cultura do encontro e do di\u00e1logo interdisciplinar\u201d. E acrescentou: \u201cMuitos de voc\u00eas s\u00e3o representantes importantes em v\u00e1rios campos das ci\u00eancias aplicadas. Por isso, expressam, n\u00e3o apenas compet\u00eancias diferentes, mas tamb\u00e9m sensibilidades diferentes e v\u00e1rias abordagens diante das problem\u00e1ticas que, fen\u00f4menos como a intelig\u00eancia artificial, abrem nos setores de sua pertin\u00eancia.\u201d<\/p>\n<p><strong>Uso invasivo da tecnologia<\/strong><br \/>\nO objetivo principal que voc\u00eas visam, disse o Pont\u00edfice, \u00e9 bastante ambicioso: obter crit\u00e9rios e par\u00e2metros \u00e9ticos b\u00e1sicos, capazes de fornecer orienta\u00e7\u00f5es sobre as respostas aos problemas \u00e9ticos suscitados pelo uso invasivo das tecnologias. A humanidade enfrenta desafios inauditos e novos, que exigem novas solu\u00e7\u00f5es. E ponderou: \u201cLogo, aprecio o fato de voc\u00eas n\u00e3o terem medo de declinar, \u00e0s vezes at\u00e9 de maneira precisa, certos princ\u00edpios morais, tanto te\u00f3ricos quanto pr\u00e1ticos, no contexto do &#8220;bem comum&#8221;. O bem comum \u00e9 um bem ao qual todos os homens aspiram.\u201d<\/p>\n<p><strong>Solu\u00e7\u00f5es urgentes<\/strong><br \/>\nAs problem\u00e1ticas que voc\u00eas s\u00e3o chamados a analisar, neste encontro, explicou o Papa, dizem respeito a toda a humanidade e exigem solu\u00e7\u00f5es urgentes. Aqui, Francisco citou alguns exemplos pr\u00e1ticos e atuais como a \u201crob\u00f3tica\u201d, instrumento eficiente, utilizado para aumentar os lucros, mas que priva milhares de pessoas do trabalho, colocando em risco a sua dignidade. Outro exemplo s\u00e3o as vantagens e riscos associados ao uso da \u201cintelig\u00eancia artificial\u201d em grandes quest\u00f5es sociais. Por isso, o progresso tecnol\u00f3gico exige uma reinterpreta\u00e7\u00e3o em termos \u00e9ticos. E o Papa afirmou: \u201cSe o chamado progresso tecnol\u00f3gico da humanidade se tornar inimigo do bem comum, poderia levar a uma infeliz regress\u00e3o e a uma forma de barb\u00e1rie ditada pela lei dos mais fortes. Portanto, queridos amigos, agrade\u00e7o pelo seu trabalho por uma civiliza\u00e7\u00e3o, que busca reduzir as desigualdades econ\u00f4micas, educacionais, tecnol\u00f3gicas, sociais e culturais. \u201d<\/p>\n<p>Francisco concluiu seu pronunciamento expressando seu apre\u00e7o pelas bases \u00e9ticas propostas pelos participantes, que garantem a defesa da dignidade de toda pessoa humana, em vista do bem comum.<\/p>\n<p>Um mundo melhor, disse por fim o Papa, s\u00f3 ser\u00e1 poss\u00edvel gra\u00e7as ao progresso tecnol\u00f3gico, se, por\u00e9m, for acompanhado por uma \u00e9tica baseada na vis\u00e3o do bem comum, na \u00e9tica de liberdade, na responsabilidade e fraternidade, capaz de promover o pleno desenvolvimento das pessoas em rela\u00e7\u00e3o \u00e0 cria\u00e7\u00e3o.<\/p>\n<hr \/>\n<p><em>Fonte: Vatican News<\/em><\/p>\n","protected":false},"excerpt":{"rendered":"<p>Semin\u00e1rio \u201cO bem comum na era digital\u201d<\/p>\n","protected":false},"author":3,"featured_media":211713,"comment_status":"open","ping_status":"open","sticky":false,"template":"","format":"standard","meta":[],"categories":[1428],"tags":[55],"acf":[],"yoast_head":"<!-- This site is optimized with the Yoast SEO plugin v19.2 - https:\/\/yoast.com\/wordpress\/plugins\/seo\/ -->\n<title>Papa: Progresso tecnol\u00f3gico da humanidade est\u00e1 baseado no bem comum - Not\u00edcias - Franciscanos<\/title>\n<meta name=\"robots\" content=\"index, follow, max-snippet:-1, max-image-preview:large, max-video-preview:-1\" \/>\n<link rel=\"canonical\" href=\"https:\/\/franciscanos.org.br\/noticias\/papa-progresso-tecnologico-da-humanidade-esta-baseado-no-bem-comum.html\" \/>\n<meta property=\"og:locale\" content=\"pt_BR\" \/>\n<meta property=\"og:type\" content=\"article\" \/>\n<meta property=\"og:title\" content=\"Papa: Progresso tecnol\u00f3gico da humanidade est\u00e1 baseado no bem comum - Not\u00edcias - Franciscanos\" \/>\n<meta property=\"og:description\" content=\"Semin\u00e1rio \u201cO bem comum na era digital\u201d\" \/>\n<meta property=\"og:url\" content=\"https:\/\/franciscanos.org.br\/noticias\/papa-progresso-tecnologico-da-humanidade-esta-baseado-no-bem-comum.html\" \/>\n<meta property=\"og:site_name\" content=\"Not\u00edcias - Franciscanos\" \/>\n<meta property=\"article:published_time\" content=\"2019-09-27T16:36:11+00:00\" \/>\n<meta property=\"article:modified_time\" content=\"2020-06-05T18:59:08+00:00\" \/>\n<meta property=\"og:image\" content=\"https:\/\/franciscanos.org.br\/noticias\/wp-content\/uploads\/2019\/09\/papa_2709d.jpg\" \/>\n\t<meta property=\"og:image:width\" content=\"273\" \/>\n\t<meta property=\"og:image:height\" content=\"181\" \/>\n\t<meta property=\"og:image:type\" content=\"image\/jpeg\" \/>\n<meta name=\"author\" content=\"moacir\" \/>\n<meta name=\"twitter:card\" content=\"summary_large_image\" \/>\n<meta name=\"twitter:label1\" content=\"Escrito por\" \/>\n\t<meta name=\"twitter:data1\" content=\"moacir\" \/>\n\t<meta name=\"twitter:label2\" content=\"Est. tempo de leitura\" \/>\n\t<meta name=\"twitter:data2\" content=\"3 minutos\" \/>\n<script type=\"application\/ld+json\" class=\"yoast-schema-graph\">{\"@context\":\"https:\/\/schema.org\",\"@graph\":[{\"@type\":\"WebSite\",\"@id\":\"https:\/\/franciscanos.org.br\/noticias\/#website\",\"url\":\"https:\/\/franciscanos.org.br\/noticias\/\",\"name\":\"Not\u00edcias - Franciscanos\",\"description\":\"Prov\u00edncia Franciscana da Imaculada Concei\u00e7\u00e3o do Brasil - Ordem dos Frades Menores - OFM\",\"potentialAction\":[{\"@type\":\"SearchAction\",\"target\":{\"@type\":\"EntryPoint\",\"urlTemplate\":\"https:\/\/franciscanos.org.br\/noticias\/?s={search_term_string}\"},\"query-input\":\"required name=search_term_string\"}],\"inLanguage\":\"pt-BR\"},{\"@type\":\"ImageObject\",\"inLanguage\":\"pt-BR\",\"@id\":\"https:\/\/franciscanos.org.br\/noticias\/papa-progresso-tecnologico-da-humanidade-esta-baseado-no-bem-comum.html#primaryimage\",\"url\":\"https:\/\/franciscanos.org.br\/noticias\/wp-content\/uploads\/2019\/09\/papa_2709d.jpg\",\"contentUrl\":\"https:\/\/franciscanos.org.br\/noticias\/wp-content\/uploads\/2019\/09\/papa_2709d.jpg\",\"width\":273,\"height\":181},{\"@type\":\"WebPage\",\"@id\":\"https:\/\/franciscanos.org.br\/noticias\/papa-progresso-tecnologico-da-humanidade-esta-baseado-no-bem-comum.html#webpage\",\"url\":\"https:\/\/franciscanos.org.br\/noticias\/papa-progresso-tecnologico-da-humanidade-esta-baseado-no-bem-comum.html\",\"name\":\"Papa: Progresso tecnol\u00f3gico da humanidade est\u00e1 baseado no bem comum - Not\u00edcias - Franciscanos\",\"isPartOf\":{\"@id\":\"https:\/\/franciscanos.org.br\/noticias\/#website\"},\"primaryImageOfPage\":{\"@id\":\"https:\/\/franciscanos.org.br\/noticias\/papa-progresso-tecnologico-da-humanidade-esta-baseado-no-bem-comum.html#primaryimage\"},\"datePublished\":\"2019-09-27T16:36:11+00:00\",\"dateModified\":\"2020-06-05T18:59:08+00:00\",\"author\":{\"@id\":\"https:\/\/franciscanos.org.br\/noticias\/#\/schema\/person\/b5c8cba458c330ccff548b056e95a5d4\"},\"breadcrumb\":{\"@id\":\"https:\/\/franciscanos.org.br\/noticias\/papa-progresso-tecnologico-da-humanidade-esta-baseado-no-bem-comum.html#breadcrumb\"},\"inLanguage\":\"pt-BR\",\"potentialAction\":[{\"@type\":\"ReadAction\",\"target\":[\"https:\/\/franciscanos.org.br\/noticias\/papa-progresso-tecnologico-da-humanidade-esta-baseado-no-bem-comum.html\"]}]},{\"@type\":\"BreadcrumbList\",\"@id\":\"https:\/\/franciscanos.org.br\/noticias\/papa-progresso-tecnologico-da-humanidade-esta-baseado-no-bem-comum.html#breadcrumb\",\"itemListElement\":[{\"@type\":\"ListItem\",\"position\":1,\"name\":\"Home\",\"item\":\"https:\/\/franciscanos.org.br\/noticias\"},{\"@type\":\"ListItem\",\"position\":2,\"name\":\"Papa: Progresso tecnol\u00f3gico da humanidade est\u00e1 baseado no bem comum\"}]},{\"@type\":\"Person\",\"@id\":\"https:\/\/franciscanos.org.br\/noticias\/#\/schema\/person\/b5c8cba458c330ccff548b056e95a5d4\",\"name\":\"moacir\",\"image\":{\"@type\":\"ImageObject\",\"inLanguage\":\"pt-BR\",\"@id\":\"https:\/\/franciscanos.org.br\/noticias\/#\/schema\/person\/image\/\",\"url\":\"https:\/\/secure.gravatar.com\/avatar\/d08aa2ce4c8dd416d4479aa8536fcf64?s=96&d=mm&r=g\",\"contentUrl\":\"https:\/\/secure.gravatar.com\/avatar\/d08aa2ce4c8dd416d4479aa8536fcf64?s=96&d=mm&r=g\",\"caption\":\"moacir\"},\"url\":\"https:\/\/franciscanos.org.br\/noticias\/author\/moacir\"}]}<\/script>\n<!-- \/ Yoast SEO plugin. -->","yoast_head_json":{"title":"Papa: Progresso tecnol\u00f3gico da humanidade est\u00e1 baseado no bem comum - Not\u00edcias - Franciscanos","robots":{"index":"index","follow":"follow","max-snippet":"max-snippet:-1","max-image-preview":"max-image-preview:large","max-video-preview":"max-video-preview:-1"},"canonical":"https:\/\/franciscanos.org.br\/noticias\/papa-progresso-tecnologico-da-humanidade-esta-baseado-no-bem-comum.html","og_locale":"pt_BR","og_type":"article","og_title":"Papa: Progresso tecnol\u00f3gico da humanidade est\u00e1 baseado no bem comum - Not\u00edcias - Franciscanos","og_description":"Semin\u00e1rio \u201cO bem comum na era digital\u201d","og_url":"https:\/\/franciscanos.org.br\/noticias\/papa-progresso-tecnologico-da-humanidade-esta-baseado-no-bem-comum.html","og_site_name":"Not\u00edcias - Franciscanos","article_published_time":"2019-09-27T16:36:11+00:00","article_modified_time":"2020-06-05T18:59:08+00:00","og_image":[{"width":273,"height":181,"url":"https:\/\/franciscanos.org.br\/noticias\/wp-content\/uploads\/2019\/09\/papa_2709d.jpg","type":"image\/jpeg"}],"author":"moacir","twitter_card":"summary_large_image","twitter_misc":{"Escrito por":"moacir","Est. tempo de leitura":"3 minutos"},"schema":{"@context":"https:\/\/schema.org","@graph":[{"@type":"WebSite","@id":"https:\/\/franciscanos.org.br\/noticias\/#website","url":"https:\/\/franciscanos.org.br\/noticias\/","name":"Not\u00edcias - Franciscanos","description":"Prov\u00edncia Franciscana da Imaculada Concei\u00e7\u00e3o do Brasil - Ordem dos Frades Menores - OFM","potentialAction":[{"@type":"SearchAction","target":{"@type":"EntryPoint","urlTemplate":"https:\/\/franciscanos.org.br\/noticias\/?s={search_term_string}"},"query-input":"required name=search_term_string"}],"inLanguage":"pt-BR"},{"@type":"ImageObject","inLanguage":"pt-BR","@id":"https:\/\/franciscanos.org.br\/noticias\/papa-progresso-tecnologico-da-humanidade-esta-baseado-no-bem-comum.html#primaryimage","url":"https:\/\/franciscanos.org.br\/noticias\/wp-content\/uploads\/2019\/09\/papa_2709d.jpg","contentUrl":"https:\/\/franciscanos.org.br\/noticias\/wp-content\/uploads\/2019\/09\/papa_2709d.jpg","width":273,"height":181},{"@type":"WebPage","@id":"https:\/\/franciscanos.org.br\/noticias\/papa-progresso-tecnologico-da-humanidade-esta-baseado-no-bem-comum.html#webpage","url":"https:\/\/franciscanos.org.br\/noticias\/papa-progresso-tecnologico-da-humanidade-esta-baseado-no-bem-comum.html","name":"Papa: Progresso tecnol\u00f3gico da humanidade est\u00e1 baseado no bem comum - Not\u00edcias - Franciscanos","isPartOf":{"@id":"https:\/\/franciscanos.org.br\/noticias\/#website"},"primaryImageOfPage":{"@id":"https:\/\/franciscanos.org.br\/noticias\/papa-progresso-tecnologico-da-humanidade-esta-baseado-no-bem-comum.html#primaryimage"},"datePublished":"2019-09-27T16:36:11+00:00","dateModified":"2020-06-05T18:59:08+00:00","author":{"@id":"https:\/\/franciscanos.org.br\/noticias\/#\/schema\/person\/b5c8cba458c330ccff548b056e95a5d4"},"breadcrumb":{"@id":"https:\/\/franciscanos.org.br\/noticias\/papa-progresso-tecnologico-da-humanidade-esta-baseado-no-bem-comum.html#breadcrumb"},"inLanguage":"pt-BR","potentialAction":[{"@type":"ReadAction","target":["https:\/\/franciscanos.org.br\/noticias\/papa-progresso-tecnologico-da-humanidade-esta-baseado-no-bem-comum.html"]}]},{"@type":"BreadcrumbList","@id":"https:\/\/franciscanos.org.br\/noticias\/papa-progresso-tecnologico-da-humanidade-esta-baseado-no-bem-comum.html#breadcrumb","itemListElement":[{"@type":"ListItem","position":1,"name":"Home","item":"https:\/\/franciscanos.org.br\/noticias"},{"@type":"ListItem","position":2,"name":"Papa: Progresso tecnol\u00f3gico da humanidade est\u00e1 baseado no bem comum"}]},{"@type":"Person","@id":"https:\/\/franciscanos.org.br\/noticias\/#\/schema\/person\/b5c8cba458c330ccff548b056e95a5d4","name":"moacir","image":{"@type":"ImageObject","inLanguage":"pt-BR","@id":"https:\/\/franciscanos.org.br\/noticias\/#\/schema\/person\/image\/","url":"https:\/\/secure.gravatar.com\/avatar\/d08aa2ce4c8dd416d4479aa8536fcf64?s=96&d=mm&r=g","contentUrl":"https:\/\/secure.gravatar.com\/avatar\/d08aa2ce4c8dd416d4479aa8536fcf64?s=96&d=mm&r=g","caption":"moacir"},"url":"https:\/\/franciscanos.org.br\/noticias\/author\/moacir"}]}},"_links":{"self":[{"href":"https:\/\/franciscanos.org.br\/noticias\/wp-json\/wp\/v2\/posts\/211711"}],"collection":[{"href":"https:\/\/franciscanos.org.br\/noticias\/wp-json\/wp\/v2\/posts"}],"about":[{"href":"https:\/\/franciscanos.org.br\/noticias\/wp-json\/wp\/v2\/types\/post"}],"author":[{"embeddable":true,"href":"https:\/\/franciscanos.org.br\/noticias\/wp-json\/wp\/v2\/users\/3"}],"replies":[{"embeddable":true,"href":"https:\/\/franciscanos.org.br\/noticias\/wp-json\/wp\/v2\/comments?post=211711"}],"version-history":[{"count":1,"href":"https:\/\/franciscanos.org.br\/noticias\/wp-json\/wp\/v2\/posts\/211711\/revisions"}],"predecessor-version":[{"id":224325,"href":"https:\/\/franciscanos.org.br\/noticias\/wp-json\/wp\/v2\/posts\/211711\/revisions\/224325"}],"wp:featuredmedia":[{"embeddable":true,"href":"https:\/\/franciscanos.org.br\/noticias\/wp-json\/wp\/v2\/media\/211713"}],"wp:attachment":[{"href":"https:\/\/franciscanos.org.br\/noticias\/wp-json\/wp\/v2\/media?parent=211711"}],"wp:term":[{"taxonomy":"category","embeddable":true,"href":"https:\/\/franciscanos.org.br\/noticias\/wp-json\/wp\/v2\/categories?post=211711"},{"taxonomy":"post_tag","embeddable":true,"href":"https:\/\/franciscanos.org.br\/noticias\/wp-json\/wp\/v2\/tags?post=211711"}],"curies":[{"name":"wp","href":"https:\/\/api.w.org\/{rel}","templated":true}]}}