{"id":211597,"date":"2019-09-27T08:40:35","date_gmt":"2019-09-27T11:40:35","guid":{"rendered":"https:\/\/franciscanos.org.br\/noticias\/?p=211597"},"modified":"2019-09-27T08:40:35","modified_gmt":"2019-09-27T11:40:35","slug":"33o-dia-de-navegacao-28-de-setembro","status":"publish","type":"post","link":"https:\/\/franciscanos.org.br\/noticias\/33o-dia-de-navegacao-28-de-setembro.html","title":{"rendered":"33\u00ba dia de navega\u00e7\u00e3o \u2013 28 de setembro"},"content":{"rendered":"<p><img loading=\"lazy\" src=\"https:\/\/franciscanos.org.br\/noticias\/wp-content\/uploads\/2019\/09\/cabecalho.jpg\" alt=\"\" width=\"1200\" height=\"450\" \/><\/p>\n<p><strong><img loading=\"lazy\" class=\"size-full wp-image-211598 alignright\" src=\"https:\/\/franciscanos.org.br\/noticias\/wp-content\/uploads\/2019\/09\/Dia-33.jpg\" alt=\"\" width=\"350\" height=\"504\" srcset=\"https:\/\/franciscanos.org.br\/noticias\/wp-content\/uploads\/2019\/09\/Dia-33.jpg 350w, https:\/\/franciscanos.org.br\/noticias\/wp-content\/uploads\/2019\/09\/Dia-33-313x450.jpg 313w, https:\/\/franciscanos.org.br\/noticias\/wp-content\/uploads\/2019\/09\/Dia-33-150x216.jpg 150w\" sizes=\"(max-width: 350px) 100vw, 350px\" \/>PETI\u00c7\u00c3O PERMANENTE PARA O S\u00cdNODO<\/strong><br \/>\n<strong>AMAZ\u00d4NICO NO IN\u00cdCIO DE CADA DIA:<\/strong><\/p>\n<p style=\"padding-left: 40px;\"><em>\u201cQue o Deus da vida e da beleza, o Esp\u00edrito Santo que nos impulsiona para mais fraternidade, unidade e dignidade, o Cristo encarnado da Boa Nova, da incultura\u00e7\u00e3o e da interculturalidade nos proporcionem serenidade, discernimento e coragem para encontrar novos caminhos para a Igreja e para uma ecologia integral neste S\u00ednodo Amaz\u00f4nico. Tudo isso para o bem e a vida de seus povos e comunidades, e para caminhar mais juntos pelo Reino\u201d.<\/em><\/p>\n<p>Medite por alguns momentos neste pedido inicial, busque a calma interior para entrar neste momento para navegar pelas \u00e1guas da Amaz\u00f4nia e a vida da Igreja a servi\u00e7o de seus povos e comunidades, e para ouvir o chamado de Deus atrav\u00e9s de sua palavra viva.<\/p>\n<p><strong>Leitura do dia (cada um e cada uma s\u00e3o convidados a <\/strong><strong>aprofundar a leitura completa de acordo com suas <\/strong><strong>pr\u00f3prias necessidades e crit\u00e9rios):<\/strong><\/p>\n<p>Enquanto todos se admiravam com tudo o que Jesus fazia, ele disse aos disc\u00edpulos: \u201cPrestai bem aten\u00e7\u00e3o \u00e0s palavras que vou dizer: o Filho do Homem vai ser entregue \u00e0s m\u00e3os dos homens\u201d. Mas eles n\u00e3o compreendiam esta palavra. O sentido lhes ficava oculto, de modo que n\u00e3o podiam entender. E tinham medo de fazer perguntas sobre o assunto. Lucas 9, 43b-45<\/p>\n<p><strong>Reflex\u00e3o sob a perspectiva do S\u00ednodo Amaz\u00f4nico:<\/strong><\/p>\n<p>Reconhecemos no Papa Francisco a for\u00e7a da f\u00e9 inabal\u00e1vel, a profundidade de seu sentimento na e com a Igreja, e seu compromisso com a escuta genu\u00edna para incentivar a convers\u00e3o, que \u00e9 ajudada por tr\u00eas convers\u00f5es (<em>Instrumentum Laboris<\/em>, 5): CONVERS\u00c3O PASTORAL (<em>Evangelii Gaudium<\/em>), CONVERS\u00c3O ECOL\u00d3GICA (<em>Laudato Si&#8217;<\/em>) e CONVERS\u00c3O \u00c0 SINODALIDADE ECCLESIAL (<em>Episcopalis Communio<\/em>). Tr\u00eas movimentos que precisam ser articulados e representam uma EXORTA\u00c7\u00c3O APOST\u00d3LICA- chamado, uma ENC\u00cdCLICA \u2013 Orienta\u00e7\u00e3o de rumo, e uma CONSTITUI\u00c7\u00c3O APOST\u00d3LICA \u2013 Defini\u00e7\u00e3o estrutural para caminhar juntos. Esses convites tamb\u00e9m est\u00e3o associados \u00e0 necess\u00e1ria reforma da Igreja, que tem sido expressada como revela\u00e7\u00e3o de Deus desde o Conc\u00edlio Vaticano II, para que ela seja muito mais ministerial e mais fiel ao Evangelho, que \u00e9 uma boa not\u00edcia permanente e nos reconfigura e nos tira do local r\u00edgido ou seguro. Como nos dias de Jesus, muitos se op\u00f5em ao novo, n\u00e3o entendem e t\u00eam medo de reconhecer como nesses mais de 50 anos a presen\u00e7a de Deus nos levou ao novo. Pe\u00e7amos que este S\u00ednodo tenha for\u00e7as para perguntar a Jesus, a quem queremos seguir, a explica\u00e7\u00e3o desses gestos e convites, embora n\u00e3o os compreendamos plenamente, cuidando da unidade na diversidade e incentivando uma saud\u00e1vel centralidade enriquecida pela descentraliza\u00e7\u00e3o de nossa Igreja na Pan-Amaz\u00f4nia. Que este S\u00ednodo seja uma verdadeira P\u00e1scoa, um passo em dire\u00e7\u00e3o a mais vida.<\/p>\n<p><strong>CONTEMPLA\u00c7\u00c3O<\/strong><\/p>\n<p style=\"padding-left: 40px;\"><em>Contemplemos a imagem deste dia e tomemos um momento para reconhecer nossa pr\u00f3pria vida e experi\u00eancia na Igreja e ao servi\u00e7o da Amaz\u00f4nia para pedir luz nesta palavra de Deus em prepara\u00e7\u00e3o para o S\u00ednodo. Escrever meus pedidos particulares e permanecer neles durante este dia. Convidamos voc\u00ea a manter um registro de tudo o que o Esp\u00edrito nos provoca como prepara\u00e7\u00e3o interior para o S\u00ednodo AMAZ\u00d4NICO.<\/em><\/p>\n<h3><strong>Cita\u00e7\u00e3o para fechar a medita\u00e7\u00e3o:<\/strong><\/h3>\n<h5 style=\"padding-left: 40px;\"><em><strong>Missa sobre o mundo. Teilhard de Chardin<\/strong><\/em><\/h5>\n<p style=\"padding-left: 40px;\">Ao seu Corpo em toda a sua extens\u00e3o, \u00e9 dizer ao mundo que, pelo Teu poder e pela minha f\u00e9, ele se tornou o magn\u00edfico e vivo crisol onde tudo desaparece para renascer, por todos os recursos que sua atra\u00e7\u00e3o criativa me fez brotar em mim (&#8230;) No fundo da minha convic\u00e7\u00e3o humana, sou consagrado a este Corpo para viver e morrer nele, Jesus.<\/p>\n","protected":false},"excerpt":{"rendered":"<p>40 DIAS PELO RIO AMAZONAS<\/p>\n","protected":false},"author":7,"featured_media":210458,"comment_status":"open","ping_status":"open","sticky":false,"template":"","format":"standard","meta":[],"categories":[1528],"tags":[],"acf":[],"yoast_head":"<!-- This site is optimized with the Yoast SEO plugin v19.2 - https:\/\/yoast.com\/wordpress\/plugins\/seo\/ -->\n<title>33\u00ba dia de navega\u00e7\u00e3o \u2013 28 de setembro - Not\u00edcias - Franciscanos<\/title>\n<meta name=\"robots\" content=\"index, follow, max-snippet:-1, max-image-preview:large, max-video-preview:-1\" \/>\n<link rel=\"canonical\" href=\"https:\/\/franciscanos.org.br\/noticias\/33o-dia-de-navegacao-28-de-setembro.html\" \/>\n<meta property=\"og:locale\" content=\"pt_BR\" \/>\n<meta property=\"og:type\" content=\"article\" \/>\n<meta property=\"og:title\" content=\"33\u00ba dia de navega\u00e7\u00e3o \u2013 28 de setembro - Not\u00edcias - Franciscanos\" \/>\n<meta property=\"og:description\" content=\"40 DIAS PELO RIO AMAZONAS\" \/>\n<meta property=\"og:url\" content=\"https:\/\/franciscanos.org.br\/noticias\/33o-dia-de-navegacao-28-de-setembro.html\" \/>\n<meta property=\"og:site_name\" content=\"Not\u00edcias - Franciscanos\" \/>\n<meta property=\"article:published_time\" content=\"2019-09-27T11:40:35+00:00\" \/>\n<meta property=\"og:image\" content=\"https:\/\/franciscanos.org.br\/noticias\/wp-content\/uploads\/2019\/09\/273.jpg\" \/>\n\t<meta property=\"og:image:width\" content=\"273\" \/>\n\t<meta property=\"og:image:height\" content=\"181\" \/>\n\t<meta property=\"og:image:type\" content=\"image\/jpeg\" \/>\n<meta name=\"author\" content=\"jovenal\" \/>\n<meta name=\"twitter:card\" content=\"summary_large_image\" \/>\n<meta name=\"twitter:label1\" content=\"Escrito por\" \/>\n\t<meta name=\"twitter:data1\" content=\"jovenal\" \/>\n\t<meta name=\"twitter:label2\" content=\"Est. tempo de leitura\" \/>\n\t<meta name=\"twitter:data2\" content=\"3 minutos\" \/>\n<script type=\"application\/ld+json\" class=\"yoast-schema-graph\">{\"@context\":\"https:\/\/schema.org\",\"@graph\":[{\"@type\":\"WebSite\",\"@id\":\"https:\/\/franciscanos.org.br\/noticias\/#website\",\"url\":\"https:\/\/franciscanos.org.br\/noticias\/\",\"name\":\"Not\u00edcias - Franciscanos\",\"description\":\"Prov\u00edncia Franciscana da Imaculada Concei\u00e7\u00e3o do Brasil - Ordem dos Frades Menores - OFM\",\"potentialAction\":[{\"@type\":\"SearchAction\",\"target\":{\"@type\":\"EntryPoint\",\"urlTemplate\":\"https:\/\/franciscanos.org.br\/noticias\/?s={search_term_string}\"},\"query-input\":\"required name=search_term_string\"}],\"inLanguage\":\"pt-BR\"},{\"@type\":\"ImageObject\",\"inLanguage\":\"pt-BR\",\"@id\":\"https:\/\/franciscanos.org.br\/noticias\/33o-dia-de-navegacao-28-de-setembro.html#primaryimage\",\"url\":\"https:\/\/franciscanos.org.br\/noticias\/wp-content\/uploads\/2019\/09\/273.jpg\",\"contentUrl\":\"https:\/\/franciscanos.org.br\/noticias\/wp-content\/uploads\/2019\/09\/273.jpg\",\"width\":273,\"height\":181},{\"@type\":\"WebPage\",\"@id\":\"https:\/\/franciscanos.org.br\/noticias\/33o-dia-de-navegacao-28-de-setembro.html#webpage\",\"url\":\"https:\/\/franciscanos.org.br\/noticias\/33o-dia-de-navegacao-28-de-setembro.html\",\"name\":\"33\u00ba dia de navega\u00e7\u00e3o \u2013 28 de setembro - Not\u00edcias - Franciscanos\",\"isPartOf\":{\"@id\":\"https:\/\/franciscanos.org.br\/noticias\/#website\"},\"primaryImageOfPage\":{\"@id\":\"https:\/\/franciscanos.org.br\/noticias\/33o-dia-de-navegacao-28-de-setembro.html#primaryimage\"},\"datePublished\":\"2019-09-27T11:40:35+00:00\",\"dateModified\":\"2019-09-27T11:40:35+00:00\",\"author\":{\"@id\":\"https:\/\/franciscanos.org.br\/noticias\/#\/schema\/person\/c3a26b08313dd1772495ce300ab257cc\"},\"breadcrumb\":{\"@id\":\"https:\/\/franciscanos.org.br\/noticias\/33o-dia-de-navegacao-28-de-setembro.html#breadcrumb\"},\"inLanguage\":\"pt-BR\",\"potentialAction\":[{\"@type\":\"ReadAction\",\"target\":[\"https:\/\/franciscanos.org.br\/noticias\/33o-dia-de-navegacao-28-de-setembro.html\"]}]},{\"@type\":\"BreadcrumbList\",\"@id\":\"https:\/\/franciscanos.org.br\/noticias\/33o-dia-de-navegacao-28-de-setembro.html#breadcrumb\",\"itemListElement\":[{\"@type\":\"ListItem\",\"position\":1,\"name\":\"Home\",\"item\":\"https:\/\/franciscanos.org.br\/noticias\"},{\"@type\":\"ListItem\",\"position\":2,\"name\":\"33\u00ba dia de navega\u00e7\u00e3o \u2013 28 de setembro\"}]},{\"@type\":\"Person\",\"@id\":\"https:\/\/franciscanos.org.br\/noticias\/#\/schema\/person\/c3a26b08313dd1772495ce300ab257cc\",\"name\":\"jovenal\",\"image\":{\"@type\":\"ImageObject\",\"inLanguage\":\"pt-BR\",\"@id\":\"https:\/\/franciscanos.org.br\/noticias\/#\/schema\/person\/image\/\",\"url\":\"https:\/\/secure.gravatar.com\/avatar\/e94509f531086e2eaf97e72f29ea00f9?s=96&d=mm&r=g\",\"contentUrl\":\"https:\/\/secure.gravatar.com\/avatar\/e94509f531086e2eaf97e72f29ea00f9?s=96&d=mm&r=g\",\"caption\":\"jovenal\"},\"url\":\"https:\/\/franciscanos.org.br\/noticias\/author\/jovenal\"}]}<\/script>\n<!-- \/ Yoast SEO plugin. -->","yoast_head_json":{"title":"33\u00ba dia de navega\u00e7\u00e3o \u2013 28 de setembro - Not\u00edcias - Franciscanos","robots":{"index":"index","follow":"follow","max-snippet":"max-snippet:-1","max-image-preview":"max-image-preview:large","max-video-preview":"max-video-preview:-1"},"canonical":"https:\/\/franciscanos.org.br\/noticias\/33o-dia-de-navegacao-28-de-setembro.html","og_locale":"pt_BR","og_type":"article","og_title":"33\u00ba dia de navega\u00e7\u00e3o \u2013 28 de setembro - Not\u00edcias - Franciscanos","og_description":"40 DIAS PELO RIO AMAZONAS","og_url":"https:\/\/franciscanos.org.br\/noticias\/33o-dia-de-navegacao-28-de-setembro.html","og_site_name":"Not\u00edcias - Franciscanos","article_published_time":"2019-09-27T11:40:35+00:00","og_image":[{"width":273,"height":181,"url":"https:\/\/franciscanos.org.br\/noticias\/wp-content\/uploads\/2019\/09\/273.jpg","type":"image\/jpeg"}],"author":"jovenal","twitter_card":"summary_large_image","twitter_misc":{"Escrito por":"jovenal","Est. tempo de leitura":"3 minutos"},"schema":{"@context":"https:\/\/schema.org","@graph":[{"@type":"WebSite","@id":"https:\/\/franciscanos.org.br\/noticias\/#website","url":"https:\/\/franciscanos.org.br\/noticias\/","name":"Not\u00edcias - Franciscanos","description":"Prov\u00edncia Franciscana da Imaculada Concei\u00e7\u00e3o do Brasil - Ordem dos Frades Menores - OFM","potentialAction":[{"@type":"SearchAction","target":{"@type":"EntryPoint","urlTemplate":"https:\/\/franciscanos.org.br\/noticias\/?s={search_term_string}"},"query-input":"required name=search_term_string"}],"inLanguage":"pt-BR"},{"@type":"ImageObject","inLanguage":"pt-BR","@id":"https:\/\/franciscanos.org.br\/noticias\/33o-dia-de-navegacao-28-de-setembro.html#primaryimage","url":"https:\/\/franciscanos.org.br\/noticias\/wp-content\/uploads\/2019\/09\/273.jpg","contentUrl":"https:\/\/franciscanos.org.br\/noticias\/wp-content\/uploads\/2019\/09\/273.jpg","width":273,"height":181},{"@type":"WebPage","@id":"https:\/\/franciscanos.org.br\/noticias\/33o-dia-de-navegacao-28-de-setembro.html#webpage","url":"https:\/\/franciscanos.org.br\/noticias\/33o-dia-de-navegacao-28-de-setembro.html","name":"33\u00ba dia de navega\u00e7\u00e3o \u2013 28 de setembro - Not\u00edcias - Franciscanos","isPartOf":{"@id":"https:\/\/franciscanos.org.br\/noticias\/#website"},"primaryImageOfPage":{"@id":"https:\/\/franciscanos.org.br\/noticias\/33o-dia-de-navegacao-28-de-setembro.html#primaryimage"},"datePublished":"2019-09-27T11:40:35+00:00","dateModified":"2019-09-27T11:40:35+00:00","author":{"@id":"https:\/\/franciscanos.org.br\/noticias\/#\/schema\/person\/c3a26b08313dd1772495ce300ab257cc"},"breadcrumb":{"@id":"https:\/\/franciscanos.org.br\/noticias\/33o-dia-de-navegacao-28-de-setembro.html#breadcrumb"},"inLanguage":"pt-BR","potentialAction":[{"@type":"ReadAction","target":["https:\/\/franciscanos.org.br\/noticias\/33o-dia-de-navegacao-28-de-setembro.html"]}]},{"@type":"BreadcrumbList","@id":"https:\/\/franciscanos.org.br\/noticias\/33o-dia-de-navegacao-28-de-setembro.html#breadcrumb","itemListElement":[{"@type":"ListItem","position":1,"name":"Home","item":"https:\/\/franciscanos.org.br\/noticias"},{"@type":"ListItem","position":2,"name":"33\u00ba dia de navega\u00e7\u00e3o \u2013 28 de setembro"}]},{"@type":"Person","@id":"https:\/\/franciscanos.org.br\/noticias\/#\/schema\/person\/c3a26b08313dd1772495ce300ab257cc","name":"jovenal","image":{"@type":"ImageObject","inLanguage":"pt-BR","@id":"https:\/\/franciscanos.org.br\/noticias\/#\/schema\/person\/image\/","url":"https:\/\/secure.gravatar.com\/avatar\/e94509f531086e2eaf97e72f29ea00f9?s=96&d=mm&r=g","contentUrl":"https:\/\/secure.gravatar.com\/avatar\/e94509f531086e2eaf97e72f29ea00f9?s=96&d=mm&r=g","caption":"jovenal"},"url":"https:\/\/franciscanos.org.br\/noticias\/author\/jovenal"}]}},"_links":{"self":[{"href":"https:\/\/franciscanos.org.br\/noticias\/wp-json\/wp\/v2\/posts\/211597"}],"collection":[{"href":"https:\/\/franciscanos.org.br\/noticias\/wp-json\/wp\/v2\/posts"}],"about":[{"href":"https:\/\/franciscanos.org.br\/noticias\/wp-json\/wp\/v2\/types\/post"}],"author":[{"embeddable":true,"href":"https:\/\/franciscanos.org.br\/noticias\/wp-json\/wp\/v2\/users\/7"}],"replies":[{"embeddable":true,"href":"https:\/\/franciscanos.org.br\/noticias\/wp-json\/wp\/v2\/comments?post=211597"}],"version-history":[{"count":0,"href":"https:\/\/franciscanos.org.br\/noticias\/wp-json\/wp\/v2\/posts\/211597\/revisions"}],"wp:featuredmedia":[{"embeddable":true,"href":"https:\/\/franciscanos.org.br\/noticias\/wp-json\/wp\/v2\/media\/210458"}],"wp:attachment":[{"href":"https:\/\/franciscanos.org.br\/noticias\/wp-json\/wp\/v2\/media?parent=211597"}],"wp:term":[{"taxonomy":"category","embeddable":true,"href":"https:\/\/franciscanos.org.br\/noticias\/wp-json\/wp\/v2\/categories?post=211597"},{"taxonomy":"post_tag","embeddable":true,"href":"https:\/\/franciscanos.org.br\/noticias\/wp-json\/wp\/v2\/tags?post=211597"}],"curies":[{"name":"wp","href":"https:\/\/api.w.org\/{rel}","templated":true}]}}