{"id":211562,"date":"2019-09-25T13:38:48","date_gmt":"2019-09-25T16:38:48","guid":{"rendered":"https:\/\/franciscanos.org.br\/noticias\/?p=211562"},"modified":"2019-09-26T07:41:26","modified_gmt":"2019-09-26T10:41:26","slug":"coral-das-meninas-dos-canarinhos-fara-concerto-beneficente","status":"publish","type":"post","link":"https:\/\/franciscanos.org.br\/noticias\/coral-das-meninas-dos-canarinhos-fara-concerto-beneficente.html","title":{"rendered":"Coral das Meninas dos Canarinhos far\u00e1 concerto beneficente"},"content":{"rendered":"<p>&nbsp;<\/p>\n<p><img loading=\"lazy\" class=\"alignnone wp-image-211566 size-full\" src=\"https:\/\/franciscanos.org.br\/noticias\/wp-content\/uploads\/2019\/09\/canarinhos_250919.jpg\" alt=\"\" width=\"890\" height=\"500\" srcset=\"https:\/\/franciscanos.org.br\/noticias\/wp-content\/uploads\/2019\/09\/canarinhos_250919.jpg 890w, https:\/\/franciscanos.org.br\/noticias\/wp-content\/uploads\/2019\/09\/canarinhos_250919-450x253.jpg 450w, https:\/\/franciscanos.org.br\/noticias\/wp-content\/uploads\/2019\/09\/canarinhos_250919-768x431.jpg 768w, https:\/\/franciscanos.org.br\/noticias\/wp-content\/uploads\/2019\/09\/canarinhos_250919-150x84.jpg 150w\" sizes=\"(max-width: 890px) 100vw, 890px\" \/><\/p>\n<p>O Coral das Meninas dos Canarinhos de Petr\u00f3polis far\u00e1 uma linda apresenta\u00e7\u00e3o no pr\u00f3ximo s\u00e1bado, dia 28, na Igreja do Sagrado Cora\u00e7\u00e3o de Jesus. O Concerto M\u00eas da B\u00edblia ser\u00e1 \u00e0s 19h30 e tem como objetivo arrecadar fundos para a restaura\u00e7\u00e3o do \u00f3rg\u00e3o de tubos da igreja. As contribui\u00e7\u00f5es ser\u00e3o espont\u00e2neas e tamb\u00e9m ajudar\u00e3o nos trabalhos realizados pelo Instituto dos Meninos Cantores de Petr\u00f3polis (IMCP).<\/p>\n<p>\u201cAssim como os meninos realizaram no primeiro semestre dois concertos em prol do restauro do \u00f3rg\u00e3o, as Meninas tamb\u00e9m realizar\u00e3o este concerto beneficente\u201d, comentou frei Marcos. Ele explicou que a ideia neste m\u00eas de setembro, em que a igreja do Brasil tem um m\u00eas de estudo da B\u00edblia e este ano ser\u00e1 dedicado \u00e0 carta de Jo\u00e3o, foi realizar um concerto espiritual em que os textos desta carta fossem aproveitados junto com a m\u00fasica. \u201cSer\u00e1 um concerto bem interessante porque o p\u00fablico ter\u00e1 uma no\u00e7\u00e3o do que \u00e9 esta carta, junto com momento de ora\u00e7\u00e3o e reflex\u00e3o\u201d, avaliou.<\/p>\n<p>O concerto ser\u00e1 regido pelo maestro Marcelo Vizani e o repert\u00f3rio incluir\u00e1 composi\u00e7\u00f5es como \u201cUbi caritas\u201d, de Jacques Berthier; \u201cO Nata lux\u201d, de John J. Brackenborough; \u201cO sacrum convivium\u201d, de Marco Aur\u00e9lio Lischt; \u201cThe Lord is my shepherd\u201d, de Randall Thompson e \u201cSalmo CL\u201d, de Ernani Aguiar.<\/p>\n<p>As contribui\u00e7\u00f5es espont\u00e2neas podem ser feitas na pr\u00f3pria Igreja do Sagrado Cora\u00e7\u00e3o de Jesus, na entrada do Concerto.<\/p>\n<p><img loading=\"lazy\" class=\"size-full wp-image-211574 aligncenter\" src=\"https:\/\/franciscanos.org.br\/noticias\/wp-content\/uploads\/2019\/09\/biblia_A4-01.jpg\" alt=\"\" width=\"764\" height=\"1080\" srcset=\"https:\/\/franciscanos.org.br\/noticias\/wp-content\/uploads\/2019\/09\/biblia_A4-01.jpg 764w, https:\/\/franciscanos.org.br\/noticias\/wp-content\/uploads\/2019\/09\/biblia_A4-01-318x450.jpg 318w, https:\/\/franciscanos.org.br\/noticias\/wp-content\/uploads\/2019\/09\/biblia_A4-01-768x1086.jpg 768w, https:\/\/franciscanos.org.br\/noticias\/wp-content\/uploads\/2019\/09\/biblia_A4-01-724x1024.jpg 724w, https:\/\/franciscanos.org.br\/noticias\/wp-content\/uploads\/2019\/09\/biblia_A4-01-150x212.jpg 150w\" sizes=\"(max-width: 764px) 100vw, 764px\" \/><\/p>\n","protected":false},"excerpt":{"rendered":"<p>Coral das Meninas dos Canarinhos de Petr\u00f3polis<\/p>\n","protected":false},"author":3,"featured_media":211568,"comment_status":"open","ping_status":"open","sticky":false,"template":"","format":"standard","meta":[],"categories":[1],"tags":[1531],"acf":[],"yoast_head":"<!-- This site is optimized with the Yoast SEO plugin v19.2 - https:\/\/yoast.com\/wordpress\/plugins\/seo\/ -->\n<title>Coral das Meninas dos Canarinhos far\u00e1 concerto beneficente - Not\u00edcias - Franciscanos<\/title>\n<meta name=\"robots\" content=\"index, follow, max-snippet:-1, max-image-preview:large, max-video-preview:-1\" \/>\n<link rel=\"canonical\" href=\"https:\/\/franciscanos.org.br\/noticias\/coral-das-meninas-dos-canarinhos-fara-concerto-beneficente.html\" \/>\n<meta property=\"og:locale\" content=\"pt_BR\" \/>\n<meta property=\"og:type\" content=\"article\" \/>\n<meta property=\"og:title\" content=\"Coral das Meninas dos Canarinhos far\u00e1 concerto beneficente - Not\u00edcias - Franciscanos\" \/>\n<meta property=\"og:description\" content=\"Coral das Meninas dos Canarinhos de Petr\u00f3polis\" \/>\n<meta property=\"og:url\" content=\"https:\/\/franciscanos.org.br\/noticias\/coral-das-meninas-dos-canarinhos-fara-concerto-beneficente.html\" \/>\n<meta property=\"og:site_name\" content=\"Not\u00edcias - Franciscanos\" \/>\n<meta property=\"article:published_time\" content=\"2019-09-25T16:38:48+00:00\" \/>\n<meta property=\"article:modified_time\" content=\"2019-09-26T10:41:26+00:00\" \/>\n<meta property=\"og:image\" content=\"https:\/\/franciscanos.org.br\/noticias\/wp-content\/uploads\/2019\/09\/canarinhos_250919_1.jpg\" \/>\n\t<meta property=\"og:image:width\" content=\"273\" \/>\n\t<meta property=\"og:image:height\" content=\"181\" \/>\n\t<meta property=\"og:image:type\" content=\"image\/jpeg\" \/>\n<meta name=\"author\" content=\"moacir\" \/>\n<meta name=\"twitter:card\" content=\"summary_large_image\" \/>\n<meta name=\"twitter:label1\" content=\"Escrito por\" \/>\n\t<meta name=\"twitter:data1\" content=\"moacir\" \/>\n\t<meta name=\"twitter:label2\" content=\"Est. tempo de leitura\" \/>\n\t<meta name=\"twitter:data2\" content=\"1 minuto\" \/>\n<script type=\"application\/ld+json\" class=\"yoast-schema-graph\">{\"@context\":\"https:\/\/schema.org\",\"@graph\":[{\"@type\":\"WebSite\",\"@id\":\"https:\/\/franciscanos.org.br\/noticias\/#website\",\"url\":\"https:\/\/franciscanos.org.br\/noticias\/\",\"name\":\"Not\u00edcias - Franciscanos\",\"description\":\"Prov\u00edncia Franciscana da Imaculada Concei\u00e7\u00e3o do Brasil - Ordem dos Frades Menores - OFM\",\"potentialAction\":[{\"@type\":\"SearchAction\",\"target\":{\"@type\":\"EntryPoint\",\"urlTemplate\":\"https:\/\/franciscanos.org.br\/noticias\/?s={search_term_string}\"},\"query-input\":\"required name=search_term_string\"}],\"inLanguage\":\"pt-BR\"},{\"@type\":\"ImageObject\",\"inLanguage\":\"pt-BR\",\"@id\":\"https:\/\/franciscanos.org.br\/noticias\/coral-das-meninas-dos-canarinhos-fara-concerto-beneficente.html#primaryimage\",\"url\":\"https:\/\/franciscanos.org.br\/noticias\/wp-content\/uploads\/2019\/09\/canarinhos_250919_1.jpg\",\"contentUrl\":\"https:\/\/franciscanos.org.br\/noticias\/wp-content\/uploads\/2019\/09\/canarinhos_250919_1.jpg\",\"width\":273,\"height\":181},{\"@type\":\"WebPage\",\"@id\":\"https:\/\/franciscanos.org.br\/noticias\/coral-das-meninas-dos-canarinhos-fara-concerto-beneficente.html#webpage\",\"url\":\"https:\/\/franciscanos.org.br\/noticias\/coral-das-meninas-dos-canarinhos-fara-concerto-beneficente.html\",\"name\":\"Coral das Meninas dos Canarinhos far\u00e1 concerto beneficente - Not\u00edcias - Franciscanos\",\"isPartOf\":{\"@id\":\"https:\/\/franciscanos.org.br\/noticias\/#website\"},\"primaryImageOfPage\":{\"@id\":\"https:\/\/franciscanos.org.br\/noticias\/coral-das-meninas-dos-canarinhos-fara-concerto-beneficente.html#primaryimage\"},\"datePublished\":\"2019-09-25T16:38:48+00:00\",\"dateModified\":\"2019-09-26T10:41:26+00:00\",\"author\":{\"@id\":\"https:\/\/franciscanos.org.br\/noticias\/#\/schema\/person\/b5c8cba458c330ccff548b056e95a5d4\"},\"breadcrumb\":{\"@id\":\"https:\/\/franciscanos.org.br\/noticias\/coral-das-meninas-dos-canarinhos-fara-concerto-beneficente.html#breadcrumb\"},\"inLanguage\":\"pt-BR\",\"potentialAction\":[{\"@type\":\"ReadAction\",\"target\":[\"https:\/\/franciscanos.org.br\/noticias\/coral-das-meninas-dos-canarinhos-fara-concerto-beneficente.html\"]}]},{\"@type\":\"BreadcrumbList\",\"@id\":\"https:\/\/franciscanos.org.br\/noticias\/coral-das-meninas-dos-canarinhos-fara-concerto-beneficente.html#breadcrumb\",\"itemListElement\":[{\"@type\":\"ListItem\",\"position\":1,\"name\":\"Home\",\"item\":\"https:\/\/franciscanos.org.br\/noticias\"},{\"@type\":\"ListItem\",\"position\":2,\"name\":\"Coral das Meninas dos Canarinhos far\u00e1 concerto beneficente\"}]},{\"@type\":\"Person\",\"@id\":\"https:\/\/franciscanos.org.br\/noticias\/#\/schema\/person\/b5c8cba458c330ccff548b056e95a5d4\",\"name\":\"moacir\",\"image\":{\"@type\":\"ImageObject\",\"inLanguage\":\"pt-BR\",\"@id\":\"https:\/\/franciscanos.org.br\/noticias\/#\/schema\/person\/image\/\",\"url\":\"https:\/\/secure.gravatar.com\/avatar\/d08aa2ce4c8dd416d4479aa8536fcf64?s=96&d=mm&r=g\",\"contentUrl\":\"https:\/\/secure.gravatar.com\/avatar\/d08aa2ce4c8dd416d4479aa8536fcf64?s=96&d=mm&r=g\",\"caption\":\"moacir\"},\"url\":\"https:\/\/franciscanos.org.br\/noticias\/author\/moacir\"}]}<\/script>\n<!-- \/ Yoast SEO plugin. -->","yoast_head_json":{"title":"Coral das Meninas dos Canarinhos far\u00e1 concerto beneficente - Not\u00edcias - Franciscanos","robots":{"index":"index","follow":"follow","max-snippet":"max-snippet:-1","max-image-preview":"max-image-preview:large","max-video-preview":"max-video-preview:-1"},"canonical":"https:\/\/franciscanos.org.br\/noticias\/coral-das-meninas-dos-canarinhos-fara-concerto-beneficente.html","og_locale":"pt_BR","og_type":"article","og_title":"Coral das Meninas dos Canarinhos far\u00e1 concerto beneficente - Not\u00edcias - Franciscanos","og_description":"Coral das Meninas dos Canarinhos de Petr\u00f3polis","og_url":"https:\/\/franciscanos.org.br\/noticias\/coral-das-meninas-dos-canarinhos-fara-concerto-beneficente.html","og_site_name":"Not\u00edcias - Franciscanos","article_published_time":"2019-09-25T16:38:48+00:00","article_modified_time":"2019-09-26T10:41:26+00:00","og_image":[{"width":273,"height":181,"url":"https:\/\/franciscanos.org.br\/noticias\/wp-content\/uploads\/2019\/09\/canarinhos_250919_1.jpg","type":"image\/jpeg"}],"author":"moacir","twitter_card":"summary_large_image","twitter_misc":{"Escrito por":"moacir","Est. tempo de leitura":"1 minuto"},"schema":{"@context":"https:\/\/schema.org","@graph":[{"@type":"WebSite","@id":"https:\/\/franciscanos.org.br\/noticias\/#website","url":"https:\/\/franciscanos.org.br\/noticias\/","name":"Not\u00edcias - Franciscanos","description":"Prov\u00edncia Franciscana da Imaculada Concei\u00e7\u00e3o do Brasil - Ordem dos Frades Menores - OFM","potentialAction":[{"@type":"SearchAction","target":{"@type":"EntryPoint","urlTemplate":"https:\/\/franciscanos.org.br\/noticias\/?s={search_term_string}"},"query-input":"required name=search_term_string"}],"inLanguage":"pt-BR"},{"@type":"ImageObject","inLanguage":"pt-BR","@id":"https:\/\/franciscanos.org.br\/noticias\/coral-das-meninas-dos-canarinhos-fara-concerto-beneficente.html#primaryimage","url":"https:\/\/franciscanos.org.br\/noticias\/wp-content\/uploads\/2019\/09\/canarinhos_250919_1.jpg","contentUrl":"https:\/\/franciscanos.org.br\/noticias\/wp-content\/uploads\/2019\/09\/canarinhos_250919_1.jpg","width":273,"height":181},{"@type":"WebPage","@id":"https:\/\/franciscanos.org.br\/noticias\/coral-das-meninas-dos-canarinhos-fara-concerto-beneficente.html#webpage","url":"https:\/\/franciscanos.org.br\/noticias\/coral-das-meninas-dos-canarinhos-fara-concerto-beneficente.html","name":"Coral das Meninas dos Canarinhos far\u00e1 concerto beneficente - Not\u00edcias - Franciscanos","isPartOf":{"@id":"https:\/\/franciscanos.org.br\/noticias\/#website"},"primaryImageOfPage":{"@id":"https:\/\/franciscanos.org.br\/noticias\/coral-das-meninas-dos-canarinhos-fara-concerto-beneficente.html#primaryimage"},"datePublished":"2019-09-25T16:38:48+00:00","dateModified":"2019-09-26T10:41:26+00:00","author":{"@id":"https:\/\/franciscanos.org.br\/noticias\/#\/schema\/person\/b5c8cba458c330ccff548b056e95a5d4"},"breadcrumb":{"@id":"https:\/\/franciscanos.org.br\/noticias\/coral-das-meninas-dos-canarinhos-fara-concerto-beneficente.html#breadcrumb"},"inLanguage":"pt-BR","potentialAction":[{"@type":"ReadAction","target":["https:\/\/franciscanos.org.br\/noticias\/coral-das-meninas-dos-canarinhos-fara-concerto-beneficente.html"]}]},{"@type":"BreadcrumbList","@id":"https:\/\/franciscanos.org.br\/noticias\/coral-das-meninas-dos-canarinhos-fara-concerto-beneficente.html#breadcrumb","itemListElement":[{"@type":"ListItem","position":1,"name":"Home","item":"https:\/\/franciscanos.org.br\/noticias"},{"@type":"ListItem","position":2,"name":"Coral das Meninas dos Canarinhos far\u00e1 concerto beneficente"}]},{"@type":"Person","@id":"https:\/\/franciscanos.org.br\/noticias\/#\/schema\/person\/b5c8cba458c330ccff548b056e95a5d4","name":"moacir","image":{"@type":"ImageObject","inLanguage":"pt-BR","@id":"https:\/\/franciscanos.org.br\/noticias\/#\/schema\/person\/image\/","url":"https:\/\/secure.gravatar.com\/avatar\/d08aa2ce4c8dd416d4479aa8536fcf64?s=96&d=mm&r=g","contentUrl":"https:\/\/secure.gravatar.com\/avatar\/d08aa2ce4c8dd416d4479aa8536fcf64?s=96&d=mm&r=g","caption":"moacir"},"url":"https:\/\/franciscanos.org.br\/noticias\/author\/moacir"}]}},"_links":{"self":[{"href":"https:\/\/franciscanos.org.br\/noticias\/wp-json\/wp\/v2\/posts\/211562"}],"collection":[{"href":"https:\/\/franciscanos.org.br\/noticias\/wp-json\/wp\/v2\/posts"}],"about":[{"href":"https:\/\/franciscanos.org.br\/noticias\/wp-json\/wp\/v2\/types\/post"}],"author":[{"embeddable":true,"href":"https:\/\/franciscanos.org.br\/noticias\/wp-json\/wp\/v2\/users\/3"}],"replies":[{"embeddable":true,"href":"https:\/\/franciscanos.org.br\/noticias\/wp-json\/wp\/v2\/comments?post=211562"}],"version-history":[{"count":0,"href":"https:\/\/franciscanos.org.br\/noticias\/wp-json\/wp\/v2\/posts\/211562\/revisions"}],"wp:featuredmedia":[{"embeddable":true,"href":"https:\/\/franciscanos.org.br\/noticias\/wp-json\/wp\/v2\/media\/211568"}],"wp:attachment":[{"href":"https:\/\/franciscanos.org.br\/noticias\/wp-json\/wp\/v2\/media?parent=211562"}],"wp:term":[{"taxonomy":"category","embeddable":true,"href":"https:\/\/franciscanos.org.br\/noticias\/wp-json\/wp\/v2\/categories?post=211562"},{"taxonomy":"post_tag","embeddable":true,"href":"https:\/\/franciscanos.org.br\/noticias\/wp-json\/wp\/v2\/tags?post=211562"}],"curies":[{"name":"wp","href":"https:\/\/api.w.org\/{rel}","templated":true}]}}