{"id":211488,"date":"2019-09-26T09:07:07","date_gmt":"2019-09-26T12:07:07","guid":{"rendered":"https:\/\/franciscanos.org.br\/noticias\/?p=211488"},"modified":"2019-09-26T09:09:11","modified_gmt":"2019-09-26T12:09:11","slug":"lancamentos-vozes-espiritualidade-autoajuda-economia","status":"publish","type":"post","link":"https:\/\/franciscanos.org.br\/noticias\/lancamentos-vozes-espiritualidade-autoajuda-economia.html","title":{"rendered":"Lan\u00e7amentos Vozes: espiritualidade, autoajuda, economia&#8230;"},"content":{"rendered":"<h3><img loading=\"lazy\" class=\"alignnone size-full wp-image-211581\" src=\"https:\/\/franciscanos.org.br\/noticias\/wp-content\/uploads\/2019\/09\/vozes_01.jpg\" alt=\"\" width=\"890\" height=\"540\" srcset=\"https:\/\/franciscanos.org.br\/noticias\/wp-content\/uploads\/2019\/09\/vozes_01.jpg 890w, https:\/\/franciscanos.org.br\/noticias\/wp-content\/uploads\/2019\/09\/vozes_01-450x273.jpg 450w, https:\/\/franciscanos.org.br\/noticias\/wp-content\/uploads\/2019\/09\/vozes_01-768x466.jpg 768w, https:\/\/franciscanos.org.br\/noticias\/wp-content\/uploads\/2019\/09\/vozes_01-150x91.jpg 150w\" sizes=\"(max-width: 890px) 100vw, 890px\" \/><\/h3>\n<h3><strong>Caminho de Inicia\u00e7\u00e3o \u00e0 Vida <\/strong><strong>Crist\u00e3 com adultos<\/strong><\/h3>\n<p><img loading=\"lazy\" class=\"alignright wp-image-211489\" src=\"https:\/\/franciscanos.org.br\/noticias\/wp-content\/uploads\/2019\/09\/caminho-da-iniciativa.jpg\" alt=\"\" width=\"137\" height=\"197\" srcset=\"https:\/\/franciscanos.org.br\/noticias\/wp-content\/uploads\/2019\/09\/caminho-da-iniciativa.jpg 400w, https:\/\/franciscanos.org.br\/noticias\/wp-content\/uploads\/2019\/09\/caminho-da-iniciativa-313x450.jpg 313w, https:\/\/franciscanos.org.br\/noticias\/wp-content\/uploads\/2019\/09\/caminho-da-iniciativa-150x216.jpg 150w\" sizes=\"(max-width: 137px) 100vw, 137px\" \/>Este livro apresenta um caminho catequ\u00e9tico de inicia\u00e7\u00e3o e amadurecimento da f\u00e9 e da vida crist\u00e3. Com esta inten\u00e7\u00e3o os encontros e as celebra\u00e7\u00f5es propostos t\u00eam como finalidade contribuir para desenvolver a forma\u00e7\u00e3o de modo processual e progressiva dos adultos, para que se tornem disc\u00edpulos mission\u00e1rios de Jesus Cristo.<\/p>\n<p>A metodologia proposta para desenvolver os conte\u00fados oferece a oportunidade de aprofundar o entendimento sobre a vida crist\u00e3 a partir da Palavra de Deus e dos tempos lit\u00fargicos, proporcionando aos adultos em processo catequ\u00e9tico tornarem-se, gradativamente, crist\u00e3os comprometidos com a vida e a dignidade humana na constru\u00e7\u00e3o do Reino.<\/p>\n<p><strong>N\u00ba DE P\u00c1GINAS: 192<\/strong><\/p>\n<p>&nbsp;<\/p>\n<h3><strong><img loading=\"lazy\" class=\"alignleft size-full wp-image-211490\" src=\"https:\/\/franciscanos.org.br\/noticias\/wp-content\/uploads\/2019\/09\/sendo-voce-mesmo.jpg\" alt=\"\" width=\"200\" height=\"310\" srcset=\"https:\/\/franciscanos.org.br\/noticias\/wp-content\/uploads\/2019\/09\/sendo-voce-mesmo.jpg 200w, https:\/\/franciscanos.org.br\/noticias\/wp-content\/uploads\/2019\/09\/sendo-voce-mesmo-150x233.jpg 150w\" sizes=\"(max-width: 200px) 100vw, 200px\" \/>Sendo voc\u00ea mesmo<\/strong><\/h3>\n<p>Liberte-se do <strong>ego, <\/strong>Cure suas <strong>emo\u00e7\u00f5es e <\/strong>Renove sua <strong>energia<\/strong><\/p>\n<p><strong>Mike George<\/strong><\/p>\n<p>Parece que poucos de n\u00f3s conhecemos a n\u00f3s mesmos como realmente somos. Todos os dias somos cercados e atacados por milhares de imagens e de vozes nos dizendo quem e o que poder\u00edamos e dever\u00edamos ser. Mesmo amigos e colegas muitas vezes querem que voc\u00ea seja a vers\u00e3o que eles t\u00eam de voc\u00ea! Assim, todos n\u00f3s aprendemos a \u201ccriar\u201d um ego, que \u00e9 um falso senso de identidade. Mas n\u00e3o \u00e9 amplamente reconhecido que nosso ego \u00e9 a causa de todo o nosso estresse, tristeza e sofrimento.<\/p>\n<p>Entenda o ego e voc\u00ea entender\u00e1 quase tudo! Incluindo o porqu\u00ea de voc\u00ea sentir o que sente, por que voc\u00ea n\u00e3o se conhece muito bem, por que as pessoas podem se comportar de modos estranhos e violentos e por que tantas partes do mundo agora s\u00e3o locais de inseguran\u00e7a e crescente divis\u00e3o.<\/p>\n<p>Mike desvela os muitos modos nos quais voc\u00ea esquece quem voc\u00ea \u00e9 e como, desse modo, torna-se muitas coisas, desde um pouco aborrecido a enfurecido, de uma ansiedade branda a habitualmente amedrontado, de brandamente desconfort\u00e1vel a altamente estressado.<\/p>\n<p>Ele mostra como \u201cser voc\u00ea mesmo\u201d e, desse modo, redescobrir tudo o que sempre busca em tudo o que faz, ou seja, paz no cora\u00e7\u00e3o, amor nos relacionamentos e felicidade na vida.<\/p>\n<p>Em seu habitual estilo nitidamente focado e cheio de <em>insights<\/em> Mike revela claramente:<\/p>\n<p style=\"padding-left: 80px;\">Por que \u00e9 imposs\u00edvel ser voc\u00ea mesmo enquanto estiver criando um ego.<br \/>\nPor que o ego \u00e9 tudo o que est\u00e1no caminho de sua felicidade.<br \/>\nPor que toda emo\u00e7\u00e3o \u00e9 um sinal de um ser adoentado.<br \/>\nComo \u00e9 uma vida sem ego ecomo ela \u00e9 sentida.<br \/>\nComo escolher o que voc\u00ea \u201csente\u201d em qualquer lugar e a qualquer hora.<br \/>\nComo recuperar seu estado natural e ser voc\u00ea mesmo&#8230; novamente!<\/p>\n<p style=\"padding-left: 40px;\"><strong>Mike George<\/strong><em> \u201cinterpreta\u201d uma s\u00e9rie de pap\u00e9is, incluindo o de autor, de professor espiritual, coach, orientador de gest\u00e3o, mentor e facilitador. Ele re\u00fane as tr\u00eas vertentes-chave do s\u00e9culo XXI: intelig\u00eanciaemocional\/espiritual, desenvolvimento de lideran\u00e7a e \u201cdesaprendizagem cont\u00ednua\u201d.<\/em><\/p>\n<p><strong>N\u00ba DE P\u00c1GINAS: 216<\/strong><\/p>\n<p>&nbsp;<\/p>\n<h3><strong><img loading=\"lazy\" class=\"alignleft size-full wp-image-211491\" src=\"https:\/\/franciscanos.org.br\/noticias\/wp-content\/uploads\/2019\/09\/etica-economica.jpg\" alt=\"\" width=\"200\" height=\"295\" srcset=\"https:\/\/franciscanos.org.br\/noticias\/wp-content\/uploads\/2019\/09\/etica-economica.jpg 200w, https:\/\/franciscanos.org.br\/noticias\/wp-content\/uploads\/2019\/09\/etica-economica-150x221.jpg 150w\" sizes=\"(max-width: 200px) 100vw, 200px\" \/>\u00c9tica econ\u00f4mica das religi\u00f5es mundiais<br \/>\n<\/strong><strong>Ensaios comparados de sociologia da religi\u00e3o<br \/>\n<\/strong><strong>Volume 3 &#8211; O juda\u00edsmo antigo<\/strong><\/h3>\n<p><strong>Max Weber<\/strong><\/p>\n<p>O terceiro volume de <em>\u00c9tica econ\u00f4mica das religi\u00f5es mundiais<\/em> traz um minucioso estudo do per\u00edodo inicial do processo de constitui\u00e7\u00e3o do povo judeu. Publicado nesta forma monogr\u00e1fica apenas em 1920, \u201cO juda\u00edsmo antigo\u201d \u00e9 um dos \u00faltimos trabalhos de Max Weber.<\/p>\n<p>Na busca por explicar a origem de alguns dos elementos mais caracter\u00edsticos da religi\u00e3o judaica, Weber come\u00e7a com uma descri\u00e7\u00e3o detalhada das condi\u00e7\u00f5es clim\u00e1ticas e geogr\u00e1ficas do territ\u00f3rio de Israel para ent\u00e3o analisar a constitui\u00e7\u00e3o social e pol\u00edtica da regi\u00e3o na sua antiguidade, sempre interessado na rela\u00e7\u00e3o com o desenvolvimento de pr\u00e1ticas rituais e religiosas \u2013 estilo que caracteriza toda a obra. Em um passo central da investiga\u00e7\u00e3o, Weber descreve as condi\u00e7\u00f5es de funda\u00e7\u00e3o da Alian\u00e7a das tribos judaicas e as raz\u00f5es hist\u00f3rico-sociais da sua forma de rela\u00e7\u00e3o com outros povos, esclarecendo tamb\u00e9m antecedentes econ\u00f4micos e a origem de diversas instru\u00e7\u00f5es do Antigo Testamento.<\/p>\n<p>Ao tratar especificamente a forma\u00e7\u00e3o do povo judeu, Weber analisa ainda a relev\u00e2ncia constitutiva do ex\u00edlio, do isolamento ritual\u00edstico e da moral judaica, e exp\u00f5e \u2013 em uma das teses fundamentais do estudo \u2013 a particularidade para ele talvez mais fundamental dos judeus da \u00e9poca: a de um povo que mesmo disperso mantinha uma identidade t\u00e3o forte a ponto de conservar por gera\u00e7\u00f5es um car\u00e1ter estrangeiro onde quer que fincasse ra\u00edzes \u2013 a particularidade de um povo <em>p\u00e1ria<\/em>.<\/p>\n<p>Conclu\u00edda pouco antes da morte do autor, esta \u00e9 uma an\u00e1lise fundamental para qualquer compreens\u00e3o do juda\u00edsmo n\u00e3o apenas nos aspectos religiosos, mas na sua origem hist\u00f3rica e social.<\/p>\n<p><strong>N\u00ba DE P\u00c1GINAS: 488<\/strong><\/p>\n<p>&nbsp;<\/p>\n<h3><strong><img loading=\"lazy\" class=\"alignleft size-full wp-image-211492\" src=\"https:\/\/franciscanos.org.br\/noticias\/wp-content\/uploads\/2019\/09\/FELIZ-DO-JEITO-CERTO.jpg\" alt=\"\" width=\"200\" height=\"319\" srcset=\"https:\/\/franciscanos.org.br\/noticias\/wp-content\/uploads\/2019\/09\/FELIZ-DO-JEITO-CERTO.jpg 200w, https:\/\/franciscanos.org.br\/noticias\/wp-content\/uploads\/2019\/09\/FELIZ-DO-JEITO-CERTO-150x239.jpg 150w\" sizes=\"(max-width: 200px) 100vw, 200px\" \/>Feliz do jeito certo<br \/>\n<\/strong><strong>Passos para a felicidade<\/strong><\/h3>\n<p><strong>Padre Elias Silva<\/strong><\/p>\n<p>A busca pela felicidade sempre norteia o ser humano. Mesmo que ele n\u00e3o tenha consci\u00eancia em cada a\u00e7\u00e3o, atitude e escolha, traz em si o objetivo final de ser feliz. Contudo, esse anseio carrega a falsa ideia de \u201cfelicidade\u201d onde n\u00e3o h\u00e1 a possibilidade do recome\u00e7o, do sofrimento, da tristeza, das cruzes&#8230; E, na verdade, a felicidade \u00e9, antes de tudo, ser gente, se reconhecer quem \u00e9, para que, assim, Deus assuma seu papel na nossa exist\u00eancia. E ainda, precisamos reconhecer que a felicidade \u00e9 um eterno ger\u00fandio, que se constr\u00f3i, se conquista, se decide, passo a passo.<\/p>\n<p>Padre Elias Silva deseja que este livro fa\u00e7a voc\u00ea compreender ainda mais os sonhos e desejos de Deus para a sua vida, nunca negando sua humanidade, mas a partir dela construindo dia a dia a felicidade como um dom divino.<\/p>\n<p style=\"padding-left: 40px;\"><strong>Padre Elias Silva<em>. <\/em><\/strong><em>Quem sou eu? Sou um ser humano fr\u00e1gil e limitado, que busca sempre lembrar desta realidade t\u00e3o essencial para ser feliz. Na busca pela felicidade do jeito certo, tornei-me sacerdote h\u00e1 7 anos, na Diocese de Urua\u00e7u, em Goi\u00e1s. Hoje exer\u00e7o in\u00fameras atividades e a\u00e7\u00f5es pastorais em minha diocese. Atualmente sou\u00a0 coordenador nacional da Pastoral Vocacional \u2013 CNBB, e apresento o programa \u201cFeliz do Jeito Certo\u201d na TV Evangelizar. Acima de tudo, sou algu\u00e9m que continua acreditando no ser humano e na a\u00e7\u00e3o amorosa de Deus.<\/em><\/p>\n<p><strong>N\u00ba DE P\u00c1GINAS: 104 <\/strong><\/p>\n<p>&nbsp;<\/p>\n<h3><strong><img loading=\"lazy\" class=\"alignleft size-full wp-image-211493\" src=\"https:\/\/franciscanos.org.br\/noticias\/wp-content\/uploads\/2019\/09\/o-mundo-completoda-mitologia.jpg\" alt=\"\" width=\"200\" height=\"274\" srcset=\"https:\/\/franciscanos.org.br\/noticias\/wp-content\/uploads\/2019\/09\/o-mundo-completoda-mitologia.jpg 200w, https:\/\/franciscanos.org.br\/noticias\/wp-content\/uploads\/2019\/09\/o-mundo-completoda-mitologia-150x206.jpg 150w\" sizes=\"(max-width: 200px) 100vw, 200px\" \/>O mundo completo da Mitologia Grega<\/strong><\/h3>\n<p><strong>Richard Buxton<\/strong><\/p>\n<p>Nenhum outro grupo de narrativas exibe maior riqueza e conte\u00fado, e certamente nenhum foi mais influente do que aquele que conhecemos como a \u201cmitologia grega\u201d. Relatos textuais e imagens visuais recordando as fa\u00e7anhas dos seus deuses e deusas, hero\u00ednas e her\u00f3is, s\u00e3o encontrados j\u00e1 no I mil\u00eanio a.C. e continuaram a ser produzidos, numa s\u00e9rie aparentemente inexaur\u00edvel de varia\u00e7\u00f5es e reinterpreta\u00e7\u00f5es, at\u00e9 os dias de hoje.<\/p>\n<p>Os significados que as pessoas encontraram nessas hist\u00f3rias variaram enormemente ao longo do tempo, ao sabor das perspectivas contrastantes atrav\u00e9s das quais diferentes culturas enxergaram do legado da Gr\u00e9cia antiga, e essa habilidade camale\u00f4nica para adapta\u00e7\u00e3o tem sido, obviamente, fator decisivo para sua sobreviv\u00eancia.<\/p>\n<p>Um dos temas mais salientados nesta obra \u00e9 a diversidade dos mitos gregos. H\u00e1 in\u00fameras varia\u00e7\u00f5es: entre autores, g\u00eaneros, per\u00edodos hist\u00f3ricos, localidades. Isso significa que a no\u00e7\u00e3o de \u201ccompletude\u201d, que o t\u00edtulo implica e aspira, h\u00e1 de permanecer um ideal inating\u00edvel? Se \u201ccompleto\u201d significa narrar cada uma e todas as varia\u00e7\u00f5es de cada um dos mitos, ent\u00e3o a resposta ser\u00e1 sim \u2013 embora n\u00e3o seja l\u00e1 uma grande perda, pois tal empreitada, se levada ao p\u00e9 da letra, afogaria o leitor num dil\u00favio de detalhes.<\/p>\n<p>O que podemos fazer, por\u00e9m, \u00e9 oferecer um quadro abrangente do <em>mundo<\/em> da mitologia grega \u2013 seus contornos e horizontes imaginativos, motivos e preocupa\u00e7\u00f5es recorrentes, que emprestam sentido \u00e0s hist\u00f3rias.<\/p>\n<p>Este objetivo, fact\u00edvel e v\u00e1lido, \u00e9 o foco destas p\u00e1ginas.<\/p>\n<p><strong>N\u00ba DE P\u00c1GINAS: 256<\/strong><\/p>\n<p>&nbsp;<\/p>\n<h3><strong><img loading=\"lazy\" class=\"alignleft size-full wp-image-211494\" src=\"https:\/\/franciscanos.org.br\/noticias\/wp-content\/uploads\/2019\/09\/john-locke.jpg\" alt=\"\" width=\"200\" height=\"338\" srcset=\"https:\/\/franciscanos.org.br\/noticias\/wp-content\/uploads\/2019\/09\/john-locke.jpg 200w, https:\/\/franciscanos.org.br\/noticias\/wp-content\/uploads\/2019\/09\/john-locke-150x254.jpg 150w\" sizes=\"(max-width: 200px) 100vw, 200px\" \/>Segundo tratado sobre o governo civil e outros escritos<\/strong><\/h3>\n<p><strong>John Locke<\/strong><\/p>\n<p>No <em>Segundo tratado<\/em> John Locke come\u00e7a com um relato do <em>estado de natureza<\/em>, condi\u00e7\u00e3o em que os homens s\u00e3o livres e iguais; mas n\u00e3o \u00e9 \u201cum estado de permissividade\u201d onde um possa prejudicar o outro. O \u201cestado de natureza\u201d tem uma lei de natureza para govern\u00e1-lo, a que todos est\u00e3o sujeitos; e a raz\u00e3o, que \u00e9 aquela lei, ensina a todo o g\u00eanero humano que, sendo iguais e independentes, ningu\u00e9m deve prejudicar o outro em sua vida, sa\u00fade, liberdade ou posses.<\/p>\n<p>Para Locke, quando o homem transgride a <em>lei da natureza<\/em>, torna-se um inimigo da humanidade e merece ser punido, pois renunciou \u00e0 raz\u00e3o.<\/p>\n<p style=\"padding-left: 40px;\"><strong>John Locke<em> (1632-1704)<\/em><\/strong><em> foi um pensador ingl\u00eas autor de diversas obras fundamentais para o pensamento <\/em><em>filos\u00f3fico e pol\u00edtico como Ensaio sobre o entendimento humano; Segundo tratado sobre o governo civil<\/em><em>e Carta sobre a toler\u00e2ncia. Essas obras foram escritas <\/em><em>durante os anos de ex\u00edlio e no calor da hora da Rev<\/em><em>olu\u00e7\u00e3o Gloriosa de 1688 na Inglaterra.<\/em><\/p>\n<p><strong>N\u00ba DE P\u00c1GINAS: 392<\/strong><\/p>\n","protected":false},"excerpt":{"rendered":"<p>Lan\u00e7amentos da Editora Vozes<\/p>\n","protected":false},"author":7,"featured_media":211582,"comment_status":"open","ping_status":"open","sticky":false,"template":"","format":"standard","meta":[],"categories":[1],"tags":[238],"acf":[],"yoast_head":"<!-- This site is optimized with the Yoast SEO plugin v19.2 - https:\/\/yoast.com\/wordpress\/plugins\/seo\/ -->\n<title>Lan\u00e7amentos Vozes: espiritualidade, autoajuda, economia... - Not\u00edcias - Franciscanos<\/title>\n<meta name=\"robots\" content=\"index, follow, max-snippet:-1, max-image-preview:large, max-video-preview:-1\" \/>\n<link rel=\"canonical\" href=\"https:\/\/franciscanos.org.br\/noticias\/lancamentos-vozes-espiritualidade-autoajuda-economia.html\" \/>\n<meta property=\"og:locale\" content=\"pt_BR\" \/>\n<meta property=\"og:type\" content=\"article\" \/>\n<meta property=\"og:title\" content=\"Lan\u00e7amentos Vozes: espiritualidade, autoajuda, economia... - Not\u00edcias - Franciscanos\" \/>\n<meta property=\"og:description\" content=\"Lan\u00e7amentos da Editora Vozes\" \/>\n<meta property=\"og:url\" content=\"https:\/\/franciscanos.org.br\/noticias\/lancamentos-vozes-espiritualidade-autoajuda-economia.html\" \/>\n<meta property=\"og:site_name\" content=\"Not\u00edcias - Franciscanos\" \/>\n<meta property=\"article:published_time\" content=\"2019-09-26T12:07:07+00:00\" \/>\n<meta property=\"article:modified_time\" content=\"2019-09-26T12:09:11+00:00\" \/>\n<meta property=\"og:image\" content=\"https:\/\/franciscanos.org.br\/noticias\/wp-content\/uploads\/2019\/09\/vozes_01d.jpg\" \/>\n\t<meta property=\"og:image:width\" content=\"273\" \/>\n\t<meta property=\"og:image:height\" content=\"181\" \/>\n\t<meta property=\"og:image:type\" content=\"image\/jpeg\" \/>\n<meta name=\"author\" content=\"jovenal\" \/>\n<meta name=\"twitter:card\" content=\"summary_large_image\" \/>\n<meta name=\"twitter:label1\" content=\"Escrito por\" \/>\n\t<meta name=\"twitter:data1\" content=\"jovenal\" \/>\n\t<meta name=\"twitter:label2\" content=\"Est. tempo de leitura\" \/>\n\t<meta name=\"twitter:data2\" content=\"8 minutos\" \/>\n<script type=\"application\/ld+json\" class=\"yoast-schema-graph\">{\"@context\":\"https:\/\/schema.org\",\"@graph\":[{\"@type\":\"WebSite\",\"@id\":\"https:\/\/franciscanos.org.br\/noticias\/#website\",\"url\":\"https:\/\/franciscanos.org.br\/noticias\/\",\"name\":\"Not\u00edcias - Franciscanos\",\"description\":\"Prov\u00edncia Franciscana da Imaculada Concei\u00e7\u00e3o do Brasil - Ordem dos Frades Menores - OFM\",\"potentialAction\":[{\"@type\":\"SearchAction\",\"target\":{\"@type\":\"EntryPoint\",\"urlTemplate\":\"https:\/\/franciscanos.org.br\/noticias\/?s={search_term_string}\"},\"query-input\":\"required name=search_term_string\"}],\"inLanguage\":\"pt-BR\"},{\"@type\":\"ImageObject\",\"inLanguage\":\"pt-BR\",\"@id\":\"https:\/\/franciscanos.org.br\/noticias\/lancamentos-vozes-espiritualidade-autoajuda-economia.html#primaryimage\",\"url\":\"https:\/\/franciscanos.org.br\/noticias\/wp-content\/uploads\/2019\/09\/vozes_01d.jpg\",\"contentUrl\":\"https:\/\/franciscanos.org.br\/noticias\/wp-content\/uploads\/2019\/09\/vozes_01d.jpg\",\"width\":273,\"height\":181},{\"@type\":\"WebPage\",\"@id\":\"https:\/\/franciscanos.org.br\/noticias\/lancamentos-vozes-espiritualidade-autoajuda-economia.html#webpage\",\"url\":\"https:\/\/franciscanos.org.br\/noticias\/lancamentos-vozes-espiritualidade-autoajuda-economia.html\",\"name\":\"Lan\u00e7amentos Vozes: espiritualidade, autoajuda, economia... - Not\u00edcias - Franciscanos\",\"isPartOf\":{\"@id\":\"https:\/\/franciscanos.org.br\/noticias\/#website\"},\"primaryImageOfPage\":{\"@id\":\"https:\/\/franciscanos.org.br\/noticias\/lancamentos-vozes-espiritualidade-autoajuda-economia.html#primaryimage\"},\"datePublished\":\"2019-09-26T12:07:07+00:00\",\"dateModified\":\"2019-09-26T12:09:11+00:00\",\"author\":{\"@id\":\"https:\/\/franciscanos.org.br\/noticias\/#\/schema\/person\/c3a26b08313dd1772495ce300ab257cc\"},\"breadcrumb\":{\"@id\":\"https:\/\/franciscanos.org.br\/noticias\/lancamentos-vozes-espiritualidade-autoajuda-economia.html#breadcrumb\"},\"inLanguage\":\"pt-BR\",\"potentialAction\":[{\"@type\":\"ReadAction\",\"target\":[\"https:\/\/franciscanos.org.br\/noticias\/lancamentos-vozes-espiritualidade-autoajuda-economia.html\"]}]},{\"@type\":\"BreadcrumbList\",\"@id\":\"https:\/\/franciscanos.org.br\/noticias\/lancamentos-vozes-espiritualidade-autoajuda-economia.html#breadcrumb\",\"itemListElement\":[{\"@type\":\"ListItem\",\"position\":1,\"name\":\"Home\",\"item\":\"https:\/\/franciscanos.org.br\/noticias\"},{\"@type\":\"ListItem\",\"position\":2,\"name\":\"Lan\u00e7amentos Vozes: espiritualidade, autoajuda, economia&#8230;\"}]},{\"@type\":\"Person\",\"@id\":\"https:\/\/franciscanos.org.br\/noticias\/#\/schema\/person\/c3a26b08313dd1772495ce300ab257cc\",\"name\":\"jovenal\",\"image\":{\"@type\":\"ImageObject\",\"inLanguage\":\"pt-BR\",\"@id\":\"https:\/\/franciscanos.org.br\/noticias\/#\/schema\/person\/image\/\",\"url\":\"https:\/\/secure.gravatar.com\/avatar\/e94509f531086e2eaf97e72f29ea00f9?s=96&d=mm&r=g\",\"contentUrl\":\"https:\/\/secure.gravatar.com\/avatar\/e94509f531086e2eaf97e72f29ea00f9?s=96&d=mm&r=g\",\"caption\":\"jovenal\"},\"url\":\"https:\/\/franciscanos.org.br\/noticias\/author\/jovenal\"}]}<\/script>\n<!-- \/ Yoast SEO plugin. -->","yoast_head_json":{"title":"Lan\u00e7amentos Vozes: espiritualidade, autoajuda, economia... - Not\u00edcias - Franciscanos","robots":{"index":"index","follow":"follow","max-snippet":"max-snippet:-1","max-image-preview":"max-image-preview:large","max-video-preview":"max-video-preview:-1"},"canonical":"https:\/\/franciscanos.org.br\/noticias\/lancamentos-vozes-espiritualidade-autoajuda-economia.html","og_locale":"pt_BR","og_type":"article","og_title":"Lan\u00e7amentos Vozes: espiritualidade, autoajuda, economia... - Not\u00edcias - Franciscanos","og_description":"Lan\u00e7amentos da Editora Vozes","og_url":"https:\/\/franciscanos.org.br\/noticias\/lancamentos-vozes-espiritualidade-autoajuda-economia.html","og_site_name":"Not\u00edcias - Franciscanos","article_published_time":"2019-09-26T12:07:07+00:00","article_modified_time":"2019-09-26T12:09:11+00:00","og_image":[{"width":273,"height":181,"url":"https:\/\/franciscanos.org.br\/noticias\/wp-content\/uploads\/2019\/09\/vozes_01d.jpg","type":"image\/jpeg"}],"author":"jovenal","twitter_card":"summary_large_image","twitter_misc":{"Escrito por":"jovenal","Est. tempo de leitura":"8 minutos"},"schema":{"@context":"https:\/\/schema.org","@graph":[{"@type":"WebSite","@id":"https:\/\/franciscanos.org.br\/noticias\/#website","url":"https:\/\/franciscanos.org.br\/noticias\/","name":"Not\u00edcias - Franciscanos","description":"Prov\u00edncia Franciscana da Imaculada Concei\u00e7\u00e3o do Brasil - Ordem dos Frades Menores - OFM","potentialAction":[{"@type":"SearchAction","target":{"@type":"EntryPoint","urlTemplate":"https:\/\/franciscanos.org.br\/noticias\/?s={search_term_string}"},"query-input":"required name=search_term_string"}],"inLanguage":"pt-BR"},{"@type":"ImageObject","inLanguage":"pt-BR","@id":"https:\/\/franciscanos.org.br\/noticias\/lancamentos-vozes-espiritualidade-autoajuda-economia.html#primaryimage","url":"https:\/\/franciscanos.org.br\/noticias\/wp-content\/uploads\/2019\/09\/vozes_01d.jpg","contentUrl":"https:\/\/franciscanos.org.br\/noticias\/wp-content\/uploads\/2019\/09\/vozes_01d.jpg","width":273,"height":181},{"@type":"WebPage","@id":"https:\/\/franciscanos.org.br\/noticias\/lancamentos-vozes-espiritualidade-autoajuda-economia.html#webpage","url":"https:\/\/franciscanos.org.br\/noticias\/lancamentos-vozes-espiritualidade-autoajuda-economia.html","name":"Lan\u00e7amentos Vozes: espiritualidade, autoajuda, economia... - Not\u00edcias - Franciscanos","isPartOf":{"@id":"https:\/\/franciscanos.org.br\/noticias\/#website"},"primaryImageOfPage":{"@id":"https:\/\/franciscanos.org.br\/noticias\/lancamentos-vozes-espiritualidade-autoajuda-economia.html#primaryimage"},"datePublished":"2019-09-26T12:07:07+00:00","dateModified":"2019-09-26T12:09:11+00:00","author":{"@id":"https:\/\/franciscanos.org.br\/noticias\/#\/schema\/person\/c3a26b08313dd1772495ce300ab257cc"},"breadcrumb":{"@id":"https:\/\/franciscanos.org.br\/noticias\/lancamentos-vozes-espiritualidade-autoajuda-economia.html#breadcrumb"},"inLanguage":"pt-BR","potentialAction":[{"@type":"ReadAction","target":["https:\/\/franciscanos.org.br\/noticias\/lancamentos-vozes-espiritualidade-autoajuda-economia.html"]}]},{"@type":"BreadcrumbList","@id":"https:\/\/franciscanos.org.br\/noticias\/lancamentos-vozes-espiritualidade-autoajuda-economia.html#breadcrumb","itemListElement":[{"@type":"ListItem","position":1,"name":"Home","item":"https:\/\/franciscanos.org.br\/noticias"},{"@type":"ListItem","position":2,"name":"Lan\u00e7amentos Vozes: espiritualidade, autoajuda, economia&#8230;"}]},{"@type":"Person","@id":"https:\/\/franciscanos.org.br\/noticias\/#\/schema\/person\/c3a26b08313dd1772495ce300ab257cc","name":"jovenal","image":{"@type":"ImageObject","inLanguage":"pt-BR","@id":"https:\/\/franciscanos.org.br\/noticias\/#\/schema\/person\/image\/","url":"https:\/\/secure.gravatar.com\/avatar\/e94509f531086e2eaf97e72f29ea00f9?s=96&d=mm&r=g","contentUrl":"https:\/\/secure.gravatar.com\/avatar\/e94509f531086e2eaf97e72f29ea00f9?s=96&d=mm&r=g","caption":"jovenal"},"url":"https:\/\/franciscanos.org.br\/noticias\/author\/jovenal"}]}},"_links":{"self":[{"href":"https:\/\/franciscanos.org.br\/noticias\/wp-json\/wp\/v2\/posts\/211488"}],"collection":[{"href":"https:\/\/franciscanos.org.br\/noticias\/wp-json\/wp\/v2\/posts"}],"about":[{"href":"https:\/\/franciscanos.org.br\/noticias\/wp-json\/wp\/v2\/types\/post"}],"author":[{"embeddable":true,"href":"https:\/\/franciscanos.org.br\/noticias\/wp-json\/wp\/v2\/users\/7"}],"replies":[{"embeddable":true,"href":"https:\/\/franciscanos.org.br\/noticias\/wp-json\/wp\/v2\/comments?post=211488"}],"version-history":[{"count":0,"href":"https:\/\/franciscanos.org.br\/noticias\/wp-json\/wp\/v2\/posts\/211488\/revisions"}],"wp:featuredmedia":[{"embeddable":true,"href":"https:\/\/franciscanos.org.br\/noticias\/wp-json\/wp\/v2\/media\/211582"}],"wp:attachment":[{"href":"https:\/\/franciscanos.org.br\/noticias\/wp-json\/wp\/v2\/media?parent=211488"}],"wp:term":[{"taxonomy":"category","embeddable":true,"href":"https:\/\/franciscanos.org.br\/noticias\/wp-json\/wp\/v2\/categories?post=211488"},{"taxonomy":"post_tag","embeddable":true,"href":"https:\/\/franciscanos.org.br\/noticias\/wp-json\/wp\/v2\/tags?post=211488"}],"curies":[{"name":"wp","href":"https:\/\/api.w.org\/{rel}","templated":true}]}}