{"id":211439,"date":"2019-09-24T09:07:21","date_gmt":"2019-09-24T12:07:21","guid":{"rendered":"https:\/\/franciscanos.org.br\/noticias\/?p=211439"},"modified":"2019-09-24T14:37:35","modified_gmt":"2019-09-24T17:37:35","slug":"29o-dia-de-navegacao-24-de-setembro","status":"publish","type":"post","link":"https:\/\/franciscanos.org.br\/noticias\/29o-dia-de-navegacao-24-de-setembro.html","title":{"rendered":"29\u00ba dia de navega\u00e7\u00e3o &#8211; 24 de setembro"},"content":{"rendered":"<p><img loading=\"lazy\" src=\"https:\/\/franciscanos.org.br\/noticias\/wp-content\/uploads\/2019\/09\/cabecalho.jpg\" alt=\"\" width=\"1200\" height=\"450\" \/><\/p>\n<h3><strong><img loading=\"lazy\" class=\"size-full wp-image-211440 alignright\" src=\"https:\/\/franciscanos.org.br\/noticias\/wp-content\/uploads\/2019\/09\/Dia-29.jpg\" alt=\"\" width=\"350\" height=\"502\" srcset=\"https:\/\/franciscanos.org.br\/noticias\/wp-content\/uploads\/2019\/09\/Dia-29.jpg 350w, https:\/\/franciscanos.org.br\/noticias\/wp-content\/uploads\/2019\/09\/Dia-29-314x450.jpg 314w, https:\/\/franciscanos.org.br\/noticias\/wp-content\/uploads\/2019\/09\/Dia-29-150x215.jpg 150w\" sizes=\"(max-width: 350px) 100vw, 350px\" \/>PETI\u00c7\u00c3O PERMANENTE PARA O S\u00cdNODO<\/strong><br \/>\n<strong>AMAZ\u00d4NICO NO IN\u00cdCIO DE CADA DIA:<\/strong><\/h3>\n<p style=\"padding-left: 40px;\"><em>\u201cQue o Deus da vida e da beleza, o Esp\u00edrito Santo que nos <\/em><em>impulsiona para mais fraternidade, unidade e dignidade, o <\/em><em>Cristo encarnado da Boa Nova, da incultura\u00e7\u00e3o e da <\/em><em>interculturalidade nos proporcionem serenidade, discernimento <\/em><em>e coragem para encontrar novos caminhos para a Igreja e para <\/em><em>uma ecologia integral neste S\u00ednodo Amaz\u00f4nico. Tudo isso para o <\/em><em>bem e a vida de seus povos e comunidades, e para caminhar mais <\/em><em>juntos pelo Reino\u201d.<\/em><\/p>\n<p>Medite por alguns momentos neste pedido inicial, busque a calma interior para entrar neste momento para navegar pelas \u00e1guas da Amaz\u00f4nia e a vida da Igreja a servi\u00e7o de seus povos e comunidades, e para ouvir o chamado de Deus atrav\u00e9s de sua palavra viva.<\/p>\n<p><strong>Leitura do dia (cada um e cada uma s\u00e3o convidados a <\/strong><strong>aprofundar a leitura completa de acordo com suas <\/strong><strong>pr\u00f3prias necessidades e crit\u00e9rios):<\/strong><\/p>\n<p><strong>Lucas 8, 19-21<\/strong><\/p>\n<p>\u201cSua m\u00e3e e seus irm\u00e3os vieram ter com ele, mas n\u00e3o podiam se aproximar, por causada multid\u00e3o. Algu\u00e9m lhe comunicou: \u201cTua m\u00e3e e teus irm\u00e3os est\u00e3o l\u00e1 fora e querem te ver\u201d. Ele respondeu: \u201cMinha m\u00e3e e meus irm\u00e3os s\u00e3o estes: os que ouvem a Palavra de Deus e a p\u00f5em em pr\u00e1tica\u201d.<\/p>\n<p><strong>Reflex\u00e3o sob a perspectiva do S\u00ednodo Amaz\u00f4nico:<\/strong><\/p>\n<p>A Amaz\u00f4nia e seus povos n\u00e3o s\u00e3o perfeitos, certamente n\u00e3o s\u00e3o a medida de todas as coisas, mas definitivamente ao contemplar as cat\u00e1strofes atuais causadas em grande parte por nosso modelo predominante de &#8220;desenvolvimento&#8221; acumulador, descartador que n\u00e3o respeita ou reconhece rostos concretos ou identidades, e onde a lei dos mais fortes (ou o mais aproveitador) \u00e9 vivida, nos sentimos profundamente chamados a olhar para este territ\u00f3rio e para quem mora l\u00e1, sem idealizar, tirar nossas sand\u00e1lias e aprender com eles outras maneiras de se relacionar com seu ambiente. Jesus nos pede na leitura de hoje que reconhe\u00e7amos um novo tipo de fraternidade e que criem la\u00e7os de fraternidade com todos aqueles que, por uma op\u00e7\u00e3o de vida sincera, buscam o bem comum e outro futuro menos desigual, e a\u00ed, nessa base, criam um significado de ser fam\u00edlia A grande novidade deste S\u00ednodo \u00e9 que ele reconhece um territ\u00f3rio, al\u00e9m das estruturas pol\u00edtico-administrativas ou mesmo eclesiais tradicionais, da vida que se conecta (no\u00e7\u00e3o de bioma ou sistema de vida interconectado) e, portanto, ao verificar a fragilidade de nossos la\u00e7os como sociedade atual, esse territ\u00f3rio nos chama a enriquecer o que n\u00e3o tem sido uma fonte de vida plena para todos, como Jesus pede e pelo que ele lutou. Trata-se de colocar o novo vinho em odres novos, para que fa\u00e7amos a tentativa genu\u00edna de ser mais irm\u00e3os e irm\u00e3s com todos aqueles que ouvem a mensagem de Deus e a colocam em pr\u00e1tica, superando as muitas divis\u00f5es que hoje nos dominam.<\/p>\n<p><strong>CONTEMPLA\u00c7\u00c3O<\/strong><\/p>\n<p style=\"padding-left: 40px;\"><em>Contemplemos a imagem deste dia e tomemos um momento para <\/em><em>reconhecer nossa pr\u00f3pria vida e experi\u00eancia na Igreja e ao servi\u00e7o <\/em><em>da Amaz\u00f4nia para pedir luz nesta palavra de Deus em <\/em><em>prepara\u00e7\u00e3o para o S\u00ednodo. Escrever meus pedidos particulares e <\/em><em>permanecer neles durante este dia. Convidamos voc\u00ea a manter <\/em><em>um registro de tudo o que o Esp\u00edrito nos provoca como <\/em><em>prepara\u00e7\u00e3o interior para o S\u00ednodo Amaz\u00f4nico.<\/em><\/p>\n<h3><strong>Cita\u00e7\u00e3o para fechar a medita\u00e7\u00e3o:<\/strong><\/h3>\n<p style=\"padding-left: 40px;\"><strong><em>Missa sobre o mundo. Teilhard de Chardin<\/em><\/strong><\/p>\n<p style=\"padding-left: 40px;\">Na jornada que come\u00e7a, Senhor, V\u00f3s acabais de descer. Pelos mesmos acontecimentos que est\u00e3o se preparando para nascer, todos n\u00f3s acolhemos a infinita diversidade na gradua\u00e7\u00e3o de sua Presen\u00e7a! Especificamente, V\u00f3s estareis presente um pouco, muito, progressivamente ou de modo nenhum em id\u00eanticas circunst\u00e2ncias que ter\u00e3o que comprometer a mim e a meus irm\u00e3os (&#8230;) para que em toda criatura eu descubra e sinta voc\u00ea, Senhor, fa\u00e7a que eu acredite.<\/p>\n","protected":false},"excerpt":{"rendered":"<p>40 DIAS PELO RIO <\/p>\n","protected":false},"author":7,"featured_media":210458,"comment_status":"open","ping_status":"open","sticky":false,"template":"","format":"standard","meta":[],"categories":[1528],"tags":[],"acf":[],"yoast_head":"<!-- This site is optimized with the Yoast SEO plugin v19.2 - https:\/\/yoast.com\/wordpress\/plugins\/seo\/ -->\n<title>29\u00ba dia de navega\u00e7\u00e3o - 24 de setembro - Not\u00edcias - Franciscanos<\/title>\n<meta name=\"robots\" content=\"index, follow, max-snippet:-1, max-image-preview:large, max-video-preview:-1\" \/>\n<link rel=\"canonical\" href=\"https:\/\/franciscanos.org.br\/noticias\/29o-dia-de-navegacao-24-de-setembro.html\" \/>\n<meta property=\"og:locale\" content=\"pt_BR\" \/>\n<meta property=\"og:type\" content=\"article\" \/>\n<meta property=\"og:title\" content=\"29\u00ba dia de navega\u00e7\u00e3o - 24 de setembro - Not\u00edcias - Franciscanos\" \/>\n<meta property=\"og:description\" content=\"40 DIAS PELO RIO\" \/>\n<meta property=\"og:url\" content=\"https:\/\/franciscanos.org.br\/noticias\/29o-dia-de-navegacao-24-de-setembro.html\" \/>\n<meta property=\"og:site_name\" content=\"Not\u00edcias - Franciscanos\" \/>\n<meta property=\"article:published_time\" content=\"2019-09-24T12:07:21+00:00\" \/>\n<meta property=\"article:modified_time\" content=\"2019-09-24T17:37:35+00:00\" \/>\n<meta property=\"og:image\" content=\"https:\/\/franciscanos.org.br\/noticias\/wp-content\/uploads\/2019\/09\/273.jpg\" \/>\n\t<meta property=\"og:image:width\" content=\"273\" \/>\n\t<meta property=\"og:image:height\" content=\"181\" \/>\n\t<meta property=\"og:image:type\" content=\"image\/jpeg\" \/>\n<meta name=\"author\" content=\"jovenal\" \/>\n<meta name=\"twitter:card\" content=\"summary_large_image\" \/>\n<meta name=\"twitter:label1\" content=\"Escrito por\" \/>\n\t<meta name=\"twitter:data1\" content=\"jovenal\" \/>\n\t<meta name=\"twitter:label2\" content=\"Est. tempo de leitura\" \/>\n\t<meta name=\"twitter:data2\" content=\"3 minutos\" \/>\n<script type=\"application\/ld+json\" class=\"yoast-schema-graph\">{\"@context\":\"https:\/\/schema.org\",\"@graph\":[{\"@type\":\"WebSite\",\"@id\":\"https:\/\/franciscanos.org.br\/noticias\/#website\",\"url\":\"https:\/\/franciscanos.org.br\/noticias\/\",\"name\":\"Not\u00edcias - Franciscanos\",\"description\":\"Prov\u00edncia Franciscana da Imaculada Concei\u00e7\u00e3o do Brasil - Ordem dos Frades Menores - OFM\",\"potentialAction\":[{\"@type\":\"SearchAction\",\"target\":{\"@type\":\"EntryPoint\",\"urlTemplate\":\"https:\/\/franciscanos.org.br\/noticias\/?s={search_term_string}\"},\"query-input\":\"required name=search_term_string\"}],\"inLanguage\":\"pt-BR\"},{\"@type\":\"ImageObject\",\"inLanguage\":\"pt-BR\",\"@id\":\"https:\/\/franciscanos.org.br\/noticias\/29o-dia-de-navegacao-24-de-setembro.html#primaryimage\",\"url\":\"https:\/\/franciscanos.org.br\/noticias\/wp-content\/uploads\/2019\/09\/273.jpg\",\"contentUrl\":\"https:\/\/franciscanos.org.br\/noticias\/wp-content\/uploads\/2019\/09\/273.jpg\",\"width\":273,\"height\":181},{\"@type\":\"WebPage\",\"@id\":\"https:\/\/franciscanos.org.br\/noticias\/29o-dia-de-navegacao-24-de-setembro.html#webpage\",\"url\":\"https:\/\/franciscanos.org.br\/noticias\/29o-dia-de-navegacao-24-de-setembro.html\",\"name\":\"29\u00ba dia de navega\u00e7\u00e3o - 24 de setembro - Not\u00edcias - Franciscanos\",\"isPartOf\":{\"@id\":\"https:\/\/franciscanos.org.br\/noticias\/#website\"},\"primaryImageOfPage\":{\"@id\":\"https:\/\/franciscanos.org.br\/noticias\/29o-dia-de-navegacao-24-de-setembro.html#primaryimage\"},\"datePublished\":\"2019-09-24T12:07:21+00:00\",\"dateModified\":\"2019-09-24T17:37:35+00:00\",\"author\":{\"@id\":\"https:\/\/franciscanos.org.br\/noticias\/#\/schema\/person\/c3a26b08313dd1772495ce300ab257cc\"},\"breadcrumb\":{\"@id\":\"https:\/\/franciscanos.org.br\/noticias\/29o-dia-de-navegacao-24-de-setembro.html#breadcrumb\"},\"inLanguage\":\"pt-BR\",\"potentialAction\":[{\"@type\":\"ReadAction\",\"target\":[\"https:\/\/franciscanos.org.br\/noticias\/29o-dia-de-navegacao-24-de-setembro.html\"]}]},{\"@type\":\"BreadcrumbList\",\"@id\":\"https:\/\/franciscanos.org.br\/noticias\/29o-dia-de-navegacao-24-de-setembro.html#breadcrumb\",\"itemListElement\":[{\"@type\":\"ListItem\",\"position\":1,\"name\":\"Home\",\"item\":\"https:\/\/franciscanos.org.br\/noticias\"},{\"@type\":\"ListItem\",\"position\":2,\"name\":\"29\u00ba dia de navega\u00e7\u00e3o &#8211; 24 de setembro\"}]},{\"@type\":\"Person\",\"@id\":\"https:\/\/franciscanos.org.br\/noticias\/#\/schema\/person\/c3a26b08313dd1772495ce300ab257cc\",\"name\":\"jovenal\",\"image\":{\"@type\":\"ImageObject\",\"inLanguage\":\"pt-BR\",\"@id\":\"https:\/\/franciscanos.org.br\/noticias\/#\/schema\/person\/image\/\",\"url\":\"https:\/\/secure.gravatar.com\/avatar\/e94509f531086e2eaf97e72f29ea00f9?s=96&d=mm&r=g\",\"contentUrl\":\"https:\/\/secure.gravatar.com\/avatar\/e94509f531086e2eaf97e72f29ea00f9?s=96&d=mm&r=g\",\"caption\":\"jovenal\"},\"url\":\"https:\/\/franciscanos.org.br\/noticias\/author\/jovenal\"}]}<\/script>\n<!-- \/ Yoast SEO plugin. -->","yoast_head_json":{"title":"29\u00ba dia de navega\u00e7\u00e3o - 24 de setembro - Not\u00edcias - Franciscanos","robots":{"index":"index","follow":"follow","max-snippet":"max-snippet:-1","max-image-preview":"max-image-preview:large","max-video-preview":"max-video-preview:-1"},"canonical":"https:\/\/franciscanos.org.br\/noticias\/29o-dia-de-navegacao-24-de-setembro.html","og_locale":"pt_BR","og_type":"article","og_title":"29\u00ba dia de navega\u00e7\u00e3o - 24 de setembro - Not\u00edcias - Franciscanos","og_description":"40 DIAS PELO RIO","og_url":"https:\/\/franciscanos.org.br\/noticias\/29o-dia-de-navegacao-24-de-setembro.html","og_site_name":"Not\u00edcias - Franciscanos","article_published_time":"2019-09-24T12:07:21+00:00","article_modified_time":"2019-09-24T17:37:35+00:00","og_image":[{"width":273,"height":181,"url":"https:\/\/franciscanos.org.br\/noticias\/wp-content\/uploads\/2019\/09\/273.jpg","type":"image\/jpeg"}],"author":"jovenal","twitter_card":"summary_large_image","twitter_misc":{"Escrito por":"jovenal","Est. tempo de leitura":"3 minutos"},"schema":{"@context":"https:\/\/schema.org","@graph":[{"@type":"WebSite","@id":"https:\/\/franciscanos.org.br\/noticias\/#website","url":"https:\/\/franciscanos.org.br\/noticias\/","name":"Not\u00edcias - Franciscanos","description":"Prov\u00edncia Franciscana da Imaculada Concei\u00e7\u00e3o do Brasil - Ordem dos Frades Menores - OFM","potentialAction":[{"@type":"SearchAction","target":{"@type":"EntryPoint","urlTemplate":"https:\/\/franciscanos.org.br\/noticias\/?s={search_term_string}"},"query-input":"required name=search_term_string"}],"inLanguage":"pt-BR"},{"@type":"ImageObject","inLanguage":"pt-BR","@id":"https:\/\/franciscanos.org.br\/noticias\/29o-dia-de-navegacao-24-de-setembro.html#primaryimage","url":"https:\/\/franciscanos.org.br\/noticias\/wp-content\/uploads\/2019\/09\/273.jpg","contentUrl":"https:\/\/franciscanos.org.br\/noticias\/wp-content\/uploads\/2019\/09\/273.jpg","width":273,"height":181},{"@type":"WebPage","@id":"https:\/\/franciscanos.org.br\/noticias\/29o-dia-de-navegacao-24-de-setembro.html#webpage","url":"https:\/\/franciscanos.org.br\/noticias\/29o-dia-de-navegacao-24-de-setembro.html","name":"29\u00ba dia de navega\u00e7\u00e3o - 24 de setembro - Not\u00edcias - Franciscanos","isPartOf":{"@id":"https:\/\/franciscanos.org.br\/noticias\/#website"},"primaryImageOfPage":{"@id":"https:\/\/franciscanos.org.br\/noticias\/29o-dia-de-navegacao-24-de-setembro.html#primaryimage"},"datePublished":"2019-09-24T12:07:21+00:00","dateModified":"2019-09-24T17:37:35+00:00","author":{"@id":"https:\/\/franciscanos.org.br\/noticias\/#\/schema\/person\/c3a26b08313dd1772495ce300ab257cc"},"breadcrumb":{"@id":"https:\/\/franciscanos.org.br\/noticias\/29o-dia-de-navegacao-24-de-setembro.html#breadcrumb"},"inLanguage":"pt-BR","potentialAction":[{"@type":"ReadAction","target":["https:\/\/franciscanos.org.br\/noticias\/29o-dia-de-navegacao-24-de-setembro.html"]}]},{"@type":"BreadcrumbList","@id":"https:\/\/franciscanos.org.br\/noticias\/29o-dia-de-navegacao-24-de-setembro.html#breadcrumb","itemListElement":[{"@type":"ListItem","position":1,"name":"Home","item":"https:\/\/franciscanos.org.br\/noticias"},{"@type":"ListItem","position":2,"name":"29\u00ba dia de navega\u00e7\u00e3o &#8211; 24 de setembro"}]},{"@type":"Person","@id":"https:\/\/franciscanos.org.br\/noticias\/#\/schema\/person\/c3a26b08313dd1772495ce300ab257cc","name":"jovenal","image":{"@type":"ImageObject","inLanguage":"pt-BR","@id":"https:\/\/franciscanos.org.br\/noticias\/#\/schema\/person\/image\/","url":"https:\/\/secure.gravatar.com\/avatar\/e94509f531086e2eaf97e72f29ea00f9?s=96&d=mm&r=g","contentUrl":"https:\/\/secure.gravatar.com\/avatar\/e94509f531086e2eaf97e72f29ea00f9?s=96&d=mm&r=g","caption":"jovenal"},"url":"https:\/\/franciscanos.org.br\/noticias\/author\/jovenal"}]}},"_links":{"self":[{"href":"https:\/\/franciscanos.org.br\/noticias\/wp-json\/wp\/v2\/posts\/211439"}],"collection":[{"href":"https:\/\/franciscanos.org.br\/noticias\/wp-json\/wp\/v2\/posts"}],"about":[{"href":"https:\/\/franciscanos.org.br\/noticias\/wp-json\/wp\/v2\/types\/post"}],"author":[{"embeddable":true,"href":"https:\/\/franciscanos.org.br\/noticias\/wp-json\/wp\/v2\/users\/7"}],"replies":[{"embeddable":true,"href":"https:\/\/franciscanos.org.br\/noticias\/wp-json\/wp\/v2\/comments?post=211439"}],"version-history":[{"count":0,"href":"https:\/\/franciscanos.org.br\/noticias\/wp-json\/wp\/v2\/posts\/211439\/revisions"}],"wp:featuredmedia":[{"embeddable":true,"href":"https:\/\/franciscanos.org.br\/noticias\/wp-json\/wp\/v2\/media\/210458"}],"wp:attachment":[{"href":"https:\/\/franciscanos.org.br\/noticias\/wp-json\/wp\/v2\/media?parent=211439"}],"wp:term":[{"taxonomy":"category","embeddable":true,"href":"https:\/\/franciscanos.org.br\/noticias\/wp-json\/wp\/v2\/categories?post=211439"},{"taxonomy":"post_tag","embeddable":true,"href":"https:\/\/franciscanos.org.br\/noticias\/wp-json\/wp\/v2\/tags?post=211439"}],"curies":[{"name":"wp","href":"https:\/\/api.w.org\/{rel}","templated":true}]}}