{"id":211382,"date":"2019-09-24T06:37:16","date_gmt":"2019-09-24T09:37:16","guid":{"rendered":"https:\/\/franciscanos.org.br\/noticias\/?p=211382"},"modified":"2019-09-24T10:19:41","modified_gmt":"2019-09-24T13:19:41","slug":"posvencao-o-cuidado-com-os-sobreviventes-de-suicidio","status":"publish","type":"post","link":"https:\/\/franciscanos.org.br\/noticias\/posvencao-o-cuidado-com-os-sobreviventes-de-suicidio.html","title":{"rendered":"Posven\u00e7\u00e3o: o cuidado com os sobreviventes do suic\u00eddio"},"content":{"rendered":"<p><img loading=\"lazy\" class=\"alignnone wp-image-211383 size-full\" src=\"https:\/\/franciscanos.org.br\/noticias\/wp-content\/uploads\/2019\/09\/posvencao_250919-g.jpg\" alt=\"\" width=\"890\" height=\"500\" srcset=\"https:\/\/franciscanos.org.br\/noticias\/wp-content\/uploads\/2019\/09\/posvencao_250919-g.jpg 890w, https:\/\/franciscanos.org.br\/noticias\/wp-content\/uploads\/2019\/09\/posvencao_250919-g-450x253.jpg 450w, https:\/\/franciscanos.org.br\/noticias\/wp-content\/uploads\/2019\/09\/posvencao_250919-g-768x431.jpg 768w, https:\/\/franciscanos.org.br\/noticias\/wp-content\/uploads\/2019\/09\/posvencao_250919-g-150x84.jpg 150w\" sizes=\"(max-width: 890px) 100vw, 890px\" \/><\/p>\n<p><strong>\u00c9rika Augusto<\/strong><\/p>\n<p><strong>S\u00e3o Paulo (SP) \u2013<\/strong> A cada morte por suic\u00eddio, estima-se que at\u00e9 135 pessoas sejam impactadas. S\u00e3o familiares, amigos, colegas de trabalho, pessoas que conviviam e mantinham algum tipo de rela\u00e7\u00e3o com a pessoa vitimada. Por\u00e9m, o luto por suic\u00eddio possui caracter\u00edsticas pr\u00f3prias, que demandam um cuidado especial, que \u00e9 chamado de posven\u00e7\u00e3o.<\/p>\n<p>Segundo Karen Scavacini, cofundadora e coordenadora do Instituto Vita Alere de Preven\u00e7\u00e3o e Posven\u00e7\u00e3o do Suic\u00eddio, esse processo ajuda as pessoas envolvidas a passarem pelo luto por suic\u00eddio, ressignificando sua vida ap\u00f3s a perda. Segundo a especialista, o luto por este tipo de morte tende a ser mais duradouro, al\u00e9m da probabilidade das pessoas envolvidas tamb\u00e9m desenvolverem tend\u00eancia suicida.<\/p>\n<p>Scavacini afirma que o suic\u00eddio est\u00e1 sempre envolto em d\u00favida, culpa e preconceito e o fato de falar sobre o assunto pode ajudar muitas pessoas. \u201cDentro das quest\u00f5es de morte, o suic\u00eddio entra como o maior dos tabus. As pessoas t\u00eam muito medo de falar sobre o assunto, pois elas acreditam que podem incitar algu\u00e9m a cometer suic\u00eddio. S\u00f3 que quanto mais falamos abertamente sobre o assunto, mais ajudamos as pessoas\u201d, explica a especialista.<\/p>\n<p>Al\u00e9m de cursos e palestras sobre o tema, o <strong><a href=\"https:\/\/vitaalere.com.br\/\" target=\"_blank\" rel=\"noopener noreferrer\">Instituto Vita Alere<\/a> <\/strong>promove o concurso liter\u00e1rio \u201cMem\u00f3ria Viva\u201d, que est\u00e1 em sua terceira edi\u00e7\u00e3o. O livro <strong><a href=\"https:\/\/vitaalere.com.br\/materiais-online\/livro-historias-de-sobreviventes\/\" target=\"_blank\" rel=\"noopener noreferrer\">\u201cHist\u00f3rias de sobreviventes do suic\u00eddio\u201d<\/a><\/strong> foi organizado a partir do material enviado nas primeiras edi\u00e7\u00f5es do concurso.<\/p>\n<h3><em><strong>A escrita como processo de cura<\/strong><\/em><\/h3>\n<p>Ap\u00f3s perder sua filha ca\u00e7ula, Terezinha do Carmo Guedes M\u00e1ximo descobriu na escrita uma forma de expressar seus sentimentos e ajudar outras pessoas que passaram pela mesma experi\u00eancia. Marina, sua filha ca\u00e7ula, faleceu em mar\u00e7o de 2017, v\u00edtima de suic\u00eddio. Ela tinha 19 anos e vinha de um quadro grave de depress\u00e3o, diagnosticado em novembro de 2016.<\/p>\n<p>Os textos de Terezinha ganharam um blog, chamado <strong><a href=\"https:\/\/nomoblidis.com.br\/\" target=\"_blank\" rel=\"noopener noreferrer\"><em>No m\u2019oblidis<\/em><\/a><\/strong>. \u201cFoi uma mensagem que a Marina deixou no perfil do WhatsApp: &#8220;<em>Si us plau no m&#8217;oblidis<\/em>&#8220;, que quer dizer &#8220;Por favor, n\u00e3o me esque\u00e7a&#8221; em catal\u00e3o.<\/p>\n<p>Para Terezinha, colocar os sentimentos no papel ajudou a entender o que ela estava vivendo. \u201cDepois que a Marina morreu, fiquei perdida e sozinha, n\u00e3o tinha com quem conversar. Nos grupos de apoio que eu frequentava, descobri que escrever era terap\u00eautico. Ent\u00e3o, comecei a escrever para aliviar um pouco meu sentimento. Junto com meu marido, Joseval, resolvi fazer o <em>blog<\/em> e publicar os meus textos falando desta dor. Quero mostrar para outras pessoas, que passam pelo mesmo problema, que elas n\u00e3o est\u00e3o sozinhas\u201d, afirma a autora.<\/p>\n<p>Al\u00e9m do blog, o casal coordena o Grupo de Apoio a Enlutados por Suic\u00eddio em S\u00e3o Bernardo do Campo (SP). Para ela, ouvir e partilhar o sentimento dos sobreviventes \u00e9 uma forma de superar a perda. \u201cO grupo de apoio \u00e9 um lugar de pertencimento, porque no grupo somos acolhidos e acolhemos, ent\u00e3o mostramos para o outro &#8211; atrav\u00e9s da troca de experi\u00eancias &#8211; que eles n\u00e3o est\u00e3o sozinhos e que os sentimentos que acompanham este luto fazem parte deste processo. O luto por suic\u00eddio \u00e9 um luto diferente, somos chamados de sobreviventes, porque \u00e9 uma trag\u00e9dia que acontece e lutamos todos os dias para sobreviver. O nosso luto apresenta culpa, vergonha, medo, raiva, rejei\u00e7\u00e3o, al\u00e9m dos sentimentos relacionados \u00e0 perda\u201d, descreve a coordenadora.<\/p>\n<p>A posven\u00e7\u00e3o \u00e9 o tema que encerra a s\u00e9rie de entrevistas sobre \u201cSetembro amarelo e a preven\u00e7\u00e3o ao suic\u00eddio\u201d, produzida pela Prov\u00edncia Franciscana atrav\u00e9s da Frente de Evangeliza\u00e7\u00e3o da Comunica\u00e7\u00e3o.<\/p>\n<p>Ou\u00e7a as entrevistas com Karen Scavacini e Terezinha do Carmo Guedes M\u00e1ximo, disponibilizadas em \u00e1udio no\u00a0<a href=\"https:\/\/soundcloud.com\/provincia-franciscana\/sets\/serie-de-entrevistas-setembro\" target=\"_blank\" rel=\"noopener noreferrer\">Soundcloud<\/a>,\u00a0<a href=\"https:\/\/open.spotify.com\/episode\/4Lsjydt2j3wVouLeVlcoNP\">Spotify<\/a>,\u00a0<a href=\"https:\/\/www.deezer.com\/br\/show\/512502\">Deezer<\/a>\u00a0e outros agregadores de\u00a0<em>podcast<\/em>.<\/p>\n<p><iframe loading=\"lazy\" src=\"https:\/\/w.soundcloud.com\/player\/?url=https%3A\/\/api.soundcloud.com\/playlists\/861595700&amp;color=%23e8bb39&amp;auto_play=true&amp;hide_related=true&amp;show_comments=false&amp;show_user=true&amp;show_reposts=false&amp;show_teaser=false\" width=\"100%\" height=\"450\" frameborder=\"no\" scrolling=\"no\"><\/iframe><\/p>\n","protected":false},"excerpt":{"rendered":"<p>Frente da Comunica\u00e7\u00e3o<\/p>\n","protected":false},"author":1,"featured_media":211424,"comment_status":"open","ping_status":"open","sticky":false,"template":"","format":"standard","meta":[],"categories":[1],"tags":[550,1431],"acf":[],"yoast_head":"<!-- This site is optimized with the Yoast SEO plugin v19.2 - https:\/\/yoast.com\/wordpress\/plugins\/seo\/ -->\n<title>Posven\u00e7\u00e3o: o cuidado com os sobreviventes do suic\u00eddio - Not\u00edcias - Franciscanos<\/title>\n<meta name=\"robots\" content=\"index, follow, max-snippet:-1, max-image-preview:large, max-video-preview:-1\" \/>\n<link rel=\"canonical\" href=\"https:\/\/franciscanos.org.br\/noticias\/posvencao-o-cuidado-com-os-sobreviventes-de-suicidio.html\" \/>\n<meta property=\"og:locale\" content=\"pt_BR\" \/>\n<meta property=\"og:type\" content=\"article\" \/>\n<meta property=\"og:title\" content=\"Posven\u00e7\u00e3o: o cuidado com os sobreviventes do suic\u00eddio - Not\u00edcias - Franciscanos\" \/>\n<meta property=\"og:description\" content=\"Frente da Comunica\u00e7\u00e3o\" \/>\n<meta property=\"og:url\" content=\"https:\/\/franciscanos.org.br\/noticias\/posvencao-o-cuidado-com-os-sobreviventes-de-suicidio.html\" \/>\n<meta property=\"og:site_name\" content=\"Not\u00edcias - Franciscanos\" \/>\n<meta property=\"article:published_time\" content=\"2019-09-24T09:37:16+00:00\" \/>\n<meta property=\"article:modified_time\" content=\"2019-09-24T13:19:41+00:00\" \/>\n<meta property=\"og:image\" content=\"https:\/\/franciscanos.org.br\/noticias\/wp-content\/uploads\/2019\/09\/posvencao_250919-p.jpg\" \/>\n\t<meta property=\"og:image:width\" content=\"273\" \/>\n\t<meta property=\"og:image:height\" content=\"181\" \/>\n\t<meta property=\"og:image:type\" content=\"image\/jpeg\" \/>\n<meta name=\"author\" content=\"admin\" \/>\n<meta name=\"twitter:card\" content=\"summary_large_image\" \/>\n<meta name=\"twitter:label1\" content=\"Escrito por\" \/>\n\t<meta name=\"twitter:data1\" content=\"admin\" \/>\n\t<meta name=\"twitter:label2\" content=\"Est. tempo de leitura\" \/>\n\t<meta name=\"twitter:data2\" content=\"3 minutos\" \/>\n<script type=\"application\/ld+json\" class=\"yoast-schema-graph\">{\"@context\":\"https:\/\/schema.org\",\"@graph\":[{\"@type\":\"WebSite\",\"@id\":\"https:\/\/franciscanos.org.br\/noticias\/#website\",\"url\":\"https:\/\/franciscanos.org.br\/noticias\/\",\"name\":\"Not\u00edcias - Franciscanos\",\"description\":\"Prov\u00edncia Franciscana da Imaculada Concei\u00e7\u00e3o do Brasil - Ordem dos Frades Menores - OFM\",\"potentialAction\":[{\"@type\":\"SearchAction\",\"target\":{\"@type\":\"EntryPoint\",\"urlTemplate\":\"https:\/\/franciscanos.org.br\/noticias\/?s={search_term_string}\"},\"query-input\":\"required name=search_term_string\"}],\"inLanguage\":\"pt-BR\"},{\"@type\":\"ImageObject\",\"inLanguage\":\"pt-BR\",\"@id\":\"https:\/\/franciscanos.org.br\/noticias\/posvencao-o-cuidado-com-os-sobreviventes-de-suicidio.html#primaryimage\",\"url\":\"https:\/\/franciscanos.org.br\/noticias\/wp-content\/uploads\/2019\/09\/posvencao_250919-p.jpg\",\"contentUrl\":\"https:\/\/franciscanos.org.br\/noticias\/wp-content\/uploads\/2019\/09\/posvencao_250919-p.jpg\",\"width\":273,\"height\":181,\"caption\":\"Sunflower field\"},{\"@type\":\"WebPage\",\"@id\":\"https:\/\/franciscanos.org.br\/noticias\/posvencao-o-cuidado-com-os-sobreviventes-de-suicidio.html#webpage\",\"url\":\"https:\/\/franciscanos.org.br\/noticias\/posvencao-o-cuidado-com-os-sobreviventes-de-suicidio.html\",\"name\":\"Posven\u00e7\u00e3o: o cuidado com os sobreviventes do suic\u00eddio - Not\u00edcias - Franciscanos\",\"isPartOf\":{\"@id\":\"https:\/\/franciscanos.org.br\/noticias\/#website\"},\"primaryImageOfPage\":{\"@id\":\"https:\/\/franciscanos.org.br\/noticias\/posvencao-o-cuidado-com-os-sobreviventes-de-suicidio.html#primaryimage\"},\"datePublished\":\"2019-09-24T09:37:16+00:00\",\"dateModified\":\"2019-09-24T13:19:41+00:00\",\"author\":{\"@id\":\"https:\/\/franciscanos.org.br\/noticias\/#\/schema\/person\/b38fbf43118f02820bd932f2e4b14ad3\"},\"breadcrumb\":{\"@id\":\"https:\/\/franciscanos.org.br\/noticias\/posvencao-o-cuidado-com-os-sobreviventes-de-suicidio.html#breadcrumb\"},\"inLanguage\":\"pt-BR\",\"potentialAction\":[{\"@type\":\"ReadAction\",\"target\":[\"https:\/\/franciscanos.org.br\/noticias\/posvencao-o-cuidado-com-os-sobreviventes-de-suicidio.html\"]}]},{\"@type\":\"BreadcrumbList\",\"@id\":\"https:\/\/franciscanos.org.br\/noticias\/posvencao-o-cuidado-com-os-sobreviventes-de-suicidio.html#breadcrumb\",\"itemListElement\":[{\"@type\":\"ListItem\",\"position\":1,\"name\":\"Home\",\"item\":\"https:\/\/franciscanos.org.br\/noticias\"},{\"@type\":\"ListItem\",\"position\":2,\"name\":\"Posven\u00e7\u00e3o: o cuidado com os sobreviventes do suic\u00eddio\"}]},{\"@type\":\"Person\",\"@id\":\"https:\/\/franciscanos.org.br\/noticias\/#\/schema\/person\/b38fbf43118f02820bd932f2e4b14ad3\",\"name\":\"admin\",\"image\":{\"@type\":\"ImageObject\",\"inLanguage\":\"pt-BR\",\"@id\":\"https:\/\/franciscanos.org.br\/noticias\/#\/schema\/person\/image\/\",\"url\":\"https:\/\/secure.gravatar.com\/avatar\/e8495742d34d0ba6448ea1c628263b3e?s=96&d=mm&r=g\",\"contentUrl\":\"https:\/\/secure.gravatar.com\/avatar\/e8495742d34d0ba6448ea1c628263b3e?s=96&d=mm&r=g\",\"caption\":\"admin\"},\"url\":\"https:\/\/franciscanos.org.br\/noticias\/author\/admin\"}]}<\/script>\n<!-- \/ Yoast SEO plugin. -->","yoast_head_json":{"title":"Posven\u00e7\u00e3o: o cuidado com os sobreviventes do suic\u00eddio - Not\u00edcias - Franciscanos","robots":{"index":"index","follow":"follow","max-snippet":"max-snippet:-1","max-image-preview":"max-image-preview:large","max-video-preview":"max-video-preview:-1"},"canonical":"https:\/\/franciscanos.org.br\/noticias\/posvencao-o-cuidado-com-os-sobreviventes-de-suicidio.html","og_locale":"pt_BR","og_type":"article","og_title":"Posven\u00e7\u00e3o: o cuidado com os sobreviventes do suic\u00eddio - Not\u00edcias - Franciscanos","og_description":"Frente da Comunica\u00e7\u00e3o","og_url":"https:\/\/franciscanos.org.br\/noticias\/posvencao-o-cuidado-com-os-sobreviventes-de-suicidio.html","og_site_name":"Not\u00edcias - Franciscanos","article_published_time":"2019-09-24T09:37:16+00:00","article_modified_time":"2019-09-24T13:19:41+00:00","og_image":[{"width":273,"height":181,"url":"https:\/\/franciscanos.org.br\/noticias\/wp-content\/uploads\/2019\/09\/posvencao_250919-p.jpg","type":"image\/jpeg"}],"author":"admin","twitter_card":"summary_large_image","twitter_misc":{"Escrito por":"admin","Est. tempo de leitura":"3 minutos"},"schema":{"@context":"https:\/\/schema.org","@graph":[{"@type":"WebSite","@id":"https:\/\/franciscanos.org.br\/noticias\/#website","url":"https:\/\/franciscanos.org.br\/noticias\/","name":"Not\u00edcias - Franciscanos","description":"Prov\u00edncia Franciscana da Imaculada Concei\u00e7\u00e3o do Brasil - Ordem dos Frades Menores - OFM","potentialAction":[{"@type":"SearchAction","target":{"@type":"EntryPoint","urlTemplate":"https:\/\/franciscanos.org.br\/noticias\/?s={search_term_string}"},"query-input":"required name=search_term_string"}],"inLanguage":"pt-BR"},{"@type":"ImageObject","inLanguage":"pt-BR","@id":"https:\/\/franciscanos.org.br\/noticias\/posvencao-o-cuidado-com-os-sobreviventes-de-suicidio.html#primaryimage","url":"https:\/\/franciscanos.org.br\/noticias\/wp-content\/uploads\/2019\/09\/posvencao_250919-p.jpg","contentUrl":"https:\/\/franciscanos.org.br\/noticias\/wp-content\/uploads\/2019\/09\/posvencao_250919-p.jpg","width":273,"height":181,"caption":"Sunflower field"},{"@type":"WebPage","@id":"https:\/\/franciscanos.org.br\/noticias\/posvencao-o-cuidado-com-os-sobreviventes-de-suicidio.html#webpage","url":"https:\/\/franciscanos.org.br\/noticias\/posvencao-o-cuidado-com-os-sobreviventes-de-suicidio.html","name":"Posven\u00e7\u00e3o: o cuidado com os sobreviventes do suic\u00eddio - Not\u00edcias - Franciscanos","isPartOf":{"@id":"https:\/\/franciscanos.org.br\/noticias\/#website"},"primaryImageOfPage":{"@id":"https:\/\/franciscanos.org.br\/noticias\/posvencao-o-cuidado-com-os-sobreviventes-de-suicidio.html#primaryimage"},"datePublished":"2019-09-24T09:37:16+00:00","dateModified":"2019-09-24T13:19:41+00:00","author":{"@id":"https:\/\/franciscanos.org.br\/noticias\/#\/schema\/person\/b38fbf43118f02820bd932f2e4b14ad3"},"breadcrumb":{"@id":"https:\/\/franciscanos.org.br\/noticias\/posvencao-o-cuidado-com-os-sobreviventes-de-suicidio.html#breadcrumb"},"inLanguage":"pt-BR","potentialAction":[{"@type":"ReadAction","target":["https:\/\/franciscanos.org.br\/noticias\/posvencao-o-cuidado-com-os-sobreviventes-de-suicidio.html"]}]},{"@type":"BreadcrumbList","@id":"https:\/\/franciscanos.org.br\/noticias\/posvencao-o-cuidado-com-os-sobreviventes-de-suicidio.html#breadcrumb","itemListElement":[{"@type":"ListItem","position":1,"name":"Home","item":"https:\/\/franciscanos.org.br\/noticias"},{"@type":"ListItem","position":2,"name":"Posven\u00e7\u00e3o: o cuidado com os sobreviventes do suic\u00eddio"}]},{"@type":"Person","@id":"https:\/\/franciscanos.org.br\/noticias\/#\/schema\/person\/b38fbf43118f02820bd932f2e4b14ad3","name":"admin","image":{"@type":"ImageObject","inLanguage":"pt-BR","@id":"https:\/\/franciscanos.org.br\/noticias\/#\/schema\/person\/image\/","url":"https:\/\/secure.gravatar.com\/avatar\/e8495742d34d0ba6448ea1c628263b3e?s=96&d=mm&r=g","contentUrl":"https:\/\/secure.gravatar.com\/avatar\/e8495742d34d0ba6448ea1c628263b3e?s=96&d=mm&r=g","caption":"admin"},"url":"https:\/\/franciscanos.org.br\/noticias\/author\/admin"}]}},"_links":{"self":[{"href":"https:\/\/franciscanos.org.br\/noticias\/wp-json\/wp\/v2\/posts\/211382"}],"collection":[{"href":"https:\/\/franciscanos.org.br\/noticias\/wp-json\/wp\/v2\/posts"}],"about":[{"href":"https:\/\/franciscanos.org.br\/noticias\/wp-json\/wp\/v2\/types\/post"}],"author":[{"embeddable":true,"href":"https:\/\/franciscanos.org.br\/noticias\/wp-json\/wp\/v2\/users\/1"}],"replies":[{"embeddable":true,"href":"https:\/\/franciscanos.org.br\/noticias\/wp-json\/wp\/v2\/comments?post=211382"}],"version-history":[{"count":0,"href":"https:\/\/franciscanos.org.br\/noticias\/wp-json\/wp\/v2\/posts\/211382\/revisions"}],"wp:featuredmedia":[{"embeddable":true,"href":"https:\/\/franciscanos.org.br\/noticias\/wp-json\/wp\/v2\/media\/211424"}],"wp:attachment":[{"href":"https:\/\/franciscanos.org.br\/noticias\/wp-json\/wp\/v2\/media?parent=211382"}],"wp:term":[{"taxonomy":"category","embeddable":true,"href":"https:\/\/franciscanos.org.br\/noticias\/wp-json\/wp\/v2\/categories?post=211382"},{"taxonomy":"post_tag","embeddable":true,"href":"https:\/\/franciscanos.org.br\/noticias\/wp-json\/wp\/v2\/tags?post=211382"}],"curies":[{"name":"wp","href":"https:\/\/api.w.org\/{rel}","templated":true}]}}