{"id":211345,"date":"2019-09-23T08:23:22","date_gmt":"2019-09-23T11:23:22","guid":{"rendered":"https:\/\/franciscanos.org.br\/noticias\/?p=211345"},"modified":"2019-09-24T08:28:05","modified_gmt":"2019-09-24T11:28:05","slug":"28o-dia-de-navegacao-23-de-setembro","status":"publish","type":"post","link":"https:\/\/franciscanos.org.br\/noticias\/28o-dia-de-navegacao-23-de-setembro.html","title":{"rendered":"28\u00ba dia de navega\u00e7\u00e3o &#8211; 23 de setembro"},"content":{"rendered":"<p><img loading=\"lazy\" class=\"alignnone size-full wp-image-210435\" src=\"https:\/\/franciscanos.org.br\/noticias\/wp-content\/uploads\/2019\/09\/cabecalho.jpg\" alt=\"\" width=\"1200\" height=\"450\" srcset=\"https:\/\/franciscanos.org.br\/noticias\/wp-content\/uploads\/2019\/09\/cabecalho.jpg 1200w, https:\/\/franciscanos.org.br\/noticias\/wp-content\/uploads\/2019\/09\/cabecalho-450x169.jpg 450w, https:\/\/franciscanos.org.br\/noticias\/wp-content\/uploads\/2019\/09\/cabecalho-768x288.jpg 768w, https:\/\/franciscanos.org.br\/noticias\/wp-content\/uploads\/2019\/09\/cabecalho-1024x384.jpg 1024w, https:\/\/franciscanos.org.br\/noticias\/wp-content\/uploads\/2019\/09\/cabecalho-150x56.jpg 150w\" sizes=\"(max-width: 1200px) 100vw, 1200px\" \/><\/p>\n<h3><strong><img loading=\"lazy\" class=\"alignright size-full wp-image-211346\" src=\"https:\/\/franciscanos.org.br\/noticias\/wp-content\/uploads\/2019\/09\/28dia.png\" alt=\"\" width=\"350\" height=\"500\" srcset=\"https:\/\/franciscanos.org.br\/noticias\/wp-content\/uploads\/2019\/09\/28dia.png 350w, https:\/\/franciscanos.org.br\/noticias\/wp-content\/uploads\/2019\/09\/28dia-315x450.png 315w, https:\/\/franciscanos.org.br\/noticias\/wp-content\/uploads\/2019\/09\/28dia-150x214.png 150w\" sizes=\"(max-width: 350px) 100vw, 350px\" \/>PETI\u00c7\u00c3O PERMANENTE PARA O S\u00cdNODO<\/strong><br \/>\n<strong>AMAZ\u00d4NICO NO IN\u00cdCIO DE CADA DIA:<\/strong><\/h3>\n<p style=\"padding-left: 40px;\"><em>\u201cQue o Deus da vida e da beleza, o Esp\u00edrito Santo que nos <\/em><em>impulsiona para mais fraternidade, unidade e dignidade, o <\/em><em>Cristo encarnado da Boa Nova, da incultura\u00e7\u00e3o e da <\/em><em>interculturalidade nos proporcionem serenidade, discernimento <\/em><em>e coragem para encontrar novos caminhos para a Igreja e para <\/em><em>uma ecologia integral neste S\u00ednodo Amaz\u00f4nico. Tudo isso para o <\/em><em>bem e a vida de seus povos e comunidades, e para caminhar mais <\/em><em>juntos pelo Reino\u201d.<\/em><\/p>\n<p>Medite por alguns momentos neste pedido inicial, busque a calma interior para entrar neste momento para navegar pelas \u00e1guas da Amaz\u00f4nia e a vida da Igreja a servi\u00e7o de seus povos e comunidades, e para ouvir o chamado de Deus atrav\u00e9s de sua palavra viva.<\/p>\n<p><strong>Leitura do dia (cada um e cada uma s\u00e3o convidados a <\/strong><strong>aprofundar a leitura completa de acordo com suas <\/strong><strong>pr\u00f3prias necessidades e crit\u00e9rios):<\/strong><\/p>\n<p><strong>Lucas 8,16-18 (fragmento)<\/strong><\/p>\n<p>\u201cNingu\u00e9m acende uma l\u00e2mpada para escond\u00ea-la debaixo de uma vasilha ou coloc\u00e1-la debaixo da cama; ela \u00e9 posta no candelabro, a fim de que os que entram vejam a claridade. Ora, nada h\u00e1 de escondido que n\u00e3o venha a ser descoberto. Nada h\u00e1 de secreto que n\u00e3o venha a ser conhecido e se tornar p\u00fablico.\u201d<\/p>\n<p><strong>Reflex\u00e3o sob a perspectiva do S\u00ednodo Amaz\u00f4nico:<\/strong><\/p>\n<p>A vida da Amaz\u00f4nia \u00e9 uma luz acesa para o mundo e deve ser vista e compartilhada. N\u00e3o podemos cobrir a gra\u00e7a do mist\u00e9rio de Deus na maravilha deste territ\u00f3rio e sua grande diversidade e equil\u00edbrio, muito menos no interesse de poder domin\u00e1-la e explor\u00e1-la, mantendo-a fora dos olhos dos outros. Este S\u00ednodo, embora seja de natureza territorial em um bioma espec\u00edfico, \u00e9 uma luz acesa que servir\u00e1 para iluminar a miss\u00e3o universal da Igreja e tamb\u00e9m ser\u00e1 uma chamada urgente de aten\u00e7\u00e3o a todas as regi\u00f5es do mundo para reconhecer a fragilidade de nosso mundo e a import\u00e2ncia dos ecossistemas e os povos que os protegem para o futuro. O projeto de Deus exige que mulheres e homens cuidem desses biomas, e n\u00e3o aqueles destruidores que desejam manter seus interesses para explor\u00e1-los em segredo enquanto parecem ser pessoas de bem. O que est\u00e1 no fundo do cora\u00e7\u00e3o das pessoas, seus interesses genu\u00ednos, vir\u00e1 \u00e0 luz no final do dia.<\/p>\n<p><strong>CONTEMPLA\u00c7\u00c3O<\/strong><\/p>\n<p style=\"padding-left: 40px;\"><em>Contemplemos a imagem deste dia e tomemos um momento para reconhecer nossa pr\u00f3pria vida e experi\u00eancia na Igreja e ao servi\u00e7o da Amaz\u00f4nia para pedir luz nesta palavra de Deus em prepara\u00e7\u00e3o para o S\u00ednodo. Escrever meus pedidos particulares e permanecer neles durante este dia. Convidamos voc\u00ea a manter um registro de tudo o que o Esp\u00edrito nos provoca como prepara\u00e7\u00e3o interior para o S\u00ednodo Amaz\u00f4nico.<\/em><\/p>\n<p><strong>Cita\u00e7\u00e3o para fechar a medita\u00e7\u00e3o:<\/strong><\/p>\n<p style=\"padding-left: 40px;\"><em><strong>Instrumentum Laboris, 11.<\/strong><\/em><\/p>\n<p style=\"padding-left: 40px;\">\u201cNosso servi\u00e7o pastoral\u201d, como afirmaram os Bispos em Aparecida, constitui um servi\u00e7o \u201c\u00e0 vida plena dos povos ind\u00edgenas [a qual] exige que anunciemos a Jesus Cristo e a Boa Nova do Reino de Deus, denunciemos as situa\u00e7\u00f5es de pecado, as estruturas de morte, a viol\u00eancia e as injusti\u00e7as internas e externas, e fomentemos o di\u00e1logo intercultural, inter-religioso e ecum\u00eanico\u201d (DAp., 95). Procuremos discernir este an\u00fancio e esta den\u00fancia \u00e0 luz de Jesus Cristo, o Vivente (cf. Ap 1, 18), plenitude da revela\u00e7\u00e3o (cf. DV, 2).<\/p>\n","protected":false},"excerpt":{"rendered":"<p>40 DIAS PELO RIO AMAZONAS<\/p>\n","protected":false},"author":1,"featured_media":210458,"comment_status":"open","ping_status":"open","sticky":false,"template":"","format":"standard","meta":[],"categories":[1528],"tags":[833,834],"acf":[],"yoast_head":"<!-- This site is optimized with the Yoast SEO plugin v19.2 - https:\/\/yoast.com\/wordpress\/plugins\/seo\/ -->\n<title>28\u00ba dia de navega\u00e7\u00e3o - 23 de setembro - Not\u00edcias - Franciscanos<\/title>\n<meta name=\"robots\" content=\"index, follow, max-snippet:-1, max-image-preview:large, max-video-preview:-1\" \/>\n<link rel=\"canonical\" href=\"https:\/\/franciscanos.org.br\/noticias\/28o-dia-de-navegacao-23-de-setembro.html\" \/>\n<meta property=\"og:locale\" content=\"pt_BR\" \/>\n<meta property=\"og:type\" content=\"article\" \/>\n<meta property=\"og:title\" content=\"28\u00ba dia de navega\u00e7\u00e3o - 23 de setembro - Not\u00edcias - Franciscanos\" \/>\n<meta property=\"og:description\" content=\"40 DIAS PELO RIO AMAZONAS\" \/>\n<meta property=\"og:url\" content=\"https:\/\/franciscanos.org.br\/noticias\/28o-dia-de-navegacao-23-de-setembro.html\" \/>\n<meta property=\"og:site_name\" content=\"Not\u00edcias - Franciscanos\" \/>\n<meta property=\"article:published_time\" content=\"2019-09-23T11:23:22+00:00\" \/>\n<meta property=\"article:modified_time\" content=\"2019-09-24T11:28:05+00:00\" \/>\n<meta property=\"og:image\" content=\"https:\/\/franciscanos.org.br\/noticias\/wp-content\/uploads\/2019\/09\/273.jpg\" \/>\n\t<meta property=\"og:image:width\" content=\"273\" \/>\n\t<meta property=\"og:image:height\" content=\"181\" \/>\n\t<meta property=\"og:image:type\" content=\"image\/jpeg\" \/>\n<meta name=\"author\" content=\"admin\" \/>\n<meta name=\"twitter:card\" content=\"summary_large_image\" \/>\n<meta name=\"twitter:label1\" content=\"Escrito por\" \/>\n\t<meta name=\"twitter:data1\" content=\"admin\" \/>\n\t<meta name=\"twitter:label2\" content=\"Est. tempo de leitura\" \/>\n\t<meta name=\"twitter:data2\" content=\"3 minutos\" \/>\n<script type=\"application\/ld+json\" class=\"yoast-schema-graph\">{\"@context\":\"https:\/\/schema.org\",\"@graph\":[{\"@type\":\"WebSite\",\"@id\":\"https:\/\/franciscanos.org.br\/noticias\/#website\",\"url\":\"https:\/\/franciscanos.org.br\/noticias\/\",\"name\":\"Not\u00edcias - Franciscanos\",\"description\":\"Prov\u00edncia Franciscana da Imaculada Concei\u00e7\u00e3o do Brasil - Ordem dos Frades Menores - OFM\",\"potentialAction\":[{\"@type\":\"SearchAction\",\"target\":{\"@type\":\"EntryPoint\",\"urlTemplate\":\"https:\/\/franciscanos.org.br\/noticias\/?s={search_term_string}\"},\"query-input\":\"required name=search_term_string\"}],\"inLanguage\":\"pt-BR\"},{\"@type\":\"ImageObject\",\"inLanguage\":\"pt-BR\",\"@id\":\"https:\/\/franciscanos.org.br\/noticias\/28o-dia-de-navegacao-23-de-setembro.html#primaryimage\",\"url\":\"https:\/\/franciscanos.org.br\/noticias\/wp-content\/uploads\/2019\/09\/273.jpg\",\"contentUrl\":\"https:\/\/franciscanos.org.br\/noticias\/wp-content\/uploads\/2019\/09\/273.jpg\",\"width\":273,\"height\":181},{\"@type\":\"WebPage\",\"@id\":\"https:\/\/franciscanos.org.br\/noticias\/28o-dia-de-navegacao-23-de-setembro.html#webpage\",\"url\":\"https:\/\/franciscanos.org.br\/noticias\/28o-dia-de-navegacao-23-de-setembro.html\",\"name\":\"28\u00ba dia de navega\u00e7\u00e3o - 23 de setembro - Not\u00edcias - Franciscanos\",\"isPartOf\":{\"@id\":\"https:\/\/franciscanos.org.br\/noticias\/#website\"},\"primaryImageOfPage\":{\"@id\":\"https:\/\/franciscanos.org.br\/noticias\/28o-dia-de-navegacao-23-de-setembro.html#primaryimage\"},\"datePublished\":\"2019-09-23T11:23:22+00:00\",\"dateModified\":\"2019-09-24T11:28:05+00:00\",\"author\":{\"@id\":\"https:\/\/franciscanos.org.br\/noticias\/#\/schema\/person\/b38fbf43118f02820bd932f2e4b14ad3\"},\"breadcrumb\":{\"@id\":\"https:\/\/franciscanos.org.br\/noticias\/28o-dia-de-navegacao-23-de-setembro.html#breadcrumb\"},\"inLanguage\":\"pt-BR\",\"potentialAction\":[{\"@type\":\"ReadAction\",\"target\":[\"https:\/\/franciscanos.org.br\/noticias\/28o-dia-de-navegacao-23-de-setembro.html\"]}]},{\"@type\":\"BreadcrumbList\",\"@id\":\"https:\/\/franciscanos.org.br\/noticias\/28o-dia-de-navegacao-23-de-setembro.html#breadcrumb\",\"itemListElement\":[{\"@type\":\"ListItem\",\"position\":1,\"name\":\"Home\",\"item\":\"https:\/\/franciscanos.org.br\/noticias\"},{\"@type\":\"ListItem\",\"position\":2,\"name\":\"28\u00ba dia de navega\u00e7\u00e3o &#8211; 23 de setembro\"}]},{\"@type\":\"Person\",\"@id\":\"https:\/\/franciscanos.org.br\/noticias\/#\/schema\/person\/b38fbf43118f02820bd932f2e4b14ad3\",\"name\":\"admin\",\"image\":{\"@type\":\"ImageObject\",\"inLanguage\":\"pt-BR\",\"@id\":\"https:\/\/franciscanos.org.br\/noticias\/#\/schema\/person\/image\/\",\"url\":\"https:\/\/secure.gravatar.com\/avatar\/e8495742d34d0ba6448ea1c628263b3e?s=96&d=mm&r=g\",\"contentUrl\":\"https:\/\/secure.gravatar.com\/avatar\/e8495742d34d0ba6448ea1c628263b3e?s=96&d=mm&r=g\",\"caption\":\"admin\"},\"url\":\"https:\/\/franciscanos.org.br\/noticias\/author\/admin\"}]}<\/script>\n<!-- \/ Yoast SEO plugin. -->","yoast_head_json":{"title":"28\u00ba dia de navega\u00e7\u00e3o - 23 de setembro - Not\u00edcias - Franciscanos","robots":{"index":"index","follow":"follow","max-snippet":"max-snippet:-1","max-image-preview":"max-image-preview:large","max-video-preview":"max-video-preview:-1"},"canonical":"https:\/\/franciscanos.org.br\/noticias\/28o-dia-de-navegacao-23-de-setembro.html","og_locale":"pt_BR","og_type":"article","og_title":"28\u00ba dia de navega\u00e7\u00e3o - 23 de setembro - Not\u00edcias - Franciscanos","og_description":"40 DIAS PELO RIO AMAZONAS","og_url":"https:\/\/franciscanos.org.br\/noticias\/28o-dia-de-navegacao-23-de-setembro.html","og_site_name":"Not\u00edcias - Franciscanos","article_published_time":"2019-09-23T11:23:22+00:00","article_modified_time":"2019-09-24T11:28:05+00:00","og_image":[{"width":273,"height":181,"url":"https:\/\/franciscanos.org.br\/noticias\/wp-content\/uploads\/2019\/09\/273.jpg","type":"image\/jpeg"}],"author":"admin","twitter_card":"summary_large_image","twitter_misc":{"Escrito por":"admin","Est. tempo de leitura":"3 minutos"},"schema":{"@context":"https:\/\/schema.org","@graph":[{"@type":"WebSite","@id":"https:\/\/franciscanos.org.br\/noticias\/#website","url":"https:\/\/franciscanos.org.br\/noticias\/","name":"Not\u00edcias - Franciscanos","description":"Prov\u00edncia Franciscana da Imaculada Concei\u00e7\u00e3o do Brasil - Ordem dos Frades Menores - OFM","potentialAction":[{"@type":"SearchAction","target":{"@type":"EntryPoint","urlTemplate":"https:\/\/franciscanos.org.br\/noticias\/?s={search_term_string}"},"query-input":"required name=search_term_string"}],"inLanguage":"pt-BR"},{"@type":"ImageObject","inLanguage":"pt-BR","@id":"https:\/\/franciscanos.org.br\/noticias\/28o-dia-de-navegacao-23-de-setembro.html#primaryimage","url":"https:\/\/franciscanos.org.br\/noticias\/wp-content\/uploads\/2019\/09\/273.jpg","contentUrl":"https:\/\/franciscanos.org.br\/noticias\/wp-content\/uploads\/2019\/09\/273.jpg","width":273,"height":181},{"@type":"WebPage","@id":"https:\/\/franciscanos.org.br\/noticias\/28o-dia-de-navegacao-23-de-setembro.html#webpage","url":"https:\/\/franciscanos.org.br\/noticias\/28o-dia-de-navegacao-23-de-setembro.html","name":"28\u00ba dia de navega\u00e7\u00e3o - 23 de setembro - Not\u00edcias - Franciscanos","isPartOf":{"@id":"https:\/\/franciscanos.org.br\/noticias\/#website"},"primaryImageOfPage":{"@id":"https:\/\/franciscanos.org.br\/noticias\/28o-dia-de-navegacao-23-de-setembro.html#primaryimage"},"datePublished":"2019-09-23T11:23:22+00:00","dateModified":"2019-09-24T11:28:05+00:00","author":{"@id":"https:\/\/franciscanos.org.br\/noticias\/#\/schema\/person\/b38fbf43118f02820bd932f2e4b14ad3"},"breadcrumb":{"@id":"https:\/\/franciscanos.org.br\/noticias\/28o-dia-de-navegacao-23-de-setembro.html#breadcrumb"},"inLanguage":"pt-BR","potentialAction":[{"@type":"ReadAction","target":["https:\/\/franciscanos.org.br\/noticias\/28o-dia-de-navegacao-23-de-setembro.html"]}]},{"@type":"BreadcrumbList","@id":"https:\/\/franciscanos.org.br\/noticias\/28o-dia-de-navegacao-23-de-setembro.html#breadcrumb","itemListElement":[{"@type":"ListItem","position":1,"name":"Home","item":"https:\/\/franciscanos.org.br\/noticias"},{"@type":"ListItem","position":2,"name":"28\u00ba dia de navega\u00e7\u00e3o &#8211; 23 de setembro"}]},{"@type":"Person","@id":"https:\/\/franciscanos.org.br\/noticias\/#\/schema\/person\/b38fbf43118f02820bd932f2e4b14ad3","name":"admin","image":{"@type":"ImageObject","inLanguage":"pt-BR","@id":"https:\/\/franciscanos.org.br\/noticias\/#\/schema\/person\/image\/","url":"https:\/\/secure.gravatar.com\/avatar\/e8495742d34d0ba6448ea1c628263b3e?s=96&d=mm&r=g","contentUrl":"https:\/\/secure.gravatar.com\/avatar\/e8495742d34d0ba6448ea1c628263b3e?s=96&d=mm&r=g","caption":"admin"},"url":"https:\/\/franciscanos.org.br\/noticias\/author\/admin"}]}},"_links":{"self":[{"href":"https:\/\/franciscanos.org.br\/noticias\/wp-json\/wp\/v2\/posts\/211345"}],"collection":[{"href":"https:\/\/franciscanos.org.br\/noticias\/wp-json\/wp\/v2\/posts"}],"about":[{"href":"https:\/\/franciscanos.org.br\/noticias\/wp-json\/wp\/v2\/types\/post"}],"author":[{"embeddable":true,"href":"https:\/\/franciscanos.org.br\/noticias\/wp-json\/wp\/v2\/users\/1"}],"replies":[{"embeddable":true,"href":"https:\/\/franciscanos.org.br\/noticias\/wp-json\/wp\/v2\/comments?post=211345"}],"version-history":[{"count":0,"href":"https:\/\/franciscanos.org.br\/noticias\/wp-json\/wp\/v2\/posts\/211345\/revisions"}],"wp:featuredmedia":[{"embeddable":true,"href":"https:\/\/franciscanos.org.br\/noticias\/wp-json\/wp\/v2\/media\/210458"}],"wp:attachment":[{"href":"https:\/\/franciscanos.org.br\/noticias\/wp-json\/wp\/v2\/media?parent=211345"}],"wp:term":[{"taxonomy":"category","embeddable":true,"href":"https:\/\/franciscanos.org.br\/noticias\/wp-json\/wp\/v2\/categories?post=211345"},{"taxonomy":"post_tag","embeddable":true,"href":"https:\/\/franciscanos.org.br\/noticias\/wp-json\/wp\/v2\/tags?post=211345"}],"curies":[{"name":"wp","href":"https:\/\/api.w.org\/{rel}","templated":true}]}}