{"id":211339,"date":"2019-09-23T07:55:46","date_gmt":"2019-09-23T10:55:46","guid":{"rendered":"https:\/\/franciscanos.org.br\/noticias\/?p=211339"},"modified":"2020-06-05T16:06:02","modified_gmt":"2020-06-05T19:06:02","slug":"papa-comunicar-cristo-e-testemunha-lo-com-a-propria-vida","status":"publish","type":"post","link":"https:\/\/franciscanos.org.br\/noticias\/papa-comunicar-cristo-e-testemunha-lo-com-a-propria-vida.html","title":{"rendered":"Papa: comunicar Cristo \u00e9 testemunh\u00e1-Lo com a pr\u00f3pria vida"},"content":{"rendered":"<p><img loading=\"lazy\" class=\"alignnone size-full wp-image-211340\" src=\"https:\/\/franciscanos.org.br\/noticias\/wp-content\/uploads\/2019\/09\/papa_2309.jpg\" alt=\"\" width=\"890\" height=\"501\" srcset=\"https:\/\/franciscanos.org.br\/noticias\/wp-content\/uploads\/2019\/09\/papa_2309.jpg 890w, https:\/\/franciscanos.org.br\/noticias\/wp-content\/uploads\/2019\/09\/papa_2309-450x253.jpg 450w, https:\/\/franciscanos.org.br\/noticias\/wp-content\/uploads\/2019\/09\/papa_2309-768x432.jpg 768w, https:\/\/franciscanos.org.br\/noticias\/wp-content\/uploads\/2019\/09\/papa_2309-150x84.jpg 150w\" sizes=\"(max-width: 890px) 100vw, 890px\" \/><\/p>\n<p><strong>Cidade do Vaticano<\/strong> &#8211; Comunicar o Amor com o corpo e alma, dando tudo de si: s\u00e3o as palavras que o Papa Francisco dirigiu aos membros do Dicast\u00e9rio para a Comunica\u00e7\u00e3o, que inicia esta segunda-feira a sua Plen\u00e1ria.\u00a0A audi\u00eancia foi realizada na Sala Regia, no Vaticano, na presen\u00e7a de in\u00fameros funcion\u00e1rios, entre os quais os jornalistas brasileiros e lus\u00f3fonos que comp\u00f5em a reda\u00e7\u00e3o em l\u00edngua portuguesa do <em>Vatican News<\/em>.<\/p>\n<p>O Pont\u00edfice preferiu entregar o discurso j\u00e1 preparado e improvisar algumas palavras sobre o tema da comunica\u00e7\u00e3o: \u201cComunica-se com a alma e com o corpo, comunica-se com a mente, com o cora\u00e7\u00e3o, com as m\u00e3os; comunica-se com tudo. O verdadeiro comunicador se entrega, n\u00e3o se poupa. \u00c9 verdade que a comunica\u00e7\u00e3o maior \u00e9 o Amor, quando no amor se v\u00ea que h\u00e1 a plenitude da comunica\u00e7\u00e3o: amor a Deus e nosso\u201d.<\/p>\n<p>Todavia, advertiu o Papa, comunicar n\u00e3o \u00e9 fazer propaganda. \u201cGostaria que a nossa comunica\u00e7\u00e3o fosse crist\u00e3\u201d, afirmou, e n\u00e3o feita de proselitismo, como dizia claramente Bento XVI. Atra\u00e7\u00e3o significa testemunho. \u201cSe quiserem comunicar uma verdade \u2018mais ou menos\u2019, mas sem se envolver, sem testemunhar com a pr\u00f3pria vida, com a pr\u00f3pria carne aquela verdade, parem, n\u00e3o o fa\u00e7am. H\u00e1 sempre a assinatura do testemunho em cada coisa que fazemos. Testemunhas: crist\u00e3os quer dizer testemunhas. M\u00e1rtires. Esta \u00e9 a dimens\u00e3o do mart\u00edrio da nossa voca\u00e7\u00e3o: ser testemunhas\u201d.<\/p>\n<p><img loading=\"lazy\" class=\"alignnone size-full wp-image-211341\" src=\"https:\/\/franciscanos.org.br\/noticias\/wp-content\/uploads\/2019\/09\/papa_2309_1.jpg\" alt=\"\" width=\"890\" height=\"501\" srcset=\"https:\/\/franciscanos.org.br\/noticias\/wp-content\/uploads\/2019\/09\/papa_2309_1.jpg 890w, https:\/\/franciscanos.org.br\/noticias\/wp-content\/uploads\/2019\/09\/papa_2309_1-450x253.jpg 450w, https:\/\/franciscanos.org.br\/noticias\/wp-content\/uploads\/2019\/09\/papa_2309_1-768x432.jpg 768w, https:\/\/franciscanos.org.br\/noticias\/wp-content\/uploads\/2019\/09\/papa_2309_1-150x84.jpg 150w\" sizes=\"(max-width: 890px) 100vw, 890px\" \/><\/p>\n<p><strong>Sem medo<\/strong><br \/>\nOutra advert\u00eancia feita por Francisco foi quanto \u00e0 resigna\u00e7\u00e3o. \u201cO ar de mundanidade n\u00e3o \u00e9 algo novo do s\u00e9culo XXI: n\u00e3o. Sempre foi um perigo, sempre houve a tenta\u00e7\u00e3o, sempre foi um inimigo: a mundanidade. (\u2026) Esta \u00e9 a segunda coisa que gostaria de dizer: n\u00e3o ter medo; somos poucos? Sim, mas com a vontade de \u2018missionar\u2019, de mostrar aos outros quem somos. (&#8230;) E comunicare \u00e9 isto: comunicar esta riqueza grande que n\u00f3s temos\u201d.<\/p>\n<p><strong>Comunicar com os substantivos<\/strong><br \/>\nO terceiro ponto levantado pelo Pont\u00edfice foi o uso de adjetivos e adv\u00e9rbios, em detrimento do substantivo \u2013 costume ao qual o Papa disse sentir \u201calergia\u201d. \u201cO comunicador deve fazer entender o peso da realidade dos substantivos que refletem a realidade das pessoas. E esta \u00e9 uma miss\u00e3o do comunicar: comunicar com a realidade, sem edulcorar com os adjetivos e os adv\u00e9rbios. \u2018Isto \u00e9 algo crist\u00e3o: para que dizer autenticamente crist\u00e3o? \u00c9 crist\u00e3o! S\u00f3 o uso do substantivo \u201ccrist\u00e3o\u201d, \u201csou de Cristo\u201d, \u00e9 forte: \u00e9 um adjetivo substantivado sim, mas \u00e9 um substantivo. Passar da cultura do adjetivo \u00e0 teologia do substantivo. E voc\u00eas devem comunicar assim\u201d, disse.<\/p>\n<p>\u201cA beleza n\u00e3o necessita da arte rococ\u00f3\u201d, finalizou o Papa, pedindo que os jornalistas comuniquem com alegria o Evangelho.<\/p>\n<p>&nbsp;<\/p>\n<hr \/>\n<p><em>Fonte: Vatican News<\/em><\/p>\n","protected":false},"excerpt":{"rendered":"<p>Plen\u00e1ria do Dicast\u00e9rio<\/p>\n","protected":false},"author":3,"featured_media":211343,"comment_status":"open","ping_status":"open","sticky":false,"template":"","format":"standard","meta":[],"categories":[1428],"tags":[55],"acf":[],"yoast_head":"<!-- This site is optimized with the Yoast SEO plugin v19.2 - https:\/\/yoast.com\/wordpress\/plugins\/seo\/ -->\n<title>Papa: comunicar Cristo \u00e9 testemunh\u00e1-Lo com a pr\u00f3pria vida - Not\u00edcias - Franciscanos<\/title>\n<meta name=\"robots\" content=\"index, follow, max-snippet:-1, max-image-preview:large, max-video-preview:-1\" \/>\n<link rel=\"canonical\" href=\"https:\/\/franciscanos.org.br\/noticias\/papa-comunicar-cristo-e-testemunha-lo-com-a-propria-vida.html\" \/>\n<meta property=\"og:locale\" content=\"pt_BR\" \/>\n<meta property=\"og:type\" content=\"article\" \/>\n<meta property=\"og:title\" content=\"Papa: comunicar Cristo \u00e9 testemunh\u00e1-Lo com a pr\u00f3pria vida - Not\u00edcias - Franciscanos\" \/>\n<meta property=\"og:description\" content=\"Plen\u00e1ria do Dicast\u00e9rio\" \/>\n<meta property=\"og:url\" content=\"https:\/\/franciscanos.org.br\/noticias\/papa-comunicar-cristo-e-testemunha-lo-com-a-propria-vida.html\" \/>\n<meta property=\"og:site_name\" content=\"Not\u00edcias - Franciscanos\" \/>\n<meta property=\"article:published_time\" content=\"2019-09-23T10:55:46+00:00\" \/>\n<meta property=\"article:modified_time\" content=\"2020-06-05T19:06:02+00:00\" \/>\n<meta property=\"og:image\" content=\"https:\/\/franciscanos.org.br\/noticias\/wp-content\/uploads\/2019\/09\/papa_2309d.jpg\" \/>\n\t<meta property=\"og:image:width\" content=\"273\" \/>\n\t<meta property=\"og:image:height\" content=\"181\" \/>\n\t<meta property=\"og:image:type\" content=\"image\/jpeg\" \/>\n<meta name=\"author\" content=\"moacir\" \/>\n<meta name=\"twitter:card\" content=\"summary_large_image\" \/>\n<meta name=\"twitter:label1\" content=\"Escrito por\" \/>\n\t<meta name=\"twitter:data1\" content=\"moacir\" \/>\n\t<meta name=\"twitter:label2\" content=\"Est. tempo de leitura\" \/>\n\t<meta name=\"twitter:data2\" content=\"2 minutos\" \/>\n<script type=\"application\/ld+json\" class=\"yoast-schema-graph\">{\"@context\":\"https:\/\/schema.org\",\"@graph\":[{\"@type\":\"WebSite\",\"@id\":\"https:\/\/franciscanos.org.br\/noticias\/#website\",\"url\":\"https:\/\/franciscanos.org.br\/noticias\/\",\"name\":\"Not\u00edcias - Franciscanos\",\"description\":\"Prov\u00edncia Franciscana da Imaculada Concei\u00e7\u00e3o do Brasil - Ordem dos Frades Menores - OFM\",\"potentialAction\":[{\"@type\":\"SearchAction\",\"target\":{\"@type\":\"EntryPoint\",\"urlTemplate\":\"https:\/\/franciscanos.org.br\/noticias\/?s={search_term_string}\"},\"query-input\":\"required name=search_term_string\"}],\"inLanguage\":\"pt-BR\"},{\"@type\":\"ImageObject\",\"inLanguage\":\"pt-BR\",\"@id\":\"https:\/\/franciscanos.org.br\/noticias\/papa-comunicar-cristo-e-testemunha-lo-com-a-propria-vida.html#primaryimage\",\"url\":\"https:\/\/franciscanos.org.br\/noticias\/wp-content\/uploads\/2019\/09\/papa_2309d.jpg\",\"contentUrl\":\"https:\/\/franciscanos.org.br\/noticias\/wp-content\/uploads\/2019\/09\/papa_2309d.jpg\",\"width\":273,\"height\":181},{\"@type\":\"WebPage\",\"@id\":\"https:\/\/franciscanos.org.br\/noticias\/papa-comunicar-cristo-e-testemunha-lo-com-a-propria-vida.html#webpage\",\"url\":\"https:\/\/franciscanos.org.br\/noticias\/papa-comunicar-cristo-e-testemunha-lo-com-a-propria-vida.html\",\"name\":\"Papa: comunicar Cristo \u00e9 testemunh\u00e1-Lo com a pr\u00f3pria vida - Not\u00edcias - Franciscanos\",\"isPartOf\":{\"@id\":\"https:\/\/franciscanos.org.br\/noticias\/#website\"},\"primaryImageOfPage\":{\"@id\":\"https:\/\/franciscanos.org.br\/noticias\/papa-comunicar-cristo-e-testemunha-lo-com-a-propria-vida.html#primaryimage\"},\"datePublished\":\"2019-09-23T10:55:46+00:00\",\"dateModified\":\"2020-06-05T19:06:02+00:00\",\"author\":{\"@id\":\"https:\/\/franciscanos.org.br\/noticias\/#\/schema\/person\/b5c8cba458c330ccff548b056e95a5d4\"},\"breadcrumb\":{\"@id\":\"https:\/\/franciscanos.org.br\/noticias\/papa-comunicar-cristo-e-testemunha-lo-com-a-propria-vida.html#breadcrumb\"},\"inLanguage\":\"pt-BR\",\"potentialAction\":[{\"@type\":\"ReadAction\",\"target\":[\"https:\/\/franciscanos.org.br\/noticias\/papa-comunicar-cristo-e-testemunha-lo-com-a-propria-vida.html\"]}]},{\"@type\":\"BreadcrumbList\",\"@id\":\"https:\/\/franciscanos.org.br\/noticias\/papa-comunicar-cristo-e-testemunha-lo-com-a-propria-vida.html#breadcrumb\",\"itemListElement\":[{\"@type\":\"ListItem\",\"position\":1,\"name\":\"Home\",\"item\":\"https:\/\/franciscanos.org.br\/noticias\"},{\"@type\":\"ListItem\",\"position\":2,\"name\":\"Papa: comunicar Cristo \u00e9 testemunh\u00e1-Lo com a pr\u00f3pria vida\"}]},{\"@type\":\"Person\",\"@id\":\"https:\/\/franciscanos.org.br\/noticias\/#\/schema\/person\/b5c8cba458c330ccff548b056e95a5d4\",\"name\":\"moacir\",\"image\":{\"@type\":\"ImageObject\",\"inLanguage\":\"pt-BR\",\"@id\":\"https:\/\/franciscanos.org.br\/noticias\/#\/schema\/person\/image\/\",\"url\":\"https:\/\/secure.gravatar.com\/avatar\/d08aa2ce4c8dd416d4479aa8536fcf64?s=96&d=mm&r=g\",\"contentUrl\":\"https:\/\/secure.gravatar.com\/avatar\/d08aa2ce4c8dd416d4479aa8536fcf64?s=96&d=mm&r=g\",\"caption\":\"moacir\"},\"url\":\"https:\/\/franciscanos.org.br\/noticias\/author\/moacir\"}]}<\/script>\n<!-- \/ Yoast SEO plugin. -->","yoast_head_json":{"title":"Papa: comunicar Cristo \u00e9 testemunh\u00e1-Lo com a pr\u00f3pria vida - Not\u00edcias - Franciscanos","robots":{"index":"index","follow":"follow","max-snippet":"max-snippet:-1","max-image-preview":"max-image-preview:large","max-video-preview":"max-video-preview:-1"},"canonical":"https:\/\/franciscanos.org.br\/noticias\/papa-comunicar-cristo-e-testemunha-lo-com-a-propria-vida.html","og_locale":"pt_BR","og_type":"article","og_title":"Papa: comunicar Cristo \u00e9 testemunh\u00e1-Lo com a pr\u00f3pria vida - Not\u00edcias - Franciscanos","og_description":"Plen\u00e1ria do Dicast\u00e9rio","og_url":"https:\/\/franciscanos.org.br\/noticias\/papa-comunicar-cristo-e-testemunha-lo-com-a-propria-vida.html","og_site_name":"Not\u00edcias - Franciscanos","article_published_time":"2019-09-23T10:55:46+00:00","article_modified_time":"2020-06-05T19:06:02+00:00","og_image":[{"width":273,"height":181,"url":"https:\/\/franciscanos.org.br\/noticias\/wp-content\/uploads\/2019\/09\/papa_2309d.jpg","type":"image\/jpeg"}],"author":"moacir","twitter_card":"summary_large_image","twitter_misc":{"Escrito por":"moacir","Est. tempo de leitura":"2 minutos"},"schema":{"@context":"https:\/\/schema.org","@graph":[{"@type":"WebSite","@id":"https:\/\/franciscanos.org.br\/noticias\/#website","url":"https:\/\/franciscanos.org.br\/noticias\/","name":"Not\u00edcias - Franciscanos","description":"Prov\u00edncia Franciscana da Imaculada Concei\u00e7\u00e3o do Brasil - Ordem dos Frades Menores - OFM","potentialAction":[{"@type":"SearchAction","target":{"@type":"EntryPoint","urlTemplate":"https:\/\/franciscanos.org.br\/noticias\/?s={search_term_string}"},"query-input":"required name=search_term_string"}],"inLanguage":"pt-BR"},{"@type":"ImageObject","inLanguage":"pt-BR","@id":"https:\/\/franciscanos.org.br\/noticias\/papa-comunicar-cristo-e-testemunha-lo-com-a-propria-vida.html#primaryimage","url":"https:\/\/franciscanos.org.br\/noticias\/wp-content\/uploads\/2019\/09\/papa_2309d.jpg","contentUrl":"https:\/\/franciscanos.org.br\/noticias\/wp-content\/uploads\/2019\/09\/papa_2309d.jpg","width":273,"height":181},{"@type":"WebPage","@id":"https:\/\/franciscanos.org.br\/noticias\/papa-comunicar-cristo-e-testemunha-lo-com-a-propria-vida.html#webpage","url":"https:\/\/franciscanos.org.br\/noticias\/papa-comunicar-cristo-e-testemunha-lo-com-a-propria-vida.html","name":"Papa: comunicar Cristo \u00e9 testemunh\u00e1-Lo com a pr\u00f3pria vida - Not\u00edcias - Franciscanos","isPartOf":{"@id":"https:\/\/franciscanos.org.br\/noticias\/#website"},"primaryImageOfPage":{"@id":"https:\/\/franciscanos.org.br\/noticias\/papa-comunicar-cristo-e-testemunha-lo-com-a-propria-vida.html#primaryimage"},"datePublished":"2019-09-23T10:55:46+00:00","dateModified":"2020-06-05T19:06:02+00:00","author":{"@id":"https:\/\/franciscanos.org.br\/noticias\/#\/schema\/person\/b5c8cba458c330ccff548b056e95a5d4"},"breadcrumb":{"@id":"https:\/\/franciscanos.org.br\/noticias\/papa-comunicar-cristo-e-testemunha-lo-com-a-propria-vida.html#breadcrumb"},"inLanguage":"pt-BR","potentialAction":[{"@type":"ReadAction","target":["https:\/\/franciscanos.org.br\/noticias\/papa-comunicar-cristo-e-testemunha-lo-com-a-propria-vida.html"]}]},{"@type":"BreadcrumbList","@id":"https:\/\/franciscanos.org.br\/noticias\/papa-comunicar-cristo-e-testemunha-lo-com-a-propria-vida.html#breadcrumb","itemListElement":[{"@type":"ListItem","position":1,"name":"Home","item":"https:\/\/franciscanos.org.br\/noticias"},{"@type":"ListItem","position":2,"name":"Papa: comunicar Cristo \u00e9 testemunh\u00e1-Lo com a pr\u00f3pria vida"}]},{"@type":"Person","@id":"https:\/\/franciscanos.org.br\/noticias\/#\/schema\/person\/b5c8cba458c330ccff548b056e95a5d4","name":"moacir","image":{"@type":"ImageObject","inLanguage":"pt-BR","@id":"https:\/\/franciscanos.org.br\/noticias\/#\/schema\/person\/image\/","url":"https:\/\/secure.gravatar.com\/avatar\/d08aa2ce4c8dd416d4479aa8536fcf64?s=96&d=mm&r=g","contentUrl":"https:\/\/secure.gravatar.com\/avatar\/d08aa2ce4c8dd416d4479aa8536fcf64?s=96&d=mm&r=g","caption":"moacir"},"url":"https:\/\/franciscanos.org.br\/noticias\/author\/moacir"}]}},"_links":{"self":[{"href":"https:\/\/franciscanos.org.br\/noticias\/wp-json\/wp\/v2\/posts\/211339"}],"collection":[{"href":"https:\/\/franciscanos.org.br\/noticias\/wp-json\/wp\/v2\/posts"}],"about":[{"href":"https:\/\/franciscanos.org.br\/noticias\/wp-json\/wp\/v2\/types\/post"}],"author":[{"embeddable":true,"href":"https:\/\/franciscanos.org.br\/noticias\/wp-json\/wp\/v2\/users\/3"}],"replies":[{"embeddable":true,"href":"https:\/\/franciscanos.org.br\/noticias\/wp-json\/wp\/v2\/comments?post=211339"}],"version-history":[{"count":1,"href":"https:\/\/franciscanos.org.br\/noticias\/wp-json\/wp\/v2\/posts\/211339\/revisions"}],"predecessor-version":[{"id":224331,"href":"https:\/\/franciscanos.org.br\/noticias\/wp-json\/wp\/v2\/posts\/211339\/revisions\/224331"}],"wp:featuredmedia":[{"embeddable":true,"href":"https:\/\/franciscanos.org.br\/noticias\/wp-json\/wp\/v2\/media\/211343"}],"wp:attachment":[{"href":"https:\/\/franciscanos.org.br\/noticias\/wp-json\/wp\/v2\/media?parent=211339"}],"wp:term":[{"taxonomy":"category","embeddable":true,"href":"https:\/\/franciscanos.org.br\/noticias\/wp-json\/wp\/v2\/categories?post=211339"},{"taxonomy":"post_tag","embeddable":true,"href":"https:\/\/franciscanos.org.br\/noticias\/wp-json\/wp\/v2\/tags?post=211339"}],"curies":[{"name":"wp","href":"https:\/\/api.w.org\/{rel}","templated":true}]}}