{"id":211331,"date":"2019-09-23T07:41:19","date_gmt":"2019-09-23T10:41:19","guid":{"rendered":"https:\/\/franciscanos.org.br\/noticias\/?p=211331"},"modified":"2019-09-23T07:41:19","modified_gmt":"2019-09-23T10:41:19","slug":"jornada-da-criacao-chega-a-ilha-de-luanda","status":"publish","type":"post","link":"https:\/\/franciscanos.org.br\/noticias\/jornada-da-criacao-chega-a-ilha-de-luanda.html","title":{"rendered":"Jornada da Cria\u00e7\u00e3o chega \u00e0 Ilha de Luanda"},"content":{"rendered":"<p><img loading=\"lazy\" class=\"alignnone wp-image-211332 size-full\" src=\"https:\/\/franciscanos.org.br\/noticias\/wp-content\/uploads\/2019\/09\/luanda_2309.jpg\" alt=\"\" width=\"890\" height=\"593\" srcset=\"https:\/\/franciscanos.org.br\/noticias\/wp-content\/uploads\/2019\/09\/luanda_2309.jpg 890w, https:\/\/franciscanos.org.br\/noticias\/wp-content\/uploads\/2019\/09\/luanda_2309-450x300.jpg 450w, https:\/\/franciscanos.org.br\/noticias\/wp-content\/uploads\/2019\/09\/luanda_2309-768x512.jpg 768w, https:\/\/franciscanos.org.br\/noticias\/wp-content\/uploads\/2019\/09\/luanda_2309-150x100.jpg 150w\" sizes=\"(max-width: 890px) 100vw, 890px\" \/><\/p>\n<p>Luanda (Angola) &#8211; A Comiss\u00e3o Episcopal de Justi\u00e7a e Paz e Migra\u00e7\u00f5es da Confer\u00eancia Episcopal de Angola e S\u00e3o Tom\u00e9 (CEAST), a partir da Jornada Mundial da Cria\u00e7\u00e3o, que vai de 17 de setembro a 4 de outubro, realizou neste s\u00e1bado (21) uma caminhada com o lema: &#8220;Protegendo a teia da vida&#8221;, na ilha de Luanda, com o objetivo de conscientizar as pessoas pelo cuidado com a m\u00e3e natureza. Cerca de 200 pessoas, de v\u00e1rias partes da cidade capital, envolveram-se na caminhada, marcada pela presen\u00e7a de crian\u00e7as bem como idosos, alguns com cartazes nas m\u00e3os, outros com sacolas. Tamb\u00e9m participaram sacerdotes, frades franciscanos, escoteiros, representantes de algumas igrejas crist\u00e3s ligadas \u00e0 Confer\u00eancia das Igrejas Crist\u00e3s de Angola (CICA) e distintas entidades locais, como a Pol\u00edcia nacional e representantes da empresa p\u00fablica de coleta do lixo da cidade de Luanda (Elisal).<\/p>\n<p><img loading=\"lazy\" class=\"alignnone wp-image-211333 size-full\" src=\"https:\/\/franciscanos.org.br\/noticias\/wp-content\/uploads\/2019\/09\/luanda_2309_1.jpg\" alt=\"\" width=\"890\" height=\"593\" srcset=\"https:\/\/franciscanos.org.br\/noticias\/wp-content\/uploads\/2019\/09\/luanda_2309_1.jpg 890w, https:\/\/franciscanos.org.br\/noticias\/wp-content\/uploads\/2019\/09\/luanda_2309_1-450x300.jpg 450w, https:\/\/franciscanos.org.br\/noticias\/wp-content\/uploads\/2019\/09\/luanda_2309_1-768x512.jpg 768w, https:\/\/franciscanos.org.br\/noticias\/wp-content\/uploads\/2019\/09\/luanda_2309_1-150x100.jpg 150w\" sizes=\"(max-width: 890px) 100vw, 890px\" \/><\/p>\n<p>As 9h30 teve in\u00edcio o evento com as boas vindas e apresenta\u00e7\u00e3o do programa. Segundo um dos organizadores, Corn\u00e9lio Bento, esta atividade tamb\u00e9m est\u00e1 em comunh\u00e3o com os demais pa\u00edses que j\u00e1 realizaram, na sexta-feira (20), atividades pelo Planeta. Ap\u00f3s este momento, Frei Jo\u00e3o Alberto Bunga fez a ora\u00e7\u00e3o inicial precedida pelo c\u00e2ntico \u201cLouvado sejas meu Senhor\u201d, onde se reverencia as criaturas e o Criador. Ele destacou que o homem foi criado por Deus para proteger o ambiente e, por isso, somos \u201cos administradores dessa cria\u00e7\u00e3o\u201d.<\/p>\n<p>As atividades foram intercaladas com momentos de ora\u00e7\u00f5es e c\u00e2nticos religiosos-ecol\u00f3gicos. Quando o rel\u00f3gio marcava 10h10, a marcha chegou ao Hotel Marinha Casino, em frente \u00e0 Par\u00f3quia Nossa Senhora do Cabo, onde, no seu audit\u00f3rio, assistiu-se ao v\u00eddeo do Papa Francisco para o m\u00eas, que chama aten\u00e7\u00e3o sobre o cuidado da cria\u00e7\u00e3o, como enfatiza na Enc\u00edclica <em>Laudato Si\u2019<\/em>, e tamb\u00e9m outros curta metragens sobre o desafios ambientais. Posteriormente, mostrou-se algumas imagens locais cr\u00edticas sobre o ambiente.<\/p>\n<p><img loading=\"lazy\" class=\"alignnone wp-image-211334 size-full\" src=\"https:\/\/franciscanos.org.br\/noticias\/wp-content\/uploads\/2019\/09\/luanda_2309_3.jpg\" alt=\"\" width=\"890\" height=\"517\" srcset=\"https:\/\/franciscanos.org.br\/noticias\/wp-content\/uploads\/2019\/09\/luanda_2309_3.jpg 890w, https:\/\/franciscanos.org.br\/noticias\/wp-content\/uploads\/2019\/09\/luanda_2309_3-450x261.jpg 450w, https:\/\/franciscanos.org.br\/noticias\/wp-content\/uploads\/2019\/09\/luanda_2309_3-768x446.jpg 768w, https:\/\/franciscanos.org.br\/noticias\/wp-content\/uploads\/2019\/09\/luanda_2309_3-150x87.jpg 150w\" sizes=\"(max-width: 890px) 100vw, 890px\" \/><\/p>\n<p>No retorno, as pessoas foram \u00e0 beira do mar, onde, divididos em grupos, recolheram o lixo. Chegou-se ao ponto de partida \u00e0s 12h30 e, finalmente, a Comiss\u00e3o organizadora agradeceu aos presentes e, em seguida, o frade franciscano deu a b\u00ean\u00e7\u00e3o final a todos e depois se seguiu um pequeno momento recreativo.<\/p>\n<p><img loading=\"lazy\" class=\"alignnone wp-image-211335 size-full\" src=\"https:\/\/franciscanos.org.br\/noticias\/wp-content\/uploads\/2019\/09\/luanda_2309_4.jpg\" alt=\"\" width=\"890\" height=\"593\" srcset=\"https:\/\/franciscanos.org.br\/noticias\/wp-content\/uploads\/2019\/09\/luanda_2309_4.jpg 890w, https:\/\/franciscanos.org.br\/noticias\/wp-content\/uploads\/2019\/09\/luanda_2309_4-450x300.jpg 450w, https:\/\/franciscanos.org.br\/noticias\/wp-content\/uploads\/2019\/09\/luanda_2309_4-768x512.jpg 768w, https:\/\/franciscanos.org.br\/noticias\/wp-content\/uploads\/2019\/09\/luanda_2309_4-150x100.jpg 150w\" sizes=\"(max-width: 890px) 100vw, 890px\" \/><\/p>\n<p><strong>Frei Abel Ndala Sahuma Nganji e Frei Eduardo Camunha<\/strong><\/p>\n<p><img loading=\"lazy\" class=\"alignnone wp-image-211336 size-full\" src=\"https:\/\/franciscanos.org.br\/noticias\/wp-content\/uploads\/2019\/09\/luanda_2309_2.jpg\" alt=\"\" width=\"890\" height=\"456\" srcset=\"https:\/\/franciscanos.org.br\/noticias\/wp-content\/uploads\/2019\/09\/luanda_2309_2.jpg 890w, https:\/\/franciscanos.org.br\/noticias\/wp-content\/uploads\/2019\/09\/luanda_2309_2-450x231.jpg 450w, https:\/\/franciscanos.org.br\/noticias\/wp-content\/uploads\/2019\/09\/luanda_2309_2-768x393.jpg 768w, https:\/\/franciscanos.org.br\/noticias\/wp-content\/uploads\/2019\/09\/luanda_2309_2-150x77.jpg 150w\" sizes=\"(max-width: 890px) 100vw, 890px\" \/><\/p>\n","protected":false},"excerpt":{"rendered":"<p>Funda\u00e7\u00e3o Imaculada M\u00e3e de Deus de Angola<\/p>\n","protected":false},"author":3,"featured_media":211337,"comment_status":"open","ping_status":"open","sticky":false,"template":"","format":"standard","meta":[],"categories":[1],"tags":[360],"acf":[],"yoast_head":"<!-- This site is optimized with the Yoast SEO plugin v19.2 - https:\/\/yoast.com\/wordpress\/plugins\/seo\/ -->\n<title>Jornada da Cria\u00e7\u00e3o chega \u00e0 Ilha de Luanda - Not\u00edcias - Franciscanos<\/title>\n<meta name=\"robots\" content=\"index, follow, max-snippet:-1, max-image-preview:large, max-video-preview:-1\" \/>\n<link rel=\"canonical\" href=\"https:\/\/franciscanos.org.br\/noticias\/jornada-da-criacao-chega-a-ilha-de-luanda.html\" \/>\n<meta property=\"og:locale\" content=\"pt_BR\" \/>\n<meta property=\"og:type\" content=\"article\" \/>\n<meta property=\"og:title\" content=\"Jornada da Cria\u00e7\u00e3o chega \u00e0 Ilha de Luanda - Not\u00edcias - Franciscanos\" \/>\n<meta property=\"og:description\" content=\"Funda\u00e7\u00e3o Imaculada M\u00e3e de Deus de Angola\" \/>\n<meta property=\"og:url\" content=\"https:\/\/franciscanos.org.br\/noticias\/jornada-da-criacao-chega-a-ilha-de-luanda.html\" \/>\n<meta property=\"og:site_name\" content=\"Not\u00edcias - Franciscanos\" \/>\n<meta property=\"article:published_time\" content=\"2019-09-23T10:41:19+00:00\" \/>\n<meta property=\"og:image\" content=\"https:\/\/franciscanos.org.br\/noticias\/wp-content\/uploads\/2019\/09\/luanda_2309d.jpg\" \/>\n\t<meta property=\"og:image:width\" content=\"273\" \/>\n\t<meta property=\"og:image:height\" content=\"181\" \/>\n\t<meta property=\"og:image:type\" content=\"image\/jpeg\" \/>\n<meta name=\"author\" content=\"moacir\" \/>\n<meta name=\"twitter:card\" content=\"summary_large_image\" \/>\n<meta name=\"twitter:label1\" content=\"Escrito por\" \/>\n\t<meta name=\"twitter:data1\" content=\"moacir\" \/>\n\t<meta name=\"twitter:label2\" content=\"Est. tempo de leitura\" \/>\n\t<meta name=\"twitter:data2\" content=\"2 minutos\" \/>\n<script type=\"application\/ld+json\" class=\"yoast-schema-graph\">{\"@context\":\"https:\/\/schema.org\",\"@graph\":[{\"@type\":\"WebSite\",\"@id\":\"https:\/\/franciscanos.org.br\/noticias\/#website\",\"url\":\"https:\/\/franciscanos.org.br\/noticias\/\",\"name\":\"Not\u00edcias - Franciscanos\",\"description\":\"Prov\u00edncia Franciscana da Imaculada Concei\u00e7\u00e3o do Brasil - Ordem dos Frades Menores - OFM\",\"potentialAction\":[{\"@type\":\"SearchAction\",\"target\":{\"@type\":\"EntryPoint\",\"urlTemplate\":\"https:\/\/franciscanos.org.br\/noticias\/?s={search_term_string}\"},\"query-input\":\"required name=search_term_string\"}],\"inLanguage\":\"pt-BR\"},{\"@type\":\"ImageObject\",\"inLanguage\":\"pt-BR\",\"@id\":\"https:\/\/franciscanos.org.br\/noticias\/jornada-da-criacao-chega-a-ilha-de-luanda.html#primaryimage\",\"url\":\"https:\/\/franciscanos.org.br\/noticias\/wp-content\/uploads\/2019\/09\/luanda_2309d.jpg\",\"contentUrl\":\"https:\/\/franciscanos.org.br\/noticias\/wp-content\/uploads\/2019\/09\/luanda_2309d.jpg\",\"width\":273,\"height\":181},{\"@type\":\"WebPage\",\"@id\":\"https:\/\/franciscanos.org.br\/noticias\/jornada-da-criacao-chega-a-ilha-de-luanda.html#webpage\",\"url\":\"https:\/\/franciscanos.org.br\/noticias\/jornada-da-criacao-chega-a-ilha-de-luanda.html\",\"name\":\"Jornada da Cria\u00e7\u00e3o chega \u00e0 Ilha de Luanda - Not\u00edcias - Franciscanos\",\"isPartOf\":{\"@id\":\"https:\/\/franciscanos.org.br\/noticias\/#website\"},\"primaryImageOfPage\":{\"@id\":\"https:\/\/franciscanos.org.br\/noticias\/jornada-da-criacao-chega-a-ilha-de-luanda.html#primaryimage\"},\"datePublished\":\"2019-09-23T10:41:19+00:00\",\"dateModified\":\"2019-09-23T10:41:19+00:00\",\"author\":{\"@id\":\"https:\/\/franciscanos.org.br\/noticias\/#\/schema\/person\/b5c8cba458c330ccff548b056e95a5d4\"},\"breadcrumb\":{\"@id\":\"https:\/\/franciscanos.org.br\/noticias\/jornada-da-criacao-chega-a-ilha-de-luanda.html#breadcrumb\"},\"inLanguage\":\"pt-BR\",\"potentialAction\":[{\"@type\":\"ReadAction\",\"target\":[\"https:\/\/franciscanos.org.br\/noticias\/jornada-da-criacao-chega-a-ilha-de-luanda.html\"]}]},{\"@type\":\"BreadcrumbList\",\"@id\":\"https:\/\/franciscanos.org.br\/noticias\/jornada-da-criacao-chega-a-ilha-de-luanda.html#breadcrumb\",\"itemListElement\":[{\"@type\":\"ListItem\",\"position\":1,\"name\":\"Home\",\"item\":\"https:\/\/franciscanos.org.br\/noticias\"},{\"@type\":\"ListItem\",\"position\":2,\"name\":\"Jornada da Cria\u00e7\u00e3o chega \u00e0 Ilha de Luanda\"}]},{\"@type\":\"Person\",\"@id\":\"https:\/\/franciscanos.org.br\/noticias\/#\/schema\/person\/b5c8cba458c330ccff548b056e95a5d4\",\"name\":\"moacir\",\"image\":{\"@type\":\"ImageObject\",\"inLanguage\":\"pt-BR\",\"@id\":\"https:\/\/franciscanos.org.br\/noticias\/#\/schema\/person\/image\/\",\"url\":\"https:\/\/secure.gravatar.com\/avatar\/d08aa2ce4c8dd416d4479aa8536fcf64?s=96&d=mm&r=g\",\"contentUrl\":\"https:\/\/secure.gravatar.com\/avatar\/d08aa2ce4c8dd416d4479aa8536fcf64?s=96&d=mm&r=g\",\"caption\":\"moacir\"},\"url\":\"https:\/\/franciscanos.org.br\/noticias\/author\/moacir\"}]}<\/script>\n<!-- \/ Yoast SEO plugin. -->","yoast_head_json":{"title":"Jornada da Cria\u00e7\u00e3o chega \u00e0 Ilha de Luanda - Not\u00edcias - Franciscanos","robots":{"index":"index","follow":"follow","max-snippet":"max-snippet:-1","max-image-preview":"max-image-preview:large","max-video-preview":"max-video-preview:-1"},"canonical":"https:\/\/franciscanos.org.br\/noticias\/jornada-da-criacao-chega-a-ilha-de-luanda.html","og_locale":"pt_BR","og_type":"article","og_title":"Jornada da Cria\u00e7\u00e3o chega \u00e0 Ilha de Luanda - Not\u00edcias - Franciscanos","og_description":"Funda\u00e7\u00e3o Imaculada M\u00e3e de Deus de Angola","og_url":"https:\/\/franciscanos.org.br\/noticias\/jornada-da-criacao-chega-a-ilha-de-luanda.html","og_site_name":"Not\u00edcias - Franciscanos","article_published_time":"2019-09-23T10:41:19+00:00","og_image":[{"width":273,"height":181,"url":"https:\/\/franciscanos.org.br\/noticias\/wp-content\/uploads\/2019\/09\/luanda_2309d.jpg","type":"image\/jpeg"}],"author":"moacir","twitter_card":"summary_large_image","twitter_misc":{"Escrito por":"moacir","Est. tempo de leitura":"2 minutos"},"schema":{"@context":"https:\/\/schema.org","@graph":[{"@type":"WebSite","@id":"https:\/\/franciscanos.org.br\/noticias\/#website","url":"https:\/\/franciscanos.org.br\/noticias\/","name":"Not\u00edcias - Franciscanos","description":"Prov\u00edncia Franciscana da Imaculada Concei\u00e7\u00e3o do Brasil - Ordem dos Frades Menores - OFM","potentialAction":[{"@type":"SearchAction","target":{"@type":"EntryPoint","urlTemplate":"https:\/\/franciscanos.org.br\/noticias\/?s={search_term_string}"},"query-input":"required name=search_term_string"}],"inLanguage":"pt-BR"},{"@type":"ImageObject","inLanguage":"pt-BR","@id":"https:\/\/franciscanos.org.br\/noticias\/jornada-da-criacao-chega-a-ilha-de-luanda.html#primaryimage","url":"https:\/\/franciscanos.org.br\/noticias\/wp-content\/uploads\/2019\/09\/luanda_2309d.jpg","contentUrl":"https:\/\/franciscanos.org.br\/noticias\/wp-content\/uploads\/2019\/09\/luanda_2309d.jpg","width":273,"height":181},{"@type":"WebPage","@id":"https:\/\/franciscanos.org.br\/noticias\/jornada-da-criacao-chega-a-ilha-de-luanda.html#webpage","url":"https:\/\/franciscanos.org.br\/noticias\/jornada-da-criacao-chega-a-ilha-de-luanda.html","name":"Jornada da Cria\u00e7\u00e3o chega \u00e0 Ilha de Luanda - Not\u00edcias - Franciscanos","isPartOf":{"@id":"https:\/\/franciscanos.org.br\/noticias\/#website"},"primaryImageOfPage":{"@id":"https:\/\/franciscanos.org.br\/noticias\/jornada-da-criacao-chega-a-ilha-de-luanda.html#primaryimage"},"datePublished":"2019-09-23T10:41:19+00:00","dateModified":"2019-09-23T10:41:19+00:00","author":{"@id":"https:\/\/franciscanos.org.br\/noticias\/#\/schema\/person\/b5c8cba458c330ccff548b056e95a5d4"},"breadcrumb":{"@id":"https:\/\/franciscanos.org.br\/noticias\/jornada-da-criacao-chega-a-ilha-de-luanda.html#breadcrumb"},"inLanguage":"pt-BR","potentialAction":[{"@type":"ReadAction","target":["https:\/\/franciscanos.org.br\/noticias\/jornada-da-criacao-chega-a-ilha-de-luanda.html"]}]},{"@type":"BreadcrumbList","@id":"https:\/\/franciscanos.org.br\/noticias\/jornada-da-criacao-chega-a-ilha-de-luanda.html#breadcrumb","itemListElement":[{"@type":"ListItem","position":1,"name":"Home","item":"https:\/\/franciscanos.org.br\/noticias"},{"@type":"ListItem","position":2,"name":"Jornada da Cria\u00e7\u00e3o chega \u00e0 Ilha de Luanda"}]},{"@type":"Person","@id":"https:\/\/franciscanos.org.br\/noticias\/#\/schema\/person\/b5c8cba458c330ccff548b056e95a5d4","name":"moacir","image":{"@type":"ImageObject","inLanguage":"pt-BR","@id":"https:\/\/franciscanos.org.br\/noticias\/#\/schema\/person\/image\/","url":"https:\/\/secure.gravatar.com\/avatar\/d08aa2ce4c8dd416d4479aa8536fcf64?s=96&d=mm&r=g","contentUrl":"https:\/\/secure.gravatar.com\/avatar\/d08aa2ce4c8dd416d4479aa8536fcf64?s=96&d=mm&r=g","caption":"moacir"},"url":"https:\/\/franciscanos.org.br\/noticias\/author\/moacir"}]}},"_links":{"self":[{"href":"https:\/\/franciscanos.org.br\/noticias\/wp-json\/wp\/v2\/posts\/211331"}],"collection":[{"href":"https:\/\/franciscanos.org.br\/noticias\/wp-json\/wp\/v2\/posts"}],"about":[{"href":"https:\/\/franciscanos.org.br\/noticias\/wp-json\/wp\/v2\/types\/post"}],"author":[{"embeddable":true,"href":"https:\/\/franciscanos.org.br\/noticias\/wp-json\/wp\/v2\/users\/3"}],"replies":[{"embeddable":true,"href":"https:\/\/franciscanos.org.br\/noticias\/wp-json\/wp\/v2\/comments?post=211331"}],"version-history":[{"count":0,"href":"https:\/\/franciscanos.org.br\/noticias\/wp-json\/wp\/v2\/posts\/211331\/revisions"}],"wp:featuredmedia":[{"embeddable":true,"href":"https:\/\/franciscanos.org.br\/noticias\/wp-json\/wp\/v2\/media\/211337"}],"wp:attachment":[{"href":"https:\/\/franciscanos.org.br\/noticias\/wp-json\/wp\/v2\/media?parent=211331"}],"wp:term":[{"taxonomy":"category","embeddable":true,"href":"https:\/\/franciscanos.org.br\/noticias\/wp-json\/wp\/v2\/categories?post=211331"},{"taxonomy":"post_tag","embeddable":true,"href":"https:\/\/franciscanos.org.br\/noticias\/wp-json\/wp\/v2\/tags?post=211331"}],"curies":[{"name":"wp","href":"https:\/\/api.w.org\/{rel}","templated":true}]}}