{"id":211325,"date":"2019-09-22T10:58:26","date_gmt":"2019-09-22T13:58:26","guid":{"rendered":"https:\/\/franciscanos.org.br\/noticias\/?p=211325"},"modified":"2020-06-05T15:44:47","modified_gmt":"2020-06-05T18:44:47","slug":"angelus-sempre-e-para-curar-com-o-bem-o-mal-feito","status":"publish","type":"post","link":"https:\/\/franciscanos.org.br\/noticias\/angelus-sempre-e-para-curar-com-o-bem-o-mal-feito.html","title":{"rendered":"Angelus: Sempre \u00e9 tempo para curar com o bem o mal feito"},"content":{"rendered":"<p><img loading=\"lazy\" class=\"alignnone wp-image-211326 size-full\" src=\"https:\/\/franciscanos.org.br\/noticias\/wp-content\/uploads\/2019\/09\/angelus_22.jpg\" alt=\"\" width=\"890\" height=\"501\" srcset=\"https:\/\/franciscanos.org.br\/noticias\/wp-content\/uploads\/2019\/09\/angelus_22.jpg 890w, https:\/\/franciscanos.org.br\/noticias\/wp-content\/uploads\/2019\/09\/angelus_22-450x253.jpg 450w, https:\/\/franciscanos.org.br\/noticias\/wp-content\/uploads\/2019\/09\/angelus_22-768x432.jpg 768w, https:\/\/franciscanos.org.br\/noticias\/wp-content\/uploads\/2019\/09\/angelus_22-150x84.jpg 150w\" sizes=\"(max-width: 890px) 100vw, 890px\" \/><\/p>\n<p><strong>Cidade do Vaticano<\/strong> &#8211; &#8220;Obter gratid\u00e3o com a corrup\u00e7\u00e3o, infelizmente \u00e9 habitual hoje em dia&#8221;. Foi o que disse o Papa no Angelus deste domingo (22\/09). O Pont\u00edfice parte da par\u00e1bola do Evangelho do dia que, como explica, &#8220;tem como protagonista um administrador inteligente e desonesto que, acusado de ter esbanjado os bens do patr\u00e3o, est\u00e1 prestes a ser despedido. Nesta situa\u00e7\u00e3o dif\u00edcil, ele n\u00e3o recrimina, n\u00e3o procura justifica\u00e7\u00e3o, nem se deixa desencorajar, mas encontra uma sa\u00edda para ter a certeza de um futuro tranquilo.<\/p>\n<p>\u201cA &#8216;riqueza desonesta&#8217; \u00e9 o dinheiro &#8211; tamb\u00e9m chamado &#8216;esterco do diabo&#8217; &#8211; e em geral os bens materiais. A riqueza pode lev\u00e1-lo a erguer muros, criar divis\u00f5es e discrimina\u00e7\u00e3o&#8221;, disse o Papa Francisco.<\/p>\n<p>&#8220;Jesus, pelo contr\u00e1rio, &#8211; disse Bergoglio &#8211; convida seus disc\u00edpulos a inverter a dire\u00e7\u00e3o: \u201cFa\u00e7a amigos com a riqueza&#8217;. \u00c9 um convite a saber transformar bens e riquezas em rela\u00e7\u00f5es, porque as pessoas valem mais do que as coisas e contam mais do que a riqueza possu\u00edda&#8221;.<\/p>\n<p>De fato, na vida &#8211; enfatizou o Papa -, d\u00e1 frutos n\u00e3o quem t\u00eam muitas riquezas, mas quem cria e mant\u00eam vivos tantos la\u00e7os, tantas rela\u00e7\u00f5es, tantas amizades atrav\u00e9s das diferentes &#8220;riquezas&#8221;, isto \u00e9, os diferentes dons que Deus lhe deu. Mas Jesus indica tamb\u00e9m a finalidade \u00faltima da sua exorta\u00e7\u00e3o: &#8220;Fa\u00e7am amigos com a riqueza, para que esses o recebam nas moradas eternas. A acolher no Para\u00edso, se formos capazes de transformar as riquezas em instrumentos de fraternidade e de solidariedade, n\u00e3o estar\u00e1 apenas Deus, mas tamb\u00e9m aqueles com quem partilhamos, administrando-o bem, o que o Senhor colocou nas nossas m\u00e3os\u201d.<\/p>\n<p>O Pont\u00edfice explica a moral da p\u00e1gina do Evangelho do dia: &#8220;Irm\u00e3os e irm\u00e3s, esta p\u00e1gina faz ressoar em n\u00f3s a pergunta do administrador desonesto, expulso pelo seu patr\u00e3o: &#8220;O que vou fazer agora?&#8221;. Diante de nossos fracassos e fal\u00eancias, Jesus nos assegura que estamos sempre em tempo para curar com o bem o mal feito.<\/p>\n<p>\u201cQuem provocou l\u00e1grimas, fa\u00e7a algu\u00e9m feliz; quem tirou indevidamente, doe a quem tem necessidade. Fazendo assim, seremos louvados pelo Senhor &#8220;porque agimos com ast\u00facia&#8221;, ou seja, com a sabedoria de quem se reconhece como filho de Deus e se p\u00f5e em jogo pelo Reino dos c\u00e9us&#8221;, disse.<\/p>\n<p>Precisamos &#8220;ser astutos para garantir n\u00e3o o sucesso mundano, mas a vida eterna &#8211; concluiu &#8211; de modo que no momento do Ju\u00edzo final as pessoas necessitadas que ajudamos possam testemunhar que nelas vimos e servimos o Senhor&#8221;.<\/p>\n<hr \/>\n<p><em>Fonte: Vatican News<\/em><\/p>\n","protected":false},"excerpt":{"rendered":"<p>Angelus<\/p>\n","protected":false},"author":3,"featured_media":211327,"comment_status":"open","ping_status":"open","sticky":false,"template":"","format":"standard","meta":[],"categories":[1428],"tags":[403],"acf":[],"yoast_head":"<!-- This site is optimized with the Yoast SEO plugin v19.2 - https:\/\/yoast.com\/wordpress\/plugins\/seo\/ -->\n<title>Angelus: Sempre \u00e9 tempo para curar com o bem o mal feito - Not\u00edcias - Franciscanos<\/title>\n<meta name=\"robots\" content=\"index, follow, max-snippet:-1, max-image-preview:large, max-video-preview:-1\" \/>\n<link rel=\"canonical\" href=\"https:\/\/franciscanos.org.br\/noticias\/angelus-sempre-e-para-curar-com-o-bem-o-mal-feito.html\" \/>\n<meta property=\"og:locale\" content=\"pt_BR\" \/>\n<meta property=\"og:type\" content=\"article\" \/>\n<meta property=\"og:title\" content=\"Angelus: Sempre \u00e9 tempo para curar com o bem o mal feito - Not\u00edcias - Franciscanos\" \/>\n<meta property=\"og:description\" content=\"Angelus\" \/>\n<meta property=\"og:url\" content=\"https:\/\/franciscanos.org.br\/noticias\/angelus-sempre-e-para-curar-com-o-bem-o-mal-feito.html\" \/>\n<meta property=\"og:site_name\" content=\"Not\u00edcias - Franciscanos\" \/>\n<meta property=\"article:published_time\" content=\"2019-09-22T13:58:26+00:00\" \/>\n<meta property=\"article:modified_time\" content=\"2020-06-05T18:44:47+00:00\" \/>\n<meta property=\"og:image\" content=\"https:\/\/franciscanos.org.br\/noticias\/wp-content\/uploads\/2019\/09\/angelus_22d.jpg\" \/>\n\t<meta property=\"og:image:width\" content=\"273\" \/>\n\t<meta property=\"og:image:height\" content=\"181\" \/>\n\t<meta property=\"og:image:type\" content=\"image\/jpeg\" \/>\n<meta name=\"author\" content=\"moacir\" \/>\n<meta name=\"twitter:card\" content=\"summary_large_image\" \/>\n<meta name=\"twitter:label1\" content=\"Escrito por\" \/>\n\t<meta name=\"twitter:data1\" content=\"moacir\" \/>\n\t<meta name=\"twitter:label2\" content=\"Est. tempo de leitura\" \/>\n\t<meta name=\"twitter:data2\" content=\"2 minutos\" \/>\n<script type=\"application\/ld+json\" class=\"yoast-schema-graph\">{\"@context\":\"https:\/\/schema.org\",\"@graph\":[{\"@type\":\"WebSite\",\"@id\":\"https:\/\/franciscanos.org.br\/noticias\/#website\",\"url\":\"https:\/\/franciscanos.org.br\/noticias\/\",\"name\":\"Not\u00edcias - Franciscanos\",\"description\":\"Prov\u00edncia Franciscana da Imaculada Concei\u00e7\u00e3o do Brasil - Ordem dos Frades Menores - OFM\",\"potentialAction\":[{\"@type\":\"SearchAction\",\"target\":{\"@type\":\"EntryPoint\",\"urlTemplate\":\"https:\/\/franciscanos.org.br\/noticias\/?s={search_term_string}\"},\"query-input\":\"required name=search_term_string\"}],\"inLanguage\":\"pt-BR\"},{\"@type\":\"ImageObject\",\"inLanguage\":\"pt-BR\",\"@id\":\"https:\/\/franciscanos.org.br\/noticias\/angelus-sempre-e-para-curar-com-o-bem-o-mal-feito.html#primaryimage\",\"url\":\"https:\/\/franciscanos.org.br\/noticias\/wp-content\/uploads\/2019\/09\/angelus_22d.jpg\",\"contentUrl\":\"https:\/\/franciscanos.org.br\/noticias\/wp-content\/uploads\/2019\/09\/angelus_22d.jpg\",\"width\":273,\"height\":181},{\"@type\":\"WebPage\",\"@id\":\"https:\/\/franciscanos.org.br\/noticias\/angelus-sempre-e-para-curar-com-o-bem-o-mal-feito.html#webpage\",\"url\":\"https:\/\/franciscanos.org.br\/noticias\/angelus-sempre-e-para-curar-com-o-bem-o-mal-feito.html\",\"name\":\"Angelus: Sempre \u00e9 tempo para curar com o bem o mal feito - Not\u00edcias - Franciscanos\",\"isPartOf\":{\"@id\":\"https:\/\/franciscanos.org.br\/noticias\/#website\"},\"primaryImageOfPage\":{\"@id\":\"https:\/\/franciscanos.org.br\/noticias\/angelus-sempre-e-para-curar-com-o-bem-o-mal-feito.html#primaryimage\"},\"datePublished\":\"2019-09-22T13:58:26+00:00\",\"dateModified\":\"2020-06-05T18:44:47+00:00\",\"author\":{\"@id\":\"https:\/\/franciscanos.org.br\/noticias\/#\/schema\/person\/b5c8cba458c330ccff548b056e95a5d4\"},\"breadcrumb\":{\"@id\":\"https:\/\/franciscanos.org.br\/noticias\/angelus-sempre-e-para-curar-com-o-bem-o-mal-feito.html#breadcrumb\"},\"inLanguage\":\"pt-BR\",\"potentialAction\":[{\"@type\":\"ReadAction\",\"target\":[\"https:\/\/franciscanos.org.br\/noticias\/angelus-sempre-e-para-curar-com-o-bem-o-mal-feito.html\"]}]},{\"@type\":\"BreadcrumbList\",\"@id\":\"https:\/\/franciscanos.org.br\/noticias\/angelus-sempre-e-para-curar-com-o-bem-o-mal-feito.html#breadcrumb\",\"itemListElement\":[{\"@type\":\"ListItem\",\"position\":1,\"name\":\"Home\",\"item\":\"https:\/\/franciscanos.org.br\/noticias\"},{\"@type\":\"ListItem\",\"position\":2,\"name\":\"Angelus: Sempre \u00e9 tempo para curar com o bem o mal feito\"}]},{\"@type\":\"Person\",\"@id\":\"https:\/\/franciscanos.org.br\/noticias\/#\/schema\/person\/b5c8cba458c330ccff548b056e95a5d4\",\"name\":\"moacir\",\"image\":{\"@type\":\"ImageObject\",\"inLanguage\":\"pt-BR\",\"@id\":\"https:\/\/franciscanos.org.br\/noticias\/#\/schema\/person\/image\/\",\"url\":\"https:\/\/secure.gravatar.com\/avatar\/d08aa2ce4c8dd416d4479aa8536fcf64?s=96&d=mm&r=g\",\"contentUrl\":\"https:\/\/secure.gravatar.com\/avatar\/d08aa2ce4c8dd416d4479aa8536fcf64?s=96&d=mm&r=g\",\"caption\":\"moacir\"},\"url\":\"https:\/\/franciscanos.org.br\/noticias\/author\/moacir\"}]}<\/script>\n<!-- \/ Yoast SEO plugin. -->","yoast_head_json":{"title":"Angelus: Sempre \u00e9 tempo para curar com o bem o mal feito - Not\u00edcias - Franciscanos","robots":{"index":"index","follow":"follow","max-snippet":"max-snippet:-1","max-image-preview":"max-image-preview:large","max-video-preview":"max-video-preview:-1"},"canonical":"https:\/\/franciscanos.org.br\/noticias\/angelus-sempre-e-para-curar-com-o-bem-o-mal-feito.html","og_locale":"pt_BR","og_type":"article","og_title":"Angelus: Sempre \u00e9 tempo para curar com o bem o mal feito - Not\u00edcias - Franciscanos","og_description":"Angelus","og_url":"https:\/\/franciscanos.org.br\/noticias\/angelus-sempre-e-para-curar-com-o-bem-o-mal-feito.html","og_site_name":"Not\u00edcias - Franciscanos","article_published_time":"2019-09-22T13:58:26+00:00","article_modified_time":"2020-06-05T18:44:47+00:00","og_image":[{"width":273,"height":181,"url":"https:\/\/franciscanos.org.br\/noticias\/wp-content\/uploads\/2019\/09\/angelus_22d.jpg","type":"image\/jpeg"}],"author":"moacir","twitter_card":"summary_large_image","twitter_misc":{"Escrito por":"moacir","Est. tempo de leitura":"2 minutos"},"schema":{"@context":"https:\/\/schema.org","@graph":[{"@type":"WebSite","@id":"https:\/\/franciscanos.org.br\/noticias\/#website","url":"https:\/\/franciscanos.org.br\/noticias\/","name":"Not\u00edcias - Franciscanos","description":"Prov\u00edncia Franciscana da Imaculada Concei\u00e7\u00e3o do Brasil - Ordem dos Frades Menores - OFM","potentialAction":[{"@type":"SearchAction","target":{"@type":"EntryPoint","urlTemplate":"https:\/\/franciscanos.org.br\/noticias\/?s={search_term_string}"},"query-input":"required name=search_term_string"}],"inLanguage":"pt-BR"},{"@type":"ImageObject","inLanguage":"pt-BR","@id":"https:\/\/franciscanos.org.br\/noticias\/angelus-sempre-e-para-curar-com-o-bem-o-mal-feito.html#primaryimage","url":"https:\/\/franciscanos.org.br\/noticias\/wp-content\/uploads\/2019\/09\/angelus_22d.jpg","contentUrl":"https:\/\/franciscanos.org.br\/noticias\/wp-content\/uploads\/2019\/09\/angelus_22d.jpg","width":273,"height":181},{"@type":"WebPage","@id":"https:\/\/franciscanos.org.br\/noticias\/angelus-sempre-e-para-curar-com-o-bem-o-mal-feito.html#webpage","url":"https:\/\/franciscanos.org.br\/noticias\/angelus-sempre-e-para-curar-com-o-bem-o-mal-feito.html","name":"Angelus: Sempre \u00e9 tempo para curar com o bem o mal feito - Not\u00edcias - Franciscanos","isPartOf":{"@id":"https:\/\/franciscanos.org.br\/noticias\/#website"},"primaryImageOfPage":{"@id":"https:\/\/franciscanos.org.br\/noticias\/angelus-sempre-e-para-curar-com-o-bem-o-mal-feito.html#primaryimage"},"datePublished":"2019-09-22T13:58:26+00:00","dateModified":"2020-06-05T18:44:47+00:00","author":{"@id":"https:\/\/franciscanos.org.br\/noticias\/#\/schema\/person\/b5c8cba458c330ccff548b056e95a5d4"},"breadcrumb":{"@id":"https:\/\/franciscanos.org.br\/noticias\/angelus-sempre-e-para-curar-com-o-bem-o-mal-feito.html#breadcrumb"},"inLanguage":"pt-BR","potentialAction":[{"@type":"ReadAction","target":["https:\/\/franciscanos.org.br\/noticias\/angelus-sempre-e-para-curar-com-o-bem-o-mal-feito.html"]}]},{"@type":"BreadcrumbList","@id":"https:\/\/franciscanos.org.br\/noticias\/angelus-sempre-e-para-curar-com-o-bem-o-mal-feito.html#breadcrumb","itemListElement":[{"@type":"ListItem","position":1,"name":"Home","item":"https:\/\/franciscanos.org.br\/noticias"},{"@type":"ListItem","position":2,"name":"Angelus: Sempre \u00e9 tempo para curar com o bem o mal feito"}]},{"@type":"Person","@id":"https:\/\/franciscanos.org.br\/noticias\/#\/schema\/person\/b5c8cba458c330ccff548b056e95a5d4","name":"moacir","image":{"@type":"ImageObject","inLanguage":"pt-BR","@id":"https:\/\/franciscanos.org.br\/noticias\/#\/schema\/person\/image\/","url":"https:\/\/secure.gravatar.com\/avatar\/d08aa2ce4c8dd416d4479aa8536fcf64?s=96&d=mm&r=g","contentUrl":"https:\/\/secure.gravatar.com\/avatar\/d08aa2ce4c8dd416d4479aa8536fcf64?s=96&d=mm&r=g","caption":"moacir"},"url":"https:\/\/franciscanos.org.br\/noticias\/author\/moacir"}]}},"_links":{"self":[{"href":"https:\/\/franciscanos.org.br\/noticias\/wp-json\/wp\/v2\/posts\/211325"}],"collection":[{"href":"https:\/\/franciscanos.org.br\/noticias\/wp-json\/wp\/v2\/posts"}],"about":[{"href":"https:\/\/franciscanos.org.br\/noticias\/wp-json\/wp\/v2\/types\/post"}],"author":[{"embeddable":true,"href":"https:\/\/franciscanos.org.br\/noticias\/wp-json\/wp\/v2\/users\/3"}],"replies":[{"embeddable":true,"href":"https:\/\/franciscanos.org.br\/noticias\/wp-json\/wp\/v2\/comments?post=211325"}],"version-history":[{"count":1,"href":"https:\/\/franciscanos.org.br\/noticias\/wp-json\/wp\/v2\/posts\/211325\/revisions"}],"predecessor-version":[{"id":224312,"href":"https:\/\/franciscanos.org.br\/noticias\/wp-json\/wp\/v2\/posts\/211325\/revisions\/224312"}],"wp:featuredmedia":[{"embeddable":true,"href":"https:\/\/franciscanos.org.br\/noticias\/wp-json\/wp\/v2\/media\/211327"}],"wp:attachment":[{"href":"https:\/\/franciscanos.org.br\/noticias\/wp-json\/wp\/v2\/media?parent=211325"}],"wp:term":[{"taxonomy":"category","embeddable":true,"href":"https:\/\/franciscanos.org.br\/noticias\/wp-json\/wp\/v2\/categories?post=211325"},{"taxonomy":"post_tag","embeddable":true,"href":"https:\/\/franciscanos.org.br\/noticias\/wp-json\/wp\/v2\/tags?post=211325"}],"curies":[{"name":"wp","href":"https:\/\/api.w.org\/{rel}","templated":true}]}}